{"id":18316,"date":"2023-10-21T17:43:51","date_gmt":"2023-10-21T15:43:51","guid":{"rendered":"https:\/\/uscatletica.ch\/wp\/?p=18316"},"modified":"2023-10-25T17:26:33","modified_gmt":"2023-10-25T15:26:33","slug":"risultati-gir-dal-diavol-2023","status":"publish","type":"post","link":"https:\/\/uscatletica.ch\/wp\/?p=18316","title":{"rendered":"RISULTATI GIR DAL DIAVOL (aggiornamento) 2023 e COMMENTO"},"content":{"rendered":"\n<p><span style=\"color: #ff0000;\">Ottimo successo per la quinta edizione del Gir dal diavol, con in totale 129 classificati.<br \/><\/span><span style=\"color: #ff0000;\">Un grazie a tutti i partecipanti,<\/span><span style=\"color: #ff0000;\"> a tutti i collaboratori e agli altrettanto preziosi sostenitori:<\/span><a href=\"https:\/\/i0.wp.com\/uscatletica.ch\/wp\/wp-content\/uploads\/2023\/09\/SostenitoriDiavol2023-2.jpg?ssl=1\"><img data-recalc-dims=\"1\" loading=\"lazy\" decoding=\"async\" data-attachment-id=\"18072\" data-permalink=\"https:\/\/uscatletica.ch\/wp\/?attachment_id=18072\" data-orig-file=\"https:\/\/i0.wp.com\/uscatletica.ch\/wp\/wp-content\/uploads\/2023\/09\/SostenitoriDiavol2023-2.jpg?fit=1102%2C283&amp;ssl=1\" data-orig-size=\"1102,283\" data-comments-opened=\"0\" data-image-meta=\"{&quot;aperture&quot;:&quot;0&quot;,&quot;credit&quot;:&quot;Lenovo&quot;,&quot;camera&quot;:&quot;&quot;,&quot;caption&quot;:&quot;&quot;,&quot;created_timestamp&quot;:&quot;1694163121&quot;,&quot;copyright&quot;:&quot;&quot;,&quot;focal_length&quot;:&quot;0&quot;,&quot;iso&quot;:&quot;0&quot;,&quot;shutter_speed&quot;:&quot;0&quot;,&quot;title&quot;:&quot;&quot;,&quot;orientation&quot;:&quot;0&quot;}\" data-image-title=\"SostenitoriDiavol2023-2\" data-image-description=\"\" data-image-caption=\"\" data-large-file=\"https:\/\/i0.wp.com\/uscatletica.ch\/wp\/wp-content\/uploads\/2023\/09\/SostenitoriDiavol2023-2.jpg?fit=640%2C164&amp;ssl=1\" class=\"alignnone size-medium wp-image-18072\" src=\"https:\/\/i0.wp.com\/uscatletica.ch\/wp\/wp-content\/uploads\/2023\/09\/SostenitoriDiavol2023-2.jpg?resize=300%2C77&#038;ssl=1\" alt=\"\" width=\"300\" height=\"77\" srcset=\"https:\/\/i0.wp.com\/uscatletica.ch\/wp\/wp-content\/uploads\/2023\/09\/SostenitoriDiavol2023-2.jpg?resize=300%2C77&amp;ssl=1 300w, https:\/\/i0.wp.com\/uscatletica.ch\/wp\/wp-content\/uploads\/2023\/09\/SostenitoriDiavol2023-2.jpg?resize=1024%2C263&amp;ssl=1 1024w, https:\/\/i0.wp.com\/uscatletica.ch\/wp\/wp-content\/uploads\/2023\/09\/SostenitoriDiavol2023-2.jpg?resize=768%2C197&amp;ssl=1 768w, https:\/\/i0.wp.com\/uscatletica.ch\/wp\/wp-content\/uploads\/2023\/09\/SostenitoriDiavol2023-2.jpg?w=1102&amp;ssl=1 1102w\" sizes=\"auto, (max-width: 300px) 100vw, 300px\" \/><\/a> <a href=\"https:\/\/i0.wp.com\/uscatletica.ch\/wp\/wp-content\/uploads\/2023\/09\/SostenitoriDiavol2023-1.jpg?ssl=1\"><img data-recalc-dims=\"1\" loading=\"lazy\" decoding=\"async\" data-attachment-id=\"18071\" data-permalink=\"https:\/\/uscatletica.ch\/wp\/?attachment_id=18071\" data-orig-file=\"https:\/\/i0.wp.com\/uscatletica.ch\/wp\/wp-content\/uploads\/2023\/09\/SostenitoriDiavol2023-1.jpg?fit=1035%2C267&amp;ssl=1\" data-orig-size=\"1035,267\" data-comments-opened=\"0\" data-image-meta=\"{&quot;aperture&quot;:&quot;0&quot;,&quot;credit&quot;:&quot;Lenovo&quot;,&quot;camera&quot;:&quot;&quot;,&quot;caption&quot;:&quot;&quot;,&quot;created_timestamp&quot;:&quot;1694163105&quot;,&quot;copyright&quot;:&quot;&quot;,&quot;focal_length&quot;:&quot;0&quot;,&quot;iso&quot;:&quot;0&quot;,&quot;shutter_speed&quot;:&quot;0&quot;,&quot;title&quot;:&quot;&quot;,&quot;orientation&quot;:&quot;0&quot;}\" data-image-title=\"SostenitoriDiavol2023-1\" data-image-description=\"\" data-image-caption=\"\" data-large-file=\"https:\/\/i0.wp.com\/uscatletica.ch\/wp\/wp-content\/uploads\/2023\/09\/SostenitoriDiavol2023-1.jpg?fit=640%2C165&amp;ssl=1\" class=\"alignnone size-medium wp-image-18071\" src=\"https:\/\/i0.wp.com\/uscatletica.ch\/wp\/wp-content\/uploads\/2023\/09\/SostenitoriDiavol2023-1.jpg?resize=300%2C77&#038;ssl=1\" alt=\"\" width=\"300\" height=\"77\" srcset=\"https:\/\/i0.wp.com\/uscatletica.ch\/wp\/wp-content\/uploads\/2023\/09\/SostenitoriDiavol2023-1.jpg?resize=300%2C77&amp;ssl=1 300w, https:\/\/i0.wp.com\/uscatletica.ch\/wp\/wp-content\/uploads\/2023\/09\/SostenitoriDiavol2023-1.jpg?resize=1024%2C264&amp;ssl=1 1024w, https:\/\/i0.wp.com\/uscatletica.ch\/wp\/wp-content\/uploads\/2023\/09\/SostenitoriDiavol2023-1.jpg?resize=768%2C198&amp;ssl=1 768w, https:\/\/i0.wp.com\/uscatletica.ch\/wp\/wp-content\/uploads\/2023\/09\/SostenitoriDiavol2023-1.jpg?w=1035&amp;ssl=1 1035w\" sizes=\"auto, (max-width: 300px) 100vw, 300px\" \/><\/a><\/p>\n<p><strong>LE GARE<\/strong><\/p>\n<p>Lukas Oehen ha vinto con il nuovo primato del percorso l&#8217;edizione 2023. Secondo rango per l&#8217;italiano Francesco Mascherpa e terzo per Elia Stampanoni (1\u00b0M40), seguito da vicino da Damiano Barloggio. Quinto l&#8217;italiano Ferdinando Mignami.<strong><br \/><\/strong><\/p>\n<p>Tra le donne vince Stefania Barloggio Lupatini, dominando la gara. Secondo \u00a0Federica Limardo, e terza Janet Francisci.<\/p>\n<p><a href=\"https:\/\/uscatletica.ch\/wp\/wp-content\/uploads\/2023\/10\/Risultati-Gir-diavol-MiniGir-MezzGir-MicroGir-2023.pdf\">Risultati Gir diavol &#8211; MiniGir &#8211; MezzGir &#8211; MicroGir &#8211; 2023<\/a> (definitivi)<\/p>\n<p>Il commento: <a href=\"https:\/\/uscatletica.ch\/wp\/wp-content\/uploads\/2023\/10\/Commento-risultati-diavol-2023.pdf\">Commento risultati diavol 2023<\/a><\/p>\n<p>L&#8217;articolo su LaRegione del 25.10.2023<br \/><a href=\"https:\/\/i0.wp.com\/uscatletica.ch\/wp\/wp-content\/uploads\/2023\/10\/LaRegione-23-10-2023.jpg?ssl=1\"><img data-recalc-dims=\"1\" loading=\"lazy\" decoding=\"async\" data-attachment-id=\"18436\" data-permalink=\"https:\/\/uscatletica.ch\/wp\/?attachment_id=18436\" data-orig-file=\"https:\/\/i0.wp.com\/uscatletica.ch\/wp\/wp-content\/uploads\/2023\/10\/LaRegione-23-10-2023.jpg?fit=202%2C671&amp;ssl=1\" data-orig-size=\"202,671\" data-comments-opened=\"0\" data-image-meta=\"{&quot;aperture&quot;:&quot;0&quot;,&quot;credit&quot;:&quot;Lenovo&quot;,&quot;camera&quot;:&quot;&quot;,&quot;caption&quot;:&quot;&quot;,&quot;created_timestamp&quot;:&quot;1698224430&quot;,&quot;copyright&quot;:&quot;&quot;,&quot;focal_length&quot;:&quot;0&quot;,&quot;iso&quot;:&quot;0&quot;,&quot;shutter_speed&quot;:&quot;0&quot;,&quot;title&quot;:&quot;&quot;,&quot;orientation&quot;:&quot;0&quot;}\" data-image-title=\"LaRegione-23-10-2023\" data-image-description=\"\" data-image-caption=\"\" data-large-file=\"https:\/\/i0.wp.com\/uscatletica.ch\/wp\/wp-content\/uploads\/2023\/10\/LaRegione-23-10-2023.jpg?fit=202%2C671&amp;ssl=1\" class=\"alignnone  wp-image-18436\" src=\"https:\/\/i0.wp.com\/uscatletica.ch\/wp\/wp-content\/uploads\/2023\/10\/LaRegione-23-10-2023.jpg?resize=109%2C364&#038;ssl=1\" alt=\"\" width=\"109\" height=\"364\" \/><\/a><\/p>\n<p><a href=\"https:\/\/uscatletica.ch\/wp\/wp-content\/uploads\/2023\/10\/231021GDDRIUSLTATIUFF.pdf\"><img data-recalc-dims=\"1\" loading=\"lazy\" decoding=\"async\" data-attachment-id=\"18381\" data-permalink=\"https:\/\/uscatletica.ch\/wp\/?attachment_id=18381\" data-orig-file=\"https:\/\/i0.wp.com\/uscatletica.ch\/wp\/wp-content\/uploads\/2023\/10\/231021risultatidiavol23.jpg?fit=595%2C841&amp;ssl=1\" data-orig-size=\"595,841\" data-comments-opened=\"0\" data-image-meta=\"{&quot;aperture&quot;:&quot;0&quot;,&quot;credit&quot;:&quot;&quot;,&quot;camera&quot;:&quot;&quot;,&quot;caption&quot;:&quot;&quot;,&quot;created_timestamp&quot;:&quot;0&quot;,&quot;copyright&quot;:&quot;&quot;,&quot;focal_length&quot;:&quot;0&quot;,&quot;iso&quot;:&quot;0&quot;,&quot;shutter_speed&quot;:&quot;0&quot;,&quot;title&quot;:&quot;&quot;,&quot;orientation&quot;:&quot;0&quot;}\" data-image-title=\"231021risultatidiavol23\" data-image-description=\"\" data-image-caption=\"\" data-large-file=\"https:\/\/i0.wp.com\/uscatletica.ch\/wp\/wp-content\/uploads\/2023\/10\/231021risultatidiavol23.jpg?fit=595%2C841&amp;ssl=1\" class=\"alignnone wp-image-18381 size-medium\" src=\"https:\/\/i0.wp.com\/uscatletica.ch\/wp\/wp-content\/uploads\/2023\/10\/231021risultatidiavol23.jpg?resize=212%2C300&#038;ssl=1\" alt=\"\" width=\"212\" height=\"300\" srcset=\"https:\/\/i0.wp.com\/uscatletica.ch\/wp\/wp-content\/uploads\/2023\/10\/231021risultatidiavol23.jpg?resize=212%2C300&amp;ssl=1 212w, https:\/\/i0.wp.com\/uscatletica.ch\/wp\/wp-content\/uploads\/2023\/10\/231021risultatidiavol23.jpg?w=595&amp;ssl=1 595w\" sizes=\"auto, (max-width: 212px) 100vw, 212px\" \/><\/a><\/p>\n<blockquote>\n<p><a href=\"https:\/\/i0.wp.com\/uscatletica.ch\/wp\/wp-content\/uploads\/2023\/10\/Diavol-23-primi-categorie-maschile-manca-Oehen.jpg?ssl=1\"><img data-recalc-dims=\"1\" loading=\"lazy\" decoding=\"async\" data-attachment-id=\"18363\" data-permalink=\"https:\/\/uscatletica.ch\/wp\/?attachment_id=18363\" data-orig-file=\"https:\/\/i0.wp.com\/uscatletica.ch\/wp\/wp-content\/uploads\/2023\/10\/Diavol-23-primi-categorie-maschile-manca-Oehen.jpg?fit=1200%2C1600&amp;ssl=1\" data-orig-size=\"1200,1600\" data-comments-opened=\"0\" data-image-meta=\"{&quot;aperture&quot;:&quot;0&quot;,&quot;credit&quot;:&quot;&quot;,&quot;camera&quot;:&quot;&quot;,&quot;caption&quot;:&quot;&quot;,&quot;created_timestamp&quot;:&quot;0&quot;,&quot;copyright&quot;:&quot;&quot;,&quot;focal_length&quot;:&quot;0&quot;,&quot;iso&quot;:&quot;0&quot;,&quot;shutter_speed&quot;:&quot;0&quot;,&quot;title&quot;:&quot;&quot;,&quot;orientation&quot;:&quot;0&quot;}\" data-image-title=\"Diavol 23-primi categorie maschile-manca Oehen\" data-image-description=\"\" data-image-caption=\"\" data-large-file=\"https:\/\/i0.wp.com\/uscatletica.ch\/wp\/wp-content\/uploads\/2023\/10\/Diavol-23-primi-categorie-maschile-manca-Oehen.jpg?fit=640%2C853&amp;ssl=1\" class=\"alignnone size-medium wp-image-18363\" src=\"https:\/\/i0.wp.com\/uscatletica.ch\/wp\/wp-content\/uploads\/2023\/10\/Diavol-23-primi-categorie-maschile-manca-Oehen.jpg?resize=225%2C300&#038;ssl=1\" alt=\"\" width=\"225\" height=\"300\" srcset=\"https:\/\/i0.wp.com\/uscatletica.ch\/wp\/wp-content\/uploads\/2023\/10\/Diavol-23-primi-categorie-maschile-manca-Oehen.jpg?resize=225%2C300&amp;ssl=1 225w, https:\/\/i0.wp.com\/uscatletica.ch\/wp\/wp-content\/uploads\/2023\/10\/Diavol-23-primi-categorie-maschile-manca-Oehen.jpg?resize=768%2C1024&amp;ssl=1 768w, https:\/\/i0.wp.com\/uscatletica.ch\/wp\/wp-content\/uploads\/2023\/10\/Diavol-23-primi-categorie-maschile-manca-Oehen.jpg?resize=1152%2C1536&amp;ssl=1 1152w, https:\/\/i0.wp.com\/uscatletica.ch\/wp\/wp-content\/uploads\/2023\/10\/Diavol-23-primi-categorie-maschile-manca-Oehen.jpg?w=1200&amp;ssl=1 1200w\" sizes=\"auto, (max-width: 225px) 100vw, 225px\" \/><em>Diavol 23-primi categorie maschili (manca il primo assoluto e primo M20 Lukas Oehen (scusato)-foto MCV).<\/em> <\/a><\/p>\n<\/blockquote>\n<h3>Gir dal diavol<\/h3>\n<p>Nuovo primato del percorso per Lukas Oehen, fedelissimo delle nostre gare, con l&#8217;ottimo tempo di 24&#8217;12&#8221;. Elia corre in 25&#8217;29&#8221; per il terzo tempo assoluto che gli vale anche la vittoria negli M40. Alex in 26&#8217;34 completa il podio M40. Enrico Cavadini RCB \u00e8 il primo M50 in 26&#8217;14&#8221;, Jonathan \u00e8 secondo in 26&#8217;47&#8221;. Aleksandar, fresco della medaglia di bronzo dei CT di 10 km alla Ascona-Locarno Run chiude in 27&#8217;51&#8221;, seguito dagli M40 David in 28&#8217;08&#8221; e Leonida in 28&#8217;16&#8221;. Samuele chiude in 29&#8217;33&#8221; seguito da Guido in 30&#8217;33&#8221; e Paolo in 30&#8217;47&#8221;. Giancarlo in 33&#8217;52 \u00e8 secondo M60, seguito da Nemorino in 35&#8217;24&#8221;. Tra donne domina Stefania Barloggio Lupatini in 28&#8217;21&#8221;. L&#8217;USC firma un successo di categoria tra le F20 con Selina in 39&#8217;40&#8221; tra le U18+U20 e il secondo con Giulia in 39&#8217;33&#8221; tra le F20.\u00a0<\/p>\n<h3>MiniGir e MezzGir dal diavol, Campionato sociale di podismo<\/h3>\n<p>Il MiniGir del diavol ed il MezzGir del diavol erano valide sia come ultima prova della coppa ASTi BancaStato giovanile e pure come campionato sociale USC.\u00a0<\/p>\n<p>Nel minigir il pi\u00f9 veloce \u00e8 stato No\u00e9 in 8&#8217;47 vincendo tra gli U16. Tra gli U14 vince Lorenzo Bracchi \u00a0il titolo sociale va a Mattia quarto \u00a09&#8217;26. Al femminile la pi\u00f9 veloce e Sofia Devincenti in 10&#8217;16. Elsa \u00e8 la campionessa sociale U16 e vince \u00a0la categoria in 10&#8217;32 davanti a Lila 10&#8217;38 e Olivia 11&#8217;38. Nelle U14 terzo rango e titolo sociale per Dalia 11&#8217;00 davanti a Am\u00e9lie 11&#8217;35, Asia 11&#8217;50, Camilla A. 12&#8217;18 e Giorgia 12.50.\u00a0<\/p>\n<p>Nel nuovo Mezzgir dal diavol \u00a0U12 domina Thiago Antonietti. Il titolo sociale femminile va alla nostra nuova atleta Nicole 5&#8217;37 Viola 6&#8217;03 e Matilde 6&#8217;16 \u00a0Lena 6&#8217;36 e Noemi 6&#8217;58. Tra i ragazzi Giosu\u00e8 5&#8217;41 precede Remo 5&#8217;46 e Nicol\u00f2 5&#8217;53 e Jacopo 6&#8217;32.\u00a0<\/p>\n<p>Nel MicroGir dal diavol sui tre giri U10 Lucio vince davanti a Mattia S. bravi anche Giovanni ed Etienne. Tra le ragazze vince Anna, seguono Alma (5) e Irene (6).\u00a0<\/p>\n<p>Le categorie U8 correvano due giri Linda vince su Chantal, Lisa M. Lisa V. ,Olivia Sc, Zoe, Alina, Emily, Lena, Chloe, Denise. Tra i ragazzi bravi Roger ed Oliver.\u00a0<\/p>\n<p>Un giro velocissimo per le categoria U8 Brave Lina, Flora, Lisa come i ragazzi Giulio, Manuel e Raffaele.\u00a0<\/p>\n<p><a href=\"https:\/\/i0.wp.com\/uscatletica.ch\/wp\/wp-content\/uploads\/2021\/09\/Gir-dal-diavol-fotografie-percorso.jpg?ssl=1\"><img data-recalc-dims=\"1\" loading=\"lazy\" decoding=\"async\" data-attachment-id=\"13293\" data-permalink=\"https:\/\/uscatletica.ch\/wp\/?attachment_id=13293\" data-orig-file=\"https:\/\/i0.wp.com\/uscatletica.ch\/wp\/wp-content\/uploads\/2021\/09\/Gir-dal-diavol-fotografie-percorso.jpg?fit=658%2C917&amp;ssl=1\" data-orig-size=\"658,917\" data-comments-opened=\"0\" data-image-meta=\"{&quot;aperture&quot;:&quot;0&quot;,&quot;credit&quot;:&quot;Lenovo&quot;,&quot;camera&quot;:&quot;&quot;,&quot;caption&quot;:&quot;&quot;,&quot;created_timestamp&quot;:&quot;1631457704&quot;,&quot;copyright&quot;:&quot;&quot;,&quot;focal_length&quot;:&quot;0&quot;,&quot;iso&quot;:&quot;0&quot;,&quot;shutter_speed&quot;:&quot;0&quot;,&quot;title&quot;:&quot;&quot;,&quot;orientation&quot;:&quot;0&quot;}\" data-image-title=\"Gir dal diavol &amp;#8211; fotografie percorso\" data-image-description=\"\" data-image-caption=\"\" data-large-file=\"https:\/\/i0.wp.com\/uscatletica.ch\/wp\/wp-content\/uploads\/2021\/09\/Gir-dal-diavol-fotografie-percorso.jpg?fit=640%2C892&amp;ssl=1\" class=\"alignnone size-medium wp-image-13293\" src=\"https:\/\/i0.wp.com\/uscatletica.ch\/wp\/wp-content\/uploads\/2021\/09\/Gir-dal-diavol-fotografie-percorso.jpg?resize=215%2C300&#038;ssl=1\" alt=\"\" width=\"215\" height=\"300\" srcset=\"https:\/\/i0.wp.com\/uscatletica.ch\/wp\/wp-content\/uploads\/2021\/09\/Gir-dal-diavol-fotografie-percorso.jpg?resize=215%2C300&amp;ssl=1 215w, https:\/\/i0.wp.com\/uscatletica.ch\/wp\/wp-content\/uploads\/2021\/09\/Gir-dal-diavol-fotografie-percorso.jpg?w=658&amp;ssl=1 658w\" sizes=\"auto, (max-width: 215px) 100vw, 215px\" \/><\/a><\/p>\n","protected":false},"excerpt":{"rendered":"<p>Ottimo successo per la quinta edizione del Gir dal diavol, con in totale 129 classificati.Un grazie a tutti i partecipanti, a tutti i collaboratori e agli altrettanto preziosi sostenitori: LE GARE Lukas Oehen ha vinto con il nuovo primato del percorso l&#8217;edizione 2023. Secondo rango per l&#8217;italiano Francesco Mascherpa e terzo per Elia Stampanoni (1\u00b0M40), seguito da vicino da Damiano Barloggio. Quinto l&#8217;italiano Ferdinando Mignami. Tra le donne vince Stefania Barloggio Lupatini, dominando la gara&#8230;.<\/p>\n","protected":false},"author":3,"featured_media":8850,"comment_status":"closed","ping_status":"closed","sticky":false,"template":"","format":"standard","meta":{"jetpack_post_was_ever_published":false,"_jetpack_newsletter_access":"","_jetpack_dont_email_post_to_subs":false,"_jetpack_newsletter_tier_id":0,"_jetpack_memberships_contains_paywalled_content":false,"_jetpack_memberships_contains_paid_content":false,"footnotes":"","jetpack_publicize_message":"","jetpack_publicize_feature_enabled":true,"jetpack_social_post_already_shared":true,"jetpack_social_options":{"image_generator_settings":{"template":"highway","default_image_id":0,"font":"","enabled":false},"version":2}},"categories":[12,10,5,9],"tags":[],"class_list":["post-18316","post","type-post","status-publish","format-standard","has-post-thumbnail","hentry","category-nostregare","category-info","category-podismo","category-sport"],"jetpack_publicize_connections":[],"jetpack_featured_media_url":"https:\/\/i0.wp.com\/uscatletica.ch\/wp\/wp-content\/uploads\/2019\/08\/Gir-dal-Diavol-Sasso-E.S..jpg?fit=800%2C600&ssl=1","jetpack_sharing_enabled":true,"jetpack_shortlink":"https:\/\/wp.me\/p6V7Ck-4Lq","jetpack-related-posts":[{"id":18309,"url":"https:\/\/uscatletica.ch\/wp\/?p=18309","url_meta":{"origin":18316,"position":0},"title":"Il Gir dal diavol si fa Micro e Mezz","author":"Stampa E","date":"20 Ottobre 2023","format":false,"excerpt":"Il lancio del Gir dal diavol 2023 sui quotidiani ticinesi Il comunicato: LancioGdd2023 La pagina del Gir dal diavol 2023","rel":"","context":"In &quot;Podismo&quot;","block_context":{"text":"Podismo","link":"https:\/\/uscatletica.ch\/wp\/?cat=5"},"img":{"alt_text":"","src":"https:\/\/i0.wp.com\/uscatletica.ch\/wp\/wp-content\/uploads\/2023\/09\/GirDiavol_Volantino2023-FOTO.jpg?fit=563%2C483&ssl=1&resize=350%2C200","width":350,"height":200,"srcset":"https:\/\/i0.wp.com\/uscatletica.ch\/wp\/wp-content\/uploads\/2023\/09\/GirDiavol_Volantino2023-FOTO.jpg?fit=563%2C483&ssl=1&resize=350%2C200 1x, https:\/\/i0.wp.com\/uscatletica.ch\/wp\/wp-content\/uploads\/2023\/09\/GirDiavol_Volantino2023-FOTO.jpg?fit=563%2C483&ssl=1&resize=525%2C300 1.5x"},"classes":[]},{"id":16083,"url":"https:\/\/uscatletica.ch\/wp\/?p=16083","url_meta":{"origin":18316,"position":1},"title":"La grande festa del Gir dal diavol","author":"Stampa E","date":"19 Ottobre 2022","format":false,"excerpt":"Mancano poche ore alla quarta edizione del Gir dal diavol che si svolger\u00e0 sabato 22 ottobre 2022 e le iscrizioni sono ancora possibili sul posto il giorno della gara: dalle 13.30 e entro le 14.15 di sabato 22 ottobre (Minigir e Gir dal diavol), entro le 15.15 (gare dei bambini).\u2026","rel":"","context":"In &quot;I nostri appuntamenti&quot;","block_context":{"text":"I nostri appuntamenti","link":"https:\/\/uscatletica.ch\/wp\/?cat=12"},"img":{"alt_text":"","src":"https:\/\/i0.wp.com\/uscatletica.ch\/wp\/wp-content\/uploads\/2022\/09\/Volantino-diavol-22-10-22.jpg?fit=554%2C792&ssl=1&resize=350%2C200","width":350,"height":200,"srcset":"https:\/\/i0.wp.com\/uscatletica.ch\/wp\/wp-content\/uploads\/2022\/09\/Volantino-diavol-22-10-22.jpg?fit=554%2C792&ssl=1&resize=350%2C200 1x, https:\/\/i0.wp.com\/uscatletica.ch\/wp\/wp-content\/uploads\/2022\/09\/Volantino-diavol-22-10-22.jpg?fit=554%2C792&ssl=1&resize=525%2C300 1.5x"},"classes":[]},{"id":11154,"url":"https:\/\/uscatletica.ch\/wp\/?p=11154","url_meta":{"origin":18316,"position":2},"title":"Gir dal diavol: risultati,  commento, foto e TV","author":"Stampa E","date":"27 Settembre 2020","format":false,"excerpt":"Doppietta del GAB Bellinzona alla seconda edizione della corsa podistica Gir dal diavol Qualche defezione di troppo dell'ultimo momento ha assottigliato il numero di partenti alla seconda edizione del Gir dal diavol, ma la gara \u00e8 stata un bel successo. Le bandierine Cool and clean hanno segnato la via dei\u2026","rel":"","context":"In &quot;I nostri appuntamenti&quot;","block_context":{"text":"I nostri appuntamenti","link":"https:\/\/uscatletica.ch\/wp\/?cat=12"},"img":{"alt_text":"","src":"https:\/\/i0.wp.com\/uscatletica.ch\/wp\/wp-content\/uploads\/2019\/08\/Gir-dal-diavol-logo-piccolo.jpg?fit=1002%2C755&ssl=1&resize=350%2C200","width":350,"height":200,"srcset":"https:\/\/i0.wp.com\/uscatletica.ch\/wp\/wp-content\/uploads\/2019\/08\/Gir-dal-diavol-logo-piccolo.jpg?fit=1002%2C755&ssl=1&resize=350%2C200 1x, https:\/\/i0.wp.com\/uscatletica.ch\/wp\/wp-content\/uploads\/2019\/08\/Gir-dal-diavol-logo-piccolo.jpg?fit=1002%2C755&ssl=1&resize=525%2C300 1.5x, https:\/\/i0.wp.com\/uscatletica.ch\/wp\/wp-content\/uploads\/2019\/08\/Gir-dal-diavol-logo-piccolo.jpg?fit=1002%2C755&ssl=1&resize=700%2C400 2x"},"classes":[]},{"id":18220,"url":"https:\/\/uscatletica.ch\/wp\/?p=18220","url_meta":{"origin":18316,"position":3},"title":"Gir dal diavol, iscrizioni aperte","author":"Stampa E","date":"9 Ottobre 2023","format":false,"excerpt":"Il gran finale al Gir dal diavol L\u2019appuntamento finale della Coppa ASTi di podismo \u00e8 per sabato 21 ottobre nel pomeriggio in Capriasca, con il Gir dal diavol organizzato dall'USC e i suoi preziosi collaboratori. Oltre alla gara sui 4 giri attorno al \u201cSass dal diavol\u201d, ci saranno anche il\u2026","rel":"","context":"In &quot;Podismo&quot;","block_context":{"text":"Podismo","link":"https:\/\/uscatletica.ch\/wp\/?cat=5"},"img":{"alt_text":"","src":"https:\/\/i0.wp.com\/uscatletica.ch\/wp\/wp-content\/uploads\/2020\/09\/FotoDiavol2020.jpg?fit=755%2C1007&ssl=1&resize=350%2C200","width":350,"height":200,"srcset":"https:\/\/i0.wp.com\/uscatletica.ch\/wp\/wp-content\/uploads\/2020\/09\/FotoDiavol2020.jpg?fit=755%2C1007&ssl=1&resize=350%2C200 1x, https:\/\/i0.wp.com\/uscatletica.ch\/wp\/wp-content\/uploads\/2020\/09\/FotoDiavol2020.jpg?fit=755%2C1007&ssl=1&resize=525%2C300 1.5x, https:\/\/i0.wp.com\/uscatletica.ch\/wp\/wp-content\/uploads\/2020\/09\/FotoDiavol2020.jpg?fit=755%2C1007&ssl=1&resize=700%2C400 2x"},"classes":[]},{"id":13753,"url":"https:\/\/uscatletica.ch\/wp\/?p=13753","url_meta":{"origin":18316,"position":4},"title":"Gir dal Diavol, doppietta Stampanoni","author":"Leonida Stampanoni","date":"23 Ottobre 2021","format":false,"excerpt":"La terza edizione del Gir dal diavol svoltasi in uno splendido pomeriggio autunnale ha salutato al via un centinaio di atleti. Nelle due prove valide per la coppa ASTi erano una cinquantina le presenze. \u00a0Nella gara principale successo per Paola Stampanoni del GAB in 28'12'' (nuovo record della gara) che\u2026","rel":"","context":"In &quot;I nostri appuntamenti&quot;","block_context":{"text":"I nostri appuntamenti","link":"https:\/\/uscatletica.ch\/wp\/?cat=12"},"img":{"alt_text":"","src":"https:\/\/i0.wp.com\/uscatletica.ch\/wp\/wp-content\/uploads\/2019\/08\/Gir-dal-diavol-logo-piccolo.jpg?fit=1002%2C755&ssl=1&resize=350%2C200","width":350,"height":200,"srcset":"https:\/\/i0.wp.com\/uscatletica.ch\/wp\/wp-content\/uploads\/2019\/08\/Gir-dal-diavol-logo-piccolo.jpg?fit=1002%2C755&ssl=1&resize=350%2C200 1x, https:\/\/i0.wp.com\/uscatletica.ch\/wp\/wp-content\/uploads\/2019\/08\/Gir-dal-diavol-logo-piccolo.jpg?fit=1002%2C755&ssl=1&resize=525%2C300 1.5x, https:\/\/i0.wp.com\/uscatletica.ch\/wp\/wp-content\/uploads\/2019\/08\/Gir-dal-diavol-logo-piccolo.jpg?fit=1002%2C755&ssl=1&resize=700%2C400 2x"},"classes":[]},{"id":16296,"url":"https:\/\/uscatletica.ch\/wp\/?p=16296","url_meta":{"origin":18316,"position":5},"title":"Mohamed e Stampanoni primi al Diavol 2022, risultati (ufficiali), comunicato e foto","author":"Stampa E","date":"22 Ottobre 2022","format":false,"excerpt":"Jamie Mohamed dell'Atletica Mendrisiotto e Paola Stampanoni del GAB Bellinzona vincono il Gir dal diavol 2022, una stupenda giornata di sport e divertimento baciata dal sole capriaschese (con il primato di 110 partecipanti \ud83d\ude0a). GRAZIE A TUTTI I PARTECIPANTI E A TUTTI I COLLABORATORI -> I risultati ufficiali -> Il\u2026","rel":"","context":"In &quot;I nostri appuntamenti&quot;","block_context":{"text":"I nostri appuntamenti","link":"https:\/\/uscatletica.ch\/wp\/?cat=12"},"img":{"alt_text":"","src":"https:\/\/i0.wp.com\/uscatletica.ch\/wp\/wp-content\/uploads\/2022\/10\/Gir-diavol-22-Podio-femminile.jpg?fit=480%2C640&ssl=1&resize=350%2C200","width":350,"height":200},"classes":[]}],"_links":{"self":[{"href":"https:\/\/uscatletica.ch\/wp\/index.php?rest_route=\/wp\/v2\/posts\/18316","targetHints":{"allow":["GET"]}}],"collection":[{"href":"https:\/\/uscatletica.ch\/wp\/index.php?rest_route=\/wp\/v2\/posts"}],"about":[{"href":"https:\/\/uscatletica.ch\/wp\/index.php?rest_route=\/wp\/v2\/types\/post"}],"author":[{"embeddable":true,"href":"https:\/\/uscatletica.ch\/wp\/index.php?rest_route=\/wp\/v2\/users\/3"}],"replies":[{"embeddable":true,"href":"https:\/\/uscatletica.ch\/wp\/index.php?rest_route=%2Fwp%2Fv2%2Fcomments&post=18316"}],"version-history":[{"count":37,"href":"https:\/\/uscatletica.ch\/wp\/index.php?rest_route=\/wp\/v2\/posts\/18316\/revisions"}],"predecessor-version":[{"id":18437,"href":"https:\/\/uscatletica.ch\/wp\/index.php?rest_route=\/wp\/v2\/posts\/18316\/revisions\/18437"}],"wp:featuredmedia":[{"embeddable":true,"href":"https:\/\/uscatletica.ch\/wp\/index.php?rest_route=\/wp\/v2\/media\/8850"}],"wp:attachment":[{"href":"https:\/\/uscatletica.ch\/wp\/index.php?rest_route=%2Fwp%2Fv2%2Fmedia&parent=18316"}],"wp:term":[{"taxonomy":"category","embeddable":true,"href":"https:\/\/uscatletica.ch\/wp\/index.php?rest_route=%2Fwp%2Fv2%2Fcategories&post=18316"},{"taxonomy":"post_tag","embeddable":true,"href":"https:\/\/uscatletica.ch\/wp\/index.php?rest_route=%2Fwp%2Fv2%2Ftags&post=18316"}],"curies":[{"name":"wp","href":"https:\/\/api.w.org\/{rel}","templated":true}]}}