{"id":18438,"date":"2023-10-26T08:00:00","date_gmt":"2023-10-26T06:00:00","guid":{"rendered":"https:\/\/uscatletica.ch\/wp\/?p=18438"},"modified":"2023-11-15T09:31:59","modified_gmt":"2023-11-15T08:31:59","slug":"manifestazioni-podistiche-asti-2024","status":"publish","type":"post","link":"https:\/\/uscatletica.ch\/wp\/?p=18438","title":{"rendered":"MANIFESTAZIONI PODISTICHE ASTi 2024"},"content":{"rendered":"\n<p>Sono state pubblicate le date delle MANIFESTAZIONI PODISTICHE ASTi per il 2024<\/p>\n<p>Le trovate qui: <a href=\"https:\/\/www.asti-ticino.ch\/asti-new\/podismo\/documenti\" target=\"_blank\" rel=\"noopener\"><strong><em>LINK<\/em><\/strong><\/a><\/p>\n\n\n\n<p><strong><span style=\"color: #ff0000;\">DA ANNOTARE IN ROSSO:<\/span><\/strong><\/p>\n<p><span style=\"color: #ff0000;\">17 marzo \u00a0\u00a0\u00a0\u00a0\u00a0\u00a0\u00a0\u00a0\u00a0\u00a0\u00a0\u00a0\u00a0\u00a0\u00a0\u00a0\u00a0\u00a0 \u00a0\u00a0\u00a0\u00a0\u00a0\u00a0\u00a0\u00a0\u00a0\u00a0\u00a0 Staffetta Capriaschese Tesserete<\/span><\/p>\n<p><span style=\"color: #ff0000;\">20 aprile\u00a0\u00a0\u00a0\u00a0\u00a0\u00a0\u00a0\u00a0\u00a0\u00a0\u00a0\u00a0\u00a0\u00a0\u00a0\u00a0\u00a0\u00a0\u00a0\u00a0\u00a0\u00a0\u00a0\u00a0\u00a0\u00a0\u00a0\u00a0\u00a0\u00a0\u00a0\u00a0 Tesserete-Gola di Lago<\/span><\/p>\n<p><span style=\"color: #ff0000;\">11 settembre (probabile) \u00a0\u00a0\u00a0\u00a0\u00a0\u00a0 Tutti in pista, Capriasca<\/span><\/p>\n<p><span style=\"color: #ff0000;\">21 settembre\u00a0\u00a0\u00a0\u00a0\u00a0\u00a0\u00a0\u00a0\u00a0\u00a0\u00a0\u00a0\u00a0\u00a0\u00a0\u00a0\u00a0\u00a0\u00a0\u00a0\u00a0\u00a0\u00a0\u00a0\u00a0\u00a0 Corsa del Bigorio\u00a0\u00a0\u00a0\u00a0\u00a0<\/span><\/p>\n<p>\u00a0\u00a0\u00a0\u00a0\u00a0\u00a0\u00a0\u00a0\u00a0\u00a0\u00a0\u00a0\u00a0\u00a0\u00a0\u00a0\u00a0\u00a0\u00a0\u00a0\u00a0\u00a0\u00a0\u00a0\u00a0\u00a0\u00a0\u00a0\u00a0\u00a0\u00a0\u00a0\u00a0\u00a0\u00a0<\/p>\n<p>\u00a0\u00a0\u00a0\u00a0\u00a0\u00a0\u00a0\u00a0\u00a0\u00a0\u00a0<\/p>\n","protected":false},"excerpt":{"rendered":"<p>Sono state pubblicate le date delle MANIFESTAZIONI PODISTICHE ASTi per il 2024 Le trovate qui: LINK DA ANNOTARE IN ROSSO: 17 marzo \u00a0\u00a0\u00a0\u00a0\u00a0\u00a0\u00a0\u00a0\u00a0\u00a0\u00a0\u00a0\u00a0\u00a0\u00a0\u00a0\u00a0\u00a0 \u00a0\u00a0\u00a0\u00a0\u00a0\u00a0\u00a0\u00a0\u00a0\u00a0\u00a0 Staffetta Capriaschese Tesserete 20 aprile\u00a0\u00a0\u00a0\u00a0\u00a0\u00a0\u00a0\u00a0\u00a0\u00a0\u00a0\u00a0\u00a0\u00a0\u00a0\u00a0\u00a0\u00a0\u00a0\u00a0\u00a0\u00a0\u00a0\u00a0\u00a0\u00a0\u00a0\u00a0\u00a0\u00a0\u00a0\u00a0 Tesserete-Gola di Lago 11 settembre (probabile) \u00a0\u00a0\u00a0\u00a0\u00a0\u00a0 Tutti in pista, Capriasca 21 settembre\u00a0\u00a0\u00a0\u00a0\u00a0\u00a0\u00a0\u00a0\u00a0\u00a0\u00a0\u00a0\u00a0\u00a0\u00a0\u00a0\u00a0\u00a0\u00a0\u00a0\u00a0\u00a0\u00a0\u00a0\u00a0\u00a0 Corsa del Bigorio\u00a0\u00a0\u00a0\u00a0\u00a0 \u00a0\u00a0\u00a0\u00a0\u00a0\u00a0\u00a0\u00a0\u00a0\u00a0\u00a0\u00a0\u00a0\u00a0\u00a0\u00a0\u00a0\u00a0\u00a0\u00a0\u00a0\u00a0\u00a0\u00a0\u00a0\u00a0\u00a0\u00a0\u00a0\u00a0\u00a0\u00a0\u00a0\u00a0\u00a0 \u00a0\u00a0\u00a0\u00a0\u00a0\u00a0\u00a0\u00a0\u00a0\u00a0\u00a0<\/p>\n","protected":false},"author":3,"featured_media":676,"comment_status":"closed","ping_status":"closed","sticky":false,"template":"","format":"standard","meta":{"jetpack_post_was_ever_published":false,"_jetpack_newsletter_access":"","_jetpack_dont_email_post_to_subs":false,"_jetpack_newsletter_tier_id":0,"_jetpack_memberships_contains_paywalled_content":false,"_jetpack_memberships_contains_paid_content":false,"footnotes":"","jetpack_publicize_message":"","jetpack_publicize_feature_enabled":true,"jetpack_social_post_already_shared":true,"jetpack_social_options":{"image_generator_settings":{"template":"highway","default_image_id":0,"font":"","enabled":false},"version":2}},"categories":[12,10,16,5,9],"tags":[],"class_list":["post-18438","post","type-post","status-publish","format-standard","has-post-thumbnail","hentry","category-nostregare","category-info","category-montagna","category-podismo","category-sport"],"jetpack_publicize_connections":[],"jetpack_featured_media_url":"https:\/\/i0.wp.com\/uscatletica.ch\/wp\/wp-content\/uploads\/2016\/01\/asti_logo.gif?fit=263%2C120&ssl=1","jetpack_sharing_enabled":true,"jetpack_shortlink":"https:\/\/wp.me\/p6V7Ck-4No","jetpack-related-posts":[{"id":18516,"url":"https:\/\/uscatletica.ch\/wp\/?p=18516","url_meta":{"origin":18438,"position":0},"title":"Premiazione ASTi 2023","author":"Stampa E","date":"19 Novembre 2023","format":false,"excerpt":"A Cevio s\u00e8' svolta sabato la tradizionale Premiazione ASTi di fine stagione 2023. Oltre i risulati individuali nelle varie Coppe ASTi (link premiati ASTi), per l'USC anche il secondo rango nella classifica per societ\u00e0 e il terzo nel Supertrofeo TAS. COMPLIMENTI A TUTTI E ALL'ASTI CON IL GOV VALLEMAGGIA PER\u2026","rel":"","context":"In &quot;I nostri appuntamenti&quot;","block_context":{"text":"I nostri appuntamenti","link":"https:\/\/uscatletica.ch\/wp\/?cat=12"},"img":{"alt_text":"","src":"https:\/\/i0.wp.com\/uscatletica.ch\/wp\/wp-content\/uploads\/2023\/11\/Premiazione-ASTi-Cevio-1-scaled.jpg?fit=1200%2C900&ssl=1&resize=350%2C200","width":350,"height":200,"srcset":"https:\/\/i0.wp.com\/uscatletica.ch\/wp\/wp-content\/uploads\/2023\/11\/Premiazione-ASTi-Cevio-1-scaled.jpg?fit=1200%2C900&ssl=1&resize=350%2C200 1x, https:\/\/i0.wp.com\/uscatletica.ch\/wp\/wp-content\/uploads\/2023\/11\/Premiazione-ASTi-Cevio-1-scaled.jpg?fit=1200%2C900&ssl=1&resize=525%2C300 1.5x, https:\/\/i0.wp.com\/uscatletica.ch\/wp\/wp-content\/uploads\/2023\/11\/Premiazione-ASTi-Cevio-1-scaled.jpg?fit=1200%2C900&ssl=1&resize=700%2C400 2x, https:\/\/i0.wp.com\/uscatletica.ch\/wp\/wp-content\/uploads\/2023\/11\/Premiazione-ASTi-Cevio-1-scaled.jpg?fit=1200%2C900&ssl=1&resize=1050%2C600 3x"},"classes":[]},{"id":6614,"url":"https:\/\/uscatletica.ch\/wp\/?p=6614","url_meta":{"origin":18438,"position":1},"title":"Miglior gara podistica ASTi 2018","author":"Stampa E","date":"23 Settembre 2018","format":false,"excerpt":"Decidete voi qual \u00e8 la miglior gara podistica ASTi! Dal 15 settembre al 27 ottobre \u00e8 possibile votare la vostra gara podistica preferita della stagione ASTi 2018 votando qui. Scegliete una delle gare USC: 5'000 ASTi Tesserete - Gola di Lago Cronoascesa al Bigorio La gara verr\u00e0 distinta con la\u2026","rel":"","context":"In &quot;I nostri appuntamenti&quot;","block_context":{"text":"I nostri appuntamenti","link":"https:\/\/uscatletica.ch\/wp\/?cat=12"},"img":{"alt_text":"","src":"https:\/\/i0.wp.com\/uscatletica.ch\/wp\/wp-content\/uploads\/2018\/09\/ASTi-COPERTINA-calendario.jpg?fit=639%2C852&ssl=1&resize=350%2C200","width":350,"height":200,"srcset":"https:\/\/i0.wp.com\/uscatletica.ch\/wp\/wp-content\/uploads\/2018\/09\/ASTi-COPERTINA-calendario.jpg?fit=639%2C852&ssl=1&resize=350%2C200 1x, https:\/\/i0.wp.com\/uscatletica.ch\/wp\/wp-content\/uploads\/2018\/09\/ASTi-COPERTINA-calendario.jpg?fit=639%2C852&ssl=1&resize=525%2C300 1.5x"},"classes":[]},{"id":18927,"url":"https:\/\/uscatletica.ch\/wp\/?p=18927","url_meta":{"origin":18438,"position":2},"title":"Calendario cartaceo ASTi 2024","author":"Stampa E","date":"26 Febbraio 2024","format":false,"excerpt":"\u00c8 pronto il calendario cartaceo ASTi 2024. Lo troverete alle manifestazioni ASTi e verr\u00e0 distribuito anche in occasione dell'Assemblea del 13 marzo 2024. Da subito \u00e8 disponibile in versione PDF: link Le gare USC: 17 marzo: Staffetta Capriaschese 20 aprile: Tesserete - Gola di Lago 21 settembre: Corsa del Bigorio\u2026","rel":"","context":"In &quot;I nostri appuntamenti&quot;","block_context":{"text":"I nostri appuntamenti","link":"https:\/\/uscatletica.ch\/wp\/?cat=12"},"img":{"alt_text":"","src":"https:\/\/i0.wp.com\/uscatletica.ch\/wp\/wp-content\/uploads\/2024\/02\/CatturaASTi2024.gif?fit=961%2C686&ssl=1&resize=350%2C200","width":350,"height":200,"srcset":"https:\/\/i0.wp.com\/uscatletica.ch\/wp\/wp-content\/uploads\/2024\/02\/CatturaASTi2024.gif?fit=961%2C686&ssl=1&resize=350%2C200 1x, https:\/\/i0.wp.com\/uscatletica.ch\/wp\/wp-content\/uploads\/2024\/02\/CatturaASTi2024.gif?fit=961%2C686&ssl=1&resize=525%2C300 1.5x, https:\/\/i0.wp.com\/uscatletica.ch\/wp\/wp-content\/uploads\/2024\/02\/CatturaASTi2024.gif?fit=961%2C686&ssl=1&resize=700%2C400 2x"},"classes":[]},{"id":16374,"url":"https:\/\/uscatletica.ch\/wp\/?p=16374","url_meta":{"origin":18438,"position":3},"title":"Miglior gara ASTi e classifiche finali","author":"Stampa E","date":"5 Novembre 2022","format":false,"excerpt":"Sul sito http:\/\/www.asti-ticino.ch\/asti-new\/podismo era possibile votare la miglior gara ASTi della stagione podistica 2022, entro il 7 novembre. L'USC ha organizzato le seguenti manifestazioni, votiamo!!! Cronoascesa al Bigorio Gir dal diavol Tesserete - Gola di Lago Tutti in pista, Capriasca \u00a0 Ogni partecipante pu\u00f2 votare una sola gara. La gara\u2026","rel":"","context":"In &quot;I nostri appuntamenti&quot;","block_context":{"text":"I nostri appuntamenti","link":"https:\/\/uscatletica.ch\/wp\/?cat=12"},"img":{"alt_text":"","src":"https:\/\/i0.wp.com\/uscatletica.ch\/wp\/wp-content\/uploads\/2019\/08\/Gir-dal-Diavol-Sasso-E.S..jpg?fit=800%2C600&ssl=1&resize=350%2C200","width":350,"height":200,"srcset":"https:\/\/i0.wp.com\/uscatletica.ch\/wp\/wp-content\/uploads\/2019\/08\/Gir-dal-Diavol-Sasso-E.S..jpg?fit=800%2C600&ssl=1&resize=350%2C200 1x, https:\/\/i0.wp.com\/uscatletica.ch\/wp\/wp-content\/uploads\/2019\/08\/Gir-dal-Diavol-Sasso-E.S..jpg?fit=800%2C600&ssl=1&resize=525%2C300 1.5x, https:\/\/i0.wp.com\/uscatletica.ch\/wp\/wp-content\/uploads\/2019\/08\/Gir-dal-Diavol-Sasso-E.S..jpg?fit=800%2C600&ssl=1&resize=700%2C400 2x"},"classes":[]},{"id":9297,"url":"https:\/\/uscatletica.ch\/wp\/?p=9297","url_meta":{"origin":18438,"position":4},"title":"Miglior gara podistica","author":"Stampa E","date":"14 Ottobre 2019","format":false,"excerpt":"Decidete voi qual \u00e8 la miglior gara podistica ASTi 2019! Dal 13 ottobre al 1 novembre \u00e8 possibile votare la gara podistica preferita della stagione ASTi. Entrano in considerazione tutte le gare podistiche del calendario ASTi (Coppa ASTi podismo, Coppa ASTi montagna salita vertical, altre gare podistiche e altre gare\u2026","rel":"","context":"In &quot;Informazioni&quot;","block_context":{"text":"Informazioni","link":"https:\/\/uscatletica.ch\/wp\/?cat=10"},"img":{"alt_text":"","src":"","width":0,"height":0},"classes":[]},{"id":10539,"url":"https:\/\/uscatletica.ch\/wp\/?p=10539","url_meta":{"origin":18438,"position":5},"title":"COPPE ASTi si RIPARTE  DA SAN BERNARDINO","author":"Leonida Stampanoni","date":"30 Giugno 2020","format":false,"excerpt":"Le coppe ASTi \u00a0ripartiranno domenica dalla SanBeRun\u00a0 Ecco \u00a0tutte le nuove disposizione Regolamento coppa ASTI Regolamento coppa ASTI Giovanile\u00a0 Disposizione speciali \u00a0e \u00a0concetto dii protezione\u00a0 calendario asti 20200630 ASTi \u2013 Podismo Comunicato 30.6.2020 Coppa ASTi 2020 COPPA GIOVANILE ASTI 2020 #correndovinciamo LE COPPE ASTI 2020 E IL PODISMO TICINESE RIPARTONO\u2026","rel":"","context":"In &quot;Montagna&quot;","block_context":{"text":"Montagna","link":"https:\/\/uscatletica.ch\/wp\/?cat=16"},"img":{"alt_text":"","src":"https:\/\/i0.wp.com\/uscatletica.ch\/wp\/wp-content\/uploads\/2019\/09\/Caslano-2019.jpg?fit=475%2C467&ssl=1&resize=350%2C200","width":350,"height":200},"classes":[]}],"_links":{"self":[{"href":"https:\/\/uscatletica.ch\/wp\/index.php?rest_route=\/wp\/v2\/posts\/18438","targetHints":{"allow":["GET"]}}],"collection":[{"href":"https:\/\/uscatletica.ch\/wp\/index.php?rest_route=\/wp\/v2\/posts"}],"about":[{"href":"https:\/\/uscatletica.ch\/wp\/index.php?rest_route=\/wp\/v2\/types\/post"}],"author":[{"embeddable":true,"href":"https:\/\/uscatletica.ch\/wp\/index.php?rest_route=\/wp\/v2\/users\/3"}],"replies":[{"embeddable":true,"href":"https:\/\/uscatletica.ch\/wp\/index.php?rest_route=%2Fwp%2Fv2%2Fcomments&post=18438"}],"version-history":[{"count":4,"href":"https:\/\/uscatletica.ch\/wp\/index.php?rest_route=\/wp\/v2\/posts\/18438\/revisions"}],"predecessor-version":[{"id":18513,"href":"https:\/\/uscatletica.ch\/wp\/index.php?rest_route=\/wp\/v2\/posts\/18438\/revisions\/18513"}],"wp:featuredmedia":[{"embeddable":true,"href":"https:\/\/uscatletica.ch\/wp\/index.php?rest_route=\/wp\/v2\/media\/676"}],"wp:attachment":[{"href":"https:\/\/uscatletica.ch\/wp\/index.php?rest_route=%2Fwp%2Fv2%2Fmedia&parent=18438"}],"wp:term":[{"taxonomy":"category","embeddable":true,"href":"https:\/\/uscatletica.ch\/wp\/index.php?rest_route=%2Fwp%2Fv2%2Fcategories&post=18438"},{"taxonomy":"post_tag","embeddable":true,"href":"https:\/\/uscatletica.ch\/wp\/index.php?rest_route=%2Fwp%2Fv2%2Ftags&post=18438"}],"curies":[{"name":"wp","href":"https:\/\/api.w.org\/{rel}","templated":true}]}}