{"id":18480,"date":"2025-11-17T09:17:59","date_gmt":"2025-11-17T08:17:59","guid":{"rendered":"https:\/\/uscatletica.ch\/wp\/?p=18480"},"modified":"2025-11-17T09:19:54","modified_gmt":"2025-11-17T08:19:54","slug":"votiamo-la-miglior-gara-asti-2023","status":"publish","type":"post","link":"https:\/\/uscatletica.ch\/wp\/?p=18480","title":{"rendered":"VOTIAMO la miglior gara ASTi 2025"},"content":{"rendered":"\n<div class=\"row my-2\">\n<div class=\"col\">\n<p><strong>Torna il concorso per eleggere la migliore gara ASTi del calendario. <\/strong><\/p>\n<p><strong><u>Fino al 23 novembre<\/u> \u00e8 possibile votare la manifestazione preferita, tra cui anche le gare USC:<\/strong><\/p>\n<ul>\n<li>Tesserete-Gola di Lago<\/li>\n<li>Tutti in pista<\/li>\n<\/ul>\n<p><span style=\"color: #ff0000;\"><br \/><a href=\"https:\/\/www.asti-ticino.ch\/asti-new\/podismo\/miglior-gara\" target=\"_blank\" rel=\"noopener\"> <strong><u>Vai al voto<\/u><\/strong><\/a>, <strong>e vota le gare USC !!!<\/strong><\/span><\/p>\n<p><strong>Considerate la bellezza del percorso, l\u2019organizzazione, l\u2019ambiente, l\u2019accoglienza e tutto quanto per voi \u00e8 impor\u00adtante&#8230; e votate! <\/strong><\/p>\n<p><strong><span style=\"color: #ff0000;\">Ogni partecipante pu\u00f2 votare tre gare.<\/span> <\/strong><\/p>\n<p><strong>La gara vincente sar\u00e0 comunicata in occasione della premiazione ASTi del 30 novembre. <\/strong><\/p>\n<p>\u00a0<\/p>\n<\/div>\n<\/div>\n","protected":false},"excerpt":{"rendered":"<p>Torna il concorso per eleggere la migliore gara ASTi del calendario. Fino al 23 novembre \u00e8 possibile votare la manifestazione preferita, tra cui anche le gare USC: Tesserete-Gola di Lago Tutti in pista Vai al voto, e vota le gare USC !!! Considerate la bellezza del percorso, l\u2019organizzazione, l\u2019ambiente, l\u2019accoglienza e tutto quanto per voi \u00e8 impor\u00adtante&#8230; e votate! Ogni partecipante pu\u00f2 votare tre gare. La gara vincente sar\u00e0 comunicata in occasione della premiazione ASTi&#8230;<\/p>\n","protected":false},"author":3,"featured_media":20843,"comment_status":"closed","ping_status":"closed","sticky":false,"template":"","format":"standard","meta":{"jetpack_post_was_ever_published":false,"_jetpack_newsletter_access":"","_jetpack_dont_email_post_to_subs":false,"_jetpack_newsletter_tier_id":0,"_jetpack_memberships_contains_paywalled_content":false,"_jetpack_memberships_contains_paid_content":false,"footnotes":"","jetpack_publicize_message":"","jetpack_publicize_feature_enabled":true,"jetpack_social_post_already_shared":true,"jetpack_social_options":{"image_generator_settings":{"template":"highway","default_image_id":0,"font":"","enabled":false},"version":2}},"categories":[12,9],"tags":[],"class_list":["post-18480","post","type-post","status-publish","format-standard","has-post-thumbnail","hentry","category-nostregare","category-sport"],"jetpack_publicize_connections":[],"jetpack_featured_media_url":"https:\/\/i0.wp.com\/uscatletica.ch\/wp\/wp-content\/uploads\/2025\/05\/Gola-di-Lago-2024-Foto-Nicola-Carenini.jpg?fit=2406%2C2297&ssl=1","jetpack_sharing_enabled":true,"jetpack_shortlink":"https:\/\/wp.me\/p6V7Ck-4O4","jetpack-related-posts":[{"id":20339,"url":"https:\/\/uscatletica.ch\/wp\/?p=20339","url_meta":{"origin":18480,"position":0},"title":"Vota la miglior gara ASTi 2024","author":"Stampa E","date":"9 Novembre 2024","format":false,"excerpt":"Sul sito dell'ASTi, fino al 20 novembre \u00e8 possibile votare la manifestazione ASTi preferita. Si pu\u00f2 scegliere tra gare di podismo, montagna o trail (escluse le gare gi\u00e0 vincenti negli ultimi 5 anni) e votare. Come indicato sulla presentazione, vanno considerate la bellezza del percorso, l\u2019organizzazione, l\u2019ambiente, l\u2019accoglienza e tutto\u2026","rel":"","context":"In &quot;Diversi&quot;","block_context":{"text":"Diversi","link":"https:\/\/uscatletica.ch\/wp\/?cat=30"},"img":{"alt_text":"","src":"https:\/\/i0.wp.com\/uscatletica.ch\/wp\/wp-content\/uploads\/2023\/05\/MulattieraBigorio2023.jpg?fit=626%2C840&ssl=1&resize=350%2C200","width":350,"height":200,"srcset":"https:\/\/i0.wp.com\/uscatletica.ch\/wp\/wp-content\/uploads\/2023\/05\/MulattieraBigorio2023.jpg?fit=626%2C840&ssl=1&resize=350%2C200 1x, https:\/\/i0.wp.com\/uscatletica.ch\/wp\/wp-content\/uploads\/2023\/05\/MulattieraBigorio2023.jpg?fit=626%2C840&ssl=1&resize=525%2C300 1.5x"},"classes":[]},{"id":9297,"url":"https:\/\/uscatletica.ch\/wp\/?p=9297","url_meta":{"origin":18480,"position":1},"title":"Miglior gara podistica","author":"Stampa E","date":"14 Ottobre 2019","format":false,"excerpt":"Decidete voi qual \u00e8 la miglior gara podistica ASTi 2019! Dal 13 ottobre al 1 novembre \u00e8 possibile votare la gara podistica preferita della stagione ASTi. Entrano in considerazione tutte le gare podistiche del calendario ASTi (Coppa ASTi podismo, Coppa ASTi montagna salita vertical, altre gare podistiche e altre gare\u2026","rel":"","context":"In &quot;Informazioni&quot;","block_context":{"text":"Informazioni","link":"https:\/\/uscatletica.ch\/wp\/?cat=10"},"img":{"alt_text":"","src":"","width":0,"height":0},"classes":[]},{"id":6614,"url":"https:\/\/uscatletica.ch\/wp\/?p=6614","url_meta":{"origin":18480,"position":2},"title":"Miglior gara podistica ASTi 2018","author":"Stampa E","date":"23 Settembre 2018","format":false,"excerpt":"Decidete voi qual \u00e8 la miglior gara podistica ASTi! Dal 15 settembre al 27 ottobre \u00e8 possibile votare la vostra gara podistica preferita della stagione ASTi 2018 votando qui. Scegliete una delle gare USC: 5'000 ASTi Tesserete - Gola di Lago Cronoascesa al Bigorio La gara verr\u00e0 distinta con la\u2026","rel":"","context":"In &quot;I nostri appuntamenti&quot;","block_context":{"text":"I nostri appuntamenti","link":"https:\/\/uscatletica.ch\/wp\/?cat=12"},"img":{"alt_text":"","src":"https:\/\/i0.wp.com\/uscatletica.ch\/wp\/wp-content\/uploads\/2018\/09\/ASTi-COPERTINA-calendario.jpg?fit=639%2C852&ssl=1&resize=350%2C200","width":350,"height":200,"srcset":"https:\/\/i0.wp.com\/uscatletica.ch\/wp\/wp-content\/uploads\/2018\/09\/ASTi-COPERTINA-calendario.jpg?fit=639%2C852&ssl=1&resize=350%2C200 1x, https:\/\/i0.wp.com\/uscatletica.ch\/wp\/wp-content\/uploads\/2018\/09\/ASTi-COPERTINA-calendario.jpg?fit=639%2C852&ssl=1&resize=525%2C300 1.5x"},"classes":[]},{"id":16374,"url":"https:\/\/uscatletica.ch\/wp\/?p=16374","url_meta":{"origin":18480,"position":3},"title":"Miglior gara ASTi e classifiche finali","author":"Stampa E","date":"5 Novembre 2022","format":false,"excerpt":"Sul sito http:\/\/www.asti-ticino.ch\/asti-new\/podismo era possibile votare la miglior gara ASTi della stagione podistica 2022, entro il 7 novembre. L'USC ha organizzato le seguenti manifestazioni, votiamo!!! Cronoascesa al Bigorio Gir dal diavol Tesserete - Gola di Lago Tutti in pista, Capriasca \u00a0 Ogni partecipante pu\u00f2 votare una sola gara. La gara\u2026","rel":"","context":"In &quot;I nostri appuntamenti&quot;","block_context":{"text":"I nostri appuntamenti","link":"https:\/\/uscatletica.ch\/wp\/?cat=12"},"img":{"alt_text":"","src":"https:\/\/i0.wp.com\/uscatletica.ch\/wp\/wp-content\/uploads\/2019\/08\/Gir-dal-Diavol-Sasso-E.S..jpg?fit=800%2C600&ssl=1&resize=350%2C200","width":350,"height":200,"srcset":"https:\/\/i0.wp.com\/uscatletica.ch\/wp\/wp-content\/uploads\/2019\/08\/Gir-dal-Diavol-Sasso-E.S..jpg?fit=800%2C600&ssl=1&resize=350%2C200 1x, https:\/\/i0.wp.com\/uscatletica.ch\/wp\/wp-content\/uploads\/2019\/08\/Gir-dal-Diavol-Sasso-E.S..jpg?fit=800%2C600&ssl=1&resize=525%2C300 1.5x, https:\/\/i0.wp.com\/uscatletica.ch\/wp\/wp-content\/uploads\/2019\/08\/Gir-dal-Diavol-Sasso-E.S..jpg?fit=800%2C600&ssl=1&resize=700%2C400 2x"},"classes":[]},{"id":15622,"url":"https:\/\/uscatletica.ch\/wp\/?p=15622","url_meta":{"origin":18480,"position":4},"title":"Tre medaglie USC in Calanca","author":"Stampa E","date":"3 Luglio 2022","format":false,"excerpt":"Il 3 luglio s\u2019\u00e8 disputato in Val Calanca il Gran Premio Rossa, valido per la Coppa ASTi e anche valido come CAMPIONATO ASTi di podismo 2022. La gara \u00e8 stata vinta dall\u2019italiano Mascherpa con il nuovo record del percorso di 37\u201928\u2019\u2019, mentre il titolo ASTi \u00e8 andata a Lukas Oehen\u2026","rel":"","context":"In &quot;Podismo&quot;","block_context":{"text":"Podismo","link":"https:\/\/uscatletica.ch\/wp\/?cat=5"},"img":{"alt_text":"","src":"","width":0,"height":0},"classes":[]},{"id":15835,"url":"https:\/\/uscatletica.ch\/wp\/?p=15835","url_meta":{"origin":18480,"position":5},"title":"Stramassagno e Locarno: USC in evidenza","author":"Leonida Stampanoni","date":"3 Settembre 2022","format":false,"excerpt":"La prima gara \"autunnale\" della Coppa ASTi BancaStato giovanile ha regalato all'USC un buon numero di podi e di buoni risultati. Alla Stramassagno erano una decina i giovani USC al via, con la tripletta nelle U16, la doppietta delle U14, la vittoria di No\u00e8 e il secondo posto per Dalia.\u2026","rel":"","context":"In &quot;Podismo&quot;","block_context":{"text":"Podismo","link":"https:\/\/uscatletica.ch\/wp\/?cat=5"},"img":{"alt_text":"","src":"https:\/\/i0.wp.com\/uscatletica.ch\/wp\/wp-content\/uploads\/2022\/09\/podioutti220903.jpg?fit=432%2C324&ssl=1&resize=350%2C200","width":350,"height":200},"classes":[]}],"_links":{"self":[{"href":"https:\/\/uscatletica.ch\/wp\/index.php?rest_route=\/wp\/v2\/posts\/18480","targetHints":{"allow":["GET"]}}],"collection":[{"href":"https:\/\/uscatletica.ch\/wp\/index.php?rest_route=\/wp\/v2\/posts"}],"about":[{"href":"https:\/\/uscatletica.ch\/wp\/index.php?rest_route=\/wp\/v2\/types\/post"}],"author":[{"embeddable":true,"href":"https:\/\/uscatletica.ch\/wp\/index.php?rest_route=\/wp\/v2\/users\/3"}],"replies":[{"embeddable":true,"href":"https:\/\/uscatletica.ch\/wp\/index.php?rest_route=%2Fwp%2Fv2%2Fcomments&post=18480"}],"version-history":[{"count":8,"href":"https:\/\/uscatletica.ch\/wp\/index.php?rest_route=\/wp\/v2\/posts\/18480\/revisions"}],"predecessor-version":[{"id":21532,"href":"https:\/\/uscatletica.ch\/wp\/index.php?rest_route=\/wp\/v2\/posts\/18480\/revisions\/21532"}],"wp:featuredmedia":[{"embeddable":true,"href":"https:\/\/uscatletica.ch\/wp\/index.php?rest_route=\/wp\/v2\/media\/20843"}],"wp:attachment":[{"href":"https:\/\/uscatletica.ch\/wp\/index.php?rest_route=%2Fwp%2Fv2%2Fmedia&parent=18480"}],"wp:term":[{"taxonomy":"category","embeddable":true,"href":"https:\/\/uscatletica.ch\/wp\/index.php?rest_route=%2Fwp%2Fv2%2Fcategories&post=18480"},{"taxonomy":"post_tag","embeddable":true,"href":"https:\/\/uscatletica.ch\/wp\/index.php?rest_route=%2Fwp%2Fv2%2Ftags&post=18480"}],"curies":[{"name":"wp","href":"https:\/\/api.w.org\/{rel}","templated":true}]}}