{"id":18483,"date":"2023-11-10T15:03:42","date_gmt":"2023-11-10T14:03:42","guid":{"rendered":"https:\/\/uscatletica.ch\/wp\/?p=18483"},"modified":"2023-11-10T15:11:51","modified_gmt":"2023-11-10T14:11:51","slug":"a-dongio-parte-la-stagione-di-cross","status":"publish","type":"post","link":"https:\/\/uscatletica.ch\/wp\/?p=18483","title":{"rendered":"A Dongio parte la stagione di Cross"},"content":{"rendered":"\n<p>La stagione di cross 2023-2024 sar\u00e0 speciale per il Ticino infatti si chiuder\u00e0 con i campionati svizzeri di Moghegno prova finale della coppa Ticino. Sabato ci sar\u00e0 il tradizionale debutto sui prati golenali di Dongio. Una quarantina di atleti\/e \u00a0USC al via in valle di Blenio . \u00a0Lo scorso anno furono tre i successi USC a squadre \u00e8 arrivato il successo numero 23 \u00a0mentre a livello individuale Martina e Davide hanno portato a 98 i successi dal 1995 quando \u00e8 stato introdotto l&#8217;attuale regolamento. L&#8217;USC ha vinto in quasi ogni categoria ad eccezione di W20, W45\/W50 e U12W. Jonathan ha al suo attivo 19 successi in 29 edizioni.\u00a0<\/p>\n<p>L&#8217;annata 2000 regal\u00f2 all&#8217;USC ben nove successi individuali e chiaramente il successo a squadre\u00a0<\/p>\n<p>\u00a0<\/p>\n<p><a href=\"https:\/\/www.endu.net\/it\/events\/cross-dongio-ctc-3\/results\" target=\"_blank\" rel=\"noopener\">Risultati Live<\/a><\/p>\n<p><blockquote class=\"wp-embedded-content\" data-secret=\"aWD9RL1yE7\"><a href=\"https:\/\/ftal.ch\/la-stagione-delle-campestri-parte-da-dongio-verso-i-campionati-svizzeri-di-moghegno\/\">LA STAGIONE DELLE CAMPESTRI PARTE DA DONGIO VERSO I CAMPIONATI SVIZZERI DI MOGHEGNO<\/a><\/blockquote><iframe loading=\"lazy\" class=\"wp-embedded-content\" sandbox=\"allow-scripts\" security=\"restricted\" style=\"position: absolute; clip: rect(1px, 1px, 1px, 1px);\" title=\"&#8220;LA STAGIONE DELLE CAMPESTRI PARTE DA DONGIO VERSO I CAMPIONATI SVIZZERI DI MOGHEGNO&#8221; &#8212; FTAL\" src=\"https:\/\/ftal.ch\/la-stagione-delle-campestri-parte-da-dongio-verso-i-campionati-svizzeri-di-moghegno\/embed\/#?secret=Znpq4rozYV#?secret=aWD9RL1yE7\" data-secret=\"aWD9RL1yE7\" width=\"600\" height=\"338\" frameborder=\"0\" marginwidth=\"0\" marginheight=\"0\" scrolling=\"no\"><\/iframe><\/p>\n<p>\u00a0<\/p>\n","protected":false},"excerpt":{"rendered":"<p>La stagione di cross 2023-2024 sar\u00e0 speciale per il Ticino infatti si chiuder\u00e0 con i campionati svizzeri di Moghegno prova finale della coppa Ticino. Sabato ci sar\u00e0 il tradizionale debutto sui prati golenali di Dongio. Una quarantina di atleti\/e \u00a0USC al via in valle di Blenio . \u00a0Lo scorso anno furono tre i successi USC a squadre \u00e8 arrivato il successo numero 23 \u00a0mentre a livello individuale Martina e Davide hanno portato a 98 i&#8230;<\/p>\n","protected":false},"author":4,"featured_media":16482,"comment_status":"closed","ping_status":"closed","sticky":false,"template":"","format":"standard","meta":{"jetpack_post_was_ever_published":false,"_jetpack_newsletter_access":"","_jetpack_dont_email_post_to_subs":false,"_jetpack_newsletter_tier_id":0,"_jetpack_memberships_contains_paywalled_content":false,"_jetpack_memberships_contains_paid_content":false,"footnotes":"","jetpack_publicize_message":"","jetpack_publicize_feature_enabled":true,"jetpack_social_post_already_shared":true,"jetpack_social_options":{"image_generator_settings":{"template":"highway","default_image_id":0,"font":"","enabled":false},"version":2}},"categories":[7,9],"tags":[],"class_list":["post-18483","post","type-post","status-publish","format-standard","has-post-thumbnail","hentry","category-cross","category-sport"],"jetpack_publicize_connections":[],"jetpack_featured_media_url":"https:\/\/i0.wp.com\/uscatletica.ch\/wp\/wp-content\/uploads\/2022\/11\/CrossUSC22-foto-EliSta.jpg?fit=1089%2C643&ssl=1","jetpack_sharing_enabled":true,"jetpack_shortlink":"https:\/\/wp.me\/p6V7Ck-4O7","jetpack-related-posts":[{"id":16425,"url":"https:\/\/uscatletica.ch\/wp\/?p=16425","url_meta":{"origin":18483,"position":0},"title":"La stagione dei cross parte da Dongio","author":"Leonida Stampanoni","date":"12 Novembre 2022","format":false,"excerpt":"Domenica saranno una quarantina gli atleti USC al via della prima prova della coppa Ticino di cross FTAL AET che si svolger\u00e0 sui prati di Dongio. Nelle ultime 10 stagione l'USC ha sempre vinto la classifica per societ\u00e0, la sfida si rinnova. L'USC si presenta anche ai nastri di partenza\u2026","rel":"","context":"In &quot;Cross&quot;","block_context":{"text":"Cross","link":"https:\/\/uscatletica.ch\/wp\/?cat=7"},"img":{"alt_text":"","src":"https:\/\/i0.wp.com\/uscatletica.ch\/wp\/wp-content\/uploads\/2022\/10\/Torta-diavol-rotated.jpg?fit=900%2C1200&ssl=1&resize=350%2C200","width":350,"height":200,"srcset":"https:\/\/i0.wp.com\/uscatletica.ch\/wp\/wp-content\/uploads\/2022\/10\/Torta-diavol-rotated.jpg?fit=900%2C1200&ssl=1&resize=350%2C200 1x, https:\/\/i0.wp.com\/uscatletica.ch\/wp\/wp-content\/uploads\/2022\/10\/Torta-diavol-rotated.jpg?fit=900%2C1200&ssl=1&resize=525%2C300 1.5x, https:\/\/i0.wp.com\/uscatletica.ch\/wp\/wp-content\/uploads\/2022\/10\/Torta-diavol-rotated.jpg?fit=900%2C1200&ssl=1&resize=700%2C400 2x"},"classes":[]},{"id":3047,"url":"https:\/\/uscatletica.ch\/wp\/?p=3047","url_meta":{"origin":18483,"position":1},"title":"Coppa Ticino di cross si parte da Dongio","author":"Leonida Stampanoni","date":"12 Novembre 2016","format":false,"excerpt":"Domenica \u00a0a Dongio partir\u00e0 la stagione 2016 - 2017 di cross con la prima prova di coppa Ticino. \u00a0Le corse campestri sono da sempre la specialit\u00e0 di predilezione dell'USC che nel passato ha portato alla selezione dei campionati europei U20 per Giorgio Pongelli, ai mondiali universitari e militari per Jonathan\u2026","rel":"","context":"In &quot;Cross&quot;","block_context":{"text":"Cross","link":"https:\/\/uscatletica.ch\/wp\/?cat=7"},"img":{"alt_text":"","src":"https:\/\/i0.wp.com\/uscatletica.ch\/wp\/wp-content\/uploads\/2015\/11\/P1110871.jpg?fit=563%2C422&ssl=1&resize=350%2C200","width":350,"height":200,"srcset":"https:\/\/i0.wp.com\/uscatletica.ch\/wp\/wp-content\/uploads\/2015\/11\/P1110871.jpg?fit=563%2C422&ssl=1&resize=350%2C200 1x, https:\/\/i0.wp.com\/uscatletica.ch\/wp\/wp-content\/uploads\/2015\/11\/P1110871.jpg?fit=563%2C422&ssl=1&resize=525%2C300 1.5x"},"classes":[]},{"id":9415,"url":"https:\/\/uscatletica.ch\/wp\/?p=9415","url_meta":{"origin":18483,"position":2},"title":"CROSS DONGIO E FESTE ATLETI FTAL E ASTI","author":"Leonida Stampanoni","date":"7 Novembre 2019","format":false,"excerpt":"Sar\u00e0 un fine settimana intenso parte la stagione stagione dei cross da Dongio sempre una cinquantina gli USCini al via domenica mattina lungo sui prati bleniesi Roby invece garegger\u00e0 a Regensdorf \u00a0nella prima prova di selezione in vista dei campionati europei di cross del 7 dicembre a Lisbona. In programma\u2026","rel":"","context":"In &quot;Cross&quot;","block_context":{"text":"Cross","link":"https:\/\/uscatletica.ch\/wp\/?cat=7"},"img":{"alt_text":"","src":"https:\/\/i0.wp.com\/uscatletica.ch\/wp\/wp-content\/uploads\/2019\/08\/caratschlausc190815.jpg?fit=432%2C324&ssl=1&resize=350%2C200","width":350,"height":200},"classes":[]},{"id":5163,"url":"https:\/\/uscatletica.ch\/wp\/?p=5163","url_meta":{"origin":18483,"position":3},"title":"COPPA TICINO CROSS le classifiche dopo tre gare prima parte","author":"Leonida Stampanoni","date":"6 Novembre 2017","format":false,"excerpt":"COPPA TICINO CROSS FTAL 2017-2018\u00a0 Laube -Greenkey \u00a0 La coppa Ticino 2017-2018\u00a0 patrocinata dalla FTAL\u00a0 avr\u00e0 iscrizioni e classifiche gestita per la prima volta da Mysdam tramite il portale \u00a0 Endu.net.\u00a0\u00a0 CLASSIFICHE COPPA TICINO DOPO LE PRIME TRE PROVE Classifica individuale Classifica Societa CROSS DI POM CAPRIASCA Domenica 3 Dicembre\u2026","rel":"","context":"In &quot;Cross&quot;","block_context":{"text":"Cross","link":"https:\/\/uscatletica.ch\/wp\/?cat=7"},"img":{"alt_text":"","src":"https:\/\/i0.wp.com\/uscatletica.ch\/wp\/wp-content\/uploads\/2017\/03\/P1450159.jpg?fit=563%2C422&ssl=1&resize=350%2C200","width":350,"height":200,"srcset":"https:\/\/i0.wp.com\/uscatletica.ch\/wp\/wp-content\/uploads\/2017\/03\/P1450159.jpg?fit=563%2C422&ssl=1&resize=350%2C200 1x, https:\/\/i0.wp.com\/uscatletica.ch\/wp\/wp-content\/uploads\/2017\/03\/P1450159.jpg?fit=563%2C422&ssl=1&resize=525%2C300 1.5x"},"classes":[]},{"id":20351,"url":"https:\/\/uscatletica.ch\/wp\/?p=20351","url_meta":{"origin":18483,"position":4},"title":"La Coppa Ticino riparte dal nuovo Cross di Dongio","author":"Leonida Stampanoni","date":"9 Novembre 2024","format":false,"excerpt":"La stagione 2024-2025 di corsa campestre partir\u00e0 domenica sui prati di Dongio. La Coppa Ticino di cross FTAL AET debutter\u00e0 sul nuovo circuito disegnato dalla GAD nei campi a nord del centro sportivo. Il circuito cantonale che si articoler\u00e0 su sette tappe proseguir\u00e0 domenica 24 con il cross Capriaschese .\u2026","rel":"","context":"In &quot;Cross&quot;","block_context":{"text":"Cross","link":"https:\/\/uscatletica.ch\/wp\/?cat=7"},"img":{"alt_text":"","src":"https:\/\/i0.wp.com\/uscatletica.ch\/wp\/wp-content\/uploads\/2016\/11\/P1380227.jpg?fit=563%2C422&ssl=1&resize=350%2C200","width":350,"height":200,"srcset":"https:\/\/i0.wp.com\/uscatletica.ch\/wp\/wp-content\/uploads\/2016\/11\/P1380227.jpg?fit=563%2C422&ssl=1&resize=350%2C200 1x, https:\/\/i0.wp.com\/uscatletica.ch\/wp\/wp-content\/uploads\/2016\/11\/P1380227.jpg?fit=563%2C422&ssl=1&resize=525%2C300 1.5x"},"classes":[]},{"id":5404,"url":"https:\/\/uscatletica.ch\/wp\/?p=5404","url_meta":{"origin":18483,"position":5},"title":"COPPA TICINO CROSS CLASSIFICA FINALE CAMPIONATI TICINESI DI CROSS Banco","author":"Leonida Stampanoni","date":"6 Gennaio 2018","format":false,"excerpt":"COPPA TICINO CROSS FTAL 2017-2018\u00a0 Laube -Greenkey \u00a0 La coppa Ticino 2017-2018\u00a0 patrocinata dalla FTAL\u00a0 avr\u00e0 iscrizioni e classifiche gestita per la prima volta da Mysdam tramite il portale \u00a0 Endu.net.\u00a0\u00a0 3 Marzo CAMPIONATI SVIZZERI DI CROSS GENEVE CLASSIFICHE FINALI COPPA TICINO CROSS Classifica finale coppa Ticino FTAL CAMPIONATI TICINESI\u2026","rel":"","context":"In &quot;Altro&quot;","block_context":{"text":"Altro","link":"https:\/\/uscatletica.ch\/wp\/?cat=11"},"img":{"alt_text":"","src":"https:\/\/i0.wp.com\/uscatletica.ch\/wp\/wp-content\/uploads\/2017\/12\/podiocrosspom1712m40.jpg?fit=532%2C399&ssl=1&resize=350%2C200","width":350,"height":200,"srcset":"https:\/\/i0.wp.com\/uscatletica.ch\/wp\/wp-content\/uploads\/2017\/12\/podiocrosspom1712m40.jpg?fit=532%2C399&ssl=1&resize=350%2C200 1x, https:\/\/i0.wp.com\/uscatletica.ch\/wp\/wp-content\/uploads\/2017\/12\/podiocrosspom1712m40.jpg?fit=532%2C399&ssl=1&resize=525%2C300 1.5x"},"classes":[]}],"_links":{"self":[{"href":"https:\/\/uscatletica.ch\/wp\/index.php?rest_route=\/wp\/v2\/posts\/18483","targetHints":{"allow":["GET"]}}],"collection":[{"href":"https:\/\/uscatletica.ch\/wp\/index.php?rest_route=\/wp\/v2\/posts"}],"about":[{"href":"https:\/\/uscatletica.ch\/wp\/index.php?rest_route=\/wp\/v2\/types\/post"}],"author":[{"embeddable":true,"href":"https:\/\/uscatletica.ch\/wp\/index.php?rest_route=\/wp\/v2\/users\/4"}],"replies":[{"embeddable":true,"href":"https:\/\/uscatletica.ch\/wp\/index.php?rest_route=%2Fwp%2Fv2%2Fcomments&post=18483"}],"version-history":[{"count":5,"href":"https:\/\/uscatletica.ch\/wp\/index.php?rest_route=\/wp\/v2\/posts\/18483\/revisions"}],"predecessor-version":[{"id":18490,"href":"https:\/\/uscatletica.ch\/wp\/index.php?rest_route=\/wp\/v2\/posts\/18483\/revisions\/18490"}],"wp:featuredmedia":[{"embeddable":true,"href":"https:\/\/uscatletica.ch\/wp\/index.php?rest_route=\/wp\/v2\/media\/16482"}],"wp:attachment":[{"href":"https:\/\/uscatletica.ch\/wp\/index.php?rest_route=%2Fwp%2Fv2%2Fmedia&parent=18483"}],"wp:term":[{"taxonomy":"category","embeddable":true,"href":"https:\/\/uscatletica.ch\/wp\/index.php?rest_route=%2Fwp%2Fv2%2Fcategories&post=18483"},{"taxonomy":"post_tag","embeddable":true,"href":"https:\/\/uscatletica.ch\/wp\/index.php?rest_route=%2Fwp%2Fv2%2Ftags&post=18483"}],"curies":[{"name":"wp","href":"https:\/\/api.w.org\/{rel}","templated":true}]}}