{"id":18492,"date":"2023-11-11T15:18:09","date_gmt":"2023-11-11T14:18:09","guid":{"rendered":"https:\/\/uscatletica.ch\/wp\/?p=18492"},"modified":"2023-11-14T06:57:18","modified_gmt":"2023-11-14T05:57:18","slug":"elia-e-jonathan-vincono-a-dongio","status":"publish","type":"post","link":"https:\/\/uscatletica.ch\/wp\/?p=18492","title":{"rendered":"Elia e Jonathan vincono a Dongio"},"content":{"rendered":"\n<p>Un calda giornata autunnale ha lanciato la stagione 2023-24 di cross. A Dongio sul rinnovato tracciato in zona Boscero erano 32 gli USCini che hanno ottenuto il pingue bottino di due Vittorie (Elia e Jonathan) ed ulteriori 5 podi Anais, Nicole, Jana, Alex, John Noah. \u00a0Ai piedi del podio Michele, No\u00e9 e Giancarlo. Tra le attive tripletta per la Vigor con Giulia,Sara Salvad\u00e9 ed Emma Lucchina mentre al maschile Tobia Pezzati (AM) precede i bellinzonesi Lukas Oehen ed Enea Ratti.\u00a0<\/p>\n<p><a href=\"https:\/\/www.endu.net\/it\/events\/cross-dongio-ctc-3\/results\" target=\"_blank\" rel=\"noopener\">Risultati<\/a><\/p>\n<h2>M40\/M50\/M60 ATTIVI U20M Elia e Jonathan vincono Alex e John da podio<\/h2>\n<p>Nella gara principale sugli 8 km Tobia Pezzati vince sul duo gab Lukas Oehen Enea Ratti. Ai piedi del podio troviamo un terzetto USC Michele L, \u00a0ed i nuovi arrivati Rocco F. e Tiziano B.. Sui 6km il miglior tempo assoluto \u00e8 per il primo U20 Elia Maggetti (Virtus), Il nostro Elia S. \u00e8 il piano veloce dei masters e vince tra gli M40 \u00a0Alex D. \u00e8 terzo. JonathanS. \u00a0vince tra gli M50 con John \u00a0B. terzo. Alessandro Z. (M40) e Leonida S. (M50) \u00a0chiudono al quinto posto, decimo Guido M40. Marco Oberti (SAM) vince tra gli M60 con Giancarlo \u00a0F. che chiude quarto.\u00a0<\/p>\n<h2>U14W U12W U12M 1.5 km, U14M 2 km Noah Nicole e Anais sul podio.<\/h2>\n<p>Nella categoria U14 arrivano due podi. Tra le ragazze Anais P. sulla linea del traguardo salva il secondo posto di un soffio, il successo \u00e8 per Caterina Perissinotti( SAL), Ottima gara per Asia C. settima seguita da Viola G. (15) e Lena A (3.2). Tra i ragazzi vince Maylon Pongelli (ASM), Noah \u00e8 bravissimo e conquista il suo primo podio nei cross con un terzo rango. Bravo anche Giosu\u00e8 C. (23). Tra le U12 Nicole P. trova un bel secondo rango alle spalle di Valery Leoni (Vigor) brava Agata M. \u00a0Niccol\u00f2 D. negli U12. chiude al settimo rango.\u00a0<\/p>\n<h2>W40, W50, W20, U20W, U18M \u00a0Corto 4km Jana da podio<\/h2>\n<p>Nella gara femminile la Vigor piazza la tripletta con le gemelle Giulia, Sara Salvad\u00e9 ed Emma Lucchina. Nelle W40 Dietro l&#8217;imprendibile Tamara Winkler (GAB) Jana \u00e8 terza a pochi secondi dalla seconda brava Ramona D. settima. \u00a0Zoe Rossi vince tra le U20 con Selina che giunge quinta. Tra le W50 Jeannette Bragagnolo \u00e8 la migliore Carola chiude sesta. Eric Huanca Quispe \u00e8 il pi\u00f9 veloce di tutti e vince tra gli U18 Siro Gentilini vince il corto dove Nicola chiude ottavo.\u00a0<\/p>\n<h2>U16M U18W 3 km U16W 2 km. No\u00e9 ad un passo dal podio.<\/h2>\n<p>No\u00e9 ha provato a staccare gli avversari nella gara U16 ma sul finale non ha retto l&#8217;accelerazione di Lorenzo Bracchi (Virtus) chiudendo comunque al quarto rango attaccato al gruppo di testa. \u00a0Tra le ragazze U18 vola Tiziana Rosamilia (USA) Elsa C. \u00e8 sesta seguita da Olivia S. (10). La vittoria U16W \u00e8 per Giada Lobsiger con Am\u00e9lie A (15) e \u00a0Dalia \u00a0C. (18) che terminano la loro fatica in gruppo.\u00a0<\/p>\n<p>Le prime a gareggiare sono state Linda D settima e Flora Z. (22) nella categoria U10W.<\/p>\n<p>Il prossimo appuntamento sar\u00e0 per domenica 26 Novembre \u00a0con il nostro<a href=\"https:\/\/uscatletica.ch\/wp\/?page_id=256\" target=\"_blank\" rel=\"noopener\"> cross Capriaschese<\/a><\/p>\n<p><blockquote class=\"wp-embedded-content\" data-secret=\"jv8ObW3x5R\"><a href=\"https:\/\/ftal.ch\/giulia-salvade-e-tobia-pezzati-firmano-la-prima-in-coppa-ticino\/\">GIULIA SALVAD\u00c8 E TOBIA PEZZATI FIRMANO LA PRIMA IN COPPA TICINO (Aggiornato 13.11.2023)<\/a><\/blockquote><iframe loading=\"lazy\" class=\"wp-embedded-content\" sandbox=\"allow-scripts\" security=\"restricted\" style=\"position: absolute; clip: rect(1px, 1px, 1px, 1px);\" title=\"&#8220;GIULIA SALVAD\u00c8 E TOBIA PEZZATI FIRMANO LA PRIMA IN COPPA TICINO (Aggiornato 13.11.2023)&#8221; &#8212; FTAL\" src=\"https:\/\/ftal.ch\/giulia-salvade-e-tobia-pezzati-firmano-la-prima-in-coppa-ticino\/embed\/#?secret=PpqSnVp1th#?secret=jv8ObW3x5R\" data-secret=\"jv8ObW3x5R\" width=\"600\" height=\"338\" frameborder=\"0\" marginwidth=\"0\" marginheight=\"0\" scrolling=\"no\"><\/iframe><\/p>\n<p>Tutti i risultati USC<\/p>\n<table border=\"0\" cellspacing=\"0\"><colgroup width=\"75\"><\/colgroup><colgroup width=\"278\"><\/colgroup><colgroup width=\"91\"><\/colgroup><colgroup width=\"61\"><\/colgroup><colgroup width=\"149\"><\/colgroup>\n<tbody>\n<tr>\n<td align=\"right\" height=\"42\">1<\/td>\n<td align=\"left\">STAMPANONI ELIA<\/td>\n<td align=\"left\">1<br \/>M40<\/td>\n<td align=\"right\">2<\/td>\n<td align=\"left\">22:04.96<br \/>+32.63<\/td>\n<\/tr>\n<tr>\n<td align=\"right\" height=\"62\">1<\/td>\n<td align=\"left\">STAMPANONI JONATHAN<\/td>\n<td align=\"left\">1<br \/>M50<\/td>\n<td align=\"right\">9<\/td>\n<td align=\"left\">23:00.81<br \/>+1:28.49<\/td>\n<\/tr>\n<tr>\n<td align=\"right\" height=\"42\">2<\/td>\n<td align=\"left\">PONGELLI NICOLE<\/td>\n<td align=\"left\">2<br \/>U12W<\/td>\n<td align=\"right\">2<\/td>\n<td align=\"left\">06:20.77<br \/>+2.14<\/td>\n<\/tr>\n<tr>\n<td align=\"right\" height=\"62\">2<\/td>\n<td align=\"left\">PIATTINI ANAIS<\/td>\n<td align=\"left\">2<br \/>U14W<\/td>\n<td align=\"right\">2<\/td>\n<td align=\"left\">06:06.37<br \/>+8.93<\/td>\n<\/tr>\n<tr>\n<td align=\"right\" height=\"62\">3<\/td>\n<td align=\"left\">BADER NOAH<\/td>\n<td align=\"left\">3<br \/>U14M<\/td>\n<td align=\"right\">3<\/td>\n<td align=\"left\">08:07.72<br \/>+19.54<\/td>\n<\/tr>\n<tr>\n<td align=\"right\" height=\"62\">3<\/td>\n<td align=\"left\">VICARI JANA<\/td>\n<td align=\"left\">3<br \/>W40<\/td>\n<td align=\"right\">9<\/td>\n<td align=\"left\">18:08.37<br \/>+4:19.86<\/td>\n<\/tr>\n<tr>\n<td align=\"right\" height=\"62\">3<\/td>\n<td align=\"left\">DOMENICONI ALEX<\/td>\n<td align=\"left\">3<br \/>M40<\/td>\n<td align=\"right\">6<\/td>\n<td align=\"left\">22:38.15<br \/>+1:05.82<\/td>\n<\/tr>\n<tr>\n<td align=\"right\" height=\"42\">3<\/td>\n<td align=\"left\">BALDI JOHN<\/td>\n<td align=\"left\">3<br \/>M50<\/td>\n<td align=\"right\">11<\/td>\n<td align=\"left\">23:50.55<br \/>+2:18.22<\/td>\n<\/tr>\n<tr>\n<td align=\"right\" height=\"62\">4<\/td>\n<td align=\"left\">VOLGER NO\u00c8<\/td>\n<td align=\"left\">4<br \/>U16M<\/td>\n<td align=\"right\">4<\/td>\n<td align=\"left\">11:36.62<br \/>+12.40<\/td>\n<\/tr>\n<tr>\n<td align=\"right\" height=\"42\">4<\/td>\n<td align=\"left\">FRAQUELLI GIANCARLO<\/td>\n<td align=\"left\">4<br \/>M60<\/td>\n<td align=\"right\">32<\/td>\n<td align=\"left\">30:08.52<br \/>+8:36.19<\/td>\n<\/tr>\n<tr>\n<td align=\"right\" height=\"62\">4<\/td>\n<td align=\"left\">LARDI MICHELE<\/td>\n<td align=\"left\">4<br \/>M<\/td>\n<td align=\"right\">4<\/td>\n<td align=\"left\">29:19.87<br \/>+1:55.31<\/td>\n<\/tr>\n<tr>\n<td align=\"right\" height=\"42\">5<\/td>\n<td align=\"left\">DOMENICONI LINDA<\/td>\n<td align=\"left\">5<br \/>U10W<\/td>\n<td align=\"right\">5<\/td>\n<td align=\"left\">02:34.75<br \/>+5.95<\/td>\n<\/tr>\n<tr>\n<td align=\"right\" height=\"42\">5<\/td>\n<td align=\"left\">STAMPANONI SELINA<\/td>\n<td align=\"left\">5<br \/>U20W<\/td>\n<td align=\"right\">23<\/td>\n<td align=\"left\">24:06.00<br \/>+10:17.49<\/td>\n<\/tr>\n<tr>\n<td align=\"right\" height=\"42\">5<\/td>\n<td align=\"left\">STAMPANONI LEONIDA<\/td>\n<td align=\"left\">5<br \/>M50<\/td>\n<td align=\"right\">17<\/td>\n<td align=\"left\">24:40.25<br \/>+3:07.92<\/td>\n<\/tr>\n<tr>\n<td align=\"right\" height=\"42\">5<\/td>\n<td align=\"left\">FERRETTI ROCCO<\/td>\n<td align=\"left\">5<br \/>M<\/td>\n<td align=\"right\">5<\/td>\n<td align=\"left\">30:38.34<br \/>+3:13.77<\/td>\n<\/tr>\n<tr>\n<td align=\"right\" height=\"42\">6<\/td>\n<td align=\"left\">CAISSUTTI ELSA<\/td>\n<td align=\"left\">6<br \/>U18W<\/td>\n<td align=\"right\">6<\/td>\n<td align=\"left\">14:06.86<br \/>+2:42.64<\/td>\n<\/tr>\n<tr>\n<td align=\"right\" height=\"42\">6<\/td>\n<td align=\"left\">BALESTRA CAROLA<\/td>\n<td align=\"left\">6<br \/>W50<\/td>\n<td align=\"right\">25<\/td>\n<td align=\"left\">25:23.87<br \/>+11:35.36<\/td>\n<\/tr>\n<tr>\n<td align=\"right\" height=\"42\">6<\/td>\n<td align=\"left\">ZANETTI ALESSANDRO<\/td>\n<td align=\"left\">6<br \/>M40<\/td>\n<td align=\"right\">12<\/td>\n<td align=\"left\">24:03.12<br \/>+2:30.79<\/td>\n<\/tr>\n<tr>\n<td align=\"right\" height=\"42\">6<\/td>\n<td align=\"left\">BONOMO TIZIANO<\/td>\n<td align=\"left\">6<br \/>M<\/td>\n<td align=\"right\">6<\/td>\n<td align=\"left\">31:57.86<br \/>+4:33.30<\/td>\n<\/tr>\n<tr>\n<td align=\"right\" height=\"42\">7<\/td>\n<td align=\"left\">DOMENICONI NICOL\u00d2<\/td>\n<td align=\"left\">7<br \/>U12M<\/td>\n<td align=\"right\">7<\/td>\n<td align=\"left\">06:37.62<br \/>+34.61<\/td>\n<\/tr>\n<tr>\n<td align=\"right\" height=\"42\">7<\/td>\n<td align=\"left\">CORTI ASIA<\/td>\n<td align=\"left\">7<br \/>U14W<\/td>\n<td align=\"right\">7<\/td>\n<td align=\"left\">06:37.58<br \/>+40.14<\/td>\n<\/tr>\n<tr>\n<td align=\"right\" height=\"42\">7<\/td>\n<td align=\"left\">DOMENICONI RAMONA<\/td>\n<td align=\"left\">7<br \/>W40<\/td>\n<td align=\"right\">17<\/td>\n<td align=\"left\">21:12.08<br \/>+7:23.57<\/td>\n<\/tr>\n<tr>\n<td align=\"right\" height=\"42\">8<\/td>\n<td align=\"left\">BALESTRA NICOLA<\/td>\n<td align=\"left\">8<br \/>&#8212;<\/td>\n<td align=\"right\">8<\/td>\n<td align=\"left\">18:43.72<br \/>+4:48.66<\/td>\n<\/tr>\n<tr>\n<td align=\"right\" height=\"42\">10<\/td>\n<td align=\"left\">STAMPANONI OLIVIA<\/td>\n<td align=\"left\">10<br \/>U18W<\/td>\n<td align=\"right\">10<\/td>\n<td align=\"left\">15:10.58<br \/>+3:46.35<\/td>\n<\/tr>\n<tr>\n<td align=\"right\" height=\"42\">10<\/td>\n<td align=\"left\">MACCONI GUIDO<\/td>\n<td align=\"left\">10<br \/>M40<\/td>\n<td align=\"right\">23<\/td>\n<td align=\"left\">26:09.98<br \/>+4:37.65<\/td>\n<\/tr>\n<tr>\n<td align=\"right\" height=\"42\">15<\/td>\n<td align=\"left\">GROPPI VIOLA<\/td>\n<td align=\"left\">15<br \/>U14W<\/td>\n<td align=\"right\">15<\/td>\n<td align=\"left\">06:48.95<br \/>+51.51<\/td>\n<\/tr>\n<tr>\n<td align=\"right\" height=\"42\">15<\/td>\n<td align=\"left\">ANDREOLI AMELIE<\/td>\n<td align=\"left\">15<br \/>U16W<\/td>\n<td align=\"right\">15<\/td>\n<td align=\"left\">09:20.92<br \/>+1:19.90<\/td>\n<\/tr>\n<tr>\n<td align=\"right\" height=\"42\">18<\/td>\n<td align=\"left\">CAISSUTTI DALIA<\/td>\n<td align=\"left\">18<br \/>U16W<\/td>\n<td align=\"right\">18<\/td>\n<td align=\"left\">09:26.73<\/td>\n<\/tr>\n<tr>\n<td align=\"right\" height=\"42\">22<\/td>\n<td align=\"left\">ZANETTI FLORA<\/td>\n<td align=\"left\">22<br \/>U10W<\/td>\n<td align=\"right\">22<\/td>\n<td align=\"left\">03:18.82<br \/>+50.03<\/td>\n<\/tr>\n<tr>\n<td align=\"right\" height=\"42\">22<\/td>\n<td align=\"left\">MACCONI AGATA<\/td>\n<td align=\"left\">22<br \/>U12W<\/td>\n<td align=\"right\">22<\/td>\n<td align=\"left\">07:44.97<\/td>\n<\/tr>\n<tr>\n<td align=\"right\" height=\"42\">23<\/td>\n<td align=\"left\">CAISSUTTI GIOSU\u00c8<\/td>\n<td align=\"left\">23<br \/>U14M<\/td>\n<td align=\"right\">23<\/td>\n<td align=\"left\">09:09.58<br \/>+1:21.40<\/td>\n<\/tr>\n<tr>\n<td align=\"right\" height=\"42\">32<\/td>\n<td align=\"left\">ALBISETTI LENA<\/td>\n<td align=\"left\">32<br \/>U14W<\/td>\n<td align=\"right\">32<\/td>\n<td align=\"left\">07:32.10<br \/>+1:34.66<\/td>\n<\/tr>\n<\/tbody>\n<\/table>\n","protected":false},"excerpt":{"rendered":"<p>Un calda giornata autunnale ha lanciato la stagione 2023-24 di cross. A Dongio sul rinnovato tracciato in zona Boscero erano 32 gli USCini che hanno ottenuto il pingue bottino di due Vittorie (Elia e Jonathan) ed ulteriori 5 podi Anais, Nicole, Jana, Alex, John Noah. \u00a0Ai piedi del podio Michele, No\u00e9 e Giancarlo. Tra le attive tripletta per la Vigor con Giulia,Sara Salvad\u00e9 ed Emma Lucchina mentre al maschile Tobia Pezzati (AM) precede i bellinzonesi&#8230;<\/p>\n","protected":false},"author":4,"featured_media":16802,"comment_status":"closed","ping_status":"closed","sticky":false,"template":"","format":"standard","meta":{"jetpack_post_was_ever_published":false,"_jetpack_newsletter_access":"","_jetpack_dont_email_post_to_subs":false,"_jetpack_newsletter_tier_id":0,"_jetpack_memberships_contains_paywalled_content":false,"_jetpack_memberships_contains_paid_content":false,"footnotes":"","jetpack_publicize_message":"","jetpack_publicize_feature_enabled":true,"jetpack_social_post_already_shared":true,"jetpack_social_options":{"image_generator_settings":{"template":"highway","default_image_id":0,"font":"","enabled":false},"version":2}},"categories":[7,9],"tags":[],"class_list":["post-18492","post","type-post","status-publish","format-standard","has-post-thumbnail","hentry","category-cross","category-sport"],"jetpack_publicize_connections":[],"jetpack_featured_media_url":"https:\/\/i0.wp.com\/uscatletica.ch\/wp\/wp-content\/uploads\/2023\/03\/U14230305.jpg?fit=432%2C324&ssl=1","jetpack_sharing_enabled":true,"jetpack_shortlink":"https:\/\/wp.me\/p6V7Ck-4Og","jetpack-related-posts":[{"id":3057,"url":"https:\/\/uscatletica.ch\/wp\/?p=3057","url_meta":{"origin":18492,"position":0},"title":"Cross Dongio doppia vittoria per Ralf e Jonathan (rassegna STAMPA U12W","author":"Leonida Stampanoni","date":"13 Novembre 2016","format":false,"excerpt":"408 Atleti hanno aperto domenica a Dongio l'edizione 2017 della coppa Ticino di cross. Una cinquantina gli USCini al via nella prima tappa. La bella giornata autunnale ha favorito lo svolgersi delle gare sui prati in ottime condizioni, dove Ralf ha potuto festeggiare la sua prima prima vittoria in carriera\u2026","rel":"","context":"In &quot;Cross&quot;","block_context":{"text":"Cross","link":"https:\/\/uscatletica.ch\/wp\/?cat=7"},"img":{"alt_text":"","src":"https:\/\/i0.wp.com\/uscatletica.ch\/wp\/wp-content\/uploads\/2016\/11\/P1380227.jpg?fit=563%2C422&ssl=1&resize=350%2C200","width":350,"height":200,"srcset":"https:\/\/i0.wp.com\/uscatletica.ch\/wp\/wp-content\/uploads\/2016\/11\/P1380227.jpg?fit=563%2C422&ssl=1&resize=350%2C200 1x, https:\/\/i0.wp.com\/uscatletica.ch\/wp\/wp-content\/uploads\/2016\/11\/P1380227.jpg?fit=563%2C422&ssl=1&resize=525%2C300 1.5x"},"classes":[]},{"id":5576,"url":"https:\/\/uscatletica.ch\/wp\/?p=5576","url_meta":{"origin":18492,"position":1},"title":"Campionati Ticinesi di cross a Banco USCini alla carica","author":"Leonida Stampanoni","date":"24 Febbraio 2018","format":false,"excerpt":"Banco in palio i titoli e le medaglie ticinesi Ultimo cross della stagione ticinese domenica a Banco con i titoli di campione Ticinese in palio. A Banco sul difficile e variato circuito di 1.5 sono\u00a0 350 gli atleti preiscritti, come sempre una cinquantina gli USCini al via .\u00a0 Tra i\u2026","rel":"","context":"In &quot;Cross&quot;","block_context":{"text":"Cross","link":"https:\/\/uscatletica.ch\/wp\/?cat=7"},"img":{"alt_text":"","src":"https:\/\/i0.wp.com\/uscatletica.ch\/wp\/wp-content\/uploads\/2018\/01\/Crossbanco2018-212x300.jpg?resize=350%2C200&ssl=1","width":350,"height":200},"classes":[]},{"id":6864,"url":"https:\/\/uscatletica.ch\/wp\/?p=6864","url_meta":{"origin":18492,"position":2},"title":"Cross Camignolo Festa Atleti","author":"Leonida Stampanoni","date":"23 Novembre 2018","format":false,"excerpt":"Sar\u00e0 un sabato intenso per gli USCini si comincia sabato mattina con il cross di Camignolo seconda prova della coppa Ticino con una cinquantina di capriaschesi. In serata a Tenero alla Festa degli atleti agli onori balzeranno i protagonisti della coppa 2018, l'USC intera Jonathan, Ralf, Rachele, Marco, Davide, Elia,\u2026","rel":"","context":"In &quot;Cross&quot;","block_context":{"text":"Cross","link":"https:\/\/uscatletica.ch\/wp\/?cat=7"},"img":{"alt_text":"","src":"https:\/\/i0.wp.com\/uscatletica.ch\/wp\/wp-content\/uploads\/2018\/01\/CRO.jpg?fit=532%2C399&ssl=1&resize=350%2C200","width":350,"height":200,"srcset":"https:\/\/i0.wp.com\/uscatletica.ch\/wp\/wp-content\/uploads\/2018\/01\/CRO.jpg?fit=532%2C399&ssl=1&resize=350%2C200 1x, https:\/\/i0.wp.com\/uscatletica.ch\/wp\/wp-content\/uploads\/2018\/01\/CRO.jpg?fit=532%2C399&ssl=1&resize=525%2C300 1.5x"},"classes":[]},{"id":5614,"url":"https:\/\/uscatletica.ch\/wp\/?p=5614","url_meta":{"origin":18492,"position":3},"title":"COPPA TICINO CROSS USCini sempre brillanti vincono Jonathan e Ralf","author":"Leonida Stampanoni","date":"27 Febbraio 2018","format":false,"excerpt":"I Campionati ticinesi di cross corsi domenica nella tormenta di neve hanno chiuso l'edizione 2018 della coppa Ticino di cross FTAL Laube Greenkey, in stagione 2772\u00a0 partecipanti di cui 404 USCini.\u00a0 La nostra societ\u00e0 \u00e8 certamente una delle principali forze trainante della stagione invernale. Festeggiamo tre vittorie logicamente nella classifica\u2026","rel":"","context":"In &quot;Cross&quot;","block_context":{"text":"Cross","link":"https:\/\/uscatletica.ch\/wp\/?cat=7"},"img":{"alt_text":"","src":"https:\/\/i0.wp.com\/uscatletica.ch\/wp\/wp-content\/uploads\/2018\/01\/u10wstar180127.jpg?fit=563%2C422&ssl=1&resize=350%2C200","width":350,"height":200,"srcset":"https:\/\/i0.wp.com\/uscatletica.ch\/wp\/wp-content\/uploads\/2018\/01\/u10wstar180127.jpg?fit=563%2C422&ssl=1&resize=350%2C200 1x, https:\/\/i0.wp.com\/uscatletica.ch\/wp\/wp-content\/uploads\/2018\/01\/u10wstar180127.jpg?fit=563%2C422&ssl=1&resize=525%2C300 1.5x"},"classes":[]},{"id":9725,"url":"https:\/\/uscatletica.ch\/wp\/?p=9725","url_meta":{"origin":18492,"position":4},"title":"LA Coppa Ticino Riparte da Gordola","author":"Leonida Stampanoni","date":"10 Gennaio 2020","format":false,"excerpt":"Sabato il cross di Gordola aprir\u00e0 la seconda fase della Coppa Ticino di cross FTAL Laube Greenkey.Il 2020 sar\u00e0 l'anno del mezzo secolo della nostra federazione di atletica. Nella prima parte di stagione i nostri atleti si sono battuti alla grande, se a livello di partecipazioni si nota un lieve\u2026","rel":"","context":"In &quot;Cross&quot;","block_context":{"text":"Cross","link":"https:\/\/uscatletica.ch\/wp\/?cat=7"},"img":{"alt_text":"","src":"https:\/\/i0.wp.com\/uscatletica.ch\/wp\/wp-content\/uploads\/2019\/12\/20191214staru14.jpeg?fit=421%2C316&ssl=1&resize=350%2C200","width":350,"height":200},"classes":[]},{"id":3206,"url":"https:\/\/uscatletica.ch\/wp\/?p=3206","url_meta":{"origin":18492,"position":5},"title":"A Mendrisio si chiude in bellezza (Classifiche aggiornate)","author":"Leonida Stampanoni","date":"11 Dicembre 2016","format":false,"excerpt":"L'ultima tappa 2016 della coppa Ticino di cross ha accolto 550 partecipanti al parco di Casvegno \u00a0quasi \u00a070 gli USCini al via sulle brevi distanze tutti bravissimi a tagliare il traguardo . Tra i migliori piazzamenti il \u00a0tris di Ralf che chiuder\u00e0 l'anno in testa alla coppa Ticino. Secondi posti\u2026","rel":"","context":"In &quot;Cross&quot;","block_context":{"text":"Cross","link":"https:\/\/uscatletica.ch\/wp\/?cat=7"},"img":{"alt_text":"","src":"https:\/\/i0.wp.com\/uscatletica.ch\/wp\/wp-content\/uploads\/2016\/12\/u14mmendriso.jpg?fit=563%2C428&ssl=1&resize=350%2C200","width":350,"height":200,"srcset":"https:\/\/i0.wp.com\/uscatletica.ch\/wp\/wp-content\/uploads\/2016\/12\/u14mmendriso.jpg?fit=563%2C428&ssl=1&resize=350%2C200 1x, https:\/\/i0.wp.com\/uscatletica.ch\/wp\/wp-content\/uploads\/2016\/12\/u14mmendriso.jpg?fit=563%2C428&ssl=1&resize=525%2C300 1.5x"},"classes":[]}],"_links":{"self":[{"href":"https:\/\/uscatletica.ch\/wp\/index.php?rest_route=\/wp\/v2\/posts\/18492","targetHints":{"allow":["GET"]}}],"collection":[{"href":"https:\/\/uscatletica.ch\/wp\/index.php?rest_route=\/wp\/v2\/posts"}],"about":[{"href":"https:\/\/uscatletica.ch\/wp\/index.php?rest_route=\/wp\/v2\/types\/post"}],"author":[{"embeddable":true,"href":"https:\/\/uscatletica.ch\/wp\/index.php?rest_route=\/wp\/v2\/users\/4"}],"replies":[{"embeddable":true,"href":"https:\/\/uscatletica.ch\/wp\/index.php?rest_route=%2Fwp%2Fv2%2Fcomments&post=18492"}],"version-history":[{"count":10,"href":"https:\/\/uscatletica.ch\/wp\/index.php?rest_route=\/wp\/v2\/posts\/18492\/revisions"}],"predecessor-version":[{"id":18510,"href":"https:\/\/uscatletica.ch\/wp\/index.php?rest_route=\/wp\/v2\/posts\/18492\/revisions\/18510"}],"wp:featuredmedia":[{"embeddable":true,"href":"https:\/\/uscatletica.ch\/wp\/index.php?rest_route=\/wp\/v2\/media\/16802"}],"wp:attachment":[{"href":"https:\/\/uscatletica.ch\/wp\/index.php?rest_route=%2Fwp%2Fv2%2Fmedia&parent=18492"}],"wp:term":[{"taxonomy":"category","embeddable":true,"href":"https:\/\/uscatletica.ch\/wp\/index.php?rest_route=%2Fwp%2Fv2%2Fcategories&post=18492"},{"taxonomy":"post_tag","embeddable":true,"href":"https:\/\/uscatletica.ch\/wp\/index.php?rest_route=%2Fwp%2Fv2%2Ftags&post=18492"}],"curies":[{"name":"wp","href":"https:\/\/api.w.org\/{rel}","templated":true}]}}