{"id":18527,"date":"2023-11-22T19:11:00","date_gmt":"2023-11-22T18:11:00","guid":{"rendered":"https:\/\/uscatletica.ch\/wp\/?p=18527"},"modified":"2023-11-25T15:10:03","modified_gmt":"2023-11-25T14:10:03","slug":"cross-capriaschese-pronti-a-scattare","status":"publish","type":"post","link":"https:\/\/uscatletica.ch\/wp\/?p=18527","title":{"rendered":"PRONTI PER IL CROSS CAPRIASCHESE"},"content":{"rendered":"\n<p>Il cross capriaschese \u00e8 uno degli eventi pi\u00f9 caratteristici della stagione campestre ticinese. Il circuito disegnato sui terrazzamenti tra Sala, Vaglio e Tesserete richiama le radici anglosassoni della disciplina pi\u00f9 naturale e primordiale dell&#8217;atletica leggera. Erano in 400 gli atleti al via al debutto in Valle di Blenio. L&#8217;USC Capriaschese, societ\u00e0 di grande storia nelle campestri \u00e8 pronta ad accogliere i migliori specialisti.<\/p>\n<p>Nella gara maschile il capriaschese Roberto Delorenzi, unico ticinese a vincere una medaglia internazionale con la nazionale svizzera di atletica (<em><span style=\"color: windowtext; text-decoration: none; text-underline: none;\">bronzo a squadre ai Mondiali di Vertical di Innsbruck<\/span> nel 2023<\/em>), sar\u00e0 il grande favorito e sfider\u00e0 Tobia Pezzati e Lukas Oehen, dominatori della prima prova di stagionale. La presenza di alcuni forti atleti italiani alzer\u00e0 ulteriormente il livello dell&#8217;edizione 2023 del Cross capriaschese<\/p>\n<p>Nella gara femminile le atlete USC Letizia Martinelli e Rachele Botti rientrano e, con la capriaschese del GAB Bellinzona Paola Stampanoni, proveranno a contrastare il fortissimo terzetto della Vigor Ligornetto composto da Giulia e Sara Salvad\u00e9 ed Emma Lucchina.\u00a0<\/p>\n<p>L&#8217;USC si presenta con una settantina di atleti, con ambizioni in tutte le categorie: nel cross di casa i fratelli Elia e Jonathan Stampanoni cercheranno l&#8217;ennesima vittoria.\u00a0<\/p>\n<p>Nelle gare giovanili di particolare interesse la classe d&#8217;et\u00e0 U18, con duelli tra atleti di livello nazionale, tra cui spiccano il campione svizzero Eric Huanca Quispe e la pi\u00f9 volte vicecampionessa svizzera Tiziana Rosamilia.<\/p>\n<p><em><strong><a href=\"https:\/\/uscatletica.ch\/wp\/?page_id=256\">Programma e pagina Cross USC 2023<\/a><\/strong><\/em><\/p>\n<p><a href=\"https:\/\/ftal.ch\/wp-content\/uploads\/2023\/11\/231125crossusc700prog.pdf\" target=\"_blank\" rel=\"noopener\">Programma<\/a><\/p>\n<p>\u00a0<\/p>\n<p><a href=\"https:\/\/ftal.ch\/wp-content\/uploads\/2023\/11\/231125crossusc700prog.pdf\"><img data-recalc-dims=\"1\" loading=\"lazy\" decoding=\"async\" data-attachment-id=\"18531\" data-permalink=\"https:\/\/uscatletica.ch\/wp\/?attachment_id=18531\" data-orig-file=\"https:\/\/i0.wp.com\/uscatletica.ch\/wp\/wp-content\/uploads\/2023\/11\/231121USCCROSS.jpg?fit=595%2C841&amp;ssl=1\" data-orig-size=\"595,841\" data-comments-opened=\"0\" data-image-meta=\"{&quot;aperture&quot;:&quot;0&quot;,&quot;credit&quot;:&quot;&quot;,&quot;camera&quot;:&quot;&quot;,&quot;caption&quot;:&quot;&quot;,&quot;created_timestamp&quot;:&quot;0&quot;,&quot;copyright&quot;:&quot;&quot;,&quot;focal_length&quot;:&quot;0&quot;,&quot;iso&quot;:&quot;0&quot;,&quot;shutter_speed&quot;:&quot;0&quot;,&quot;title&quot;:&quot;&quot;,&quot;orientation&quot;:&quot;0&quot;}\" data-image-title=\"231121USCCROSS\" data-image-description=\"\" data-image-caption=\"\" data-large-file=\"https:\/\/i0.wp.com\/uscatletica.ch\/wp\/wp-content\/uploads\/2023\/11\/231121USCCROSS.jpg?fit=595%2C841&amp;ssl=1\" class=\"alignnone wp-image-18531\" src=\"https:\/\/i0.wp.com\/uscatletica.ch\/wp\/wp-content\/uploads\/2023\/11\/231121USCCROSS.jpg?resize=324%2C458&#038;ssl=1\" alt=\"\" width=\"324\" height=\"458\" srcset=\"https:\/\/i0.wp.com\/uscatletica.ch\/wp\/wp-content\/uploads\/2023\/11\/231121USCCROSS.jpg?resize=212%2C300&amp;ssl=1 212w, https:\/\/i0.wp.com\/uscatletica.ch\/wp\/wp-content\/uploads\/2023\/11\/231121USCCROSS.jpg?w=595&amp;ssl=1 595w\" sizes=\"auto, (max-width: 324px) 100vw, 324px\" \/><\/a><\/p>\n<div class=\"fusion-post-title-meta-wrap\">\n<h3><a href=\"https:\/\/i0.wp.com\/uscatletica.ch\/wp\/wp-content\/uploads\/2023\/11\/SwissAt.jpg?ssl=1\"><img data-recalc-dims=\"1\" loading=\"lazy\" decoding=\"async\" data-attachment-id=\"18543\" data-permalink=\"https:\/\/uscatletica.ch\/wp\/?attachment_id=18543\" data-orig-file=\"https:\/\/i0.wp.com\/uscatletica.ch\/wp\/wp-content\/uploads\/2023\/11\/SwissAt.jpg?fit=660%2C792&amp;ssl=1\" data-orig-size=\"660,792\" data-comments-opened=\"0\" data-image-meta=\"{&quot;aperture&quot;:&quot;0&quot;,&quot;credit&quot;:&quot;Lenovo&quot;,&quot;camera&quot;:&quot;&quot;,&quot;caption&quot;:&quot;&quot;,&quot;created_timestamp&quot;:&quot;1700733139&quot;,&quot;copyright&quot;:&quot;&quot;,&quot;focal_length&quot;:&quot;0&quot;,&quot;iso&quot;:&quot;0&quot;,&quot;shutter_speed&quot;:&quot;0&quot;,&quot;title&quot;:&quot;&quot;,&quot;orientation&quot;:&quot;0&quot;}\" data-image-title=\"SwissAt\" data-image-description=\"\" data-image-caption=\"\" data-large-file=\"https:\/\/i0.wp.com\/uscatletica.ch\/wp\/wp-content\/uploads\/2023\/11\/SwissAt.jpg?fit=640%2C768&amp;ssl=1\" class=\"alignnone wp-image-18543 size-full\" src=\"https:\/\/i0.wp.com\/uscatletica.ch\/wp\/wp-content\/uploads\/2023\/11\/SwissAt.jpg?resize=640%2C768&#038;ssl=1\" alt=\"\" width=\"640\" height=\"768\" srcset=\"https:\/\/i0.wp.com\/uscatletica.ch\/wp\/wp-content\/uploads\/2023\/11\/SwissAt.jpg?w=660&amp;ssl=1 660w, https:\/\/i0.wp.com\/uscatletica.ch\/wp\/wp-content\/uploads\/2023\/11\/SwissAt.jpg?resize=250%2C300&amp;ssl=1 250w\" sizes=\"auto, (max-width: 640px) 100vw, 640px\" \/><\/a><\/h3>\n<h3>Piano accesso zona di gara<\/h3>\n<p><a href=\"https:\/\/i0.wp.com\/uscatletica.ch\/wp\/wp-content\/uploads\/2021\/11\/Cross-USC-2021-zona-di-gara-e-posteggi.jpg?ssl=1\"><img data-recalc-dims=\"1\" loading=\"lazy\" decoding=\"async\" data-attachment-id=\"13926\" data-permalink=\"https:\/\/uscatletica.ch\/wp\/?attachment_id=13926\" data-orig-file=\"https:\/\/i0.wp.com\/uscatletica.ch\/wp\/wp-content\/uploads\/2021\/11\/Cross-USC-2021-zona-di-gara-e-posteggi.jpg?fit=897%2C859&amp;ssl=1\" data-orig-size=\"897,859\" data-comments-opened=\"0\" data-image-meta=\"{&quot;aperture&quot;:&quot;0&quot;,&quot;credit&quot;:&quot;Lenovo&quot;,&quot;camera&quot;:&quot;&quot;,&quot;caption&quot;:&quot;&quot;,&quot;created_timestamp&quot;:&quot;1636985832&quot;,&quot;copyright&quot;:&quot;&quot;,&quot;focal_length&quot;:&quot;0&quot;,&quot;iso&quot;:&quot;0&quot;,&quot;shutter_speed&quot;:&quot;0&quot;,&quot;title&quot;:&quot;&quot;,&quot;orientation&quot;:&quot;0&quot;}\" data-image-title=\"Cross USC 2021 &amp;#8211; zona di gara e posteggi\" data-image-description=\"\" data-image-caption=\"\" data-large-file=\"https:\/\/i0.wp.com\/uscatletica.ch\/wp\/wp-content\/uploads\/2021\/11\/Cross-USC-2021-zona-di-gara-e-posteggi.jpg?fit=640%2C613&amp;ssl=1\" class=\"wp-image-13926 aligncenter\" src=\"https:\/\/i0.wp.com\/uscatletica.ch\/wp\/wp-content\/uploads\/2021\/11\/Cross-USC-2021-zona-di-gara-e-posteggi.jpg?resize=448%2C429&#038;ssl=1\" alt=\"\" width=\"448\" height=\"429\" srcset=\"https:\/\/i0.wp.com\/uscatletica.ch\/wp\/wp-content\/uploads\/2021\/11\/Cross-USC-2021-zona-di-gara-e-posteggi.jpg?w=897&amp;ssl=1 897w, https:\/\/i0.wp.com\/uscatletica.ch\/wp\/wp-content\/uploads\/2021\/11\/Cross-USC-2021-zona-di-gara-e-posteggi.jpg?resize=300%2C287&amp;ssl=1 300w, https:\/\/i0.wp.com\/uscatletica.ch\/wp\/wp-content\/uploads\/2021\/11\/Cross-USC-2021-zona-di-gara-e-posteggi.jpg?resize=768%2C735&amp;ssl=1 768w\" sizes=\"auto, (max-width: 448px) 100vw, 448px\" \/><\/a><\/p>\n<h3>Mappa del percorso<\/h3>\n<table>\n<tbody>\n<tr>\n<td><a href=\"https:\/\/i0.wp.com\/uscatletica.ch\/wp\/wp-content\/uploads\/2021\/11\/Cross-USC-2021-NUOVO-3D.jpg?ssl=1\"><img data-recalc-dims=\"1\" loading=\"lazy\" decoding=\"async\" data-attachment-id=\"14009\" data-permalink=\"https:\/\/uscatletica.ch\/wp\/?attachment_id=14009\" data-orig-file=\"https:\/\/i0.wp.com\/uscatletica.ch\/wp\/wp-content\/uploads\/2021\/11\/Cross-USC-2021-NUOVO-3D.jpg?fit=986%2C595&amp;ssl=1\" data-orig-size=\"986,595\" data-comments-opened=\"0\" data-image-meta=\"{&quot;aperture&quot;:&quot;0&quot;,&quot;credit&quot;:&quot;Lenovo&quot;,&quot;camera&quot;:&quot;&quot;,&quot;caption&quot;:&quot;&quot;,&quot;created_timestamp&quot;:&quot;1636824878&quot;,&quot;copyright&quot;:&quot;&quot;,&quot;focal_length&quot;:&quot;0&quot;,&quot;iso&quot;:&quot;0&quot;,&quot;shutter_speed&quot;:&quot;0&quot;,&quot;title&quot;:&quot;&quot;,&quot;orientation&quot;:&quot;1&quot;}\" data-image-title=\"Cross USC 2021 NUOVO 3D\" data-image-description=\"\" data-image-caption=\"\" data-large-file=\"https:\/\/i0.wp.com\/uscatletica.ch\/wp\/wp-content\/uploads\/2021\/11\/Cross-USC-2021-NUOVO-3D.jpg?fit=640%2C386&amp;ssl=1\" class=\"wp-image-14009 aligncenter\" src=\"https:\/\/i0.wp.com\/uscatletica.ch\/wp\/wp-content\/uploads\/2021\/11\/Cross-USC-2021-NUOVO-3D.jpg?resize=498%2C300&#038;ssl=1\" alt=\"\" width=\"498\" height=\"300\" srcset=\"https:\/\/i0.wp.com\/uscatletica.ch\/wp\/wp-content\/uploads\/2021\/11\/Cross-USC-2021-NUOVO-3D.jpg?w=986&amp;ssl=1 986w, https:\/\/i0.wp.com\/uscatletica.ch\/wp\/wp-content\/uploads\/2021\/11\/Cross-USC-2021-NUOVO-3D.jpg?resize=300%2C181&amp;ssl=1 300w, https:\/\/i0.wp.com\/uscatletica.ch\/wp\/wp-content\/uploads\/2021\/11\/Cross-USC-2021-NUOVO-3D.jpg?resize=768%2C463&amp;ssl=1 768w\" sizes=\"auto, (max-width: 498px) 100vw, 498px\" \/><\/a>Giro grande<\/td>\n<td><a href=\"https:\/\/i0.wp.com\/uscatletica.ch\/wp\/wp-content\/uploads\/2021\/11\/Cross-USC-2021-NUOVO.jpg?ssl=1\"><img data-recalc-dims=\"1\" loading=\"lazy\" decoding=\"async\" data-attachment-id=\"14008\" data-permalink=\"https:\/\/uscatletica.ch\/wp\/?attachment_id=14008\" data-orig-file=\"https:\/\/i0.wp.com\/uscatletica.ch\/wp\/wp-content\/uploads\/2021\/11\/Cross-USC-2021-NUOVO.jpg?fit=787%2C631&amp;ssl=1\" data-orig-size=\"787,631\" data-comments-opened=\"0\" data-image-meta=\"{&quot;aperture&quot;:&quot;0&quot;,&quot;credit&quot;:&quot;Lenovo&quot;,&quot;camera&quot;:&quot;&quot;,&quot;caption&quot;:&quot;&quot;,&quot;created_timestamp&quot;:&quot;1636825049&quot;,&quot;copyright&quot;:&quot;&quot;,&quot;focal_length&quot;:&quot;0&quot;,&quot;iso&quot;:&quot;0&quot;,&quot;shutter_speed&quot;:&quot;0&quot;,&quot;title&quot;:&quot;&quot;,&quot;orientation&quot;:&quot;1&quot;}\" data-image-title=\"Cross USC 2021 NUOVO\" data-image-description=\"\" data-image-caption=\"\" data-large-file=\"https:\/\/i0.wp.com\/uscatletica.ch\/wp\/wp-content\/uploads\/2021\/11\/Cross-USC-2021-NUOVO.jpg?fit=640%2C513&amp;ssl=1\" class=\"wp-image-14008 aligncenter\" src=\"https:\/\/i0.wp.com\/uscatletica.ch\/wp\/wp-content\/uploads\/2021\/11\/Cross-USC-2021-NUOVO.jpg?resize=348%2C279&#038;ssl=1\" alt=\"\" width=\"348\" height=\"279\" srcset=\"https:\/\/i0.wp.com\/uscatletica.ch\/wp\/wp-content\/uploads\/2021\/11\/Cross-USC-2021-NUOVO.jpg?w=787&amp;ssl=1 787w, https:\/\/i0.wp.com\/uscatletica.ch\/wp\/wp-content\/uploads\/2021\/11\/Cross-USC-2021-NUOVO.jpg?resize=300%2C241&amp;ssl=1 300w, https:\/\/i0.wp.com\/uscatletica.ch\/wp\/wp-content\/uploads\/2021\/11\/Cross-USC-2021-NUOVO.jpg?resize=768%2C616&amp;ssl=1 768w\" sizes=\"auto, (max-width: 348px) 100vw, 348px\" \/><\/a>Giro grande<\/td>\n<\/tr>\n<tr>\n<td><a href=\"https:\/\/i0.wp.com\/uscatletica.ch\/wp\/wp-content\/uploads\/2021\/11\/Cross-USC-2021-NUOVO-Aerea.jpg?ssl=1\"><img data-recalc-dims=\"1\" loading=\"lazy\" decoding=\"async\" data-attachment-id=\"14006\" data-permalink=\"https:\/\/uscatletica.ch\/wp\/?attachment_id=14006\" data-orig-file=\"https:\/\/i0.wp.com\/uscatletica.ch\/wp\/wp-content\/uploads\/2021\/11\/Cross-USC-2021-NUOVO-Aerea.jpg?fit=758%2C644&amp;ssl=1\" data-orig-size=\"758,644\" data-comments-opened=\"0\" data-image-meta=\"{&quot;aperture&quot;:&quot;0&quot;,&quot;credit&quot;:&quot;Lenovo&quot;,&quot;camera&quot;:&quot;&quot;,&quot;caption&quot;:&quot;&quot;,&quot;created_timestamp&quot;:&quot;1636836688&quot;,&quot;copyright&quot;:&quot;&quot;,&quot;focal_length&quot;:&quot;0&quot;,&quot;iso&quot;:&quot;0&quot;,&quot;shutter_speed&quot;:&quot;0&quot;,&quot;title&quot;:&quot;&quot;,&quot;orientation&quot;:&quot;1&quot;}\" data-image-title=\"Cross USC 2021 NUOVO Aerea\" data-image-description=\"\" data-image-caption=\"\" data-large-file=\"https:\/\/i0.wp.com\/uscatletica.ch\/wp\/wp-content\/uploads\/2021\/11\/Cross-USC-2021-NUOVO-Aerea.jpg?fit=640%2C544&amp;ssl=1\" class=\"size-full wp-image-14006 aligncenter\" src=\"https:\/\/i0.wp.com\/uscatletica.ch\/wp\/wp-content\/uploads\/2021\/11\/Cross-USC-2021-NUOVO-Aerea.jpg?resize=640%2C544&#038;ssl=1\" alt=\"\" width=\"640\" height=\"544\" srcset=\"https:\/\/i0.wp.com\/uscatletica.ch\/wp\/wp-content\/uploads\/2021\/11\/Cross-USC-2021-NUOVO-Aerea.jpg?w=758&amp;ssl=1 758w, https:\/\/i0.wp.com\/uscatletica.ch\/wp\/wp-content\/uploads\/2021\/11\/Cross-USC-2021-NUOVO-Aerea.jpg?resize=300%2C255&amp;ssl=1 300w, https:\/\/i0.wp.com\/uscatletica.ch\/wp\/wp-content\/uploads\/2021\/11\/Cross-USC-2021-NUOVO-Aerea.jpg?resize=100%2C85&amp;ssl=1 100w\" sizes=\"auto, (max-width: 640px) 100vw, 640px\" \/><\/a>Giro grande<\/td>\n<td><a href=\"https:\/\/i0.wp.com\/uscatletica.ch\/wp\/wp-content\/uploads\/2021\/11\/Cross-USC-2021-NUOVO-Giro-Corto-700-Aerea.jpg?ssl=1\"><img data-recalc-dims=\"1\" loading=\"lazy\" decoding=\"async\" data-attachment-id=\"14007\" data-permalink=\"https:\/\/uscatletica.ch\/wp\/?attachment_id=14007\" data-orig-file=\"https:\/\/i0.wp.com\/uscatletica.ch\/wp\/wp-content\/uploads\/2021\/11\/Cross-USC-2021-NUOVO-Giro-Corto-700-Aerea.jpg?fit=617%2C788&amp;ssl=1\" data-orig-size=\"617,788\" data-comments-opened=\"0\" data-image-meta=\"{&quot;aperture&quot;:&quot;0&quot;,&quot;credit&quot;:&quot;Lenovo&quot;,&quot;camera&quot;:&quot;&quot;,&quot;caption&quot;:&quot;&quot;,&quot;created_timestamp&quot;:&quot;1636836657&quot;,&quot;copyright&quot;:&quot;&quot;,&quot;focal_length&quot;:&quot;0&quot;,&quot;iso&quot;:&quot;0&quot;,&quot;shutter_speed&quot;:&quot;0&quot;,&quot;title&quot;:&quot;&quot;,&quot;orientation&quot;:&quot;1&quot;}\" data-image-title=\"Cross USC 2021 NUOVO Giro Corto 700 Aerea\" data-image-description=\"\" data-image-caption=\"\" data-large-file=\"https:\/\/i0.wp.com\/uscatletica.ch\/wp\/wp-content\/uploads\/2021\/11\/Cross-USC-2021-NUOVO-Giro-Corto-700-Aerea.jpg?fit=617%2C788&amp;ssl=1\" class=\"wp-image-14007 aligncenter\" src=\"https:\/\/i0.wp.com\/uscatletica.ch\/wp\/wp-content\/uploads\/2021\/11\/Cross-USC-2021-NUOVO-Giro-Corto-700-Aerea.jpg?resize=276%2C352&#038;ssl=1\" alt=\"\" width=\"276\" height=\"352\" srcset=\"https:\/\/i0.wp.com\/uscatletica.ch\/wp\/wp-content\/uploads\/2021\/11\/Cross-USC-2021-NUOVO-Giro-Corto-700-Aerea.jpg?w=617&amp;ssl=1 617w, https:\/\/i0.wp.com\/uscatletica.ch\/wp\/wp-content\/uploads\/2021\/11\/Cross-USC-2021-NUOVO-Giro-Corto-700-Aerea.jpg?resize=235%2C300&amp;ssl=1 235w\" sizes=\"auto, (max-width: 276px) 100vw, 276px\" \/><\/a>Giro piccolo<\/td>\n<\/tr>\n<\/tbody>\n<\/table>\n<h3>\u00a0<\/h3>\n<\/div>\n<h3>\u00a0<\/h3>\n<p>\u00a0<\/p>\n","protected":false},"excerpt":{"rendered":"<p>Il cross capriaschese \u00e8 uno degli eventi pi\u00f9 caratteristici della stagione campestre ticinese. Il circuito disegnato sui terrazzamenti tra Sala, Vaglio e Tesserete richiama le radici anglosassoni della disciplina pi\u00f9 naturale e primordiale dell&#8217;atletica leggera. Erano in 400 gli atleti al via al debutto in Valle di Blenio. L&#8217;USC Capriaschese, societ\u00e0 di grande storia nelle campestri \u00e8 pronta ad accogliere i migliori specialisti. Nella gara maschile il capriaschese Roberto Delorenzi, unico ticinese a vincere una&#8230;<\/p>\n","protected":false},"author":4,"featured_media":18543,"comment_status":"closed","ping_status":"closed","sticky":false,"template":"","format":"standard","meta":{"jetpack_post_was_ever_published":false,"_jetpack_newsletter_access":"","_jetpack_dont_email_post_to_subs":false,"_jetpack_newsletter_tier_id":0,"_jetpack_memberships_contains_paywalled_content":false,"_jetpack_memberships_contains_paid_content":false,"footnotes":"","jetpack_publicize_message":"","jetpack_publicize_feature_enabled":true,"jetpack_social_post_already_shared":true,"jetpack_social_options":{"image_generator_settings":{"template":"highway","default_image_id":0,"font":"","enabled":false},"version":2}},"categories":[7,12,6,9],"tags":[],"class_list":["post-18527","post","type-post","status-publish","format-standard","has-post-thumbnail","hentry","category-cross","category-nostregare","category-non-catalogato","category-sport"],"jetpack_publicize_connections":[],"jetpack_featured_media_url":"https:\/\/i0.wp.com\/uscatletica.ch\/wp\/wp-content\/uploads\/2023\/11\/SwissAt.jpg?fit=660%2C792&ssl=1","jetpack_sharing_enabled":true,"jetpack_shortlink":"https:\/\/wp.me\/p6V7Ck-4OP","jetpack-related-posts":[{"id":16474,"url":"https:\/\/uscatletica.ch\/wp\/?p=16474","url_meta":{"origin":18527,"position":0},"title":"Cross Capriaschese tutto pronto per la terza prova di coppa","author":"Leonida Stampanoni","date":"26 Novembre 2022","format":false,"excerpt":"Un sabato di lavoro per preparare al meglio il percorso per la terza prova della coppa Ticino di cross \u00a0FTAL AET. \u00a0La scorsa settimana a Mendrisio la seconda tappa ha segnato un nuovo primato di partecipazione, toccando quota 608, per domani sui prati capriaschesi sono attesi 426 specialisti della \u00a0corsa\u2026","rel":"","context":"In &quot;Cross&quot;","block_context":{"text":"Cross","link":"https:\/\/uscatletica.ch\/wp\/?cat=7"},"img":{"alt_text":"","src":"https:\/\/i0.wp.com\/uscatletica.ch\/wp\/wp-content\/uploads\/2019\/11\/Cross-USC-2018-2-Foto-Nicola-Carenini.jpg?fit=1200%2C736&ssl=1&resize=350%2C200","width":350,"height":200,"srcset":"https:\/\/i0.wp.com\/uscatletica.ch\/wp\/wp-content\/uploads\/2019\/11\/Cross-USC-2018-2-Foto-Nicola-Carenini.jpg?fit=1200%2C736&ssl=1&resize=350%2C200 1x, https:\/\/i0.wp.com\/uscatletica.ch\/wp\/wp-content\/uploads\/2019\/11\/Cross-USC-2018-2-Foto-Nicola-Carenini.jpg?fit=1200%2C736&ssl=1&resize=525%2C300 1.5x, https:\/\/i0.wp.com\/uscatletica.ch\/wp\/wp-content\/uploads\/2019\/11\/Cross-USC-2018-2-Foto-Nicola-Carenini.jpg?fit=1200%2C736&ssl=1&resize=700%2C400 2x, https:\/\/i0.wp.com\/uscatletica.ch\/wp\/wp-content\/uploads\/2019\/11\/Cross-USC-2018-2-Foto-Nicola-Carenini.jpg?fit=1200%2C736&ssl=1&resize=1050%2C600 3x"},"classes":[]},{"id":11734,"url":"https:\/\/uscatletica.ch\/wp\/?p=11734","url_meta":{"origin":18527,"position":1},"title":"CROSS CAPRIASCHESE ANNULLATO (O RINVIATO&#8230;)","author":"Leonida Stampanoni","date":"28 Ottobre 2020","format":false,"excerpt":"\u00a0Comunicato\u00a0 Visto le ulteriori restrizioni decretate dalle autorit\u00e0 cantonali e federali\u00a0 (\u201cSono vietate le manifestazioni con pi\u00f9 di 50 persone, comprese quelle sportive e culturali\u201d) e considerato l\u2019aggravarsi dell\u2019emergenza sanitaria causata dal Covid-19, l\u2019Unione Sportiva Capriaschese rinuncia ad organizzare il Cross capriaschese di pom, valido quale la seconda prova della\u2026","rel":"","context":"In &quot;Altro&quot;","block_context":{"text":"Altro","link":"https:\/\/uscatletica.ch\/wp\/?cat=11"},"img":{"alt_text":"","src":"https:\/\/i0.wp.com\/uscatletica.ch\/wp\/wp-content\/uploads\/2020\/01\/07.jpg?fit=432%2C288&ssl=1&resize=350%2C200","width":350,"height":200},"classes":[]},{"id":20326,"url":"https:\/\/uscatletica.ch\/wp\/?p=20326","url_meta":{"origin":18527,"position":2},"title":"TUTTO PRONTO PER IL CROSS CAPRIASCHESE, 24.11.2024","author":"Stampa E","date":"23 Novembre 2024","format":false,"excerpt":"Domenica 24 novembre 2024, CROSS CAPRIASCHESESeconda prova coppa Ticino di corsa campestre 2024\/2025 Inizio gare ore 11:00Elite e Master M\/W ore 13:00 Programma cross 2024 -> La pagina del Cross \u00a0","rel":"","context":"In &quot;Cross&quot;","block_context":{"text":"Cross","link":"https:\/\/uscatletica.ch\/wp\/?cat=7"},"img":{"alt_text":"","src":"https:\/\/i0.wp.com\/uscatletica.ch\/wp\/wp-content\/uploads\/2022\/12\/Cross-USC-2022-Foto-Elia-Sta-20.jpg?fit=800%2C533&ssl=1&resize=350%2C200","width":350,"height":200,"srcset":"https:\/\/i0.wp.com\/uscatletica.ch\/wp\/wp-content\/uploads\/2022\/12\/Cross-USC-2022-Foto-Elia-Sta-20.jpg?fit=800%2C533&ssl=1&resize=350%2C200 1x, https:\/\/i0.wp.com\/uscatletica.ch\/wp\/wp-content\/uploads\/2022\/12\/Cross-USC-2022-Foto-Elia-Sta-20.jpg?fit=800%2C533&ssl=1&resize=525%2C300 1.5x, https:\/\/i0.wp.com\/uscatletica.ch\/wp\/wp-content\/uploads\/2022\/12\/Cross-USC-2022-Foto-Elia-Sta-20.jpg?fit=800%2C533&ssl=1&resize=700%2C400 2x"},"classes":[]},{"id":20351,"url":"https:\/\/uscatletica.ch\/wp\/?p=20351","url_meta":{"origin":18527,"position":3},"title":"La Coppa Ticino riparte dal nuovo Cross di Dongio","author":"Leonida Stampanoni","date":"9 Novembre 2024","format":false,"excerpt":"La stagione 2024-2025 di corsa campestre partir\u00e0 domenica sui prati di Dongio. La Coppa Ticino di cross FTAL AET debutter\u00e0 sul nuovo circuito disegnato dalla GAD nei campi a nord del centro sportivo. Il circuito cantonale che si articoler\u00e0 su sette tappe proseguir\u00e0 domenica 24 con il cross Capriaschese .\u2026","rel":"","context":"In &quot;Cross&quot;","block_context":{"text":"Cross","link":"https:\/\/uscatletica.ch\/wp\/?cat=7"},"img":{"alt_text":"","src":"https:\/\/i0.wp.com\/uscatletica.ch\/wp\/wp-content\/uploads\/2016\/11\/P1380227.jpg?fit=563%2C422&ssl=1&resize=350%2C200","width":350,"height":200,"srcset":"https:\/\/i0.wp.com\/uscatletica.ch\/wp\/wp-content\/uploads\/2016\/11\/P1380227.jpg?fit=563%2C422&ssl=1&resize=350%2C200 1x, https:\/\/i0.wp.com\/uscatletica.ch\/wp\/wp-content\/uploads\/2016\/11\/P1380227.jpg?fit=563%2C422&ssl=1&resize=525%2C300 1.5x"},"classes":[]},{"id":21753,"url":"https:\/\/uscatletica.ch\/wp\/?p=21753","url_meta":{"origin":18527,"position":4},"title":"Bronzo a squadre per Elia e Marco con la COAS )Aggiornato)","author":"Leonida Stampanoni","date":"8 Marzo 2026","format":false,"excerpt":"Una splendida giornata primaverile ha accolto i 700 partecipanti ai Campionati svizzeri di cross. Sull'intrigante circuito di 1 km \u00a0disegnato dal LVL Langenthal nei prati adiacenti lo stadio Hard. \u00a0Il nostro settebello ha offerto ottime prestazioni. \u00a0Nel cross lungo medaglia individuale sfiorata da Elia R. tra gli U23 \u00a0ma la\u2026","rel":"","context":"In &quot;Cross&quot;","block_context":{"text":"Cross","link":"https:\/\/uscatletica.ch\/wp\/?cat=7"},"img":{"alt_text":"","src":"https:\/\/i0.wp.com\/uscatletica.ch\/wp\/wp-content\/uploads\/2026\/03\/podio23.jpg?fit=432%2C324&ssl=1&resize=350%2C200","width":350,"height":200},"classes":[]},{"id":6864,"url":"https:\/\/uscatletica.ch\/wp\/?p=6864","url_meta":{"origin":18527,"position":5},"title":"Cross Camignolo Festa Atleti","author":"Leonida Stampanoni","date":"23 Novembre 2018","format":false,"excerpt":"Sar\u00e0 un sabato intenso per gli USCini si comincia sabato mattina con il cross di Camignolo seconda prova della coppa Ticino con una cinquantina di capriaschesi. In serata a Tenero alla Festa degli atleti agli onori balzeranno i protagonisti della coppa 2018, l'USC intera Jonathan, Ralf, Rachele, Marco, Davide, Elia,\u2026","rel":"","context":"In &quot;Cross&quot;","block_context":{"text":"Cross","link":"https:\/\/uscatletica.ch\/wp\/?cat=7"},"img":{"alt_text":"","src":"https:\/\/i0.wp.com\/uscatletica.ch\/wp\/wp-content\/uploads\/2018\/01\/CRO.jpg?fit=532%2C399&ssl=1&resize=350%2C200","width":350,"height":200,"srcset":"https:\/\/i0.wp.com\/uscatletica.ch\/wp\/wp-content\/uploads\/2018\/01\/CRO.jpg?fit=532%2C399&ssl=1&resize=350%2C200 1x, https:\/\/i0.wp.com\/uscatletica.ch\/wp\/wp-content\/uploads\/2018\/01\/CRO.jpg?fit=532%2C399&ssl=1&resize=525%2C300 1.5x"},"classes":[]}],"_links":{"self":[{"href":"https:\/\/uscatletica.ch\/wp\/index.php?rest_route=\/wp\/v2\/posts\/18527","targetHints":{"allow":["GET"]}}],"collection":[{"href":"https:\/\/uscatletica.ch\/wp\/index.php?rest_route=\/wp\/v2\/posts"}],"about":[{"href":"https:\/\/uscatletica.ch\/wp\/index.php?rest_route=\/wp\/v2\/types\/post"}],"author":[{"embeddable":true,"href":"https:\/\/uscatletica.ch\/wp\/index.php?rest_route=\/wp\/v2\/users\/4"}],"replies":[{"embeddable":true,"href":"https:\/\/uscatletica.ch\/wp\/index.php?rest_route=%2Fwp%2Fv2%2Fcomments&post=18527"}],"version-history":[{"count":10,"href":"https:\/\/uscatletica.ch\/wp\/index.php?rest_route=\/wp\/v2\/posts\/18527\/revisions"}],"predecessor-version":[{"id":18549,"href":"https:\/\/uscatletica.ch\/wp\/index.php?rest_route=\/wp\/v2\/posts\/18527\/revisions\/18549"}],"wp:featuredmedia":[{"embeddable":true,"href":"https:\/\/uscatletica.ch\/wp\/index.php?rest_route=\/wp\/v2\/media\/18543"}],"wp:attachment":[{"href":"https:\/\/uscatletica.ch\/wp\/index.php?rest_route=%2Fwp%2Fv2%2Fmedia&parent=18527"}],"wp:term":[{"taxonomy":"category","embeddable":true,"href":"https:\/\/uscatletica.ch\/wp\/index.php?rest_route=%2Fwp%2Fv2%2Fcategories&post=18527"},{"taxonomy":"post_tag","embeddable":true,"href":"https:\/\/uscatletica.ch\/wp\/index.php?rest_route=%2Fwp%2Fv2%2Ftags&post=18527"}],"curies":[{"name":"wp","href":"https:\/\/api.w.org\/{rel}","templated":true}]}}