{"id":18551,"date":"2023-11-26T16:24:49","date_gmt":"2023-11-26T15:24:49","guid":{"rendered":"https:\/\/uscatletica.ch\/wp\/?p=18551"},"modified":"2023-12-04T22:10:39","modified_gmt":"2023-12-04T21:10:39","slug":"delorenzi-e-martinelli-usc-protagonista-al-cross-capriaschese","status":"publish","type":"post","link":"https:\/\/uscatletica.ch\/wp\/?p=18551","title":{"rendered":"DELORENZI E MARTINELLI USC PROTAGONISTA AL CROSS CAPRIASCHESE"},"content":{"rendered":"\n<p>Una splendida giornata di sole, il terreno in condizioni ideali e la perfetta organizzazione della squadra di collaboratori USC, hanno accolto i 400 partecipanti al cross Capriaschese 2023, seconda prova della stagione cantonale. Una settantina di atleti ed atlete USC hanno tagliato il traguardo con ottimi risultati. Roberto Delorenzi ha vinto in scioltezza la gara \u00e9lite davanti al compagno Michele Lardi. Il nostro atleta, gi\u00e0 medaglia di bronzo ai mondiali di corsa in montagna, ha poi vinto anche il cross corto davanti aEnea Ratti del GAB. Letizia Martinelli ha vinto la gara femminile davanti alla capriaschese del GAB Paola Stampanoni. Elia Stampanoni ha dominato tra gli M40, No\u00e9 Volger e Nicole Pongelli hanno ottenuto altre due belle vittorie. Sul podio anche Emma Von Kocsis, Martina Buri e Jonathan Stampanoni.<\/p>\n<h2 style=\"text-align: center;\"><a href=\"https:\/\/www.endu.net\/it\/events\/cross-tesserete-ctc\/results\" target=\"_blank\" rel=\"noopener\">I risultati<\/a><\/h2>\n<p>\u00a0<\/p>\n<p><a href=\"https:\/\/i0.wp.com\/uscatletica.ch\/wp\/wp-content\/uploads\/2023\/11\/Cross-USC-26-11-23-Roberto-FotoEliSta.jpg?ssl=1\"><img data-recalc-dims=\"1\" loading=\"lazy\" decoding=\"async\" data-attachment-id=\"18582\" data-permalink=\"https:\/\/uscatletica.ch\/wp\/?attachment_id=18582\" data-orig-file=\"https:\/\/i0.wp.com\/uscatletica.ch\/wp\/wp-content\/uploads\/2023\/11\/Cross-USC-26-11-23-Roberto-FotoEliSta.jpg?fit=1152%2C1576&amp;ssl=1\" data-orig-size=\"1152,1576\" data-comments-opened=\"0\" data-image-meta=\"{&quot;aperture&quot;:&quot;5.6&quot;,&quot;credit&quot;:&quot;&quot;,&quot;camera&quot;:&quot;Canon EOS 1200D&quot;,&quot;caption&quot;:&quot;&quot;,&quot;created_timestamp&quot;:&quot;1701012876&quot;,&quot;copyright&quot;:&quot;&quot;,&quot;focal_length&quot;:&quot;55&quot;,&quot;iso&quot;:&quot;160&quot;,&quot;shutter_speed&quot;:&quot;0.00125&quot;,&quot;title&quot;:&quot;&quot;,&quot;orientation&quot;:&quot;0&quot;}\" data-image-title=\"Cross USC 26-11-23 (Roberto)-FotoEliSta\" data-image-description=\"&lt;p&gt;Cross USC 26.11.23 Roberto Delorenzi&lt;br \/&gt;\nFotoEliSta&lt;\/p&gt;\n\" data-image-caption=\"&lt;p&gt;Cross USC 26.11.23 Roberto Delorenzi&lt;br \/&gt;\nFotoEliSta&lt;\/p&gt;\n\" data-large-file=\"https:\/\/i0.wp.com\/uscatletica.ch\/wp\/wp-content\/uploads\/2023\/11\/Cross-USC-26-11-23-Roberto-FotoEliSta.jpg?fit=640%2C875&amp;ssl=1\" class=\"size-medium wp-image-18582\" src=\"https:\/\/i0.wp.com\/uscatletica.ch\/wp\/wp-content\/uploads\/2023\/11\/Cross-USC-26-11-23-Roberto-FotoEliSta.jpg?resize=219%2C300&#038;ssl=1\" alt=\"Cross USC 26.11.23 Roberto Delorenzi FotoEliSta\" width=\"219\" height=\"300\" srcset=\"https:\/\/i0.wp.com\/uscatletica.ch\/wp\/wp-content\/uploads\/2023\/11\/Cross-USC-26-11-23-Roberto-FotoEliSta.jpg?resize=219%2C300&amp;ssl=1 219w, https:\/\/i0.wp.com\/uscatletica.ch\/wp\/wp-content\/uploads\/2023\/11\/Cross-USC-26-11-23-Roberto-FotoEliSta.jpg?resize=749%2C1024&amp;ssl=1 749w, https:\/\/i0.wp.com\/uscatletica.ch\/wp\/wp-content\/uploads\/2023\/11\/Cross-USC-26-11-23-Roberto-FotoEliSta.jpg?resize=768%2C1051&amp;ssl=1 768w, https:\/\/i0.wp.com\/uscatletica.ch\/wp\/wp-content\/uploads\/2023\/11\/Cross-USC-26-11-23-Roberto-FotoEliSta.jpg?resize=1123%2C1536&amp;ssl=1 1123w, https:\/\/i0.wp.com\/uscatletica.ch\/wp\/wp-content\/uploads\/2023\/11\/Cross-USC-26-11-23-Roberto-FotoEliSta.jpg?w=1152&amp;ssl=1 1152w\" sizes=\"auto, (max-width: 219px) 100vw, 219px\" \/><\/a><\/p>\n<p><a href=\"https:\/\/i0.wp.com\/uscatletica.ch\/wp\/wp-content\/uploads\/2023\/11\/Cross-USC-26-11-23.jpg?ssl=1\"><img data-recalc-dims=\"1\" loading=\"lazy\" decoding=\"async\" data-attachment-id=\"18584\" data-permalink=\"https:\/\/uscatletica.ch\/wp\/?attachment_id=18584\" data-orig-file=\"https:\/\/i0.wp.com\/uscatletica.ch\/wp\/wp-content\/uploads\/2023\/11\/Cross-USC-26-11-23.jpg?fit=1382%2C922&amp;ssl=1\" data-orig-size=\"1382,922\" data-comments-opened=\"0\" data-image-meta=\"{&quot;aperture&quot;:&quot;5.6&quot;,&quot;credit&quot;:&quot;&quot;,&quot;camera&quot;:&quot;Canon EOS 1200D&quot;,&quot;caption&quot;:&quot;&quot;,&quot;created_timestamp&quot;:&quot;1701000091&quot;,&quot;copyright&quot;:&quot;&quot;,&quot;focal_length&quot;:&quot;18&quot;,&quot;iso&quot;:&quot;100&quot;,&quot;shutter_speed&quot;:&quot;0.002&quot;,&quot;title&quot;:&quot;&quot;,&quot;orientation&quot;:&quot;0&quot;}\" data-image-title=\"Cross USC 26-11-23\" data-image-description=\"&lt;p&gt;Cross USC 26.11.23&lt;br \/&gt;\nFotoEliSta&lt;\/p&gt;\n\" data-image-caption=\"&lt;p&gt;Cross USC 26.11.23&lt;br \/&gt;\nFotoEliSta&lt;\/p&gt;\n\" data-large-file=\"https:\/\/i0.wp.com\/uscatletica.ch\/wp\/wp-content\/uploads\/2023\/11\/Cross-USC-26-11-23.jpg?fit=640%2C427&amp;ssl=1\" class=\"size-medium wp-image-18584\" src=\"https:\/\/i0.wp.com\/uscatletica.ch\/wp\/wp-content\/uploads\/2023\/11\/Cross-USC-26-11-23.jpg?resize=300%2C200&#038;ssl=1\" alt=\"Cross USC 26.11.23 FotoEliSta\" width=\"300\" height=\"200\" srcset=\"https:\/\/i0.wp.com\/uscatletica.ch\/wp\/wp-content\/uploads\/2023\/11\/Cross-USC-26-11-23.jpg?resize=300%2C200&amp;ssl=1 300w, https:\/\/i0.wp.com\/uscatletica.ch\/wp\/wp-content\/uploads\/2023\/11\/Cross-USC-26-11-23.jpg?resize=1024%2C683&amp;ssl=1 1024w, https:\/\/i0.wp.com\/uscatletica.ch\/wp\/wp-content\/uploads\/2023\/11\/Cross-USC-26-11-23.jpg?resize=768%2C512&amp;ssl=1 768w, https:\/\/i0.wp.com\/uscatletica.ch\/wp\/wp-content\/uploads\/2023\/11\/Cross-USC-26-11-23.jpg?resize=95%2C62&amp;ssl=1 95w, https:\/\/i0.wp.com\/uscatletica.ch\/wp\/wp-content\/uploads\/2023\/11\/Cross-USC-26-11-23.jpg?w=1382&amp;ssl=1 1382w, https:\/\/i0.wp.com\/uscatletica.ch\/wp\/wp-content\/uploads\/2023\/11\/Cross-USC-26-11-23.jpg?w=1280&amp;ssl=1 1280w\" sizes=\"auto, (max-width: 300px) 100vw, 300px\" \/><\/a><\/p>\n<figure id=\"attachment_18583\" aria-describedby=\"caption-attachment-18583\" style=\"width: 300px\" class=\"wp-caption alignnone\"><a href=\"https:\/\/i0.wp.com\/uscatletica.ch\/wp\/wp-content\/uploads\/2023\/11\/Cross-USC-26-11-23-premi.jpg?ssl=1\"><img data-recalc-dims=\"1\" loading=\"lazy\" decoding=\"async\" data-attachment-id=\"18583\" data-permalink=\"https:\/\/uscatletica.ch\/wp\/?attachment_id=18583\" data-orig-file=\"https:\/\/i0.wp.com\/uscatletica.ch\/wp\/wp-content\/uploads\/2023\/11\/Cross-USC-26-11-23-premi.jpg?fit=1382%2C922&amp;ssl=1\" data-orig-size=\"1382,922\" data-comments-opened=\"0\" data-image-meta=\"{&quot;aperture&quot;:&quot;6.3&quot;,&quot;credit&quot;:&quot;&quot;,&quot;camera&quot;:&quot;Canon EOS 1200D&quot;,&quot;caption&quot;:&quot;&quot;,&quot;created_timestamp&quot;:&quot;1701000877&quot;,&quot;copyright&quot;:&quot;&quot;,&quot;focal_length&quot;:&quot;27&quot;,&quot;iso&quot;:&quot;100&quot;,&quot;shutter_speed&quot;:&quot;0.002&quot;,&quot;title&quot;:&quot;&quot;,&quot;orientation&quot;:&quot;0&quot;}\" data-image-title=\"Cross USC 26-11-23 (premi)\" data-image-description=\"&lt;p&gt;Cross USC 26.11.23&lt;br \/&gt;\nFotoEliSta&lt;\/p&gt;\n\" data-image-caption=\"&lt;p&gt;Cross USC 26.11.23&lt;br \/&gt;\nFotoEliSta&lt;\/p&gt;\n\" data-large-file=\"https:\/\/i0.wp.com\/uscatletica.ch\/wp\/wp-content\/uploads\/2023\/11\/Cross-USC-26-11-23-premi.jpg?fit=640%2C427&amp;ssl=1\" class=\"size-medium wp-image-18583\" src=\"https:\/\/i0.wp.com\/uscatletica.ch\/wp\/wp-content\/uploads\/2023\/11\/Cross-USC-26-11-23-premi.jpg?resize=300%2C200&#038;ssl=1\" alt=\"Cross USC 26.11.23 FotoEliSta\" width=\"300\" height=\"200\" srcset=\"https:\/\/i0.wp.com\/uscatletica.ch\/wp\/wp-content\/uploads\/2023\/11\/Cross-USC-26-11-23-premi.jpg?resize=300%2C200&amp;ssl=1 300w, https:\/\/i0.wp.com\/uscatletica.ch\/wp\/wp-content\/uploads\/2023\/11\/Cross-USC-26-11-23-premi.jpg?resize=1024%2C683&amp;ssl=1 1024w, https:\/\/i0.wp.com\/uscatletica.ch\/wp\/wp-content\/uploads\/2023\/11\/Cross-USC-26-11-23-premi.jpg?resize=768%2C512&amp;ssl=1 768w, https:\/\/i0.wp.com\/uscatletica.ch\/wp\/wp-content\/uploads\/2023\/11\/Cross-USC-26-11-23-premi.jpg?resize=95%2C62&amp;ssl=1 95w, https:\/\/i0.wp.com\/uscatletica.ch\/wp\/wp-content\/uploads\/2023\/11\/Cross-USC-26-11-23-premi.jpg?w=1382&amp;ssl=1 1382w, https:\/\/i0.wp.com\/uscatletica.ch\/wp\/wp-content\/uploads\/2023\/11\/Cross-USC-26-11-23-premi.jpg?w=1280&amp;ssl=1 1280w\" sizes=\"auto, (max-width: 300px) 100vw, 300px\" \/><\/a><figcaption id=\"caption-attachment-18583\" class=\"wp-caption-text\"><strong><em>Cross USC 26.11.23-<\/em><em>FotoEliSta<\/em><\/strong><\/figcaption><\/figure>\n<p><a href=\"https:\/\/www.endu.net\/it\/events\/cross-tesserete-ctc\/results\" target=\"_blank\" rel=\"noopener\">I risultati<\/a><\/p>\n<h3>Doppietta di Robi, Elia vince, podio per Michele e \u00a0Jonathan.\u00a0<\/h3>\n<p>Sui 9 km della gara principale \u00e8 un festival di atleti USC: Roby vince davanti a Michele con terzo Siro Corsi. Seguono Rocco F. (5), Tommaso B. (6), Tiziano B. (7), e Jonathan B.(11). Robi vince anche il corto \u00a0con Rocco (8), e Leonida S. (11) che pure doppiano la fatica.\u00a0<\/p>\n<p>Sui 6 km Elia S. domina gli M40 con il secondo tempo assoluto, preceduto solo dall&#8217;omonimo U20\u00a0 Maggetti (Virtus). Alex D. chiude al quarto rango M40 perdendo il podio per pochi decimi. Enrico Cavadini vince tra gli M50, con Jonathan secondo e John ai piedi del podio. Alle loro spalle un folto gruppo USC: Leonida (6\u00b0 M50), Gionata (8\u00b0 M50), Ralf (9\u00b0 M50), Guido (8\u00b0 M40), David (9\u00b0 M40), Sigi (11\u00b0 M40), Paolo P. (13\u00b0 M50), Silvano (14\u00b0 M50), Nemorino (16\u00b0 M50). Ai piedi del podio i nostri M60 Matteo (5\u00b0) e Giancarlo (6\u00b0).\u00a0<\/p>\n<h3>Letizia vince, Emma a podio\u00a0<\/h3>\n<p>Buona partecipazione anche nella gara femminile. Sui 6 km, al rientro, Letizia vince agile. Rachele giunge quarta. Nelle U20W Emma chiude seconda dietro a Zoe Rossi. Brave anche Selina e Zoe . Nelle W40 vince Tamara Winkler, con Ramona che chiude settima. Tra le W50 Patrizia e Kella sono ai piedi del podio.<\/p>\n<h3>Vince No\u00e9, podio per Martina.\u00a0<\/h3>\n<p>No\u00e9 \u00e8 splendido e vince la gara U16 dove Mattia (9) e Martino (10) riescono a chiudere nella Topten. Nella gara U18 domina ancora Tiziana Rosamilia e Martina, alla prima uscita stagionale, ottiene un buon terzo rango. Debutta bene anche Lila (8) seguita da Elsa (9) ed Olivia (11). \u00a0Nelle U16 \u00a0vince Giada Lobsiger e Amelie sfiora il podio con un quinto rango; bene anche Selina (12) e Dalia (17).\u00a0<\/p>\n<h3>Nicole vince in casa<\/h3>\n<p>Nella prima gara di coppa, Nicole con un bel allungo in discesa va a vincere la gara delle U12 e Michelle finisce decima seguita da Anais (22) e Agata (26). Tra i ragazzi Remo, quarto, sfiora il podio. Nel folto del gruppo Nicol\u00f2 (17) , Martino (21) e Oscar (28). Negli U14 Dario \u00e8 quinto, Noah entra nei dieci e completa il terzetto Giosu\u00e8 (19). Nelle ragazze Anais \u00e8 sesta. Asia (21), Viola (22) e Lena (42) completano la prestazione d&#8217;assieme.\u00a0<\/p>\n<h3>U10, UNA BELLISSIMA SQUADRA\u00a0<\/h3>\n<p>Nella gara U10 Linda \u00e8 settima seguita a ruota da Alma (8). Benissimo anche Irene (17), Olivia (20), Alina (23), Zoe (24), Aurora (25), Flora (32) Denise (34). Tra i ragazzi Lucio \u00e8 quinto seguito da Mattia (12) e Giulio (32).<\/p>\n<p><a href=\"https:\/\/uscatletica.ch\/wp\/wp-content\/uploads\/2023\/11\/231126RISULTATIcrosscapriasca.pdf\" target=\"_blank\" rel=\"noopener\">CLASSIFICA UFFICIALE<\/a>\u00a0<\/p>\n<p><a href=\"https:\/\/uscatletica.ch\/wp\/wp-content\/uploads\/2023\/11\/231126RISULTATIcrosscapriasca.pdf\"><img data-recalc-dims=\"1\" loading=\"lazy\" decoding=\"async\" data-attachment-id=\"18598\" data-permalink=\"https:\/\/uscatletica.ch\/wp\/?attachment_id=18598\" data-orig-file=\"https:\/\/i0.wp.com\/uscatletica.ch\/wp\/wp-content\/uploads\/2023\/11\/Primaclassosscross2023-1.jpg?fit=595%2C841&amp;ssl=1\" data-orig-size=\"595,841\" data-comments-opened=\"0\" data-image-meta=\"{&quot;aperture&quot;:&quot;0&quot;,&quot;credit&quot;:&quot;&quot;,&quot;camera&quot;:&quot;&quot;,&quot;caption&quot;:&quot;&quot;,&quot;created_timestamp&quot;:&quot;0&quot;,&quot;copyright&quot;:&quot;&quot;,&quot;focal_length&quot;:&quot;0&quot;,&quot;iso&quot;:&quot;0&quot;,&quot;shutter_speed&quot;:&quot;0&quot;,&quot;title&quot;:&quot;&quot;,&quot;orientation&quot;:&quot;0&quot;}\" data-image-title=\"Primaclassosscross2023\" data-image-description=\"\" data-image-caption=\"\" data-large-file=\"https:\/\/i0.wp.com\/uscatletica.ch\/wp\/wp-content\/uploads\/2023\/11\/Primaclassosscross2023-1.jpg?fit=595%2C841&amp;ssl=1\" class=\"alignnone wp-image-18598 size-medium\" src=\"https:\/\/i0.wp.com\/uscatletica.ch\/wp\/wp-content\/uploads\/2023\/11\/Primaclassosscross2023-1.jpg?resize=212%2C300&#038;ssl=1\" alt=\"\" width=\"212\" height=\"300\" srcset=\"https:\/\/i0.wp.com\/uscatletica.ch\/wp\/wp-content\/uploads\/2023\/11\/Primaclassosscross2023-1.jpg?resize=212%2C300&amp;ssl=1 212w, https:\/\/i0.wp.com\/uscatletica.ch\/wp\/wp-content\/uploads\/2023\/11\/Primaclassosscross2023-1.jpg?w=595&amp;ssl=1 595w\" sizes=\"auto, (max-width: 212px) 100vw, 212px\" \/><\/a><\/p>\n<p>\u00a0<\/p>\n<p>\u00a0<\/p>\n<div data-carousel-extra='{&quot;blog_id&quot;:1,&quot;permalink&quot;:&quot;https:\/\/uscatletica.ch\/wp\/?p=18551&quot;}' id='gallery-1' class='gallery galleryid-18551 gallery-columns-2 gallery-size-thumbnail'><figure class='gallery-item'>\n\t\t\t<div class='gallery-icon portrait'>\n\t\t\t\t<a href='https:\/\/uscatletica.ch\/wp\/?attachment_id=18553'><img loading=\"lazy\" decoding=\"async\" width=\"150\" height=\"150\" src=\"https:\/\/i0.wp.com\/uscatletica.ch\/wp\/wp-content\/uploads\/2023\/11\/image0-rotated.jpeg?resize=150%2C150&amp;ssl=1\" class=\"attachment-thumbnail size-thumbnail\" alt=\"\" srcset=\"https:\/\/i0.wp.com\/uscatletica.ch\/wp\/wp-content\/uploads\/2023\/11\/image0-rotated.jpeg?resize=150%2C150&amp;ssl=1 150w, https:\/\/i0.wp.com\/uscatletica.ch\/wp\/wp-content\/uploads\/2023\/11\/image0-rotated.jpeg?resize=83%2C83&amp;ssl=1 83w, https:\/\/i0.wp.com\/uscatletica.ch\/wp\/wp-content\/uploads\/2023\/11\/image0-rotated.jpeg?zoom=2&amp;resize=150%2C150&amp;ssl=1 300w, https:\/\/i0.wp.com\/uscatletica.ch\/wp\/wp-content\/uploads\/2023\/11\/image0-rotated.jpeg?zoom=3&amp;resize=150%2C150&amp;ssl=1 450w\" sizes=\"auto, (max-width: 150px) 100vw, 150px\" data-attachment-id=\"18553\" data-permalink=\"https:\/\/uscatletica.ch\/wp\/?attachment_id=18553\" data-orig-file=\"https:\/\/i0.wp.com\/uscatletica.ch\/wp\/wp-content\/uploads\/2023\/11\/image0-rotated.jpeg?fit=480%2C640&amp;ssl=1\" data-orig-size=\"480,640\" data-comments-opened=\"0\" data-image-meta=\"{&quot;aperture&quot;:&quot;0&quot;,&quot;credit&quot;:&quot;&quot;,&quot;camera&quot;:&quot;&quot;,&quot;caption&quot;:&quot;&quot;,&quot;created_timestamp&quot;:&quot;0&quot;,&quot;copyright&quot;:&quot;&quot;,&quot;focal_length&quot;:&quot;0&quot;,&quot;iso&quot;:&quot;0&quot;,&quot;shutter_speed&quot;:&quot;0&quot;,&quot;title&quot;:&quot;&quot;,&quot;orientation&quot;:&quot;1&quot;}\" data-image-title=\"image0\" data-image-description=\"\" data-image-caption=\"\" data-large-file=\"https:\/\/i0.wp.com\/uscatletica.ch\/wp\/wp-content\/uploads\/2023\/11\/image0-rotated.jpeg?fit=480%2C640&amp;ssl=1\" \/><\/a>\n\t\t\t<\/div><\/figure><figure class='gallery-item'>\n\t\t\t<div class='gallery-icon portrait'>\n\t\t\t\t<a href='https:\/\/uscatletica.ch\/wp\/?attachment_id=18554'><img loading=\"lazy\" decoding=\"async\" width=\"150\" height=\"150\" src=\"https:\/\/i0.wp.com\/uscatletica.ch\/wp\/wp-content\/uploads\/2023\/11\/image2-rotated.jpeg?resize=150%2C150&amp;ssl=1\" class=\"attachment-thumbnail size-thumbnail\" alt=\"\" srcset=\"https:\/\/i0.wp.com\/uscatletica.ch\/wp\/wp-content\/uploads\/2023\/11\/image2-rotated.jpeg?resize=150%2C150&amp;ssl=1 150w, https:\/\/i0.wp.com\/uscatletica.ch\/wp\/wp-content\/uploads\/2023\/11\/image2-rotated.jpeg?resize=83%2C83&amp;ssl=1 83w, https:\/\/i0.wp.com\/uscatletica.ch\/wp\/wp-content\/uploads\/2023\/11\/image2-rotated.jpeg?zoom=2&amp;resize=150%2C150&amp;ssl=1 300w, https:\/\/i0.wp.com\/uscatletica.ch\/wp\/wp-content\/uploads\/2023\/11\/image2-rotated.jpeg?zoom=3&amp;resize=150%2C150&amp;ssl=1 450w\" sizes=\"auto, (max-width: 150px) 100vw, 150px\" data-attachment-id=\"18554\" data-permalink=\"https:\/\/uscatletica.ch\/wp\/?attachment_id=18554\" data-orig-file=\"https:\/\/i0.wp.com\/uscatletica.ch\/wp\/wp-content\/uploads\/2023\/11\/image2-rotated.jpeg?fit=480%2C640&amp;ssl=1\" data-orig-size=\"480,640\" data-comments-opened=\"0\" data-image-meta=\"{&quot;aperture&quot;:&quot;0&quot;,&quot;credit&quot;:&quot;&quot;,&quot;camera&quot;:&quot;&quot;,&quot;caption&quot;:&quot;&quot;,&quot;created_timestamp&quot;:&quot;0&quot;,&quot;copyright&quot;:&quot;&quot;,&quot;focal_length&quot;:&quot;0&quot;,&quot;iso&quot;:&quot;0&quot;,&quot;shutter_speed&quot;:&quot;0&quot;,&quot;title&quot;:&quot;&quot;,&quot;orientation&quot;:&quot;1&quot;}\" data-image-title=\"image2\" data-image-description=\"\" data-image-caption=\"\" data-large-file=\"https:\/\/i0.wp.com\/uscatletica.ch\/wp\/wp-content\/uploads\/2023\/11\/image2-rotated.jpeg?fit=480%2C640&amp;ssl=1\" \/><\/a>\n\t\t\t<\/div><\/figure><figure class='gallery-item'>\n\t\t\t<div class='gallery-icon portrait'>\n\t\t\t\t<a href='https:\/\/uscatletica.ch\/wp\/?attachment_id=18555'><img loading=\"lazy\" decoding=\"async\" width=\"150\" height=\"150\" src=\"https:\/\/i0.wp.com\/uscatletica.ch\/wp\/wp-content\/uploads\/2023\/11\/image3-rotated.jpeg?resize=150%2C150&amp;ssl=1\" class=\"attachment-thumbnail size-thumbnail\" alt=\"\" srcset=\"https:\/\/i0.wp.com\/uscatletica.ch\/wp\/wp-content\/uploads\/2023\/11\/image3-rotated.jpeg?resize=150%2C150&amp;ssl=1 150w, https:\/\/i0.wp.com\/uscatletica.ch\/wp\/wp-content\/uploads\/2023\/11\/image3-rotated.jpeg?resize=83%2C83&amp;ssl=1 83w, https:\/\/i0.wp.com\/uscatletica.ch\/wp\/wp-content\/uploads\/2023\/11\/image3-rotated.jpeg?zoom=2&amp;resize=150%2C150&amp;ssl=1 300w, https:\/\/i0.wp.com\/uscatletica.ch\/wp\/wp-content\/uploads\/2023\/11\/image3-rotated.jpeg?zoom=3&amp;resize=150%2C150&amp;ssl=1 450w\" sizes=\"auto, (max-width: 150px) 100vw, 150px\" data-attachment-id=\"18555\" data-permalink=\"https:\/\/uscatletica.ch\/wp\/?attachment_id=18555\" data-orig-file=\"https:\/\/i0.wp.com\/uscatletica.ch\/wp\/wp-content\/uploads\/2023\/11\/image3-rotated.jpeg?fit=480%2C640&amp;ssl=1\" data-orig-size=\"480,640\" data-comments-opened=\"0\" data-image-meta=\"{&quot;aperture&quot;:&quot;0&quot;,&quot;credit&quot;:&quot;&quot;,&quot;camera&quot;:&quot;&quot;,&quot;caption&quot;:&quot;&quot;,&quot;created_timestamp&quot;:&quot;0&quot;,&quot;copyright&quot;:&quot;&quot;,&quot;focal_length&quot;:&quot;0&quot;,&quot;iso&quot;:&quot;0&quot;,&quot;shutter_speed&quot;:&quot;0&quot;,&quot;title&quot;:&quot;&quot;,&quot;orientation&quot;:&quot;1&quot;}\" data-image-title=\"image3\" data-image-description=\"\" data-image-caption=\"\" data-large-file=\"https:\/\/i0.wp.com\/uscatletica.ch\/wp\/wp-content\/uploads\/2023\/11\/image3-rotated.jpeg?fit=480%2C640&amp;ssl=1\" \/><\/a>\n\t\t\t<\/div><\/figure><figure class='gallery-item'>\n\t\t\t<div class='gallery-icon portrait'>\n\t\t\t\t<a href='https:\/\/uscatletica.ch\/wp\/?attachment_id=18556'><img loading=\"lazy\" decoding=\"async\" width=\"150\" height=\"150\" src=\"https:\/\/i0.wp.com\/uscatletica.ch\/wp\/wp-content\/uploads\/2023\/11\/image4-rotated.jpeg?resize=150%2C150&amp;ssl=1\" class=\"attachment-thumbnail size-thumbnail\" alt=\"\" srcset=\"https:\/\/i0.wp.com\/uscatletica.ch\/wp\/wp-content\/uploads\/2023\/11\/image4-rotated.jpeg?resize=150%2C150&amp;ssl=1 150w, https:\/\/i0.wp.com\/uscatletica.ch\/wp\/wp-content\/uploads\/2023\/11\/image4-rotated.jpeg?resize=83%2C83&amp;ssl=1 83w, https:\/\/i0.wp.com\/uscatletica.ch\/wp\/wp-content\/uploads\/2023\/11\/image4-rotated.jpeg?zoom=2&amp;resize=150%2C150&amp;ssl=1 300w, https:\/\/i0.wp.com\/uscatletica.ch\/wp\/wp-content\/uploads\/2023\/11\/image4-rotated.jpeg?zoom=3&amp;resize=150%2C150&amp;ssl=1 450w\" sizes=\"auto, (max-width: 150px) 100vw, 150px\" data-attachment-id=\"18556\" data-permalink=\"https:\/\/uscatletica.ch\/wp\/?attachment_id=18556\" data-orig-file=\"https:\/\/i0.wp.com\/uscatletica.ch\/wp\/wp-content\/uploads\/2023\/11\/image4-rotated.jpeg?fit=480%2C640&amp;ssl=1\" data-orig-size=\"480,640\" data-comments-opened=\"0\" data-image-meta=\"{&quot;aperture&quot;:&quot;0&quot;,&quot;credit&quot;:&quot;&quot;,&quot;camera&quot;:&quot;&quot;,&quot;caption&quot;:&quot;&quot;,&quot;created_timestamp&quot;:&quot;0&quot;,&quot;copyright&quot;:&quot;&quot;,&quot;focal_length&quot;:&quot;0&quot;,&quot;iso&quot;:&quot;0&quot;,&quot;shutter_speed&quot;:&quot;0&quot;,&quot;title&quot;:&quot;&quot;,&quot;orientation&quot;:&quot;1&quot;}\" data-image-title=\"image4\" data-image-description=\"\" data-image-caption=\"\" data-large-file=\"https:\/\/i0.wp.com\/uscatletica.ch\/wp\/wp-content\/uploads\/2023\/11\/image4-rotated.jpeg?fit=480%2C640&amp;ssl=1\" \/><\/a>\n\t\t\t<\/div><\/figure><figure class='gallery-item'>\n\t\t\t<div class='gallery-icon portrait'>\n\t\t\t\t<a href='https:\/\/uscatletica.ch\/wp\/?attachment_id=18557'><img loading=\"lazy\" decoding=\"async\" width=\"150\" height=\"150\" src=\"https:\/\/i0.wp.com\/uscatletica.ch\/wp\/wp-content\/uploads\/2023\/11\/image5-rotated.jpeg?resize=150%2C150&amp;ssl=1\" class=\"attachment-thumbnail size-thumbnail\" alt=\"\" srcset=\"https:\/\/i0.wp.com\/uscatletica.ch\/wp\/wp-content\/uploads\/2023\/11\/image5-rotated.jpeg?resize=150%2C150&amp;ssl=1 150w, https:\/\/i0.wp.com\/uscatletica.ch\/wp\/wp-content\/uploads\/2023\/11\/image5-rotated.jpeg?resize=83%2C83&amp;ssl=1 83w, https:\/\/i0.wp.com\/uscatletica.ch\/wp\/wp-content\/uploads\/2023\/11\/image5-rotated.jpeg?zoom=2&amp;resize=150%2C150&amp;ssl=1 300w, https:\/\/i0.wp.com\/uscatletica.ch\/wp\/wp-content\/uploads\/2023\/11\/image5-rotated.jpeg?zoom=3&amp;resize=150%2C150&amp;ssl=1 450w\" sizes=\"auto, (max-width: 150px) 100vw, 150px\" data-attachment-id=\"18557\" data-permalink=\"https:\/\/uscatletica.ch\/wp\/?attachment_id=18557\" data-orig-file=\"https:\/\/i0.wp.com\/uscatletica.ch\/wp\/wp-content\/uploads\/2023\/11\/image5-rotated.jpeg?fit=480%2C640&amp;ssl=1\" data-orig-size=\"480,640\" data-comments-opened=\"0\" data-image-meta=\"{&quot;aperture&quot;:&quot;0&quot;,&quot;credit&quot;:&quot;&quot;,&quot;camera&quot;:&quot;&quot;,&quot;caption&quot;:&quot;&quot;,&quot;created_timestamp&quot;:&quot;0&quot;,&quot;copyright&quot;:&quot;&quot;,&quot;focal_length&quot;:&quot;0&quot;,&quot;iso&quot;:&quot;0&quot;,&quot;shutter_speed&quot;:&quot;0&quot;,&quot;title&quot;:&quot;&quot;,&quot;orientation&quot;:&quot;1&quot;}\" data-image-title=\"image5\" data-image-description=\"\" data-image-caption=\"\" data-large-file=\"https:\/\/i0.wp.com\/uscatletica.ch\/wp\/wp-content\/uploads\/2023\/11\/image5-rotated.jpeg?fit=480%2C640&amp;ssl=1\" \/><\/a>\n\t\t\t<\/div><\/figure><figure class='gallery-item'>\n\t\t\t<div class='gallery-icon portrait'>\n\t\t\t\t<a href='https:\/\/uscatletica.ch\/wp\/?attachment_id=18558'><img loading=\"lazy\" decoding=\"async\" width=\"150\" height=\"150\" src=\"https:\/\/i0.wp.com\/uscatletica.ch\/wp\/wp-content\/uploads\/2023\/11\/image6-rotated.jpeg?resize=150%2C150&amp;ssl=1\" class=\"attachment-thumbnail size-thumbnail\" alt=\"\" srcset=\"https:\/\/i0.wp.com\/uscatletica.ch\/wp\/wp-content\/uploads\/2023\/11\/image6-rotated.jpeg?resize=150%2C150&amp;ssl=1 150w, https:\/\/i0.wp.com\/uscatletica.ch\/wp\/wp-content\/uploads\/2023\/11\/image6-rotated.jpeg?resize=83%2C83&amp;ssl=1 83w, https:\/\/i0.wp.com\/uscatletica.ch\/wp\/wp-content\/uploads\/2023\/11\/image6-rotated.jpeg?zoom=2&amp;resize=150%2C150&amp;ssl=1 300w, https:\/\/i0.wp.com\/uscatletica.ch\/wp\/wp-content\/uploads\/2023\/11\/image6-rotated.jpeg?zoom=3&amp;resize=150%2C150&amp;ssl=1 450w\" sizes=\"auto, (max-width: 150px) 100vw, 150px\" data-attachment-id=\"18558\" data-permalink=\"https:\/\/uscatletica.ch\/wp\/?attachment_id=18558\" data-orig-file=\"https:\/\/i0.wp.com\/uscatletica.ch\/wp\/wp-content\/uploads\/2023\/11\/image6-rotated.jpeg?fit=480%2C640&amp;ssl=1\" data-orig-size=\"480,640\" data-comments-opened=\"0\" data-image-meta=\"{&quot;aperture&quot;:&quot;0&quot;,&quot;credit&quot;:&quot;&quot;,&quot;camera&quot;:&quot;&quot;,&quot;caption&quot;:&quot;&quot;,&quot;created_timestamp&quot;:&quot;0&quot;,&quot;copyright&quot;:&quot;&quot;,&quot;focal_length&quot;:&quot;0&quot;,&quot;iso&quot;:&quot;0&quot;,&quot;shutter_speed&quot;:&quot;0&quot;,&quot;title&quot;:&quot;&quot;,&quot;orientation&quot;:&quot;1&quot;}\" data-image-title=\"image6\" data-image-description=\"\" data-image-caption=\"\" data-large-file=\"https:\/\/i0.wp.com\/uscatletica.ch\/wp\/wp-content\/uploads\/2023\/11\/image6-rotated.jpeg?fit=480%2C640&amp;ssl=1\" \/><\/a>\n\t\t\t<\/div><\/figure><figure class='gallery-item'>\n\t\t\t<div class='gallery-icon portrait'>\n\t\t\t\t<a href='https:\/\/uscatletica.ch\/wp\/?attachment_id=18559'><img loading=\"lazy\" decoding=\"async\" width=\"150\" height=\"150\" src=\"https:\/\/i0.wp.com\/uscatletica.ch\/wp\/wp-content\/uploads\/2023\/11\/image7-rotated.jpeg?resize=150%2C150&amp;ssl=1\" class=\"attachment-thumbnail size-thumbnail\" alt=\"\" srcset=\"https:\/\/i0.wp.com\/uscatletica.ch\/wp\/wp-content\/uploads\/2023\/11\/image7-rotated.jpeg?resize=150%2C150&amp;ssl=1 150w, https:\/\/i0.wp.com\/uscatletica.ch\/wp\/wp-content\/uploads\/2023\/11\/image7-rotated.jpeg?resize=83%2C83&amp;ssl=1 83w, https:\/\/i0.wp.com\/uscatletica.ch\/wp\/wp-content\/uploads\/2023\/11\/image7-rotated.jpeg?zoom=2&amp;resize=150%2C150&amp;ssl=1 300w, https:\/\/i0.wp.com\/uscatletica.ch\/wp\/wp-content\/uploads\/2023\/11\/image7-rotated.jpeg?zoom=3&amp;resize=150%2C150&amp;ssl=1 450w\" sizes=\"auto, (max-width: 150px) 100vw, 150px\" data-attachment-id=\"18559\" data-permalink=\"https:\/\/uscatletica.ch\/wp\/?attachment_id=18559\" data-orig-file=\"https:\/\/i0.wp.com\/uscatletica.ch\/wp\/wp-content\/uploads\/2023\/11\/image7-rotated.jpeg?fit=480%2C640&amp;ssl=1\" data-orig-size=\"480,640\" data-comments-opened=\"0\" data-image-meta=\"{&quot;aperture&quot;:&quot;0&quot;,&quot;credit&quot;:&quot;&quot;,&quot;camera&quot;:&quot;&quot;,&quot;caption&quot;:&quot;&quot;,&quot;created_timestamp&quot;:&quot;0&quot;,&quot;copyright&quot;:&quot;&quot;,&quot;focal_length&quot;:&quot;0&quot;,&quot;iso&quot;:&quot;0&quot;,&quot;shutter_speed&quot;:&quot;0&quot;,&quot;title&quot;:&quot;&quot;,&quot;orientation&quot;:&quot;1&quot;}\" data-image-title=\"image7\" data-image-description=\"\" data-image-caption=\"\" data-large-file=\"https:\/\/i0.wp.com\/uscatletica.ch\/wp\/wp-content\/uploads\/2023\/11\/image7-rotated.jpeg?fit=480%2C640&amp;ssl=1\" \/><\/a>\n\t\t\t<\/div><\/figure><figure class='gallery-item'>\n\t\t\t<div class='gallery-icon portrait'>\n\t\t\t\t<a href='https:\/\/uscatletica.ch\/wp\/?attachment_id=18560'><img loading=\"lazy\" decoding=\"async\" width=\"150\" height=\"150\" src=\"https:\/\/i0.wp.com\/uscatletica.ch\/wp\/wp-content\/uploads\/2023\/11\/image8-rotated.jpeg?resize=150%2C150&amp;ssl=1\" class=\"attachment-thumbnail size-thumbnail\" alt=\"\" srcset=\"https:\/\/i0.wp.com\/uscatletica.ch\/wp\/wp-content\/uploads\/2023\/11\/image8-rotated.jpeg?resize=150%2C150&amp;ssl=1 150w, https:\/\/i0.wp.com\/uscatletica.ch\/wp\/wp-content\/uploads\/2023\/11\/image8-rotated.jpeg?resize=83%2C83&amp;ssl=1 83w, https:\/\/i0.wp.com\/uscatletica.ch\/wp\/wp-content\/uploads\/2023\/11\/image8-rotated.jpeg?zoom=2&amp;resize=150%2C150&amp;ssl=1 300w, https:\/\/i0.wp.com\/uscatletica.ch\/wp\/wp-content\/uploads\/2023\/11\/image8-rotated.jpeg?zoom=3&amp;resize=150%2C150&amp;ssl=1 450w\" sizes=\"auto, (max-width: 150px) 100vw, 150px\" data-attachment-id=\"18560\" data-permalink=\"https:\/\/uscatletica.ch\/wp\/?attachment_id=18560\" data-orig-file=\"https:\/\/i0.wp.com\/uscatletica.ch\/wp\/wp-content\/uploads\/2023\/11\/image8-rotated.jpeg?fit=480%2C640&amp;ssl=1\" data-orig-size=\"480,640\" data-comments-opened=\"0\" data-image-meta=\"{&quot;aperture&quot;:&quot;0&quot;,&quot;credit&quot;:&quot;&quot;,&quot;camera&quot;:&quot;&quot;,&quot;caption&quot;:&quot;&quot;,&quot;created_timestamp&quot;:&quot;0&quot;,&quot;copyright&quot;:&quot;&quot;,&quot;focal_length&quot;:&quot;0&quot;,&quot;iso&quot;:&quot;0&quot;,&quot;shutter_speed&quot;:&quot;0&quot;,&quot;title&quot;:&quot;&quot;,&quot;orientation&quot;:&quot;1&quot;}\" data-image-title=\"image8\" data-image-description=\"\" data-image-caption=\"\" data-large-file=\"https:\/\/i0.wp.com\/uscatletica.ch\/wp\/wp-content\/uploads\/2023\/11\/image8-rotated.jpeg?fit=480%2C640&amp;ssl=1\" \/><\/a>\n\t\t\t<\/div><\/figure><figure class='gallery-item'>\n\t\t\t<div class='gallery-icon portrait'>\n\t\t\t\t<a href='https:\/\/uscatletica.ch\/wp\/?attachment_id=18561'><img loading=\"lazy\" decoding=\"async\" width=\"150\" height=\"150\" src=\"https:\/\/i0.wp.com\/uscatletica.ch\/wp\/wp-content\/uploads\/2023\/11\/image9-rotated.jpeg?resize=150%2C150&amp;ssl=1\" class=\"attachment-thumbnail size-thumbnail\" alt=\"\" srcset=\"https:\/\/i0.wp.com\/uscatletica.ch\/wp\/wp-content\/uploads\/2023\/11\/image9-rotated.jpeg?resize=150%2C150&amp;ssl=1 150w, https:\/\/i0.wp.com\/uscatletica.ch\/wp\/wp-content\/uploads\/2023\/11\/image9-rotated.jpeg?resize=83%2C83&amp;ssl=1 83w, https:\/\/i0.wp.com\/uscatletica.ch\/wp\/wp-content\/uploads\/2023\/11\/image9-rotated.jpeg?zoom=2&amp;resize=150%2C150&amp;ssl=1 300w, https:\/\/i0.wp.com\/uscatletica.ch\/wp\/wp-content\/uploads\/2023\/11\/image9-rotated.jpeg?zoom=3&amp;resize=150%2C150&amp;ssl=1 450w\" sizes=\"auto, (max-width: 150px) 100vw, 150px\" data-attachment-id=\"18561\" data-permalink=\"https:\/\/uscatletica.ch\/wp\/?attachment_id=18561\" data-orig-file=\"https:\/\/i0.wp.com\/uscatletica.ch\/wp\/wp-content\/uploads\/2023\/11\/image9-rotated.jpeg?fit=480%2C640&amp;ssl=1\" data-orig-size=\"480,640\" data-comments-opened=\"0\" data-image-meta=\"{&quot;aperture&quot;:&quot;0&quot;,&quot;credit&quot;:&quot;&quot;,&quot;camera&quot;:&quot;&quot;,&quot;caption&quot;:&quot;&quot;,&quot;created_timestamp&quot;:&quot;0&quot;,&quot;copyright&quot;:&quot;&quot;,&quot;focal_length&quot;:&quot;0&quot;,&quot;iso&quot;:&quot;0&quot;,&quot;shutter_speed&quot;:&quot;0&quot;,&quot;title&quot;:&quot;&quot;,&quot;orientation&quot;:&quot;1&quot;}\" data-image-title=\"image9\" data-image-description=\"\" data-image-caption=\"\" data-large-file=\"https:\/\/i0.wp.com\/uscatletica.ch\/wp\/wp-content\/uploads\/2023\/11\/image9-rotated.jpeg?fit=480%2C640&amp;ssl=1\" \/><\/a>\n\t\t\t<\/div><\/figure><figure class='gallery-item'>\n\t\t\t<div class='gallery-icon portrait'>\n\t\t\t\t<a href='https:\/\/uscatletica.ch\/wp\/?attachment_id=18562'><img loading=\"lazy\" decoding=\"async\" width=\"150\" height=\"150\" src=\"https:\/\/i0.wp.com\/uscatletica.ch\/wp\/wp-content\/uploads\/2023\/11\/image10-rotated.jpeg?resize=150%2C150&amp;ssl=1\" class=\"attachment-thumbnail size-thumbnail\" alt=\"\" srcset=\"https:\/\/i0.wp.com\/uscatletica.ch\/wp\/wp-content\/uploads\/2023\/11\/image10-rotated.jpeg?resize=150%2C150&amp;ssl=1 150w, https:\/\/i0.wp.com\/uscatletica.ch\/wp\/wp-content\/uploads\/2023\/11\/image10-rotated.jpeg?resize=83%2C83&amp;ssl=1 83w, https:\/\/i0.wp.com\/uscatletica.ch\/wp\/wp-content\/uploads\/2023\/11\/image10-rotated.jpeg?zoom=2&amp;resize=150%2C150&amp;ssl=1 300w, https:\/\/i0.wp.com\/uscatletica.ch\/wp\/wp-content\/uploads\/2023\/11\/image10-rotated.jpeg?zoom=3&amp;resize=150%2C150&amp;ssl=1 450w\" sizes=\"auto, (max-width: 150px) 100vw, 150px\" data-attachment-id=\"18562\" data-permalink=\"https:\/\/uscatletica.ch\/wp\/?attachment_id=18562\" data-orig-file=\"https:\/\/i0.wp.com\/uscatletica.ch\/wp\/wp-content\/uploads\/2023\/11\/image10-rotated.jpeg?fit=480%2C640&amp;ssl=1\" data-orig-size=\"480,640\" data-comments-opened=\"0\" data-image-meta=\"{&quot;aperture&quot;:&quot;0&quot;,&quot;credit&quot;:&quot;&quot;,&quot;camera&quot;:&quot;&quot;,&quot;caption&quot;:&quot;&quot;,&quot;created_timestamp&quot;:&quot;0&quot;,&quot;copyright&quot;:&quot;&quot;,&quot;focal_length&quot;:&quot;0&quot;,&quot;iso&quot;:&quot;0&quot;,&quot;shutter_speed&quot;:&quot;0&quot;,&quot;title&quot;:&quot;&quot;,&quot;orientation&quot;:&quot;1&quot;}\" data-image-title=\"image10\" data-image-description=\"\" data-image-caption=\"\" data-large-file=\"https:\/\/i0.wp.com\/uscatletica.ch\/wp\/wp-content\/uploads\/2023\/11\/image10-rotated.jpeg?fit=480%2C640&amp;ssl=1\" \/><\/a>\n\t\t\t<\/div><\/figure><figure class='gallery-item'>\n\t\t\t<div class='gallery-icon portrait'>\n\t\t\t\t<a href='https:\/\/uscatletica.ch\/wp\/?attachment_id=18563'><img loading=\"lazy\" decoding=\"async\" width=\"150\" height=\"150\" src=\"https:\/\/i0.wp.com\/uscatletica.ch\/wp\/wp-content\/uploads\/2023\/11\/image11-rotated.jpeg?resize=150%2C150&amp;ssl=1\" class=\"attachment-thumbnail size-thumbnail\" alt=\"\" srcset=\"https:\/\/i0.wp.com\/uscatletica.ch\/wp\/wp-content\/uploads\/2023\/11\/image11-rotated.jpeg?resize=150%2C150&amp;ssl=1 150w, https:\/\/i0.wp.com\/uscatletica.ch\/wp\/wp-content\/uploads\/2023\/11\/image11-rotated.jpeg?resize=83%2C83&amp;ssl=1 83w, https:\/\/i0.wp.com\/uscatletica.ch\/wp\/wp-content\/uploads\/2023\/11\/image11-rotated.jpeg?zoom=2&amp;resize=150%2C150&amp;ssl=1 300w, https:\/\/i0.wp.com\/uscatletica.ch\/wp\/wp-content\/uploads\/2023\/11\/image11-rotated.jpeg?zoom=3&amp;resize=150%2C150&amp;ssl=1 450w\" sizes=\"auto, (max-width: 150px) 100vw, 150px\" data-attachment-id=\"18563\" data-permalink=\"https:\/\/uscatletica.ch\/wp\/?attachment_id=18563\" data-orig-file=\"https:\/\/i0.wp.com\/uscatletica.ch\/wp\/wp-content\/uploads\/2023\/11\/image11-rotated.jpeg?fit=480%2C640&amp;ssl=1\" data-orig-size=\"480,640\" data-comments-opened=\"0\" data-image-meta=\"{&quot;aperture&quot;:&quot;0&quot;,&quot;credit&quot;:&quot;&quot;,&quot;camera&quot;:&quot;&quot;,&quot;caption&quot;:&quot;&quot;,&quot;created_timestamp&quot;:&quot;0&quot;,&quot;copyright&quot;:&quot;&quot;,&quot;focal_length&quot;:&quot;0&quot;,&quot;iso&quot;:&quot;0&quot;,&quot;shutter_speed&quot;:&quot;0&quot;,&quot;title&quot;:&quot;&quot;,&quot;orientation&quot;:&quot;1&quot;}\" data-image-title=\"image11\" data-image-description=\"\" data-image-caption=\"\" data-large-file=\"https:\/\/i0.wp.com\/uscatletica.ch\/wp\/wp-content\/uploads\/2023\/11\/image11-rotated.jpeg?fit=480%2C640&amp;ssl=1\" \/><\/a>\n\t\t\t<\/div><\/figure><figure class='gallery-item'>\n\t\t\t<div class='gallery-icon landscape'>\n\t\t\t\t<a href='https:\/\/uscatletica.ch\/wp\/?attachment_id=18564'><img loading=\"lazy\" decoding=\"async\" width=\"150\" height=\"150\" src=\"https:\/\/i0.wp.com\/uscatletica.ch\/wp\/wp-content\/uploads\/2023\/11\/image12.jpeg?resize=150%2C150&amp;ssl=1\" class=\"attachment-thumbnail size-thumbnail\" alt=\"\" srcset=\"https:\/\/i0.wp.com\/uscatletica.ch\/wp\/wp-content\/uploads\/2023\/11\/image12.jpeg?resize=150%2C150&amp;ssl=1 150w, https:\/\/i0.wp.com\/uscatletica.ch\/wp\/wp-content\/uploads\/2023\/11\/image12.jpeg?resize=83%2C83&amp;ssl=1 83w, https:\/\/i0.wp.com\/uscatletica.ch\/wp\/wp-content\/uploads\/2023\/11\/image12.jpeg?zoom=2&amp;resize=150%2C150&amp;ssl=1 300w, https:\/\/i0.wp.com\/uscatletica.ch\/wp\/wp-content\/uploads\/2023\/11\/image12.jpeg?zoom=3&amp;resize=150%2C150&amp;ssl=1 450w\" sizes=\"auto, (max-width: 150px) 100vw, 150px\" data-attachment-id=\"18564\" data-permalink=\"https:\/\/uscatletica.ch\/wp\/?attachment_id=18564\" data-orig-file=\"https:\/\/i0.wp.com\/uscatletica.ch\/wp\/wp-content\/uploads\/2023\/11\/image12.jpeg?fit=640%2C480&amp;ssl=1\" data-orig-size=\"640,480\" data-comments-opened=\"0\" data-image-meta=\"{&quot;aperture&quot;:&quot;0&quot;,&quot;credit&quot;:&quot;&quot;,&quot;camera&quot;:&quot;&quot;,&quot;caption&quot;:&quot;&quot;,&quot;created_timestamp&quot;:&quot;0&quot;,&quot;copyright&quot;:&quot;&quot;,&quot;focal_length&quot;:&quot;0&quot;,&quot;iso&quot;:&quot;0&quot;,&quot;shutter_speed&quot;:&quot;0&quot;,&quot;title&quot;:&quot;&quot;,&quot;orientation&quot;:&quot;1&quot;}\" data-image-title=\"image12\" data-image-description=\"\" data-image-caption=\"\" data-large-file=\"https:\/\/i0.wp.com\/uscatletica.ch\/wp\/wp-content\/uploads\/2023\/11\/image12.jpeg?fit=640%2C480&amp;ssl=1\" \/><\/a>\n\t\t\t<\/div><\/figure><figure class='gallery-item'>\n\t\t\t<div class='gallery-icon landscape'>\n\t\t\t\t<a href='https:\/\/uscatletica.ch\/wp\/?attachment_id=18565'><img loading=\"lazy\" decoding=\"async\" width=\"150\" height=\"150\" src=\"https:\/\/i0.wp.com\/uscatletica.ch\/wp\/wp-content\/uploads\/2023\/11\/image13.jpeg?resize=150%2C150&amp;ssl=1\" class=\"attachment-thumbnail size-thumbnail\" alt=\"\" srcset=\"https:\/\/i0.wp.com\/uscatletica.ch\/wp\/wp-content\/uploads\/2023\/11\/image13.jpeg?resize=150%2C150&amp;ssl=1 150w, https:\/\/i0.wp.com\/uscatletica.ch\/wp\/wp-content\/uploads\/2023\/11\/image13.jpeg?resize=83%2C83&amp;ssl=1 83w, https:\/\/i0.wp.com\/uscatletica.ch\/wp\/wp-content\/uploads\/2023\/11\/image13.jpeg?zoom=2&amp;resize=150%2C150&amp;ssl=1 300w, https:\/\/i0.wp.com\/uscatletica.ch\/wp\/wp-content\/uploads\/2023\/11\/image13.jpeg?zoom=3&amp;resize=150%2C150&amp;ssl=1 450w\" sizes=\"auto, (max-width: 150px) 100vw, 150px\" data-attachment-id=\"18565\" data-permalink=\"https:\/\/uscatletica.ch\/wp\/?attachment_id=18565\" data-orig-file=\"https:\/\/i0.wp.com\/uscatletica.ch\/wp\/wp-content\/uploads\/2023\/11\/image13.jpeg?fit=640%2C480&amp;ssl=1\" data-orig-size=\"640,480\" data-comments-opened=\"0\" data-image-meta=\"{&quot;aperture&quot;:&quot;0&quot;,&quot;credit&quot;:&quot;&quot;,&quot;camera&quot;:&quot;&quot;,&quot;caption&quot;:&quot;&quot;,&quot;created_timestamp&quot;:&quot;0&quot;,&quot;copyright&quot;:&quot;&quot;,&quot;focal_length&quot;:&quot;0&quot;,&quot;iso&quot;:&quot;0&quot;,&quot;shutter_speed&quot;:&quot;0&quot;,&quot;title&quot;:&quot;&quot;,&quot;orientation&quot;:&quot;1&quot;}\" data-image-title=\"image13\" data-image-description=\"\" data-image-caption=\"\" data-large-file=\"https:\/\/i0.wp.com\/uscatletica.ch\/wp\/wp-content\/uploads\/2023\/11\/image13.jpeg?fit=640%2C480&amp;ssl=1\" \/><\/a>\n\t\t\t<\/div><\/figure><figure class='gallery-item'>\n\t\t\t<div class='gallery-icon landscape'>\n\t\t\t\t<a href='https:\/\/uscatletica.ch\/wp\/?attachment_id=18566'><img loading=\"lazy\" decoding=\"async\" width=\"150\" height=\"150\" src=\"https:\/\/i0.wp.com\/uscatletica.ch\/wp\/wp-content\/uploads\/2023\/11\/image14.jpeg?resize=150%2C150&amp;ssl=1\" class=\"attachment-thumbnail size-thumbnail\" alt=\"\" srcset=\"https:\/\/i0.wp.com\/uscatletica.ch\/wp\/wp-content\/uploads\/2023\/11\/image14.jpeg?resize=150%2C150&amp;ssl=1 150w, https:\/\/i0.wp.com\/uscatletica.ch\/wp\/wp-content\/uploads\/2023\/11\/image14.jpeg?resize=83%2C83&amp;ssl=1 83w, https:\/\/i0.wp.com\/uscatletica.ch\/wp\/wp-content\/uploads\/2023\/11\/image14.jpeg?zoom=2&amp;resize=150%2C150&amp;ssl=1 300w, https:\/\/i0.wp.com\/uscatletica.ch\/wp\/wp-content\/uploads\/2023\/11\/image14.jpeg?zoom=3&amp;resize=150%2C150&amp;ssl=1 450w\" sizes=\"auto, (max-width: 150px) 100vw, 150px\" data-attachment-id=\"18566\" data-permalink=\"https:\/\/uscatletica.ch\/wp\/?attachment_id=18566\" data-orig-file=\"https:\/\/i0.wp.com\/uscatletica.ch\/wp\/wp-content\/uploads\/2023\/11\/image14.jpeg?fit=640%2C480&amp;ssl=1\" data-orig-size=\"640,480\" data-comments-opened=\"0\" data-image-meta=\"{&quot;aperture&quot;:&quot;0&quot;,&quot;credit&quot;:&quot;&quot;,&quot;camera&quot;:&quot;&quot;,&quot;caption&quot;:&quot;&quot;,&quot;created_timestamp&quot;:&quot;0&quot;,&quot;copyright&quot;:&quot;&quot;,&quot;focal_length&quot;:&quot;0&quot;,&quot;iso&quot;:&quot;0&quot;,&quot;shutter_speed&quot;:&quot;0&quot;,&quot;title&quot;:&quot;&quot;,&quot;orientation&quot;:&quot;1&quot;}\" data-image-title=\"image14\" data-image-description=\"\" data-image-caption=\"\" data-large-file=\"https:\/\/i0.wp.com\/uscatletica.ch\/wp\/wp-content\/uploads\/2023\/11\/image14.jpeg?fit=640%2C480&amp;ssl=1\" \/><\/a>\n\t\t\t<\/div><\/figure><figure class='gallery-item'>\n\t\t\t<div class='gallery-icon landscape'>\n\t\t\t\t<a href='https:\/\/uscatletica.ch\/wp\/?attachment_id=18567'><img loading=\"lazy\" decoding=\"async\" width=\"150\" height=\"150\" src=\"https:\/\/i0.wp.com\/uscatletica.ch\/wp\/wp-content\/uploads\/2023\/11\/image15.jpeg?resize=150%2C150&amp;ssl=1\" class=\"attachment-thumbnail size-thumbnail\" alt=\"\" srcset=\"https:\/\/i0.wp.com\/uscatletica.ch\/wp\/wp-content\/uploads\/2023\/11\/image15.jpeg?resize=150%2C150&amp;ssl=1 150w, https:\/\/i0.wp.com\/uscatletica.ch\/wp\/wp-content\/uploads\/2023\/11\/image15.jpeg?resize=83%2C83&amp;ssl=1 83w, https:\/\/i0.wp.com\/uscatletica.ch\/wp\/wp-content\/uploads\/2023\/11\/image15.jpeg?zoom=2&amp;resize=150%2C150&amp;ssl=1 300w, https:\/\/i0.wp.com\/uscatletica.ch\/wp\/wp-content\/uploads\/2023\/11\/image15.jpeg?zoom=3&amp;resize=150%2C150&amp;ssl=1 450w\" sizes=\"auto, (max-width: 150px) 100vw, 150px\" data-attachment-id=\"18567\" data-permalink=\"https:\/\/uscatletica.ch\/wp\/?attachment_id=18567\" data-orig-file=\"https:\/\/i0.wp.com\/uscatletica.ch\/wp\/wp-content\/uploads\/2023\/11\/image15.jpeg?fit=640%2C480&amp;ssl=1\" data-orig-size=\"640,480\" data-comments-opened=\"0\" data-image-meta=\"{&quot;aperture&quot;:&quot;0&quot;,&quot;credit&quot;:&quot;&quot;,&quot;camera&quot;:&quot;&quot;,&quot;caption&quot;:&quot;&quot;,&quot;created_timestamp&quot;:&quot;0&quot;,&quot;copyright&quot;:&quot;&quot;,&quot;focal_length&quot;:&quot;0&quot;,&quot;iso&quot;:&quot;0&quot;,&quot;shutter_speed&quot;:&quot;0&quot;,&quot;title&quot;:&quot;&quot;,&quot;orientation&quot;:&quot;1&quot;}\" data-image-title=\"image15\" data-image-description=\"\" data-image-caption=\"\" data-large-file=\"https:\/\/i0.wp.com\/uscatletica.ch\/wp\/wp-content\/uploads\/2023\/11\/image15.jpeg?fit=640%2C480&amp;ssl=1\" \/><\/a>\n\t\t\t<\/div><\/figure><figure class='gallery-item'>\n\t\t\t<div class='gallery-icon landscape'>\n\t\t\t\t<a href='https:\/\/uscatletica.ch\/wp\/?attachment_id=18568'><img loading=\"lazy\" decoding=\"async\" width=\"150\" height=\"150\" src=\"https:\/\/i0.wp.com\/uscatletica.ch\/wp\/wp-content\/uploads\/2023\/11\/image16.jpeg?resize=150%2C150&amp;ssl=1\" class=\"attachment-thumbnail size-thumbnail\" alt=\"\" srcset=\"https:\/\/i0.wp.com\/uscatletica.ch\/wp\/wp-content\/uploads\/2023\/11\/image16.jpeg?resize=150%2C150&amp;ssl=1 150w, https:\/\/i0.wp.com\/uscatletica.ch\/wp\/wp-content\/uploads\/2023\/11\/image16.jpeg?resize=83%2C83&amp;ssl=1 83w, https:\/\/i0.wp.com\/uscatletica.ch\/wp\/wp-content\/uploads\/2023\/11\/image16.jpeg?zoom=2&amp;resize=150%2C150&amp;ssl=1 300w, https:\/\/i0.wp.com\/uscatletica.ch\/wp\/wp-content\/uploads\/2023\/11\/image16.jpeg?zoom=3&amp;resize=150%2C150&amp;ssl=1 450w\" sizes=\"auto, (max-width: 150px) 100vw, 150px\" data-attachment-id=\"18568\" data-permalink=\"https:\/\/uscatletica.ch\/wp\/?attachment_id=18568\" data-orig-file=\"https:\/\/i0.wp.com\/uscatletica.ch\/wp\/wp-content\/uploads\/2023\/11\/image16.jpeg?fit=640%2C480&amp;ssl=1\" data-orig-size=\"640,480\" data-comments-opened=\"0\" data-image-meta=\"{&quot;aperture&quot;:&quot;0&quot;,&quot;credit&quot;:&quot;&quot;,&quot;camera&quot;:&quot;&quot;,&quot;caption&quot;:&quot;&quot;,&quot;created_timestamp&quot;:&quot;0&quot;,&quot;copyright&quot;:&quot;&quot;,&quot;focal_length&quot;:&quot;0&quot;,&quot;iso&quot;:&quot;0&quot;,&quot;shutter_speed&quot;:&quot;0&quot;,&quot;title&quot;:&quot;&quot;,&quot;orientation&quot;:&quot;1&quot;}\" data-image-title=\"image16\" data-image-description=\"\" data-image-caption=\"\" data-large-file=\"https:\/\/i0.wp.com\/uscatletica.ch\/wp\/wp-content\/uploads\/2023\/11\/image16.jpeg?fit=640%2C480&amp;ssl=1\" \/><\/a>\n\t\t\t<\/div><\/figure><figure class='gallery-item'>\n\t\t\t<div class='gallery-icon landscape'>\n\t\t\t\t<a href='https:\/\/uscatletica.ch\/wp\/?attachment_id=18569'><img loading=\"lazy\" decoding=\"async\" width=\"150\" height=\"150\" src=\"https:\/\/i0.wp.com\/uscatletica.ch\/wp\/wp-content\/uploads\/2023\/11\/image17.jpeg?resize=150%2C150&amp;ssl=1\" class=\"attachment-thumbnail size-thumbnail\" alt=\"\" srcset=\"https:\/\/i0.wp.com\/uscatletica.ch\/wp\/wp-content\/uploads\/2023\/11\/image17.jpeg?resize=150%2C150&amp;ssl=1 150w, https:\/\/i0.wp.com\/uscatletica.ch\/wp\/wp-content\/uploads\/2023\/11\/image17.jpeg?resize=83%2C83&amp;ssl=1 83w, https:\/\/i0.wp.com\/uscatletica.ch\/wp\/wp-content\/uploads\/2023\/11\/image17.jpeg?zoom=2&amp;resize=150%2C150&amp;ssl=1 300w, https:\/\/i0.wp.com\/uscatletica.ch\/wp\/wp-content\/uploads\/2023\/11\/image17.jpeg?zoom=3&amp;resize=150%2C150&amp;ssl=1 450w\" sizes=\"auto, (max-width: 150px) 100vw, 150px\" data-attachment-id=\"18569\" data-permalink=\"https:\/\/uscatletica.ch\/wp\/?attachment_id=18569\" data-orig-file=\"https:\/\/i0.wp.com\/uscatletica.ch\/wp\/wp-content\/uploads\/2023\/11\/image17.jpeg?fit=640%2C480&amp;ssl=1\" data-orig-size=\"640,480\" data-comments-opened=\"0\" data-image-meta=\"{&quot;aperture&quot;:&quot;0&quot;,&quot;credit&quot;:&quot;&quot;,&quot;camera&quot;:&quot;&quot;,&quot;caption&quot;:&quot;&quot;,&quot;created_timestamp&quot;:&quot;0&quot;,&quot;copyright&quot;:&quot;&quot;,&quot;focal_length&quot;:&quot;0&quot;,&quot;iso&quot;:&quot;0&quot;,&quot;shutter_speed&quot;:&quot;0&quot;,&quot;title&quot;:&quot;&quot;,&quot;orientation&quot;:&quot;1&quot;}\" data-image-title=\"image17\" data-image-description=\"\" data-image-caption=\"\" data-large-file=\"https:\/\/i0.wp.com\/uscatletica.ch\/wp\/wp-content\/uploads\/2023\/11\/image17.jpeg?fit=640%2C480&amp;ssl=1\" \/><\/a>\n\t\t\t<\/div><\/figure><figure class='gallery-item'>\n\t\t\t<div class='gallery-icon landscape'>\n\t\t\t\t<a href='https:\/\/uscatletica.ch\/wp\/?attachment_id=18570'><img loading=\"lazy\" decoding=\"async\" width=\"150\" height=\"150\" src=\"https:\/\/i0.wp.com\/uscatletica.ch\/wp\/wp-content\/uploads\/2023\/11\/image18.jpeg?resize=150%2C150&amp;ssl=1\" class=\"attachment-thumbnail size-thumbnail\" alt=\"\" srcset=\"https:\/\/i0.wp.com\/uscatletica.ch\/wp\/wp-content\/uploads\/2023\/11\/image18.jpeg?resize=150%2C150&amp;ssl=1 150w, https:\/\/i0.wp.com\/uscatletica.ch\/wp\/wp-content\/uploads\/2023\/11\/image18.jpeg?resize=83%2C83&amp;ssl=1 83w, https:\/\/i0.wp.com\/uscatletica.ch\/wp\/wp-content\/uploads\/2023\/11\/image18.jpeg?zoom=2&amp;resize=150%2C150&amp;ssl=1 300w, https:\/\/i0.wp.com\/uscatletica.ch\/wp\/wp-content\/uploads\/2023\/11\/image18.jpeg?zoom=3&amp;resize=150%2C150&amp;ssl=1 450w\" sizes=\"auto, (max-width: 150px) 100vw, 150px\" data-attachment-id=\"18570\" data-permalink=\"https:\/\/uscatletica.ch\/wp\/?attachment_id=18570\" data-orig-file=\"https:\/\/i0.wp.com\/uscatletica.ch\/wp\/wp-content\/uploads\/2023\/11\/image18.jpeg?fit=640%2C480&amp;ssl=1\" data-orig-size=\"640,480\" data-comments-opened=\"0\" data-image-meta=\"{&quot;aperture&quot;:&quot;0&quot;,&quot;credit&quot;:&quot;&quot;,&quot;camera&quot;:&quot;&quot;,&quot;caption&quot;:&quot;&quot;,&quot;created_timestamp&quot;:&quot;0&quot;,&quot;copyright&quot;:&quot;&quot;,&quot;focal_length&quot;:&quot;0&quot;,&quot;iso&quot;:&quot;0&quot;,&quot;shutter_speed&quot;:&quot;0&quot;,&quot;title&quot;:&quot;&quot;,&quot;orientation&quot;:&quot;1&quot;}\" data-image-title=\"image18\" data-image-description=\"\" data-image-caption=\"\" data-large-file=\"https:\/\/i0.wp.com\/uscatletica.ch\/wp\/wp-content\/uploads\/2023\/11\/image18.jpeg?fit=640%2C480&amp;ssl=1\" \/><\/a>\n\t\t\t<\/div><\/figure><figure class='gallery-item'>\n\t\t\t<div class='gallery-icon landscape'>\n\t\t\t\t<a href='https:\/\/uscatletica.ch\/wp\/?attachment_id=18571'><img loading=\"lazy\" decoding=\"async\" width=\"150\" height=\"150\" src=\"https:\/\/i0.wp.com\/uscatletica.ch\/wp\/wp-content\/uploads\/2023\/11\/image19.jpeg?resize=150%2C150&amp;ssl=1\" class=\"attachment-thumbnail size-thumbnail\" alt=\"\" srcset=\"https:\/\/i0.wp.com\/uscatletica.ch\/wp\/wp-content\/uploads\/2023\/11\/image19.jpeg?resize=150%2C150&amp;ssl=1 150w, https:\/\/i0.wp.com\/uscatletica.ch\/wp\/wp-content\/uploads\/2023\/11\/image19.jpeg?resize=83%2C83&amp;ssl=1 83w, https:\/\/i0.wp.com\/uscatletica.ch\/wp\/wp-content\/uploads\/2023\/11\/image19.jpeg?zoom=2&amp;resize=150%2C150&amp;ssl=1 300w, https:\/\/i0.wp.com\/uscatletica.ch\/wp\/wp-content\/uploads\/2023\/11\/image19.jpeg?zoom=3&amp;resize=150%2C150&amp;ssl=1 450w\" sizes=\"auto, (max-width: 150px) 100vw, 150px\" data-attachment-id=\"18571\" data-permalink=\"https:\/\/uscatletica.ch\/wp\/?attachment_id=18571\" data-orig-file=\"https:\/\/i0.wp.com\/uscatletica.ch\/wp\/wp-content\/uploads\/2023\/11\/image19.jpeg?fit=640%2C480&amp;ssl=1\" data-orig-size=\"640,480\" data-comments-opened=\"0\" data-image-meta=\"{&quot;aperture&quot;:&quot;0&quot;,&quot;credit&quot;:&quot;&quot;,&quot;camera&quot;:&quot;&quot;,&quot;caption&quot;:&quot;&quot;,&quot;created_timestamp&quot;:&quot;0&quot;,&quot;copyright&quot;:&quot;&quot;,&quot;focal_length&quot;:&quot;0&quot;,&quot;iso&quot;:&quot;0&quot;,&quot;shutter_speed&quot;:&quot;0&quot;,&quot;title&quot;:&quot;&quot;,&quot;orientation&quot;:&quot;1&quot;}\" data-image-title=\"image19\" data-image-description=\"\" data-image-caption=\"\" data-large-file=\"https:\/\/i0.wp.com\/uscatletica.ch\/wp\/wp-content\/uploads\/2023\/11\/image19.jpeg?fit=640%2C480&amp;ssl=1\" \/><\/a>\n\t\t\t<\/div><\/figure><figure class='gallery-item'>\n\t\t\t<div class='gallery-icon landscape'>\n\t\t\t\t<a href='https:\/\/uscatletica.ch\/wp\/?attachment_id=18572'><img loading=\"lazy\" decoding=\"async\" width=\"150\" height=\"150\" src=\"https:\/\/i0.wp.com\/uscatletica.ch\/wp\/wp-content\/uploads\/2023\/11\/image20.jpeg?resize=150%2C150&amp;ssl=1\" class=\"attachment-thumbnail size-thumbnail\" alt=\"\" srcset=\"https:\/\/i0.wp.com\/uscatletica.ch\/wp\/wp-content\/uploads\/2023\/11\/image20.jpeg?resize=150%2C150&amp;ssl=1 150w, https:\/\/i0.wp.com\/uscatletica.ch\/wp\/wp-content\/uploads\/2023\/11\/image20.jpeg?resize=83%2C83&amp;ssl=1 83w, https:\/\/i0.wp.com\/uscatletica.ch\/wp\/wp-content\/uploads\/2023\/11\/image20.jpeg?zoom=2&amp;resize=150%2C150&amp;ssl=1 300w, https:\/\/i0.wp.com\/uscatletica.ch\/wp\/wp-content\/uploads\/2023\/11\/image20.jpeg?zoom=3&amp;resize=150%2C150&amp;ssl=1 450w\" sizes=\"auto, (max-width: 150px) 100vw, 150px\" data-attachment-id=\"18572\" data-permalink=\"https:\/\/uscatletica.ch\/wp\/?attachment_id=18572\" data-orig-file=\"https:\/\/i0.wp.com\/uscatletica.ch\/wp\/wp-content\/uploads\/2023\/11\/image20.jpeg?fit=640%2C480&amp;ssl=1\" data-orig-size=\"640,480\" data-comments-opened=\"0\" data-image-meta=\"{&quot;aperture&quot;:&quot;0&quot;,&quot;credit&quot;:&quot;&quot;,&quot;camera&quot;:&quot;&quot;,&quot;caption&quot;:&quot;&quot;,&quot;created_timestamp&quot;:&quot;0&quot;,&quot;copyright&quot;:&quot;&quot;,&quot;focal_length&quot;:&quot;0&quot;,&quot;iso&quot;:&quot;0&quot;,&quot;shutter_speed&quot;:&quot;0&quot;,&quot;title&quot;:&quot;&quot;,&quot;orientation&quot;:&quot;1&quot;}\" data-image-title=\"image20\" data-image-description=\"\" data-image-caption=\"\" data-large-file=\"https:\/\/i0.wp.com\/uscatletica.ch\/wp\/wp-content\/uploads\/2023\/11\/image20.jpeg?fit=640%2C480&amp;ssl=1\" \/><\/a>\n\t\t\t<\/div><\/figure><figure class='gallery-item'>\n\t\t\t<div class='gallery-icon landscape'>\n\t\t\t\t<a href='https:\/\/uscatletica.ch\/wp\/?attachment_id=18573'><img loading=\"lazy\" decoding=\"async\" width=\"150\" height=\"150\" src=\"https:\/\/i0.wp.com\/uscatletica.ch\/wp\/wp-content\/uploads\/2023\/11\/image21.jpeg?resize=150%2C150&amp;ssl=1\" class=\"attachment-thumbnail size-thumbnail\" alt=\"\" srcset=\"https:\/\/i0.wp.com\/uscatletica.ch\/wp\/wp-content\/uploads\/2023\/11\/image21.jpeg?resize=150%2C150&amp;ssl=1 150w, https:\/\/i0.wp.com\/uscatletica.ch\/wp\/wp-content\/uploads\/2023\/11\/image21.jpeg?resize=83%2C83&amp;ssl=1 83w, https:\/\/i0.wp.com\/uscatletica.ch\/wp\/wp-content\/uploads\/2023\/11\/image21.jpeg?zoom=2&amp;resize=150%2C150&amp;ssl=1 300w, https:\/\/i0.wp.com\/uscatletica.ch\/wp\/wp-content\/uploads\/2023\/11\/image21.jpeg?zoom=3&amp;resize=150%2C150&amp;ssl=1 450w\" sizes=\"auto, (max-width: 150px) 100vw, 150px\" data-attachment-id=\"18573\" data-permalink=\"https:\/\/uscatletica.ch\/wp\/?attachment_id=18573\" data-orig-file=\"https:\/\/i0.wp.com\/uscatletica.ch\/wp\/wp-content\/uploads\/2023\/11\/image21.jpeg?fit=640%2C480&amp;ssl=1\" data-orig-size=\"640,480\" data-comments-opened=\"0\" data-image-meta=\"{&quot;aperture&quot;:&quot;0&quot;,&quot;credit&quot;:&quot;&quot;,&quot;camera&quot;:&quot;&quot;,&quot;caption&quot;:&quot;&quot;,&quot;created_timestamp&quot;:&quot;0&quot;,&quot;copyright&quot;:&quot;&quot;,&quot;focal_length&quot;:&quot;0&quot;,&quot;iso&quot;:&quot;0&quot;,&quot;shutter_speed&quot;:&quot;0&quot;,&quot;title&quot;:&quot;&quot;,&quot;orientation&quot;:&quot;1&quot;}\" data-image-title=\"image21\" data-image-description=\"\" data-image-caption=\"\" data-large-file=\"https:\/\/i0.wp.com\/uscatletica.ch\/wp\/wp-content\/uploads\/2023\/11\/image21.jpeg?fit=640%2C480&amp;ssl=1\" \/><\/a>\n\t\t\t<\/div><\/figure>\n\t\t<\/div>\n\n<table border=\"0\" cellspacing=\"0\"><colgroup width=\"75\"><\/colgroup><colgroup width=\"278\"><\/colgroup><colgroup width=\"91\"><\/colgroup><colgroup width=\"61\"><\/colgroup><colgroup width=\"149\"><\/colgroup>\n<tbody>\n<tr>\n<td align=\"right\" height=\"62\">7<\/td>\n<td align=\"left\"><span style=\"font-size: medium;\">DOMENICONI LINDA <\/span><\/td>\n<td align=\"left\">7<br \/>U10W<\/td>\n<td align=\"right\">7<\/td>\n<td align=\"left\">02:57.99<br \/>+7.75<\/td>\n<\/tr>\n<tr>\n<td align=\"right\" height=\"62\">8<\/td>\n<td align=\"left\"><span style=\"font-size: medium;\">PERRIN ALMA <\/span><\/td>\n<td align=\"left\">8<br \/>U10W<\/td>\n<td align=\"right\">8<\/td>\n<td align=\"left\">02:59.61<br \/>+9.37<\/td>\n<\/tr>\n<tr>\n<td align=\"right\" height=\"62\">17<\/td>\n<td align=\"left\"><span style=\"font-size: medium;\">PICCARDO IRENE <\/span><\/td>\n<td align=\"left\">17<br \/>U10W<\/td>\n<td align=\"right\">17<\/td>\n<td align=\"left\">03:09.57<br \/>+19.33<\/td>\n<\/tr>\n<tr>\n<td align=\"right\" height=\"62\">20<\/td>\n<td align=\"left\"><span style=\"font-size: medium;\">METALDI OLIVIA <\/span><\/td>\n<td align=\"left\">20<br \/>U10W<\/td>\n<td align=\"right\">20<\/td>\n<td align=\"left\">03:19.87<br \/>+29.63<\/td>\n<\/tr>\n<tr>\n<td align=\"right\" height=\"62\">23<\/td>\n<td align=\"left\"><span style=\"font-size: medium;\">STAMPANONI ALINA <\/span><\/td>\n<td align=\"left\">23<br \/>U10W<\/td>\n<td align=\"right\">23<\/td>\n<td align=\"left\">03:29.18<br \/>+38.94<\/td>\n<\/tr>\n<tr>\n<td align=\"right\" height=\"62\">24<\/td>\n<td align=\"left\"><span style=\"font-size: medium;\">PICCARDO ZOE <\/span><\/td>\n<td align=\"left\">24<br \/>U10W<\/td>\n<td align=\"right\">24<\/td>\n<td align=\"left\">03:35.74<br \/>+45.50<\/td>\n<\/tr>\n<tr>\n<td align=\"right\" height=\"62\">25<\/td>\n<td align=\"left\"><span style=\"font-size: medium;\">CAPRA AURORA <\/span><\/td>\n<td align=\"left\">25<br \/>U10W<\/td>\n<td align=\"right\">25<\/td>\n<td align=\"left\">03:36.26<br \/>+46.02<\/td>\n<\/tr>\n<tr>\n<td align=\"right\" height=\"62\">32<\/td>\n<td align=\"left\"><span style=\"font-size: medium;\">ZANETTI FLORA <\/span><\/td>\n<td align=\"left\">32<br \/>U10W<\/td>\n<td align=\"right\">32<\/td>\n<td align=\"left\">03:56.63<br \/>+1:06.39<\/td>\n<\/tr>\n<tr>\n<td align=\"right\" height=\"62\">34<\/td>\n<td align=\"left\"><span style=\"font-size: medium;\">BETTOLI DENISE <\/span><\/td>\n<td align=\"left\">34<br \/>U10W<\/td>\n<td align=\"right\">34<\/td>\n<td align=\"left\">03:59.71<br \/>+1:09.47<\/td>\n<\/tr>\n<tr>\n<td align=\"right\" height=\"62\">5<\/td>\n<td align=\"left\"><span style=\"font-size: medium;\">FERRETTI LUCIO <\/span><\/td>\n<td align=\"left\">5<br \/>U10M<\/td>\n<td align=\"right\">5<\/td>\n<td align=\"left\">02:48.47<br \/>+17.06<\/td>\n<\/tr>\n<tr>\n<td align=\"right\" height=\"62\">12<\/td>\n<td align=\"left\"><span style=\"font-size: medium;\">SCAIOTTI MATTIA <\/span><\/td>\n<td align=\"left\">12<br \/>U10M<\/td>\n<td align=\"right\">12<\/td>\n<td align=\"left\">03:01.04<br \/>+29.64<\/td>\n<\/tr>\n<tr>\n<td align=\"right\" height=\"42\">32<\/td>\n<td align=\"left\"><span style=\"font-size: medium;\">FRIGERIO GIULIO <\/span><\/td>\n<td align=\"left\">32<br \/>U10M<\/td>\n<td align=\"right\">32<\/td>\n<td align=\"left\">03:38.40<br \/>+1:07.00<\/td>\n<\/tr>\n<tr>\n<td align=\"right\" height=\"62\">1<\/td>\n<td align=\"left\"><span style=\"font-size: medium;\">PONGELLI NICOLE <\/span><\/td>\n<td align=\"left\">1<br \/>U12W<\/td>\n<td align=\"right\">1<\/td>\n<td align=\"left\">06:17.72<br \/>&#8211;<\/td>\n<\/tr>\n<tr>\n<td align=\"right\" height=\"62\">9<\/td>\n<td align=\"left\"><span style=\"font-size: medium;\">BERNASCONI MICHELLE <\/span><\/td>\n<td align=\"left\">9<br \/>U12W<\/td>\n<td align=\"right\">9<\/td>\n<td align=\"left\">07:12.50<br \/>+54.77<\/td>\n<\/tr>\n<tr>\n<td align=\"right\" height=\"62\">22<\/td>\n<td align=\"left\"><span style=\"font-size: medium;\">ROCHA FERREIRA ANAIS <\/span><\/td>\n<td align=\"left\">22<br \/>U12W<\/td>\n<td align=\"right\">22<\/td>\n<td align=\"left\">07:45.60<br \/>+1:27.88<\/td>\n<\/tr>\n<tr>\n<td align=\"right\" height=\"42\">26<\/td>\n<td align=\"left\"><span style=\"font-size: medium;\">MACCONI AGATA <\/span><\/td>\n<td align=\"left\">26<br \/>U12W<\/td>\n<td align=\"right\">26<\/td>\n<td align=\"left\">07:55.73<br \/>+1:38.01<\/td>\n<\/tr>\n<tr>\n<td align=\"right\" height=\"62\">4<\/td>\n<td align=\"left\"><span style=\"font-size: medium;\">PETRINI REMO <\/span><\/td>\n<td align=\"left\">4<br \/>U12M<\/td>\n<td align=\"right\">4<\/td>\n<td align=\"left\">06:06.01<br \/>+5.66<\/td>\n<\/tr>\n<tr>\n<td align=\"right\" height=\"62\">17<\/td>\n<td align=\"left\"><span style=\"font-size: medium;\">DOMENICONI NICOL\u00d2 <\/span><\/td>\n<td align=\"left\">17<br \/>U12M<\/td>\n<td align=\"right\">17<\/td>\n<td align=\"left\">07:00.84<br \/>+1:00.49<\/td>\n<\/tr>\n<tr>\n<td align=\"right\" height=\"62\">21<\/td>\n<td align=\"left\"><span style=\"font-size: medium;\">BRENNA MARTINO <\/span><\/td>\n<td align=\"left\">21<br \/>U12M<\/td>\n<td align=\"right\">21<\/td>\n<td align=\"left\">07:10.55<br \/>+1:10.20<\/td>\n<\/tr>\n<tr>\n<td align=\"right\" height=\"42\">28<\/td>\n<td align=\"left\"><span style=\"font-size: medium;\">GARBAINI NERINI OSCAR <\/span><\/td>\n<td align=\"left\">28<br \/>U12M<\/td>\n<td align=\"right\">28<\/td>\n<td align=\"left\">07:20.36<br \/>+1:20.01<\/td>\n<\/tr>\n<tr>\n<td align=\"right\" height=\"42\">6<\/td>\n<td align=\"left\"><span style=\"font-size: medium;\">PIATTINI ANAIS <\/span><\/td>\n<td align=\"left\">6<br \/>U14W<\/td>\n<td align=\"right\">6<\/td>\n<td align=\"left\">09:29.32<br \/>+24.27<\/td>\n<\/tr>\n<tr>\n<td align=\"right\" height=\"42\">20<\/td>\n<td align=\"left\"><span style=\"font-size: medium;\">CORTI ASIA <\/span><\/td>\n<td align=\"left\">20<br \/>U14W<\/td>\n<td align=\"right\">20<\/td>\n<td align=\"left\">10:42.26<br \/>+1:37.21<\/td>\n<\/tr>\n<tr>\n<td align=\"right\" height=\"42\">21<\/td>\n<td align=\"left\"><span style=\"font-size: medium;\">GROPPI VIOLA <\/span><\/td>\n<td align=\"left\">21<br \/>U14W<\/td>\n<td align=\"right\">21<\/td>\n<td align=\"left\">10:42.29<br \/>+1:37.24<\/td>\n<\/tr>\n<tr>\n<td align=\"right\" height=\"42\">42<\/td>\n<td align=\"left\"><span style=\"font-size: medium;\">ALBISETTI LENA <\/span><\/td>\n<td align=\"left\">42<br \/>U14W<\/td>\n<td align=\"right\">42<\/td>\n<td align=\"left\">12:41.21<br \/>+3:36.16<\/td>\n<\/tr>\n<tr>\n<td align=\"right\" height=\"42\">5<\/td>\n<td align=\"left\"><span style=\"font-size: medium;\">MACCONI DARIO <\/span><\/td>\n<td align=\"left\">5<br \/>U14M<\/td>\n<td align=\"right\">5<\/td>\n<td align=\"left\">12:38.41<br \/>+59.95<\/td>\n<\/tr>\n<tr>\n<td align=\"right\" height=\"42\">10<\/td>\n<td align=\"left\"><span style=\"font-size: medium;\">BADER NOAH <\/span><\/td>\n<td align=\"left\">10<br \/>U14M<\/td>\n<td align=\"right\">10<\/td>\n<td align=\"left\">13:11.06<br \/>+1:32.60<\/td>\n<\/tr>\n<tr>\n<td align=\"right\" height=\"42\">19<\/td>\n<td align=\"left\"><span style=\"font-size: medium;\">CAISSUTTI GIOSU\u00c8 <\/span><\/td>\n<td align=\"left\">19<br \/>U14M<\/td>\n<td align=\"right\">19<\/td>\n<td align=\"left\">14:06.09<br \/>+2:27.63<\/td>\n<\/tr>\n<tr>\n<td align=\"right\" height=\"42\">5<\/td>\n<td align=\"left\"><span style=\"font-size: medium;\">ANDREOLI AMELIE <\/span><\/td>\n<td align=\"left\">5<br \/>U16W<\/td>\n<td align=\"right\">5<\/td>\n<td align=\"left\">13:55.76<br \/>+1:32.68<\/td>\n<\/tr>\n<tr>\n<td align=\"right\" height=\"42\">12<\/td>\n<td align=\"left\"><span style=\"font-size: medium;\">CASTELLI SELINA <\/span><\/td>\n<td align=\"left\">12<br \/>U16W<\/td>\n<td align=\"right\">12<\/td>\n<td align=\"left\">14:29.04<br \/>+2:05.96<\/td>\n<\/tr>\n<tr>\n<td align=\"right\" height=\"42\">17<\/td>\n<td align=\"left\"><span style=\"font-size: medium;\">CAISSUTTI DALIA <\/span><\/td>\n<td align=\"left\">17<br \/>U16W<\/td>\n<td align=\"right\">17<\/td>\n<td align=\"left\">15:25.32<br \/>+3:02.24<\/td>\n<\/tr>\n<tr>\n<td align=\"right\" height=\"42\">1<\/td>\n<td align=\"left\"><span style=\"font-size: medium;\">VOLGER NO\u00c8 <\/span><\/td>\n<td align=\"left\">1<br \/>U16M<\/td>\n<td align=\"right\">1<\/td>\n<td align=\"left\">14:09.00<br \/>&#8211;<\/td>\n<\/tr>\n<tr>\n<td align=\"right\" height=\"42\">9<\/td>\n<td align=\"left\"><span style=\"font-size: medium;\">GIANOTTI MATTIA <\/span><\/td>\n<td align=\"left\">9<br \/>U16M<\/td>\n<td align=\"right\">9<\/td>\n<td align=\"left\">15:48.82<br \/>+1:39.81<\/td>\n<\/tr>\n<tr>\n<td align=\"right\" height=\"42\">3<\/td>\n<td align=\"left\"><span style=\"font-size: medium;\">BURI MARTINA <\/span><\/td>\n<td align=\"left\">3<br \/>U18W<\/td>\n<td align=\"right\">3<\/td>\n<td align=\"left\">16:02.87<br \/>+1:53.86<\/td>\n<\/tr>\n<tr>\n<td align=\"right\" height=\"42\">10<\/td>\n<td align=\"left\"><span style=\"font-size: medium;\">AMARO MARTINO <\/span><\/td>\n<td align=\"left\">10<br \/>U16M<\/td>\n<td align=\"right\">10<\/td>\n<td align=\"left\">16:21.22<br \/>+2:12.22<\/td>\n<\/tr>\n<tr>\n<td align=\"right\" height=\"42\">8<\/td>\n<td align=\"left\"><span style=\"font-size: medium;\">GARDNER AVA LILA <\/span><\/td>\n<td align=\"left\">8<br \/>U18W<\/td>\n<td align=\"right\">8<\/td>\n<td align=\"left\">18:38.11<br \/>+54.10<\/td>\n<\/tr>\n<tr>\n<td align=\"right\" height=\"42\">9<\/td>\n<td align=\"left\"><span style=\"font-size: medium;\">CAISSUTTI ELSA <\/span><\/td>\n<td align=\"left\">9<br \/>U18W<\/td>\n<td align=\"right\">9<\/td>\n<td align=\"left\">18:58.78<br \/>+1:14.77<\/td>\n<\/tr>\n<tr>\n<td align=\"right\" height=\"42\">11<\/td>\n<td align=\"left\"><span style=\"font-size: medium;\">STAMPANONI OLIVIA <\/span><\/td>\n<td align=\"left\">11<br \/>U18W<\/td>\n<td align=\"right\">11<\/td>\n<td align=\"left\">19:22.67<br \/>+1:38.67<\/td>\n<\/tr>\n<tr>\n<td align=\"right\" height=\"62\">1<\/td>\n<td align=\"left\"><span style=\"font-size: medium;\">MARTINELLI LETIZIA <\/span><\/td>\n<td align=\"left\">1<br \/>W<\/td>\n<td align=\"right\">1<\/td>\n<td align=\"left\">23:54.75<br \/>&#8211;<\/td>\n<\/tr>\n<tr>\n<td align=\"right\" height=\"42\">4<\/td>\n<td align=\"left\"><span style=\"font-size: medium;\">BOTTI RACHELE <\/span><\/td>\n<td align=\"left\">4<br \/>W<\/td>\n<td align=\"right\">4<\/td>\n<td align=\"left\">26:34.30<br \/>+2:39.55<\/td>\n<\/tr>\n<tr>\n<td align=\"right\" height=\"62\">2<\/td>\n<td align=\"left\"><span style=\"font-size: medium;\">VON KOCSIS EMMA <\/span><\/td>\n<td align=\"left\">2<br \/>U20W<\/td>\n<td align=\"right\">5<\/td>\n<td align=\"left\">20:56.39<br \/>+4:18.93<\/td>\n<\/tr>\n<tr>\n<td align=\"right\" height=\"62\">4<\/td>\n<td align=\"left\"><span style=\"font-size: medium;\">BESOMI PATRIZIA <\/span><\/td>\n<td align=\"left\">4<br \/>W50<\/td>\n<td align=\"right\">11<\/td>\n<td align=\"left\">21:41.50<br \/>+5:04.03<\/td>\n<\/tr>\n<tr>\n<td align=\"right\" height=\"62\">5<\/td>\n<td align=\"left\"><span style=\"font-size: medium;\">QUADRI GRAZIELLA <\/span><\/td>\n<td align=\"left\">5<br \/>W50<\/td>\n<td align=\"right\">13<\/td>\n<td align=\"left\">23:58.06<br \/>+7:20.59<\/td>\n<\/tr>\n<tr>\n<td align=\"right\" height=\"62\">7<\/td>\n<td align=\"left\"><span style=\"font-size: medium;\">DOMENICONI RAMONA <\/span><\/td>\n<td align=\"left\">7<br \/>W40<\/td>\n<td align=\"right\">15<\/td>\n<td align=\"left\">24:23.77<br \/>+7:46.30<\/td>\n<\/tr>\n<tr>\n<td align=\"right\" height=\"62\">4<\/td>\n<td align=\"left\"><span style=\"font-size: medium;\">STAMPANONI SELINA <\/span><\/td>\n<td align=\"left\">4<br \/>U20W<\/td>\n<td align=\"right\">16<\/td>\n<td align=\"left\">25:26.53<br \/>+8:49.07<\/td>\n<\/tr>\n<tr>\n<td align=\"right\" height=\"42\">5<\/td>\n<td align=\"left\"><span style=\"font-size: medium;\">DELL&#8217;ANDRINO ZOE <\/span><\/td>\n<td align=\"left\">5<br \/>U20W<\/td>\n<td align=\"right\">19<\/td>\n<td align=\"left\">26:26.12<br \/>+9:48.65<\/td>\n<\/tr>\n<tr>\n<td align=\"right\" height=\"62\">1<\/td>\n<td align=\"left\"><span style=\"font-size: medium;\">DELORENZI ROBERTO <\/span><\/td>\n<td align=\"left\">1<br \/>M<\/td>\n<td align=\"right\">1<\/td>\n<td align=\"left\">33:06.36<br \/>&#8211;<\/td>\n<\/tr>\n<tr>\n<td align=\"right\" height=\"62\">2<\/td>\n<td align=\"left\"><span style=\"font-size: medium;\">LARDI MICHELE <\/span><\/td>\n<td align=\"left\">2<br \/>M<\/td>\n<td align=\"right\">2<\/td>\n<td align=\"left\">33:24.23<br \/>+17.86<\/td>\n<\/tr>\n<tr>\n<td align=\"right\" height=\"62\">5<\/td>\n<td align=\"left\"><span style=\"font-size: medium;\">FERRETTI ROCCO <\/span><\/td>\n<td align=\"left\">5<br \/>M<\/td>\n<td align=\"right\">5<\/td>\n<td align=\"left\">34:28.23<br \/>+1:21.86<\/td>\n<\/tr>\n<tr>\n<td align=\"right\" height=\"62\">6<\/td>\n<td align=\"left\"><span style=\"font-size: medium;\">BESOMI TOMMASO <\/span><\/td>\n<td align=\"left\">6<br \/>M<\/td>\n<td align=\"right\">6<\/td>\n<td align=\"left\">35:10.23<br \/>+2:03.86<\/td>\n<\/tr>\n<tr>\n<td align=\"right\" height=\"62\">7<\/td>\n<td align=\"left\"><span style=\"font-size: medium;\">BONOMO TIZIANO <\/span><\/td>\n<td align=\"left\">7<br \/>M<\/td>\n<td align=\"right\">7<\/td>\n<td align=\"left\">36:41.54<br \/>+3:35.17<\/td>\n<\/tr>\n<tr>\n<td align=\"right\" height=\"42\">11<\/td>\n<td align=\"left\"><span style=\"font-size: medium;\">BESOMI JONATHAN <\/span><\/td>\n<td align=\"left\">11<br \/>M<\/td>\n<td align=\"right\">11<\/td>\n<td align=\"left\">39:44.24<br \/>+6:37.87<\/td>\n<\/tr>\n<tr>\n<td align=\"right\" height=\"62\">1<\/td>\n<td align=\"left\"><span style=\"font-size: medium;\">STAMPANONI ELIA <\/span><\/td>\n<td align=\"left\">1<br \/>M40<\/td>\n<td align=\"right\">2<\/td>\n<td align=\"left\">21:53.51<br \/>+31.33<\/td>\n<\/tr>\n<tr>\n<td align=\"right\" height=\"62\">4<\/td>\n<td align=\"left\"><span style=\"font-size: medium;\">DOMENICONI ALEX <\/span><\/td>\n<td align=\"left\">4<br \/>M40<\/td>\n<td align=\"right\">8<\/td>\n<td align=\"left\">23:01.21<br \/>+1:39.03<\/td>\n<\/tr>\n<tr>\n<td align=\"right\" height=\"62\">2<\/td>\n<td align=\"left\"><span style=\"font-size: medium;\">STAMPANONI JONATHAN <\/span><\/td>\n<td align=\"left\">2<br \/>M50<\/td>\n<td align=\"right\">11<\/td>\n<td align=\"left\">23:17.76<br \/>+1:55.58<\/td>\n<\/tr>\n<tr>\n<td align=\"right\" height=\"62\">4<\/td>\n<td align=\"left\"><span style=\"font-size: medium;\">BALDI JOHN <\/span><\/td>\n<td align=\"left\">4<br \/>M50<\/td>\n<td align=\"right\">13<\/td>\n<td align=\"left\">24:06.19<br \/>+2:44.01<\/td>\n<\/tr>\n<tr>\n<td align=\"right\" height=\"62\">6<\/td>\n<td align=\"left\"><span style=\"font-size: medium;\">STAMPANONI LEONIDA <\/span><\/td>\n<td align=\"left\">6<br \/>M50<\/td>\n<td align=\"right\">17<\/td>\n<td align=\"left\">24:48.68<br \/>+3:26.50<\/td>\n<\/tr>\n<tr>\n<td align=\"right\" height=\"62\">8<\/td>\n<td align=\"left\"><span style=\"font-size: medium;\">VOLGER GIONATA <\/span><\/td>\n<td align=\"left\">8<br \/>M50<\/td>\n<td align=\"right\">20<\/td>\n<td align=\"left\">25:16.35<br \/>+3:54.17<\/td>\n<\/tr>\n<tr>\n<td align=\"right\" height=\"62\">9<\/td>\n<td align=\"left\"><span style=\"font-size: medium;\">MUREDDU RALF <\/span><\/td>\n<td align=\"left\">9<br \/>M50<\/td>\n<td align=\"right\">21<\/td>\n<td align=\"left\">25:25.99<br \/>+4:03.81<\/td>\n<\/tr>\n<tr>\n<td align=\"right\" height=\"62\">8<\/td>\n<td align=\"left\"><span style=\"font-size: medium;\">MACCONI GUIDO <\/span><\/td>\n<td align=\"left\">8<br \/>M40<\/td>\n<td align=\"right\">22<\/td>\n<td align=\"left\">25:38.00<br \/>+4:15.82<\/td>\n<\/tr>\n<tr>\n<td align=\"right\" height=\"62\">9<\/td>\n<td align=\"left\"><span style=\"font-size: medium;\">NUSSIO DAVID <\/span><\/td>\n<td align=\"left\">9<br \/>M40<\/td>\n<td align=\"right\">23<\/td>\n<td align=\"left\">25:43.32<br \/>+4:21.14<\/td>\n<\/tr>\n<tr>\n<td align=\"right\" height=\"42\">11<\/td>\n<td align=\"left\"><span style=\"font-size: medium;\">ALTENDORFER SIEGMUND <\/span><\/td>\n<td align=\"left\">11<br \/>M40<\/td>\n<td align=\"right\">26<\/td>\n<td align=\"left\">26:21.81<br \/>+4:59.63<\/td>\n<\/tr>\n<tr>\n<td align=\"right\" height=\"62\">13<\/td>\n<td align=\"left\"><span style=\"font-size: medium;\">PIATTINI PAOLO <\/span><\/td>\n<td align=\"left\">13<br \/>M50<\/td>\n<td align=\"right\">30<\/td>\n<td align=\"left\">27:00.75<br \/>+5:38.57<\/td>\n<\/tr>\n<tr>\n<td align=\"right\" height=\"62\">14<\/td>\n<td align=\"left\"><span style=\"font-size: medium;\">BERTOZZI SILVANO <\/span><\/td>\n<td align=\"left\">14<br \/>M50<\/td>\n<td align=\"right\">31<\/td>\n<td align=\"left\">27:12.62<br \/>+5:50.44<\/td>\n<\/tr>\n<tr>\n<td align=\"right\" height=\"62\">16<\/td>\n<td align=\"left\"><span style=\"font-size: medium;\">GIANOTTI NEMORINO <\/span><\/td>\n<td align=\"left\">16<br \/>M50<\/td>\n<td align=\"right\">37<\/td>\n<td align=\"left\">29:35.58<br \/>+8:13.40<\/td>\n<\/tr>\n<tr>\n<td align=\"right\" height=\"62\">6<\/td>\n<td align=\"left\"><span style=\"font-size: medium;\">BESOMI MATTEO <\/span><\/td>\n<td align=\"left\">6<br \/>M60<\/td>\n<td align=\"right\">38<\/td>\n<td align=\"left\">29:51.31<br \/>+8:29.13<\/td>\n<\/tr>\n<tr>\n<td align=\"right\" height=\"42\">7<\/td>\n<td align=\"left\"><span style=\"font-size: medium;\">FRAQUELLI GIANCARLO <\/span><\/td>\n<td align=\"left\">7<br \/>M60<\/td>\n<td align=\"right\">39<\/td>\n<td align=\"left\">30:34.12<br \/>+9:11.94<\/td>\n<\/tr>\n<tr>\n<td align=\"right\" height=\"62\">1<\/td>\n<td align=\"left\"><span style=\"font-size: medium;\">DELORENZI ROBERTO <\/span><\/td>\n<td align=\"left\">1<br \/>&#8212;<\/td>\n<td align=\"right\">1<\/td>\n<td align=\"left\">09:18.60<br \/>&#8211;<\/td>\n<\/tr>\n<tr>\n<td align=\"right\" height=\"62\">8<\/td>\n<td align=\"left\"><span style=\"font-size: medium;\">FERRETTI ROCCO <\/span><\/td>\n<td align=\"left\">8<br \/>&#8212;<\/td>\n<td align=\"right\">8<\/td>\n<td align=\"left\">11:22.44<br \/>+2:03.84<\/td>\n<\/tr>\n<tr>\n<td align=\"right\" height=\"42\">11<\/td>\n<td align=\"left\"><span style=\"font-size: medium;\">STAMPANONI LEONIDA <\/span><\/td>\n<td align=\"left\">11<br \/>&#8212;<\/td>\n<td align=\"right\">11<\/td>\n<td align=\"left\">12:34.49<br \/>+3:15.88<\/td>\n<\/tr>\n<\/tbody>\n<\/table>\n","protected":false},"excerpt":{"rendered":"<p>Una splendida giornata di sole, il terreno in condizioni ideali e la perfetta organizzazione della squadra di collaboratori USC, hanno accolto i 400 partecipanti al cross Capriaschese 2023, seconda prova della stagione cantonale. Una settantina di atleti ed atlete USC hanno tagliato il traguardo con ottimi risultati. Roberto Delorenzi ha vinto in scioltezza la gara \u00e9lite davanti al compagno Michele Lardi. Il nostro atleta, gi\u00e0 medaglia di bronzo ai mondiali di corsa in montagna, ha&#8230;<\/p>\n","protected":false},"author":4,"featured_media":18582,"comment_status":"closed","ping_status":"closed","sticky":false,"template":"","format":"standard","meta":{"jetpack_post_was_ever_published":false,"_jetpack_newsletter_access":"","_jetpack_dont_email_post_to_subs":false,"_jetpack_newsletter_tier_id":0,"_jetpack_memberships_contains_paywalled_content":false,"_jetpack_memberships_contains_paid_content":false,"footnotes":"","jetpack_publicize_message":"","jetpack_publicize_feature_enabled":true,"jetpack_social_post_already_shared":true,"jetpack_social_options":{"image_generator_settings":{"template":"highway","default_image_id":0,"font":"","enabled":false},"version":2}},"categories":[7,12,9],"tags":[],"class_list":["post-18551","post","type-post","status-publish","format-standard","has-post-thumbnail","hentry","category-cross","category-nostregare","category-sport"],"jetpack_publicize_connections":[],"jetpack_featured_media_url":"https:\/\/i0.wp.com\/uscatletica.ch\/wp\/wp-content\/uploads\/2023\/11\/Cross-USC-26-11-23-Roberto-FotoEliSta.jpg?fit=1152%2C1576&ssl=1","jetpack_sharing_enabled":true,"jetpack_shortlink":"https:\/\/wp.me\/p6V7Ck-4Pd","jetpack-related-posts":[{"id":18527,"url":"https:\/\/uscatletica.ch\/wp\/?p=18527","url_meta":{"origin":18551,"position":0},"title":"PRONTI PER IL CROSS CAPRIASCHESE","author":"Leonida Stampanoni","date":"22 Novembre 2023","format":false,"excerpt":"Il cross capriaschese \u00e8 uno degli eventi pi\u00f9 caratteristici della stagione campestre ticinese. Il circuito disegnato sui terrazzamenti tra Sala, Vaglio e Tesserete richiama le radici anglosassoni della disciplina pi\u00f9 naturale e primordiale dell'atletica leggera. Erano in 400 gli atleti al via al debutto in Valle di Blenio. L'USC Capriaschese,\u2026","rel":"","context":"In &quot;Cross&quot;","block_context":{"text":"Cross","link":"https:\/\/uscatletica.ch\/wp\/?cat=7"},"img":{"alt_text":"","src":"https:\/\/i0.wp.com\/uscatletica.ch\/wp\/wp-content\/uploads\/2023\/11\/SwissAt.jpg?fit=660%2C792&ssl=1&resize=350%2C200","width":350,"height":200,"srcset":"https:\/\/i0.wp.com\/uscatletica.ch\/wp\/wp-content\/uploads\/2023\/11\/SwissAt.jpg?fit=660%2C792&ssl=1&resize=350%2C200 1x, https:\/\/i0.wp.com\/uscatletica.ch\/wp\/wp-content\/uploads\/2023\/11\/SwissAt.jpg?fit=660%2C792&ssl=1&resize=525%2C300 1.5x"},"classes":[]},{"id":9426,"url":"https:\/\/uscatletica.ch\/wp\/?p=9426","url_meta":{"origin":18551,"position":1},"title":"DONGIO OTTIMA PARTENZA USC SEI SUCCESSI ROBI BRAVISSIMO","author":"Leonida Stampanoni","date":"10 Novembre 2019","format":false,"excerpt":"La valle del Sole ha lanciato la stagione del giubileo del mezzo secolo della FTAL. Una quarantina gli USCini al via in una tiepida mattinata autunnale baciata dal sole. Grandi prestazioni per i nostri atleti alla prima uscita stagionale spiccano le sei vittorie ottenute Da Elia, Jonathan, Letizia, Giorgia, Lara,\u2026","rel":"","context":"In &quot;Cross&quot;","block_context":{"text":"Cross","link":"https:\/\/uscatletica.ch\/wp\/?cat=7"},"img":{"alt_text":"","src":"https:\/\/i0.wp.com\/uscatletica.ch\/wp\/wp-content\/uploads\/2018\/12\/ssitocrosspom2018caeniIris.jpg?fit=548%2C430&ssl=1&resize=350%2C200","width":350,"height":200,"srcset":"https:\/\/i0.wp.com\/uscatletica.ch\/wp\/wp-content\/uploads\/2018\/12\/ssitocrosspom2018caeniIris.jpg?fit=548%2C430&ssl=1&resize=350%2C200 1x, https:\/\/i0.wp.com\/uscatletica.ch\/wp\/wp-content\/uploads\/2018\/12\/ssitocrosspom2018caeniIris.jpg?fit=548%2C430&ssl=1&resize=525%2C300 1.5x"},"classes":[]},{"id":9851,"url":"https:\/\/uscatletica.ch\/wp\/?p=9851","url_meta":{"origin":18551,"position":2},"title":"Campionati ticinesi di cross a  Camignolo USCini alla carica","author":"Leonida Stampanoni","date":"30 Gennaio 2020","format":false,"excerpt":"Sabato sui prati delle scuole medie Camignolo andr\u00e0 in onda l'ultima prova della Coppa Ticino FTAL Laube Greenkey che attribuir\u00e0 i 14 titoli cantonali. Al via anche io giovani protagonisti della cross cup Swiss Athletics.\u00a0L'USC potr\u00e0 difendere solo il titolo vinto lo scorso anno a Vezia da Jonathan, ma sui\u2026","rel":"","context":"In &quot;Cross&quot;","block_context":{"text":"Cross","link":"https:\/\/uscatletica.ch\/wp\/?cat=7"},"img":{"alt_text":"","src":"https:\/\/i0.wp.com\/uscatletica.ch\/wp\/wp-content\/uploads\/2020\/01\/W200111sag.png?fit=432%2C324&ssl=1&resize=350%2C200","width":350,"height":200},"classes":[]},{"id":7387,"url":"https:\/\/uscatletica.ch\/wp\/?p=7387","url_meta":{"origin":18551,"position":3},"title":"CS CROSS ROBY CAMPIONE SVIZZERO LETIZIA MATILDE GIORGIA BRONZO","author":"Leonida Stampanoni","date":"11 Marzo 2019","format":false,"excerpt":"Gli splendidi vigneti terrazzati del Lavaux hanno incorniciato una storica giornata per l'USC ai campionati svizzeri di cross. Sul'impegnativo percorso di Chailly sur Montreux i nostri atleti hanno raccolto ben due medaglie Roby ha vinto il primo titolo nazionale di cross per l'USC mentre Letizia, Giorgia e Matilde ha festeggiato\u2026","rel":"","context":"In &quot;Cross&quot;","block_context":{"text":"Cross","link":"https:\/\/uscatletica.ch\/wp\/?cat=7"},"img":{"alt_text":"","src":"https:\/\/i0.wp.com\/uscatletica.ch\/wp\/wp-content\/uploads\/2019\/03\/DSC00304.jpg?resize=350%2C200","width":350,"height":200},"classes":[]},{"id":7013,"url":"https:\/\/uscatletica.ch\/wp\/?p=7013","url_meta":{"origin":18551,"position":4},"title":"Gordola USCini buona la prima uscita del 2019","author":"Leonida Stampanoni","date":"12 Gennaio 2019","format":false,"excerpt":"Il cross di Gordola ha ospitato da prima uscita agonistica del 2019 per l'USC che ha debuttato con una cinquantina di atleti al via. Tra i 365 partenti diversi atleti confederati al via che hanno spesso occupato le prime posizioni.L'USC se la cava con una vittoria con Jonathan ed i\u2026","rel":"","context":"In &quot;Cross&quot;","block_context":{"text":"Cross","link":"https:\/\/uscatletica.ch\/wp\/?cat=7"},"img":{"alt_text":"","src":"https:\/\/i0.wp.com\/uscatletica.ch\/wp\/wp-content\/uploads\/2018\/12\/U20POM181209.jpg?fit=532%2C399&ssl=1&resize=350%2C200","width":350,"height":200,"srcset":"https:\/\/i0.wp.com\/uscatletica.ch\/wp\/wp-content\/uploads\/2018\/12\/U20POM181209.jpg?fit=532%2C399&ssl=1&resize=350%2C200 1x, https:\/\/i0.wp.com\/uscatletica.ch\/wp\/wp-content\/uploads\/2018\/12\/U20POM181209.jpg?fit=532%2C399&ssl=1&resize=525%2C300 1.5x"},"classes":[]},{"id":16425,"url":"https:\/\/uscatletica.ch\/wp\/?p=16425","url_meta":{"origin":18551,"position":5},"title":"La stagione dei cross parte da Dongio","author":"Leonida Stampanoni","date":"12 Novembre 2022","format":false,"excerpt":"Domenica saranno una quarantina gli atleti USC al via della prima prova della coppa Ticino di cross FTAL AET che si svolger\u00e0 sui prati di Dongio. Nelle ultime 10 stagione l'USC ha sempre vinto la classifica per societ\u00e0, la sfida si rinnova. L'USC si presenta anche ai nastri di partenza\u2026","rel":"","context":"In &quot;Cross&quot;","block_context":{"text":"Cross","link":"https:\/\/uscatletica.ch\/wp\/?cat=7"},"img":{"alt_text":"","src":"https:\/\/i0.wp.com\/uscatletica.ch\/wp\/wp-content\/uploads\/2022\/10\/Torta-diavol-rotated.jpg?fit=900%2C1200&ssl=1&resize=350%2C200","width":350,"height":200,"srcset":"https:\/\/i0.wp.com\/uscatletica.ch\/wp\/wp-content\/uploads\/2022\/10\/Torta-diavol-rotated.jpg?fit=900%2C1200&ssl=1&resize=350%2C200 1x, https:\/\/i0.wp.com\/uscatletica.ch\/wp\/wp-content\/uploads\/2022\/10\/Torta-diavol-rotated.jpg?fit=900%2C1200&ssl=1&resize=525%2C300 1.5x, https:\/\/i0.wp.com\/uscatletica.ch\/wp\/wp-content\/uploads\/2022\/10\/Torta-diavol-rotated.jpg?fit=900%2C1200&ssl=1&resize=700%2C400 2x"},"classes":[]}],"_links":{"self":[{"href":"https:\/\/uscatletica.ch\/wp\/index.php?rest_route=\/wp\/v2\/posts\/18551","targetHints":{"allow":["GET"]}}],"collection":[{"href":"https:\/\/uscatletica.ch\/wp\/index.php?rest_route=\/wp\/v2\/posts"}],"about":[{"href":"https:\/\/uscatletica.ch\/wp\/index.php?rest_route=\/wp\/v2\/types\/post"}],"author":[{"embeddable":true,"href":"https:\/\/uscatletica.ch\/wp\/index.php?rest_route=\/wp\/v2\/users\/4"}],"replies":[{"embeddable":true,"href":"https:\/\/uscatletica.ch\/wp\/index.php?rest_route=%2Fwp%2Fv2%2Fcomments&post=18551"}],"version-history":[{"count":19,"href":"https:\/\/uscatletica.ch\/wp\/index.php?rest_route=\/wp\/v2\/posts\/18551\/revisions"}],"predecessor-version":[{"id":20416,"href":"https:\/\/uscatletica.ch\/wp\/index.php?rest_route=\/wp\/v2\/posts\/18551\/revisions\/20416"}],"wp:featuredmedia":[{"embeddable":true,"href":"https:\/\/uscatletica.ch\/wp\/index.php?rest_route=\/wp\/v2\/media\/18582"}],"wp:attachment":[{"href":"https:\/\/uscatletica.ch\/wp\/index.php?rest_route=%2Fwp%2Fv2%2Fmedia&parent=18551"}],"wp:term":[{"taxonomy":"category","embeddable":true,"href":"https:\/\/uscatletica.ch\/wp\/index.php?rest_route=%2Fwp%2Fv2%2Fcategories&post=18551"},{"taxonomy":"post_tag","embeddable":true,"href":"https:\/\/uscatletica.ch\/wp\/index.php?rest_route=%2Fwp%2Fv2%2Ftags&post=18551"}],"curies":[{"name":"wp","href":"https:\/\/api.w.org\/{rel}","templated":true}]}}