{"id":18644,"date":"2023-12-10T17:45:33","date_gmt":"2023-12-10T16:45:33","guid":{"rendered":"https:\/\/uscatletica.ch\/wp\/?p=18644"},"modified":"2023-12-11T17:09:17","modified_gmt":"2023-12-11T16:09:17","slug":"18644","status":"publish","type":"post","link":"https:\/\/uscatletica.ch\/wp\/?p=18644","title":{"rendered":"USC in evidenza a Rivera"},"content":{"rendered":"\n<p>In una mite giornata invernale il cross di Rivera, terza prova della Coppa Ticino di cross AET, ha riunito quasi 500 partecipanti al centro sportivo Quadrifoglio. Sul tortuoso e angusto percorso di 1 km erano una cinquantina le atlete e gli atleti USC al traguardo. Elia ha colto il terzo successo, mentre No\u00e9 e Nicole hanno ripetuto il successo di Tesserete. Lukas Oehen (GAB) e Giulia Salvad\u00e9 (Vigor) hanno vinto le gare principali mentre Siro Gentilini (GAB) vince il corto.\u00a0<\/p>\n<p><a href=\"https:\/\/www.endu.net\/it\/events\/cross-camignolo-ctc\/results\" target=\"_blank\" rel=\"noopener\">Risultati <\/a><\/p>\n<h2>Elia, No\u00e9, Nicole e Linda vincenti a Rivera<\/h2>\n<p>Nella gara finale sui 4 km, Lukas Oehen (GAB) coglie la prima vittoria stagionale battendo Tobia PezzatI (AM). Michele alle loro spalle coglie il secondo podio consecutivo precedendo Tommaso (4\u00b0), e Rocco (5\u00b0). Elia, con il settimo tempo assoluto, firma il terzo successo consecutivo tra gli M40, dove Alex \u00e8 quinto a poco dal podio. Tra gli M50 vince Enrico Cavadini e John sfiora il secondo rango per un solo secondo. Leonida (5\u00b0, M50) guida il gruppetto completato da Gionata (7\u00b0 M50), Guido (9\u00b0 M40) e Ralf (8\u00b0 M50). Tra gli M60 vince Marco Oberti (SAM). Matteo \u00e8 sesto davanti a Giancarlo. Nel corto vinto da Siro Gentilini, Rocco chiude ancora quinto.<\/p>\n<p>Nella gara femminile doppietta per le sorelle Salvad\u00e9 mentre tra le W50 Lara \u00e8 seconda in scia a Jeannette Bragagnolo con Patrizia di poco ai piedi del podio. Tra le W40 Jana \u00e8 terza. seguita da Ramona (7\u00b0).<\/p>\n<p>Tra gli U16, sui 2 km No\u00e9 va via subito e tiene a distanza i rivali per cogliere un secondo prezioso successo e la lotta in Coppa Ticino diventa tiratissima con tre atleti raccolti in una manciata di punti. Mattia in progressione si merita il nono rango, bene Martino (18\u00b0) come Olivia nella gara U18 svoltasi in contemporanea. Tra le U16 Amelie \u00e8 nona seguita da Dalia (19\u00b0).\u00a0<\/p>\n<p>Nicole vince per la seconda volta tra le U12, con Michelle bravissima a finire al quinto rango e Agata che finisce decima. Tra i ragazzi Remo sfiora la vittoria con il secondo rango; bravi Nicol\u00f2 (20\u00b0) e Jacopo (27\u00b0).\u00a0<\/p>\n<p>Negli U14 \u00e8 Dario che vede sfumare il podio in dirittura d&#8217;arrivo. Bravi Noah (14\u00b0) Sebastiano (32\u00b0) Giosu\u00e8 (34\u00b0). Anais \u00e8 settima tra le U14 dove Asia in costante crescita \u00e8 decima seguita da Viola (22\u00b0), Camilla A. (25\u00b0) e Lena (32\u00b0).\u00a0<\/p>\n<p>Nelle cucciole (U8) Linda \u00e8 la pi\u00f9 veloce con Zoe terza, Flora (12\u00b0), Lisa (15\u00b0) e Giulio (15\u00b0) tra i ragazzi. Tra gli U10 Lucio \u00e8 quarto. Benissimo anche Etienne (15\u00b0) e le tre U10 Irene (14\u00b0) Gaia (17\u00b0) e Alina (21\u00b0).\u00a0<\/p>\n<figure id=\"attachment_18652\" aria-describedby=\"caption-attachment-18652\" style=\"width: 290px\" class=\"wp-caption alignnone\"><a href=\"https:\/\/i0.wp.com\/uscatletica.ch\/wp\/wp-content\/uploads\/2023\/12\/RoccoF-Foto-EliSta.jpg?ssl=1\"><img data-recalc-dims=\"1\" loading=\"lazy\" decoding=\"async\" data-attachment-id=\"18652\" data-permalink=\"https:\/\/uscatletica.ch\/wp\/?attachment_id=18652\" data-orig-file=\"https:\/\/i0.wp.com\/uscatletica.ch\/wp\/wp-content\/uploads\/2023\/12\/RoccoF-Foto-EliSta.jpg?fit=567%2C586&amp;ssl=1\" data-orig-size=\"567,586\" data-comments-opened=\"0\" data-image-meta=\"{&quot;aperture&quot;:&quot;0&quot;,&quot;credit&quot;:&quot;Lenovo&quot;,&quot;camera&quot;:&quot;&quot;,&quot;caption&quot;:&quot;&quot;,&quot;created_timestamp&quot;:&quot;1702242472&quot;,&quot;copyright&quot;:&quot;&quot;,&quot;focal_length&quot;:&quot;0&quot;,&quot;iso&quot;:&quot;0&quot;,&quot;shutter_speed&quot;:&quot;0&quot;,&quot;title&quot;:&quot;&quot;,&quot;orientation&quot;:&quot;1&quot;}\" data-image-title=\"RoccoF-Foto EliSta\" data-image-description=\"\" data-image-caption=\"&lt;p&gt;Rocco Ferretti al cross USC 2023&lt;br \/&gt;\nFoto EliSta&lt;\/p&gt;\n\" data-large-file=\"https:\/\/i0.wp.com\/uscatletica.ch\/wp\/wp-content\/uploads\/2023\/12\/RoccoF-Foto-EliSta.jpg?fit=567%2C586&amp;ssl=1\" class=\"size-medium wp-image-18652\" src=\"https:\/\/i0.wp.com\/uscatletica.ch\/wp\/wp-content\/uploads\/2023\/12\/RoccoF-Foto-EliSta-290x300.jpg?resize=290%2C300&#038;ssl=1\" alt=\"\" width=\"290\" height=\"300\" srcset=\"https:\/\/i0.wp.com\/uscatletica.ch\/wp\/wp-content\/uploads\/2023\/12\/RoccoF-Foto-EliSta.jpg?resize=290%2C300&amp;ssl=1 290w, https:\/\/i0.wp.com\/uscatletica.ch\/wp\/wp-content\/uploads\/2023\/12\/RoccoF-Foto-EliSta.jpg?w=567&amp;ssl=1 567w\" sizes=\"auto, (max-width: 290px) 100vw, 290px\" \/><\/a><figcaption id=\"caption-attachment-18652\" class=\"wp-caption-text\">Rocco Ferretti al cross USC 2023<br \/>Foto EliSta<\/figcaption><\/figure>\n<p><blockquote class=\"wp-embedded-content\" data-secret=\"YSrJ8IQflT\"><a href=\"https:\/\/ftal.ch\/9410-2\/\">LUKAS OEHEN GUIDA LA CINQUINA GAB AL QUADRIFOGLIO<\/a><\/blockquote><iframe loading=\"lazy\" class=\"wp-embedded-content\" sandbox=\"allow-scripts\" security=\"restricted\" style=\"position: absolute; visibility: hidden;\" title=\"&#8220;LUKAS OEHEN GUIDA LA CINQUINA GAB AL QUADRIFOGLIO&#8221; &#8212; FTAL\" src=\"https:\/\/ftal.ch\/9410-2\/embed\/#?secret=Ho4C2nCoSS#?secret=YSrJ8IQflT\" data-secret=\"YSrJ8IQflT\" width=\"600\" height=\"338\" frameborder=\"0\" marginwidth=\"0\" marginheight=\"0\" scrolling=\"no\"><\/iframe><\/p>\n<p>\u00a0<\/p>\n<p>\u00a0<\/p>\n<h2><br \/><strong>Tutti i risultati USC di Rivera<\/strong><\/h2>\n<table style=\"width: 100%;\" border=\"0\" cellspacing=\"0\"><colgroup width=\"278\"><\/colgroup><colgroup width=\"123\"><\/colgroup><colgroup width=\"61\"><\/colgroup>\n<tbody>\n<tr>\n<td style=\"width: 9.52381%;\" align=\"right\" height=\"62\">1<\/td>\n<td style=\"width: 38.214286%;\" align=\"left\">PONGELLI NICOLE<\/td>\n<td style=\"width: 30.119047%;\" align=\"left\">04:02.30<br \/>&#8211;<\/td>\n<td style=\"width: 21.904762%;\" align=\"left\">1<br \/>U12W<\/td>\n<\/tr>\n<tr>\n<td style=\"width: 9.52381%;\" align=\"right\" height=\"62\">1<\/td>\n<td style=\"width: 38.214286%;\" align=\"left\">DOMENICONI LINDA<\/td>\n<td style=\"width: 30.119047%;\" align=\"left\">00:52.68<br \/>&#8211;<\/td>\n<td style=\"width: 21.904762%;\" align=\"left\">1<br \/>U8W<\/td>\n<\/tr>\n<tr>\n<td style=\"width: 9.52381%;\" align=\"right\" height=\"62\">1<\/td>\n<td style=\"width: 38.214286%;\" align=\"left\">VOLGER NO\u00c8<\/td>\n<td style=\"width: 30.119047%;\" align=\"left\">07:14.13<br \/>&#8211;<\/td>\n<td style=\"width: 21.904762%;\" align=\"left\">1<br \/>U16M<\/td>\n<\/tr>\n<tr>\n<td style=\"width: 9.52381%;\" align=\"right\" height=\"62\">1<\/td>\n<td style=\"width: 38.214286%;\" align=\"left\">STAMPANONI ELIA<\/td>\n<td style=\"width: 30.119047%;\" align=\"left\">14:11.38<br \/>+1:16.88<\/td>\n<td style=\"width: 21.904762%;\" align=\"left\">1<br \/>M40<\/td>\n<\/tr>\n<tr>\n<td style=\"width: 9.52381%;\" align=\"right\" height=\"62\">2<\/td>\n<td style=\"width: 38.214286%;\" align=\"left\">PETRINI REMO<\/td>\n<td style=\"width: 30.119047%;\" align=\"left\">03:52.66<br \/>+3.48<\/td>\n<td style=\"width: 21.904762%;\" align=\"left\">2<br \/>U12M<\/td>\n<\/tr>\n<tr>\n<td style=\"width: 9.52381%;\" align=\"right\" height=\"62\">2<\/td>\n<td style=\"width: 38.214286%;\" align=\"left\">ZAMBONI AMARO LARA<\/td>\n<td style=\"width: 30.119047%;\" align=\"left\">13:24.44<br \/>+2:50.41<\/td>\n<td style=\"width: 21.904762%;\" align=\"left\">2<br \/>W50<\/td>\n<\/tr>\n<tr>\n<td style=\"width: 9.52381%;\" align=\"right\" height=\"62\">3<\/td>\n<td style=\"width: 38.214286%;\" align=\"left\">PICCARDO ZOE<\/td>\n<td style=\"width: 30.119047%;\" align=\"left\">00:58.25<br \/>+5.56<\/td>\n<td style=\"width: 21.904762%;\" align=\"left\">3<br \/>U8W<\/td>\n<\/tr>\n<tr>\n<td style=\"width: 9.52381%;\" align=\"right\" height=\"62\">3<\/td>\n<td style=\"width: 38.214286%;\" align=\"left\">VICARI JANA<\/td>\n<td style=\"width: 30.119047%;\" align=\"left\">13:31.16<br \/>+2:57.12<\/td>\n<td style=\"width: 21.904762%;\" align=\"left\">3<br \/>W40<\/td>\n<\/tr>\n<tr>\n<td style=\"width: 9.52381%;\" align=\"right\" height=\"62\">3<\/td>\n<td style=\"width: 38.214286%;\" align=\"left\">LARDI MICHELE<\/td>\n<td style=\"width: 30.119047%;\" align=\"left\">13:40.10<br \/>+45.60<\/td>\n<td style=\"width: 21.904762%;\" align=\"left\">3<br \/>M<\/td>\n<\/tr>\n<tr>\n<td style=\"width: 9.52381%;\" align=\"right\" height=\"62\">3<\/td>\n<td style=\"width: 38.214286%;\" align=\"left\">BALDI JOHN<\/td>\n<td style=\"width: 30.119047%;\" align=\"left\">15:05.49<br \/>+2:10.99<\/td>\n<td style=\"width: 21.904762%;\" align=\"left\">3<br \/>M50<\/td>\n<\/tr>\n<tr>\n<td style=\"width: 9.52381%;\" align=\"right\" height=\"62\">4<\/td>\n<td style=\"width: 38.214286%;\" align=\"left\">FERRETTI LUCIO<\/td>\n<td style=\"width: 30.119047%;\" align=\"left\">01:56.91<br \/>+13.09<\/td>\n<td style=\"width: 21.904762%;\" align=\"left\">4<br \/>U10M<\/td>\n<\/tr>\n<tr>\n<td style=\"width: 9.52381%;\" align=\"right\" height=\"42\">4<\/td>\n<td style=\"width: 38.214286%;\" align=\"left\">MACCONI DARIO<\/td>\n<td style=\"width: 30.119047%;\" align=\"left\">05:47.92<br \/>+23.91<\/td>\n<td style=\"width: 21.904762%;\" align=\"left\">4<br \/>U14M<\/td>\n<\/tr>\n<tr>\n<td style=\"width: 9.52381%;\" align=\"right\" height=\"62\">4<\/td>\n<td style=\"width: 38.214286%;\" align=\"left\">BESOMI PATRIZIA<\/td>\n<td style=\"width: 30.119047%;\" align=\"left\">13:30.36<br \/>+2:56.32<\/td>\n<td style=\"width: 21.904762%;\" align=\"left\">4<br \/>W50<\/td>\n<\/tr>\n<tr>\n<td style=\"width: 9.52381%;\" align=\"right\" height=\"62\">4<\/td>\n<td style=\"width: 38.214286%;\" align=\"left\">BESOMI TOMMASO<\/td>\n<td style=\"width: 30.119047%;\" align=\"left\">14:07.66<br \/>+1:13.16<\/td>\n<td style=\"width: 21.904762%;\" align=\"left\">4<br \/>M<\/td>\n<\/tr>\n<tr>\n<td style=\"width: 9.52381%;\" align=\"right\" height=\"62\">5<\/td>\n<td style=\"width: 38.214286%;\" align=\"left\">BERNASCONI MICHELLE<\/td>\n<td style=\"width: 30.119047%;\" align=\"left\">04:19.70<br \/>+17.40<\/td>\n<td style=\"width: 21.904762%;\" align=\"left\">5<br \/>U12W<\/td>\n<\/tr>\n<tr>\n<td style=\"width: 9.52381%;\" align=\"right\" height=\"42\">5<\/td>\n<td style=\"width: 38.214286%;\" align=\"left\">FERRETTI ROCCO<\/td>\n<td style=\"width: 30.119047%;\" align=\"left\">06:43.35<br \/>+25.78<\/td>\n<td style=\"width: 21.904762%;\" align=\"left\">5<br \/>&#8212;<\/td>\n<\/tr>\n<tr>\n<td style=\"width: 9.52381%;\" align=\"right\" height=\"62\">5<\/td>\n<td style=\"width: 38.214286%;\" align=\"left\">FERRETTI ROCCO<\/td>\n<td style=\"width: 30.119047%;\" align=\"left\">14:22.90<br \/>+1:28.40<\/td>\n<td style=\"width: 21.904762%;\" align=\"left\">5<br \/>M<\/td>\n<\/tr>\n<tr>\n<td style=\"width: 9.52381%;\" align=\"right\" height=\"62\">5<\/td>\n<td style=\"width: 38.214286%;\" align=\"left\">DOMENICONI ALEX<\/td>\n<td style=\"width: 30.119047%;\" align=\"left\">14:57.99<br \/>+2:03.50<\/td>\n<td style=\"width: 21.904762%;\" align=\"left\">5<br \/>M40<\/td>\n<\/tr>\n<tr>\n<td style=\"width: 9.52381%;\" align=\"right\" height=\"62\">5<\/td>\n<td style=\"width: 38.214286%;\" align=\"left\">STAMPANONI LEONIDA<\/td>\n<td style=\"width: 30.119047%;\" align=\"left\">15:53.14<br \/>&#8211;<\/td>\n<td style=\"width: 21.904762%;\" align=\"left\">5<br \/>M50<\/td>\n<\/tr>\n<tr>\n<td style=\"width: 9.52381%;\" align=\"right\" height=\"42\">6<\/td>\n<td style=\"width: 38.214286%;\" align=\"left\">DOMENICONI RAMONA<\/td>\n<td style=\"width: 30.119047%;\" align=\"left\">15:06.14<br \/>+4:32.11<\/td>\n<td style=\"width: 21.904762%;\" align=\"left\">6<br \/>W40<\/td>\n<\/tr>\n<tr>\n<td style=\"width: 9.52381%;\" align=\"right\" height=\"42\">6<\/td>\n<td style=\"width: 38.214286%;\" align=\"left\">BESOMI MATTEO<\/td>\n<td style=\"width: 30.119047%;\" align=\"left\">18:49.20<br \/>+1:23.11<\/td>\n<td style=\"width: 21.904762%;\" align=\"left\">6<br \/>M60<\/td>\n<\/tr>\n<tr>\n<td style=\"width: 9.52381%;\" align=\"right\" height=\"42\">7<\/td>\n<td style=\"width: 38.214286%;\" align=\"left\">PIATTINI ANAIS<\/td>\n<td style=\"width: 30.119047%;\" align=\"left\">03:58.22<br \/>+16.32<\/td>\n<td style=\"width: 21.904762%;\" align=\"left\">7<br \/>U14W<\/td>\n<\/tr>\n<tr>\n<td style=\"width: 9.52381%;\" align=\"right\" height=\"42\">7<\/td>\n<td style=\"width: 38.214286%;\" align=\"left\">VOLGER GIONATA<\/td>\n<td style=\"width: 30.119047%;\" align=\"left\">16:00.89<br \/>+7.30<\/td>\n<td style=\"width: 21.904762%;\" align=\"left\">7<br \/>M50<\/td>\n<\/tr>\n<tr>\n<td style=\"width: 9.52381%;\" align=\"right\" height=\"42\">7<\/td>\n<td style=\"width: 38.214286%;\" align=\"left\">FRAQUELLI GIANCARLO<\/td>\n<td style=\"width: 30.119047%;\" align=\"left\">20:02.03<br \/>+2:35.94<\/td>\n<td style=\"width: 21.904762%;\" align=\"left\">7<br \/>M60<\/td>\n<\/tr>\n<tr>\n<td style=\"width: 9.52381%;\" align=\"right\" height=\"42\">8<\/td>\n<td style=\"width: 38.214286%;\" align=\"left\">MUREDDU RALF<\/td>\n<td style=\"width: 30.119047%;\" align=\"left\">16:08.68<\/td>\n<td style=\"width: 21.904762%;\" align=\"left\">8<br \/>M50<\/td>\n<\/tr>\n<tr>\n<td style=\"width: 9.52381%;\" align=\"right\" height=\"42\">9<\/td>\n<td style=\"width: 38.214286%;\" align=\"left\">ANDREOLI AMELIE<\/td>\n<td style=\"width: 30.119047%;\" align=\"left\">06:28.43<br \/>+50.85<\/td>\n<td style=\"width: 21.904762%;\" align=\"left\">9<br \/>U16W<\/td>\n<\/tr>\n<tr>\n<td style=\"width: 9.52381%;\" align=\"right\" height=\"42\">9<\/td>\n<td style=\"width: 38.214286%;\" align=\"left\">GIANOTTI MATTIA<\/td>\n<td style=\"width: 30.119047%;\" align=\"left\">08:03.05<br \/>+48.92<\/td>\n<td style=\"width: 21.904762%;\" align=\"left\">9<br \/>U16M<\/td>\n<\/tr>\n<tr>\n<td style=\"width: 9.52381%;\" align=\"right\" height=\"42\">9<\/td>\n<td style=\"width: 38.214286%;\" align=\"left\">MACCONI GUIDO<\/td>\n<td style=\"width: 30.119047%;\" align=\"left\">16:05.97<br \/>+12.38<\/td>\n<td style=\"width: 21.904762%;\" align=\"left\">9<br \/>M40<\/td>\n<\/tr>\n<tr>\n<td style=\"width: 9.52381%;\" align=\"right\" height=\"42\">10<\/td>\n<td style=\"width: 38.214286%;\" align=\"left\">MACCONI AGATA<\/td>\n<td style=\"width: 30.119047%;\" align=\"left\">04:34.79<br \/>+32.49<\/td>\n<td style=\"width: 21.904762%;\" align=\"left\">10<br \/>U12W<\/td>\n<\/tr>\n<tr>\n<td style=\"width: 9.52381%;\" align=\"right\" height=\"42\">10<\/td>\n<td style=\"width: 38.214286%;\" align=\"left\">CORTI ASIA<\/td>\n<td style=\"width: 30.119047%;\" align=\"left\">04:01.71<br \/>+19.81<\/td>\n<td style=\"width: 21.904762%;\" align=\"left\">10<br \/>U14W<\/td>\n<\/tr>\n<tr>\n<td style=\"width: 9.52381%;\" align=\"right\" height=\"42\">10<\/td>\n<td style=\"width: 38.214286%;\" align=\"left\">STAMPANONI OLIVIA<\/td>\n<td style=\"width: 30.119047%;\" align=\"left\">09:44.59<br \/>+2:30.46<\/td>\n<td style=\"width: 21.904762%;\" align=\"left\">10<br \/>U18W<\/td>\n<\/tr>\n<tr>\n<td style=\"width: 9.52381%;\" align=\"right\" height=\"42\">12<\/td>\n<td style=\"width: 38.214286%;\" align=\"left\">ZANETTI FLORA<\/td>\n<td style=\"width: 30.119047%;\" align=\"left\">01:06.39<br \/>+13.71<\/td>\n<td style=\"width: 21.904762%;\" align=\"left\">12<br \/>U8W<\/td>\n<\/tr>\n<tr>\n<td style=\"width: 9.52381%;\" align=\"right\" height=\"42\">14<\/td>\n<td style=\"width: 38.214286%;\" align=\"left\">PICCARDO IRENE<\/td>\n<td style=\"width: 30.119047%;\" align=\"left\">01:53.14<br \/>+17.26<\/td>\n<td style=\"width: 21.904762%;\" align=\"left\">14<br \/>U10W<\/td>\n<\/tr>\n<tr>\n<td style=\"width: 9.52381%;\" align=\"right\" height=\"42\">14<\/td>\n<td style=\"width: 38.214286%;\" align=\"left\">BADER NOAH<\/td>\n<td style=\"width: 30.119047%;\" align=\"left\">06:12.63<br \/>+48.62<\/td>\n<td style=\"width: 21.904762%;\" align=\"left\">14<br \/>U14M<\/td>\n<\/tr>\n<tr>\n<td style=\"width: 9.52381%;\" align=\"right\" height=\"42\">15<\/td>\n<td style=\"width: 38.214286%;\" align=\"left\">KONO ETIENNE<\/td>\n<td style=\"width: 30.119047%;\" align=\"left\">02:08.94<br \/>+25.12<\/td>\n<td style=\"width: 21.904762%;\" align=\"left\">15<br \/>U10M<\/td>\n<\/tr>\n<tr>\n<td style=\"width: 9.52381%;\" align=\"right\" height=\"42\">15<\/td>\n<td style=\"width: 38.214286%;\" align=\"left\">STAMPANONI LISA<\/td>\n<td style=\"width: 30.119047%;\" align=\"left\">01:11.32<br \/>+18.64<\/td>\n<td style=\"width: 21.904762%;\" align=\"left\">15<br \/>U8W<\/td>\n<\/tr>\n<tr>\n<td style=\"width: 9.52381%;\" align=\"right\" height=\"42\">15<\/td>\n<td style=\"width: 38.214286%;\" align=\"left\">FRIGERIO GIULIO<\/td>\n<td style=\"width: 30.119047%;\" align=\"left\">01:07.68<br \/>+16.97<\/td>\n<td style=\"width: 21.904762%;\" align=\"left\">15<br \/>U8M<\/td>\n<\/tr>\n<tr>\n<td style=\"width: 9.52381%;\" align=\"right\" height=\"62\">17<\/td>\n<td style=\"width: 38.214286%;\" align=\"left\">PELLEGRINI GAIA<\/td>\n<td style=\"width: 30.119047%;\" align=\"left\">01:56.18<br \/>+20.31<\/td>\n<td style=\"width: 21.904762%;\" align=\"left\">17<br \/>U10W<\/td>\n<\/tr>\n<tr>\n<td style=\"width: 9.52381%;\" align=\"right\" height=\"42\">18<\/td>\n<td style=\"width: 38.214286%;\" align=\"left\">AMARO MARTINO<\/td>\n<td style=\"width: 30.119047%;\" align=\"left\">08:32.62<br \/>+1:18.48<\/td>\n<td style=\"width: 21.904762%;\" align=\"left\">18<br \/>U16M<\/td>\n<\/tr>\n<tr>\n<td style=\"width: 9.52381%;\" align=\"right\" height=\"62\">19<\/td>\n<td style=\"width: 38.214286%;\" align=\"left\">CAISSUTTI DALIA<\/td>\n<td style=\"width: 30.119047%;\" align=\"left\">06:46.33<br \/>+1:08.75<\/td>\n<td style=\"width: 21.904762%;\" align=\"left\">19<br \/>U16W<\/td>\n<\/tr>\n<tr>\n<td style=\"width: 9.52381%;\" align=\"right\" height=\"62\">20<\/td>\n<td style=\"width: 38.214286%;\" align=\"left\">DOMENICONI NICOL\u00d2<\/td>\n<td style=\"width: 30.119047%;\" align=\"left\">04:26.25<br \/>+37.06<\/td>\n<td style=\"width: 21.904762%;\" align=\"left\">20<br \/>U12M<\/td>\n<\/tr>\n<tr>\n<td style=\"width: 9.52381%;\" align=\"right\" height=\"62\">21<\/td>\n<td style=\"width: 38.214286%;\" align=\"left\">STAMPANONI ALINA<\/td>\n<td style=\"width: 30.119047%;\" align=\"left\">02:05.28<br \/>+29.40<\/td>\n<td style=\"width: 21.904762%;\" align=\"left\">21<br \/>U10W<\/td>\n<\/tr>\n<tr>\n<td style=\"width: 9.52381%;\" align=\"right\" height=\"62\">22<\/td>\n<td style=\"width: 38.214286%;\" align=\"left\">GROPPI VIOLA<\/td>\n<td style=\"width: 30.119047%;\" align=\"left\">04:25.34<br \/>+43.44<\/td>\n<td style=\"width: 21.904762%;\" align=\"left\">22<br \/>U14W<\/td>\n<\/tr>\n<tr>\n<td style=\"width: 9.52381%;\" align=\"right\" height=\"62\">25<\/td>\n<td style=\"width: 38.214286%;\" align=\"left\">AMARO CAMILLA<\/td>\n<td style=\"width: 30.119047%;\" align=\"left\">04:27.89<br \/>+45.99<\/td>\n<td style=\"width: 21.904762%;\" align=\"left\">25<br \/>U14W<\/td>\n<\/tr>\n<tr>\n<td style=\"width: 9.52381%;\" align=\"right\" height=\"42\">27<\/td>\n<td style=\"width: 38.214286%;\" align=\"left\">VOLGER JACOPO<\/td>\n<td style=\"width: 30.119047%;\" align=\"left\">04:39.27<br \/>+50.0<\/td>\n<td style=\"width: 21.904762%;\" align=\"left\">27<br \/>U12M<\/td>\n<\/tr>\n<tr>\n<td style=\"width: 9.52381%;\" align=\"right\" height=\"62\">32<\/td>\n<td style=\"width: 38.214286%;\" align=\"left\">AMARO SEBASTIANO<\/td>\n<td style=\"width: 30.119047%;\" align=\"left\">06:40.26<br \/>+1:16.25<\/td>\n<td style=\"width: 21.904762%;\" align=\"left\">32<br \/>U14M<\/td>\n<\/tr>\n<tr>\n<td style=\"width: 9.52381%;\" align=\"right\" height=\"62\">34<\/td>\n<td style=\"width: 38.214286%;\" align=\"left\">CAISSUTTI GIOSU\u00c8<\/td>\n<td style=\"width: 30.119047%;\" align=\"left\">06:40.61<br \/>+1:16.60<\/td>\n<td style=\"width: 21.904762%;\" align=\"left\">34<br \/>U14M<\/td>\n<\/tr>\n<tr>\n<td style=\"width: 9.52381%;\" align=\"right\" height=\"62\">35<\/td>\n<td style=\"width: 38.214286%;\" align=\"left\">ALBISETTI LENA<\/td>\n<td style=\"width: 30.119047%;\" align=\"left\">04:43.11<br \/>+1:01.20<\/td>\n<td style=\"width: 21.904762%;\" align=\"left\">35<br \/>U14W<\/td>\n<\/tr>\n<\/tbody>\n<\/table>\n","protected":false},"excerpt":{"rendered":"<p>In una mite giornata invernale il cross di Rivera, terza prova della Coppa Ticino di cross AET, ha riunito quasi 500 partecipanti al centro sportivo Quadrifoglio. Sul tortuoso e angusto percorso di 1 km erano una cinquantina le atlete e gli atleti USC al traguardo. Elia ha colto il terzo successo, mentre No\u00e9 e Nicole hanno ripetuto il successo di Tesserete. Lukas Oehen (GAB) e Giulia Salvad\u00e9 (Vigor) hanno vinto le gare principali mentre Siro&#8230;<\/p>\n","protected":false},"author":4,"featured_media":18652,"comment_status":"closed","ping_status":"closed","sticky":false,"template":"","format":"standard","meta":{"jetpack_post_was_ever_published":false,"_jetpack_newsletter_access":"","_jetpack_dont_email_post_to_subs":false,"_jetpack_newsletter_tier_id":0,"_jetpack_memberships_contains_paywalled_content":false,"_jetpack_memberships_contains_paid_content":false,"footnotes":"","jetpack_publicize_message":"","jetpack_publicize_feature_enabled":true,"jetpack_social_post_already_shared":true,"jetpack_social_options":{"image_generator_settings":{"template":"highway","default_image_id":0,"font":"","enabled":false},"version":2}},"categories":[7,9],"tags":[],"class_list":["post-18644","post","type-post","status-publish","format-standard","has-post-thumbnail","hentry","category-cross","category-sport"],"jetpack_publicize_connections":[],"jetpack_featured_media_url":"https:\/\/i0.wp.com\/uscatletica.ch\/wp\/wp-content\/uploads\/2023\/12\/RoccoF-Foto-EliSta.jpg?fit=567%2C586&ssl=1","jetpack_sharing_enabled":true,"jetpack_shortlink":"https:\/\/wp.me\/s6V7Ck-18644","jetpack-related-posts":[{"id":3122,"url":"https:\/\/uscatletica.ch\/wp\/?p=3122","url_meta":{"origin":18644,"position":0},"title":"Cross Camignolo 2016 (Tutti i risultati)","author":"Stampa E","date":"26 Novembre 2016","format":false,"excerpt":"Buona prova d'assieme per l'USC al cross di Camignolo, prova valida per la Coppa Ticino di cross. Diverse le maglie capriaschesi che hanno affrontato il percorso dell'AS Monteceneri disegnato attorno alla sede delle scuole medie, dove \u00e8 tornato in gara anche Emanuele Neve tra gli attivi; gradito rientro il suo\u2026","rel":"","context":"In &quot;Cross&quot;","block_context":{"text":"Cross","link":"https:\/\/uscatletica.ch\/wp\/?cat=7"},"img":{"alt_text":"","src":"https:\/\/i0.wp.com\/uscatletica.ch\/wp\/wp-content\/uploads\/2016\/11\/Camignolo2016-1.jpg?fit=508%2C602&ssl=1&resize=350%2C200","width":350,"height":200},"classes":[]},{"id":9566,"url":"https:\/\/uscatletica.ch\/wp\/?p=9566","url_meta":{"origin":18644,"position":1},"title":"Coppa Ticino A Mendrisio  e Baslerstadtlauf","author":"Leonida Stampanoni","date":"28 Novembre 2019","format":false,"excerpt":"Nel fine settimana si correr\u00e0 a Mendrisio nel Parco Casvegno di Mendrisio la terza tappa della Coppa Ticino FTAL \u00a0Laube Greenkey. A partire dalle 10.30 si garegger\u00e0 sulle brevi distanze. Dopo le ottime due prove saranno ancora una cinquantina gli USCini al via con gi\u00e0 11 vittorie all'attivo per Lara,\u2026","rel":"","context":"In &quot;Cross&quot;","block_context":{"text":"Cross","link":"https:\/\/uscatletica.ch\/wp\/?cat=7"},"img":{"alt_text":"","src":"https:\/\/i0.wp.com\/uscatletica.ch\/wp\/wp-content\/uploads\/2017\/02\/esjsrd20170218.jpg?fit=640%2C426&ssl=1&resize=350%2C200","width":350,"height":200,"srcset":"https:\/\/i0.wp.com\/uscatletica.ch\/wp\/wp-content\/uploads\/2017\/02\/esjsrd20170218.jpg?fit=640%2C426&ssl=1&resize=350%2C200 1x, https:\/\/i0.wp.com\/uscatletica.ch\/wp\/wp-content\/uploads\/2017\/02\/esjsrd20170218.jpg?fit=640%2C426&ssl=1&resize=525%2C300 1.5x"},"classes":[]},{"id":9426,"url":"https:\/\/uscatletica.ch\/wp\/?p=9426","url_meta":{"origin":18644,"position":2},"title":"DONGIO OTTIMA PARTENZA USC SEI SUCCESSI ROBI BRAVISSIMO","author":"Leonida Stampanoni","date":"10 Novembre 2019","format":false,"excerpt":"La valle del Sole ha lanciato la stagione del giubileo del mezzo secolo della FTAL. Una quarantina gli USCini al via in una tiepida mattinata autunnale baciata dal sole. Grandi prestazioni per i nostri atleti alla prima uscita stagionale spiccano le sei vittorie ottenute Da Elia, Jonathan, Letizia, Giorgia, Lara,\u2026","rel":"","context":"In &quot;Cross&quot;","block_context":{"text":"Cross","link":"https:\/\/uscatletica.ch\/wp\/?cat=7"},"img":{"alt_text":"","src":"https:\/\/i0.wp.com\/uscatletica.ch\/wp\/wp-content\/uploads\/2018\/12\/ssitocrosspom2018caeniIris.jpg?fit=548%2C430&ssl=1&resize=350%2C200","width":350,"height":200,"srcset":"https:\/\/i0.wp.com\/uscatletica.ch\/wp\/wp-content\/uploads\/2018\/12\/ssitocrosspom2018caeniIris.jpg?fit=548%2C430&ssl=1&resize=350%2C200 1x, https:\/\/i0.wp.com\/uscatletica.ch\/wp\/wp-content\/uploads\/2018\/12\/ssitocrosspom2018caeniIris.jpg?fit=548%2C430&ssl=1&resize=525%2C300 1.5x"},"classes":[]},{"id":9725,"url":"https:\/\/uscatletica.ch\/wp\/?p=9725","url_meta":{"origin":18644,"position":3},"title":"LA Coppa Ticino Riparte da Gordola","author":"Leonida Stampanoni","date":"10 Gennaio 2020","format":false,"excerpt":"Sabato il cross di Gordola aprir\u00e0 la seconda fase della Coppa Ticino di cross FTAL Laube Greenkey.Il 2020 sar\u00e0 l'anno del mezzo secolo della nostra federazione di atletica. Nella prima parte di stagione i nostri atleti si sono battuti alla grande, se a livello di partecipazioni si nota un lieve\u2026","rel":"","context":"In &quot;Cross&quot;","block_context":{"text":"Cross","link":"https:\/\/uscatletica.ch\/wp\/?cat=7"},"img":{"alt_text":"","src":"https:\/\/i0.wp.com\/uscatletica.ch\/wp\/wp-content\/uploads\/2019\/12\/20191214staru14.jpeg?fit=421%2C316&ssl=1&resize=350%2C200","width":350,"height":200},"classes":[]},{"id":18492,"url":"https:\/\/uscatletica.ch\/wp\/?p=18492","url_meta":{"origin":18644,"position":4},"title":"Elia e Jonathan vincono a Dongio","author":"Leonida Stampanoni","date":"11 Novembre 2023","format":false,"excerpt":"Un calda giornata autunnale ha lanciato la stagione 2023-24 di cross. A Dongio sul rinnovato tracciato in zona Boscero erano 32 gli USCini che hanno ottenuto il pingue bottino di due Vittorie (Elia e Jonathan) ed ulteriori 5 podi Anais, Nicole, Jana, Alex, John Noah. \u00a0Ai piedi del podio Michele,\u2026","rel":"","context":"In &quot;Cross&quot;","block_context":{"text":"Cross","link":"https:\/\/uscatletica.ch\/wp\/?cat=7"},"img":{"alt_text":"","src":"https:\/\/i0.wp.com\/uscatletica.ch\/wp\/wp-content\/uploads\/2023\/03\/U14230305.jpg?fit=432%2C324&ssl=1&resize=350%2C200","width":350,"height":200},"classes":[]},{"id":14166,"url":"https:\/\/uscatletica.ch\/wp\/?p=14166","url_meta":{"origin":18644,"position":5},"title":"CROSS LA COPPA RIPARTE DALLE SEMINE DI BELLINZONA","author":"Leonida Stampanoni","date":"15 Gennaio 2022","format":false,"excerpt":"Il primo appuntamento agonistico dell'anno sar\u00e0 domenica il cross di Bellinzona che la FTAL organizzer\u00e0 ai prati delle Semine su di un veloce circuito di 1km e distanze corte , formula che pur raccogliendo un'ottima partecipazione snatura l'essenza della specialit\u00e0. Una sessantina le iscrizioni per l'USC. La prima parte di\u2026","rel":"","context":"In &quot;Cross&quot;","block_context":{"text":"Cross","link":"https:\/\/uscatletica.ch\/wp\/?cat=7"},"img":{"alt_text":"","src":"https:\/\/i0.wp.com\/uscatletica.ch\/wp\/wp-content\/uploads\/2021\/10\/P1150209.jpeg?fit=432%2C324&ssl=1&resize=350%2C200","width":350,"height":200},"classes":[]}],"_links":{"self":[{"href":"https:\/\/uscatletica.ch\/wp\/index.php?rest_route=\/wp\/v2\/posts\/18644","targetHints":{"allow":["GET"]}}],"collection":[{"href":"https:\/\/uscatletica.ch\/wp\/index.php?rest_route=\/wp\/v2\/posts"}],"about":[{"href":"https:\/\/uscatletica.ch\/wp\/index.php?rest_route=\/wp\/v2\/types\/post"}],"author":[{"embeddable":true,"href":"https:\/\/uscatletica.ch\/wp\/index.php?rest_route=\/wp\/v2\/users\/4"}],"replies":[{"embeddable":true,"href":"https:\/\/uscatletica.ch\/wp\/index.php?rest_route=%2Fwp%2Fv2%2Fcomments&post=18644"}],"version-history":[{"count":15,"href":"https:\/\/uscatletica.ch\/wp\/index.php?rest_route=\/wp\/v2\/posts\/18644\/revisions"}],"predecessor-version":[{"id":20417,"href":"https:\/\/uscatletica.ch\/wp\/index.php?rest_route=\/wp\/v2\/posts\/18644\/revisions\/20417"}],"wp:featuredmedia":[{"embeddable":true,"href":"https:\/\/uscatletica.ch\/wp\/index.php?rest_route=\/wp\/v2\/media\/18652"}],"wp:attachment":[{"href":"https:\/\/uscatletica.ch\/wp\/index.php?rest_route=%2Fwp%2Fv2%2Fmedia&parent=18644"}],"wp:term":[{"taxonomy":"category","embeddable":true,"href":"https:\/\/uscatletica.ch\/wp\/index.php?rest_route=%2Fwp%2Fv2%2Fcategories&post=18644"},{"taxonomy":"post_tag","embeddable":true,"href":"https:\/\/uscatletica.ch\/wp\/index.php?rest_route=%2Fwp%2Fv2%2Ftags&post=18644"}],"curies":[{"name":"wp","href":"https:\/\/api.w.org\/{rel}","templated":true}]}}