{"id":18679,"date":"2023-12-23T07:22:41","date_gmt":"2023-12-23T06:22:41","guid":{"rendered":"https:\/\/uscatletica.ch\/wp\/?p=18679"},"modified":"2023-12-24T09:20:53","modified_gmt":"2023-12-24T08:20:53","slug":"buone-feste","status":"publish","type":"post","link":"https:\/\/uscatletica.ch\/wp\/?p=18679","title":{"rendered":"Buone feste"},"content":{"rendered":"\n<p>\u00a0<img data-recalc-dims=\"1\" loading=\"lazy\" decoding=\"async\" data-attachment-id=\"18681\" data-permalink=\"https:\/\/uscatletica.ch\/wp\/?attachment_id=18681\" data-orig-file=\"https:\/\/i0.wp.com\/uscatletica.ch\/wp\/wp-content\/uploads\/2023\/12\/20231223.jpg?fit=370%2C536&amp;ssl=1\" data-orig-size=\"370,536\" data-comments-opened=\"0\" data-image-meta=\"{&quot;aperture&quot;:&quot;0&quot;,&quot;credit&quot;:&quot;&quot;,&quot;camera&quot;:&quot;&quot;,&quot;caption&quot;:&quot;&quot;,&quot;created_timestamp&quot;:&quot;0&quot;,&quot;copyright&quot;:&quot;&quot;,&quot;focal_length&quot;:&quot;0&quot;,&quot;iso&quot;:&quot;0&quot;,&quot;shutter_speed&quot;:&quot;0&quot;,&quot;title&quot;:&quot;&quot;,&quot;orientation&quot;:&quot;0&quot;}\" data-image-title=\"20231223\" data-image-description=\"\" data-image-caption=\"\" data-large-file=\"https:\/\/i0.wp.com\/uscatletica.ch\/wp\/wp-content\/uploads\/2023\/12\/20231223.jpg?fit=370%2C536&amp;ssl=1\" class=\"alignnone size-full wp-image-18681\" src=\"https:\/\/i0.wp.com\/uscatletica.ch\/wp\/wp-content\/uploads\/2023\/12\/20231223.jpg?resize=370%2C536&#038;ssl=1\" alt=\"\" width=\"370\" height=\"536\" srcset=\"https:\/\/i0.wp.com\/uscatletica.ch\/wp\/wp-content\/uploads\/2023\/12\/20231223.jpg?w=370&amp;ssl=1 370w, https:\/\/i0.wp.com\/uscatletica.ch\/wp\/wp-content\/uploads\/2023\/12\/20231223.jpg?resize=207%2C300&amp;ssl=1 207w\" sizes=\"auto, (max-width: 370px) 100vw, 370px\" \/><\/p>\n","protected":false},"excerpt":{"rendered":"<p>\u00a0<\/p>\n","protected":false},"author":4,"featured_media":18681,"comment_status":"closed","ping_status":"closed","sticky":false,"template":"","format":"standard","meta":{"jetpack_post_was_ever_published":false,"_jetpack_newsletter_access":"","_jetpack_dont_email_post_to_subs":false,"_jetpack_newsletter_tier_id":0,"_jetpack_memberships_contains_paywalled_content":false,"_jetpack_memberships_contains_paid_content":false,"footnotes":"","jetpack_publicize_message":"","jetpack_publicize_feature_enabled":true,"jetpack_social_post_already_shared":true,"jetpack_social_options":{"image_generator_settings":{"template":"highway","default_image_id":0,"font":"","enabled":false},"version":2}},"categories":[12,10,9],"tags":[],"class_list":["post-18679","post","type-post","status-publish","format-standard","has-post-thumbnail","hentry","category-nostregare","category-info","category-sport"],"jetpack_publicize_connections":[],"jetpack_featured_media_url":"https:\/\/i0.wp.com\/uscatletica.ch\/wp\/wp-content\/uploads\/2023\/12\/20231223.jpg?fit=370%2C536&ssl=1","jetpack_sharing_enabled":true,"jetpack_shortlink":"https:\/\/wp.me\/p6V7Ck-4Rh","jetpack-related-posts":[{"id":20445,"url":"https:\/\/uscatletica.ch\/wp\/?p=20445","url_meta":{"origin":18679,"position":0},"title":"BUONE FESTE USC 26.01.2025","author":"Leonida Stampanoni","date":"18 Dicembre 2024","format":false,"excerpt":"L' BuonAnnoUSC2025","rel":"","context":"In &quot;I nostri appuntamenti&quot;","block_context":{"text":"I nostri appuntamenti","link":"https:\/\/uscatletica.ch\/wp\/?cat=12"},"img":{"alt_text":"","src":"https:\/\/i0.wp.com\/uscatletica.ch\/wp\/wp-content\/uploads\/2016\/12\/serenefestivita17.jpg?fit=564%2C423&ssl=1&resize=350%2C200","width":350,"height":200,"srcset":"https:\/\/i0.wp.com\/uscatletica.ch\/wp\/wp-content\/uploads\/2016\/12\/serenefestivita17.jpg?fit=564%2C423&ssl=1&resize=350%2C200 1x, https:\/\/i0.wp.com\/uscatletica.ch\/wp\/wp-content\/uploads\/2016\/12\/serenefestivita17.jpg?fit=564%2C423&ssl=1&resize=525%2C300 1.5x"},"classes":[]},{"id":14137,"url":"https:\/\/uscatletica.ch\/wp\/?p=14137","url_meta":{"origin":18679,"position":1},"title":"Calendario ASTi 2022, le gare USC","author":"Stampa E","date":"23 Dicembre 2021","format":false,"excerpt":"Il calendario ASTi 2022 \u00e8 in fase di rifinitura \u00e8, con diverse novit\u00e0, sar\u00e0 presto visibile per intero qui. Segnaliamo gi\u00e0 sin d'ora le gare USC in programma nel 2022: 27 marzo, Staffetta Capriaschese, TAS 9 aprile, Cronoascesa al Bigorio, CMSV 7 maggio, Tesserete-Gola di Lago, CMSV\u00a0\u00a0\u00a0 21 settembre, 1000\u2026","rel":"","context":"In &quot;I nostri appuntamenti&quot;","block_context":{"text":"I nostri appuntamenti","link":"https:\/\/uscatletica.ch\/wp\/?cat=12"},"img":{"alt_text":"","src":"https:\/\/i0.wp.com\/uscatletica.ch\/wp\/wp-content\/uploads\/2021\/12\/CalASTi2022.jpg?fit=889%2C657&ssl=1&resize=350%2C200","width":350,"height":200,"srcset":"https:\/\/i0.wp.com\/uscatletica.ch\/wp\/wp-content\/uploads\/2021\/12\/CalASTi2022.jpg?fit=889%2C657&ssl=1&resize=350%2C200 1x, https:\/\/i0.wp.com\/uscatletica.ch\/wp\/wp-content\/uploads\/2021\/12\/CalASTi2022.jpg?fit=889%2C657&ssl=1&resize=525%2C300 1.5x, https:\/\/i0.wp.com\/uscatletica.ch\/wp\/wp-content\/uploads\/2021\/12\/CalASTi2022.jpg?fit=889%2C657&ssl=1&resize=700%2C400 2x"},"classes":[]},{"id":21586,"url":"https:\/\/uscatletica.ch\/wp\/?p=21586","url_meta":{"origin":18679,"position":2},"title":"BUON SALTO NEL 2026","author":"Leonida Stampanoni","date":"31 Dicembre 2025","format":false,"excerpt":"L'UNIONE SPORTIVA CAPRIASCHESE AUGURA A TUTTI UN SERENO E SORPRENDENTE PERIODO DELLE FESTE \u00a0ED UNO SPUMEGGIANTE SALTO NEL 2026","rel":"","context":"In &quot;Altro&quot;","block_context":{"text":"Altro","link":"https:\/\/uscatletica.ch\/wp\/?cat=11"},"img":{"alt_text":"","src":"https:\/\/i0.wp.com\/uscatletica.ch\/wp\/wp-content\/uploads\/2016\/12\/serenefestivita17.jpg?fit=564%2C423&ssl=1&resize=350%2C200","width":350,"height":200,"srcset":"https:\/\/i0.wp.com\/uscatletica.ch\/wp\/wp-content\/uploads\/2016\/12\/serenefestivita17.jpg?fit=564%2C423&ssl=1&resize=350%2C200 1x, https:\/\/i0.wp.com\/uscatletica.ch\/wp\/wp-content\/uploads\/2016\/12\/serenefestivita17.jpg?fit=564%2C423&ssl=1&resize=525%2C300 1.5x"},"classes":[]},{"id":21478,"url":"https:\/\/uscatletica.ch\/wp\/?p=21478","url_meta":{"origin":18679,"position":3},"title":"CASTAGNATA USC A CASTENSAGO","author":"Leonida Stampanoni","date":"23 Ottobre 2025","format":false,"excerpt":"\u00a0 CASTAGNATA USC 2025 In caso di brutto tempo la castagnata non si terr\u00e0 \u00a0 RITROVO ARENA SPORTIVA CAPRIASCA A TESSERETE SABATO 25 OTTOBRE 2025 ALLE ORE 13.30 PARTENZA VERSO CASTENSAGO (LELGIO) A PIEDI TUTTI INSIEME Per l\u2019organizzazione e sapere quante castagne preparare, vi preghiamo di \u00a0 , indicando il\u2026","rel":"","context":"In &quot;Altro&quot;","block_context":{"text":"Altro","link":"https:\/\/uscatletica.ch\/wp\/?cat=11"},"img":{"alt_text":"","src":"https:\/\/i0.wp.com\/uscatletica.ch\/wp\/wp-content\/uploads\/2025\/10\/castagnata2025usc.jpg?fit=595%2C841&ssl=1&resize=350%2C200","width":350,"height":200,"srcset":"https:\/\/i0.wp.com\/uscatletica.ch\/wp\/wp-content\/uploads\/2025\/10\/castagnata2025usc.jpg?fit=595%2C841&ssl=1&resize=350%2C200 1x, https:\/\/i0.wp.com\/uscatletica.ch\/wp\/wp-content\/uploads\/2025\/10\/castagnata2025usc.jpg?fit=595%2C841&ssl=1&resize=525%2C300 1.5x"},"classes":[]},{"id":6989,"url":"https:\/\/uscatletica.ch\/wp\/?p=6989","url_meta":{"origin":18679,"position":4},"title":"CORSA DA NATAL USCINI VELOCI","author":"Leonida Stampanoni","date":"24 Dicembre 2018","format":false,"excerpt":"La corsa da Natal ha chiuso un'ottimo 2018 per l'USC Capriaschese sul lungolago di Ascona erano 560 gli atleti una quindicina gli USCini al via due vittorie e tre podi. Hassan ha vinto la gara elite mentre Jennis \u00e8 stata la migliore delle U12. Podi per Roby Elia, Lea le\u2026","rel":"","context":"In &quot;Podismo&quot;","block_context":{"text":"Podismo","link":"https:\/\/uscatletica.ch\/wp\/?cat=5"},"img":{"alt_text":"","src":"https:\/\/i0.wp.com\/uscatletica.ch\/wp\/wp-content\/uploads\/2017\/12\/robadricnatal17.jpg?fit=529%2C365&ssl=1&resize=350%2C200","width":350,"height":200,"srcset":"https:\/\/i0.wp.com\/uscatletica.ch\/wp\/wp-content\/uploads\/2017\/12\/robadricnatal17.jpg?fit=529%2C365&ssl=1&resize=350%2C200 1x, https:\/\/i0.wp.com\/uscatletica.ch\/wp\/wp-content\/uploads\/2017\/12\/robadricnatal17.jpg?fit=529%2C365&ssl=1&resize=525%2C300 1.5x"},"classes":[]},{"id":17080,"url":"https:\/\/uscatletica.ch\/wp\/?p=17080","url_meta":{"origin":18679,"position":5},"title":"K4 della Croce e Gola di Lago","author":"Stampa E","date":"24 Aprile 2023","format":false,"excerpt":"Ricordiamo l'appuntamento con la settimana della corsa in Capriasca, promossa dal Dicastero cultura, eventi, sport e turismo del Comune di Capriasca.Per i domiciliati in Capriasca e tutti gli U20 l\u2019iscrizione alla Tesserete \u2013 Gola di Lago del 6 maggio e alla alla K4 Vertical della Croce del 1\u00b0 maggio \u00e8\u2026","rel":"","context":"In &quot;I nostri appuntamenti&quot;","block_context":{"text":"I nostri appuntamenti","link":"https:\/\/uscatletica.ch\/wp\/?cat=12"},"img":{"alt_text":"","src":"https:\/\/i0.wp.com\/uscatletica.ch\/wp\/wp-content\/uploads\/2021\/06\/Croce.jpg?fit=353%2C470&ssl=1&resize=350%2C200","width":350,"height":200},"classes":[]}],"_links":{"self":[{"href":"https:\/\/uscatletica.ch\/wp\/index.php?rest_route=\/wp\/v2\/posts\/18679","targetHints":{"allow":["GET"]}}],"collection":[{"href":"https:\/\/uscatletica.ch\/wp\/index.php?rest_route=\/wp\/v2\/posts"}],"about":[{"href":"https:\/\/uscatletica.ch\/wp\/index.php?rest_route=\/wp\/v2\/types\/post"}],"author":[{"embeddable":true,"href":"https:\/\/uscatletica.ch\/wp\/index.php?rest_route=\/wp\/v2\/users\/4"}],"replies":[{"embeddable":true,"href":"https:\/\/uscatletica.ch\/wp\/index.php?rest_route=%2Fwp%2Fv2%2Fcomments&post=18679"}],"version-history":[{"count":2,"href":"https:\/\/uscatletica.ch\/wp\/index.php?rest_route=\/wp\/v2\/posts\/18679\/revisions"}],"predecessor-version":[{"id":18684,"href":"https:\/\/uscatletica.ch\/wp\/index.php?rest_route=\/wp\/v2\/posts\/18679\/revisions\/18684"}],"wp:featuredmedia":[{"embeddable":true,"href":"https:\/\/uscatletica.ch\/wp\/index.php?rest_route=\/wp\/v2\/media\/18681"}],"wp:attachment":[{"href":"https:\/\/uscatletica.ch\/wp\/index.php?rest_route=%2Fwp%2Fv2%2Fmedia&parent=18679"}],"wp:term":[{"taxonomy":"category","embeddable":true,"href":"https:\/\/uscatletica.ch\/wp\/index.php?rest_route=%2Fwp%2Fv2%2Fcategories&post=18679"},{"taxonomy":"post_tag","embeddable":true,"href":"https:\/\/uscatletica.ch\/wp\/index.php?rest_route=%2Fwp%2Fv2%2Ftags&post=18679"}],"curies":[{"name":"wp","href":"https:\/\/api.w.org\/{rel}","templated":true}]}}