{"id":18739,"date":"2024-01-12T17:22:00","date_gmt":"2024-01-12T16:22:00","guid":{"rendered":"https:\/\/uscatletica.ch\/wp\/?p=18739"},"modified":"2024-01-12T09:28:33","modified_gmt":"2024-01-12T08:28:33","slug":"da-san-martino-a-valencia-uscini-in-partenza","status":"publish","type":"post","link":"https:\/\/uscatletica.ch\/wp\/?p=18739","title":{"rendered":"DA SAN MARTINO A VALENCIA USCINI IN PARTENZA"},"content":{"rendered":"\n<p>Sabato toccher\u00e0 all&#8217;UBS KIDS CUP Team di Biasca aprire il 2024 agonistico della FTAL \u00a0ma l&#8217;USC sar\u00e0 domenica che vivr\u00e0 una giornata intensa. La prima edizione del Cross Vigor San Martino Memorial Andrea Salvad\u00e9 lancer\u00e0 la seconda parte della coppa Ticino di cross 2024. In coppa Michele , Elia, John e Nicole guidano la classifica. No\u00e9 \u00e8 secondo ad un sol punto dalla vetta.\u00a0<\/p>\n<p>Domenica Roberto Marco e Tiziano reduci da un campo di allenamento saranno al via della<a href=\"https:\/\/10kvalencia.com\/sigue-en-directo-el-10k-valencia-ibercaja\/\" target=\"_blank\" rel=\"noopener\"> 10 km pi\u00f9 veloce al mondo a Valencia.<\/a>\u00a0<\/p>\n<p><a href=\"https:\/\/www.endu.net\/it\/events\/cross-sa-n-martino-ctc\/results\" target=\"_blank\" rel=\"noopener\">Risultati Live da Mendrisio <\/a><\/p>\n<p>\u00a0<\/p>\n<p><span class=\"embed-youtube\" style=\"text-align:center; display: block;\"><iframe loading=\"lazy\" class=\"youtube-player\" width=\"640\" height=\"360\" src=\"https:\/\/www.youtube.com\/embed\/YnZ-I0zTisg?version=3&#038;rel=1&#038;showsearch=0&#038;showinfo=1&#038;iv_load_policy=1&#038;fs=1&#038;hl=it-IT&#038;autohide=2&#038;wmode=transparent\" allowfullscreen=\"true\" style=\"border:0;\" sandbox=\"allow-scripts allow-same-origin allow-popups allow-presentation allow-popups-to-escape-sandbox\"><\/iframe><\/span><\/p>\n\n\n\n<p><blockquote class=\"wp-embedded-content\" data-secret=\"fWTvrRSNey\"><a href=\"https:\/\/ftal.ch\/9497-2\/\">A SAN MARTINO RIPARTE CON LA COPPA PER PUNTARE AI CAMPIONATI SVIZZERI<\/a><\/blockquote><iframe loading=\"lazy\" class=\"wp-embedded-content\" sandbox=\"allow-scripts\" security=\"restricted\" style=\"position: absolute; clip: rect(1px, 1px, 1px, 1px);\" title=\"&#8220;A SAN MARTINO RIPARTE CON LA COPPA PER PUNTARE AI CAMPIONATI SVIZZERI&#8221; &#8212; FTAL\" src=\"https:\/\/ftal.ch\/9497-2\/embed\/#?secret=xhHf87HutZ#?secret=fWTvrRSNey\" data-secret=\"fWTvrRSNey\" width=\"600\" height=\"338\" frameborder=\"0\" marginwidth=\"0\" marginheight=\"0\" scrolling=\"no\"><\/iframe><\/p>\n<p>\u00a0<\/p>\n","protected":false},"excerpt":{"rendered":"<p>Sabato toccher\u00e0 all&#8217;UBS KIDS CUP Team di Biasca aprire il 2024 agonistico della FTAL \u00a0ma l&#8217;USC sar\u00e0 domenica che vivr\u00e0 una giornata intensa. La prima edizione del Cross Vigor San Martino Memorial Andrea Salvad\u00e9 lancer\u00e0 la seconda parte della coppa Ticino di cross 2024. In coppa Michele , Elia, John e Nicole guidano la classifica. No\u00e9 \u00e8 secondo ad un sol punto dalla vetta.\u00a0 Domenica Roberto Marco e Tiziano reduci da un campo di allenamento&#8230;<\/p>\n","protected":false},"author":4,"featured_media":18652,"comment_status":"closed","ping_status":"closed","sticky":false,"template":"","format":"standard","meta":{"jetpack_post_was_ever_published":false,"_jetpack_newsletter_access":"","_jetpack_dont_email_post_to_subs":false,"_jetpack_newsletter_tier_id":0,"_jetpack_memberships_contains_paywalled_content":false,"_jetpack_memberships_contains_paid_content":false,"footnotes":"","jetpack_publicize_message":"","jetpack_publicize_feature_enabled":true,"jetpack_social_post_already_shared":true,"jetpack_social_options":{"image_generator_settings":{"template":"highway","default_image_id":0,"font":"","enabled":false},"version":2}},"categories":[7,5,9],"tags":[],"class_list":["post-18739","post","type-post","status-publish","format-standard","has-post-thumbnail","hentry","category-cross","category-podismo","category-sport"],"jetpack_publicize_connections":[],"jetpack_featured_media_url":"https:\/\/i0.wp.com\/uscatletica.ch\/wp\/wp-content\/uploads\/2023\/12\/RoccoF-Foto-EliSta.jpg?fit=567%2C586&ssl=1","jetpack_sharing_enabled":true,"jetpack_shortlink":"https:\/\/wp.me\/p6V7Ck-4Sf","jetpack-related-posts":[{"id":20351,"url":"https:\/\/uscatletica.ch\/wp\/?p=20351","url_meta":{"origin":18739,"position":0},"title":"La Coppa Ticino riparte dal nuovo Cross di Dongio","author":"Leonida Stampanoni","date":"9 Novembre 2024","format":false,"excerpt":"La stagione 2024-2025 di corsa campestre partir\u00e0 domenica sui prati di Dongio. La Coppa Ticino di cross FTAL AET debutter\u00e0 sul nuovo circuito disegnato dalla GAD nei campi a nord del centro sportivo. Il circuito cantonale che si articoler\u00e0 su sette tappe proseguir\u00e0 domenica 24 con il cross Capriaschese .\u2026","rel":"","context":"In &quot;Cross&quot;","block_context":{"text":"Cross","link":"https:\/\/uscatletica.ch\/wp\/?cat=7"},"img":{"alt_text":"","src":"https:\/\/i0.wp.com\/uscatletica.ch\/wp\/wp-content\/uploads\/2016\/11\/P1380227.jpg?fit=563%2C422&ssl=1&resize=350%2C200","width":350,"height":200,"srcset":"https:\/\/i0.wp.com\/uscatletica.ch\/wp\/wp-content\/uploads\/2016\/11\/P1380227.jpg?fit=563%2C422&ssl=1&resize=350%2C200 1x, https:\/\/i0.wp.com\/uscatletica.ch\/wp\/wp-content\/uploads\/2016\/11\/P1380227.jpg?fit=563%2C422&ssl=1&resize=525%2C300 1.5x"},"classes":[]},{"id":20454,"url":"https:\/\/uscatletica.ch\/wp\/?p=20454","url_meta":{"origin":18739,"position":1},"title":"COPPA TICINO DI CROSS ELIA AD UN PASSO DALLA VITTORIA","author":"Leonida Stampanoni","date":"20 Dicembre 2024","format":false,"excerpt":"L'edizione 2025 della coppa Ticino di cross ha gi\u00e0 virato la boa di met\u00e0 stagione. L'USC ha segnato le prime quattro tappe con diverse vittorie e podi a ripetizione. Elia chiude il 2024 imbattuto \u00a0con lui hanno vinto Jonathan, Ralf, Martina. Regolarmente a podio Alex, Nicole, Jana, Patrizia, Mattia, Selina.\u2026","rel":"","context":"In &quot;Cross&quot;","block_context":{"text":"Cross","link":"https:\/\/uscatletica.ch\/wp\/?cat=7"},"img":{"alt_text":"","src":"https:\/\/i0.wp.com\/uscatletica.ch\/wp\/wp-content\/uploads\/2015\/12\/P1360515.jpg?fit=563%2C422&ssl=1&resize=350%2C200","width":350,"height":200,"srcset":"https:\/\/i0.wp.com\/uscatletica.ch\/wp\/wp-content\/uploads\/2015\/12\/P1360515.jpg?fit=563%2C422&ssl=1&resize=350%2C200 1x, https:\/\/i0.wp.com\/uscatletica.ch\/wp\/wp-content\/uploads\/2015\/12\/P1360515.jpg?fit=563%2C422&ssl=1&resize=525%2C300 1.5x"},"classes":[]},{"id":18932,"url":"https:\/\/uscatletica.ch\/wp\/?p=18932","url_meta":{"origin":18739,"position":2},"title":"Una bella squadra USC ai Campionati Svizzeri di cross a Moghegno","author":"Leonida Stampanoni","date":"29 Febbraio 2024","format":false,"excerpt":"A 16 anni di distanza dai campionati svizzeri di cross di Tenero, dove l'USC raggiunse il secondo posto a squadre nella categoria Elite, la massima rassegna nazionale torna in Ticino. Sabato a Moghegno l'USC sar\u00e0 presente in forze come da tradizione. Una trentina di atlete ed atlete USC saranno al\u2026","rel":"","context":"In &quot;Cross&quot;","block_context":{"text":"Cross","link":"https:\/\/uscatletica.ch\/wp\/?cat=7"},"img":{"alt_text":"","src":"https:\/\/i0.wp.com\/uscatletica.ch\/wp\/wp-content\/uploads\/2015\/09\/squadraacoteias.jpg?fit=456%2C360&ssl=1&resize=350%2C200","width":350,"height":200},"classes":[]},{"id":16425,"url":"https:\/\/uscatletica.ch\/wp\/?p=16425","url_meta":{"origin":18739,"position":3},"title":"La stagione dei cross parte da Dongio","author":"Leonida Stampanoni","date":"12 Novembre 2022","format":false,"excerpt":"Domenica saranno una quarantina gli atleti USC al via della prima prova della coppa Ticino di cross FTAL AET che si svolger\u00e0 sui prati di Dongio. Nelle ultime 10 stagione l'USC ha sempre vinto la classifica per societ\u00e0, la sfida si rinnova. L'USC si presenta anche ai nastri di partenza\u2026","rel":"","context":"In &quot;Cross&quot;","block_context":{"text":"Cross","link":"https:\/\/uscatletica.ch\/wp\/?cat=7"},"img":{"alt_text":"","src":"https:\/\/i0.wp.com\/uscatletica.ch\/wp\/wp-content\/uploads\/2022\/10\/Torta-diavol-rotated.jpg?fit=900%2C1200&ssl=1&resize=350%2C200","width":350,"height":200,"srcset":"https:\/\/i0.wp.com\/uscatletica.ch\/wp\/wp-content\/uploads\/2022\/10\/Torta-diavol-rotated.jpg?fit=900%2C1200&ssl=1&resize=350%2C200 1x, https:\/\/i0.wp.com\/uscatletica.ch\/wp\/wp-content\/uploads\/2022\/10\/Torta-diavol-rotated.jpg?fit=900%2C1200&ssl=1&resize=525%2C300 1.5x, https:\/\/i0.wp.com\/uscatletica.ch\/wp\/wp-content\/uploads\/2022\/10\/Torta-diavol-rotated.jpg?fit=900%2C1200&ssl=1&resize=700%2C400 2x"},"classes":[]},{"id":20326,"url":"https:\/\/uscatletica.ch\/wp\/?p=20326","url_meta":{"origin":18739,"position":4},"title":"TUTTO PRONTO PER IL CROSS CAPRIASCHESE, 24.11.2024","author":"Stampa E","date":"23 Novembre 2024","format":false,"excerpt":"Domenica 24 novembre 2024, CROSS CAPRIASCHESESeconda prova coppa Ticino di corsa campestre 2024\/2025 Inizio gare ore 11:00Elite e Master M\/W ore 13:00 Programma cross 2024 -> La pagina del Cross \u00a0","rel":"","context":"In &quot;Cross&quot;","block_context":{"text":"Cross","link":"https:\/\/uscatletica.ch\/wp\/?cat=7"},"img":{"alt_text":"","src":"https:\/\/i0.wp.com\/uscatletica.ch\/wp\/wp-content\/uploads\/2022\/12\/Cross-USC-2022-Foto-Elia-Sta-20.jpg?fit=800%2C533&ssl=1&resize=350%2C200","width":350,"height":200,"srcset":"https:\/\/i0.wp.com\/uscatletica.ch\/wp\/wp-content\/uploads\/2022\/12\/Cross-USC-2022-Foto-Elia-Sta-20.jpg?fit=800%2C533&ssl=1&resize=350%2C200 1x, https:\/\/i0.wp.com\/uscatletica.ch\/wp\/wp-content\/uploads\/2022\/12\/Cross-USC-2022-Foto-Elia-Sta-20.jpg?fit=800%2C533&ssl=1&resize=525%2C300 1.5x, https:\/\/i0.wp.com\/uscatletica.ch\/wp\/wp-content\/uploads\/2022\/12\/Cross-USC-2022-Foto-Elia-Sta-20.jpg?fit=800%2C533&ssl=1&resize=700%2C400 2x"},"classes":[]},{"id":16634,"url":"https:\/\/uscatletica.ch\/wp\/?p=16634","url_meta":{"origin":18739,"position":5},"title":"Moghegno prova generale di campionato svizzero per la penultima prova di coppa","author":"Leonida Stampanoni","date":"27 Gennaio 2023","format":false,"excerpt":"Sabato ia sesta e penultima della coppa Ticino di cross FTAL AET, far\u00e0 tappa in Vallemaggia. Moghegno sede dei campionati ticinesi lo scorso anno nel 2024 ospiter\u00e0 invece i campionati Svizzeri. Domani la sesta prova di coppa sar\u00e0 valida anche per la coppa Svizzera. La stagione dei cross regala come\u2026","rel":"","context":"In &quot;Cross&quot;","block_context":{"text":"Cross","link":"https:\/\/uscatletica.ch\/wp\/?cat=7"},"img":{"alt_text":"","src":"https:\/\/i0.wp.com\/uscatletica.ch\/wp\/wp-content\/uploads\/2022\/12\/Cross-USC-2022-Foto-Elia-Sta-65.jpg?fit=800%2C533&ssl=1&resize=350%2C200","width":350,"height":200,"srcset":"https:\/\/i0.wp.com\/uscatletica.ch\/wp\/wp-content\/uploads\/2022\/12\/Cross-USC-2022-Foto-Elia-Sta-65.jpg?fit=800%2C533&ssl=1&resize=350%2C200 1x, https:\/\/i0.wp.com\/uscatletica.ch\/wp\/wp-content\/uploads\/2022\/12\/Cross-USC-2022-Foto-Elia-Sta-65.jpg?fit=800%2C533&ssl=1&resize=525%2C300 1.5x, https:\/\/i0.wp.com\/uscatletica.ch\/wp\/wp-content\/uploads\/2022\/12\/Cross-USC-2022-Foto-Elia-Sta-65.jpg?fit=800%2C533&ssl=1&resize=700%2C400 2x"},"classes":[]}],"_links":{"self":[{"href":"https:\/\/uscatletica.ch\/wp\/index.php?rest_route=\/wp\/v2\/posts\/18739","targetHints":{"allow":["GET"]}}],"collection":[{"href":"https:\/\/uscatletica.ch\/wp\/index.php?rest_route=\/wp\/v2\/posts"}],"about":[{"href":"https:\/\/uscatletica.ch\/wp\/index.php?rest_route=\/wp\/v2\/types\/post"}],"author":[{"embeddable":true,"href":"https:\/\/uscatletica.ch\/wp\/index.php?rest_route=\/wp\/v2\/users\/4"}],"replies":[{"embeddable":true,"href":"https:\/\/uscatletica.ch\/wp\/index.php?rest_route=%2Fwp%2Fv2%2Fcomments&post=18739"}],"version-history":[{"count":2,"href":"https:\/\/uscatletica.ch\/wp\/index.php?rest_route=\/wp\/v2\/posts\/18739\/revisions"}],"predecessor-version":[{"id":18741,"href":"https:\/\/uscatletica.ch\/wp\/index.php?rest_route=\/wp\/v2\/posts\/18739\/revisions\/18741"}],"wp:featuredmedia":[{"embeddable":true,"href":"https:\/\/uscatletica.ch\/wp\/index.php?rest_route=\/wp\/v2\/media\/18652"}],"wp:attachment":[{"href":"https:\/\/uscatletica.ch\/wp\/index.php?rest_route=%2Fwp%2Fv2%2Fmedia&parent=18739"}],"wp:term":[{"taxonomy":"category","embeddable":true,"href":"https:\/\/uscatletica.ch\/wp\/index.php?rest_route=%2Fwp%2Fv2%2Fcategories&post=18739"},{"taxonomy":"post_tag","embeddable":true,"href":"https:\/\/uscatletica.ch\/wp\/index.php?rest_route=%2Fwp%2Fv2%2Ftags&post=18739"}],"curies":[{"name":"wp","href":"https:\/\/api.w.org\/{rel}","templated":true}]}}