{"id":18747,"date":"2024-01-14T15:06:45","date_gmt":"2024-01-14T14:06:45","guid":{"rendered":"https:\/\/uscatletica.ch\/wp\/?p=18747"},"modified":"2024-01-14T18:47:27","modified_gmt":"2024-01-14T17:47:27","slug":"cross-di-san-martino-3-successi-e-tanti-podi","status":"publish","type":"post","link":"https:\/\/uscatletica.ch\/wp\/?p=18747","title":{"rendered":"CROSS DI SAN MARTINO: 3 successi e tanti podi"},"content":{"rendered":"\n<p>L&#8217;annata 2024 \u00e8 cominciata bene per l&#8217;USC: in una fredda mattinata erano una cinquantina gli atleti USC a gareggiare sui prati di SAN MARTINO. Ottima l&#8217;organizzazione della Vigor Ligornetto sul circuito pianeggiante ma interessante, che si appesantiva con il passare delle gare. L\u2019USC ha ottenuto 3 vittorie, con Elia, Remo e Jana. e ben sette podi in coppa con Michele, Patrizia, Nicole, Martina, John, Dario, Nathalie e Gionata.<\/p>\n<p><a href=\"https:\/\/www.endu.net\/it\/events\/cross-sa-n-martino-ctc\/results\">Risultati Endu<\/a><\/p>\n<p><strong>Elia vince, Michele, John e Gionata a podio<\/strong><\/p>\n<p>Nella gara sugli 8 km (M20) ottima prova di Michele che chiude terzo a pochissimi secondi da Lukas Oehen, leader di coppa, nella gara vinta dal varesotto Giacomo Giani. Elia vince gli M40, staccando nettamente i rivali con una bella progressione. Alex \u00e8 quarto nell&#8217;affollata lotta per il podio ad oltre un minuto dal vincitore. Bravo anche Alessandro, 8\u00b0 M40. Jean Marc Cattori precede ben 4 USC negli M50: John gli contende la vittoria fino all&#8217;ultimo, mentre Gionata nel finale supera Jonathan e Leonida per meritarsi il podio. Lino Polti vince tra gli M60, con Giancarlo sesto.\u00a0<\/p>\n<p><strong>Donne sui 4 km<\/strong><\/p>\n<p>Nelle W20 doppietta per le atlete di casa: Giulia Salvad\u00e8 precede la sorella Sara. Elena \u00e8 nona. Jana vince tra le W40 con Nathalie terza e Ramona ottava. Jeannette Bragagnolo firma il quarto successo nelle W50 con Patrizia seconda.<\/p>\n<p><strong>Remo vince gli U12, Nicole seconda\u00a0<\/strong><\/p>\n<p>Tra gli U12 Remo vince la sua prima gara stagionale; bene Nicol\u00f2 settimo e Jacopo. Nicole dopo due successi chiude seconda alle spalle di un\u2019atleta di casa, mentre Michelle \u00e8 settima seguita da Agata (13\u00b0) e Caterina (23\u00b0).<\/p>\n<p><strong>U16, Martina da podio\u00a0<\/strong><\/p>\n<p>Nella gara U18 Martina sfiora la vittoria cercando l&#8217;allungo in progressione ma negli ultimi metri Aurora De Marco la precede di un secondo. Brave Lila (8\u00b0), Olivia (9\u00b0) ed Elsa (10\u00b0). Mattia tra gli U16 \u00e8 nel gruppo di testa fino a quando la gara esplode: vince Lorenzo Bracchi e Mattia chiude sesto. Am\u00e9lie \u00e8 pure sesta tra le ragazze che gareggiano sui 2 km. Brava anche Dalia.<\/p>\n<p><strong>U14, Dario a podio.\u00a0<\/strong><\/p>\n<p>Negli U14 maschili sui 2 km Dario ottiene un bellissimo terzo rango; bene Noah decimo. Tra le ragazze le vince Aline Oliva e Asia, con un finale travolgente, va a prendersi il quarto rango battendo in volata l&#8217;amica Anais.\u00a0<\/p>\n<p><strong>Tre podi U10<\/strong><\/p>\n<p>Nelle U10 finale travolgente di Anna che chiude al secondo rango. Linda \u00e8 quarta, brave anche Irene (12\u00b0) Alma (13\u00b0), Zoe (20\u00b0), Emily (24\u00b0), Chlo\u00e9 (25\u00b0) e Flora (28\u00b0). Tra i ragazzi Lucio e Mattia nell&#8217;ordine sono secondi e terzi; bravi anche Daniel (7\u00b0) ed Etienne (12\u00b0)<\/p>\n<p>\u00a0<\/p>\n<table border=\"0\" cellspacing=\"0\"><colgroup width=\"75\"><\/colgroup><colgroup width=\"278\"><\/colgroup><colgroup width=\"123\"><\/colgroup><colgroup width=\"61\"><\/colgroup><colgroup width=\"149\"><\/colgroup>\n<tbody>\n<tr>\n<td align=\"right\" height=\"62\">1<\/td>\n<td align=\"left\">PETRINI REMO<\/td>\n<td align=\"left\">06:24.99<br \/>&#8211;<\/td>\n<td align=\"left\">1<br \/>U12M<\/td>\n<td align=\"right\">7<\/td>\n<\/tr>\n<tr>\n<td align=\"right\" height=\"62\">1<\/td>\n<td align=\"left\">VICARI JANA<\/td>\n<td align=\"left\">18:29.30<br \/>+4:39.14<\/td>\n<td align=\"left\">1<br \/>W40<\/td>\n<td align=\"right\">12<\/td>\n<\/tr>\n<tr>\n<td align=\"right\" height=\"62\">1<\/td>\n<td align=\"left\">STAMPANONI ELIA<\/td>\n<td align=\"left\">21:43.38<br \/>+23.96<\/td>\n<td align=\"left\">1<br \/>M40<\/td>\n<td align=\"right\">7<\/td>\n<\/tr>\n<tr>\n<td align=\"right\" height=\"62\">2<\/td>\n<td align=\"left\">BORSARI ANNA<\/td>\n<td align=\"left\">02:25.12<br \/>+30<\/td>\n<td align=\"left\">2<br \/>U10W<\/td>\n<td align=\"right\">4<\/td>\n<\/tr>\n<tr>\n<td align=\"right\" height=\"62\">2<\/td>\n<td align=\"left\">FERRETTI LUCIO<\/td>\n<td align=\"left\">02:19.56<br \/>+2.59<\/td>\n<td align=\"left\">2<br \/>U10M<\/td>\n<td align=\"right\">3<\/td>\n<\/tr>\n<tr>\n<td align=\"right\" height=\"62\">2<\/td>\n<td align=\"left\">PONGELLI NICOLE<\/td>\n<td align=\"left\">06:42.45<br \/>+10.19<\/td>\n<td align=\"left\">2<br \/>U12W<\/td>\n<td align=\"right\">7<\/td>\n<\/tr>\n<tr>\n<td align=\"right\" height=\"62\">2<\/td>\n<td align=\"left\">BURI MARTINA<\/td>\n<td align=\"left\">12:10.48<br \/>+54.21<\/td>\n<td align=\"left\">2<br \/>U18W<\/td>\n<td align=\"right\">8<\/td>\n<\/tr>\n<tr>\n<td align=\"right\" height=\"62\">2<\/td>\n<td align=\"left\">BESOMI PATRIZIA<\/td>\n<td align=\"left\">18:39.43<br \/>+4:49.27<\/td>\n<td align=\"left\">2<br \/>W50<\/td>\n<td align=\"right\">14<\/td>\n<\/tr>\n<tr>\n<td align=\"right\" height=\"62\">2<\/td>\n<td align=\"left\">BALDI JOHN<\/td>\n<td align=\"left\">23:35.51<br \/>+2:16.09<\/td>\n<td align=\"left\">2<br \/>M50<\/td>\n<td align=\"right\">13<\/td>\n<\/tr>\n<tr>\n<td align=\"right\" height=\"42\">3<\/td>\n<td align=\"left\">\n<p>LARDI MICHELE<\/p>\n<\/td>\n<td align=\"left\">28:29.84<br \/>+36.53<\/td>\n<td align=\"left\">3<br \/>M<\/td>\n<td align=\"right\">3<\/td>\n<\/tr>\n<tr>\n<td align=\"right\" height=\"62\">3<\/td>\n<td align=\"left\">SCAIOTTI MATTIA<\/td>\n<td align=\"left\">02:20.66<br \/>+3.70<\/td>\n<td align=\"left\">3<br \/>U10M<\/td>\n<td align=\"right\">7<\/td>\n<\/tr>\n<tr>\n<td align=\"right\" height=\"62\">3<\/td>\n<td align=\"left\">MACCONI DARIO<\/td>\n<td align=\"left\">07:52.91<br \/>+24.93<\/td>\n<td align=\"left\">3<br \/>U14M<\/td>\n<td align=\"right\">10<\/td>\n<\/tr>\n<tr>\n<td align=\"right\" height=\"42\">3<\/td>\n<td align=\"left\">BORSARI NATHALIE<\/td>\n<td align=\"left\">18:48.37<br \/>+4:58.21<\/td>\n<td align=\"left\">3<br \/>W40<\/td>\n<td align=\"right\">18<\/td>\n<\/tr>\n<tr>\n<td align=\"right\" height=\"62\">3<\/td>\n<td align=\"left\">VOLGER GIONATA<\/td>\n<td align=\"left\">24:37.35<br \/>+3:17.93<\/td>\n<td align=\"left\">3<br \/>M50<\/td>\n<td align=\"right\">15<\/td>\n<\/tr>\n<tr>\n<td align=\"right\" height=\"62\">4<\/td>\n<td align=\"left\">DOMENICONI LINDA<\/td>\n<td align=\"left\">02:29.64<br \/>+4.82<\/td>\n<td align=\"left\">4<br \/>U10W<\/td>\n<td align=\"right\">12<\/td>\n<\/tr>\n<tr>\n<td align=\"right\" height=\"62\">4<\/td>\n<td align=\"left\">CORTI ASIA<\/td>\n<td align=\"left\">06:36.30<br \/>+31.58<\/td>\n<td align=\"left\">4<br \/>U14W<\/td>\n<td align=\"right\">6<\/td>\n<\/tr>\n<tr>\n<td align=\"right\" height=\"42\">4<\/td>\n<td align=\"left\">DOMENICONI ALEX<\/td>\n<td align=\"left\">23:02.62<br \/>+1:43.20<\/td>\n<td align=\"left\">4<br \/>M40<\/td>\n<td align=\"right\">10<\/td>\n<\/tr>\n<tr>\n<td align=\"right\" height=\"62\">4<\/td>\n<td align=\"left\">STAMPANONI JONATHAN<\/td>\n<td align=\"left\">24:41.16<br \/>+3:21.75<\/td>\n<td align=\"left\">4<br \/>M50<\/td>\n<td align=\"right\">28<\/td>\n<\/tr>\n<tr>\n<td align=\"right\" height=\"62\">5<\/td>\n<td align=\"left\">STAMPANONI LEONIDA<\/td>\n<td align=\"left\">24:51.03<br \/>+13:43.61<\/td>\n<td align=\"left\">5<br \/>M50<\/td>\n<td align=\"right\">3<\/td>\n<\/tr>\n<tr>\n<td align=\"right\" height=\"62\">6<\/td>\n<td align=\"left\">PIATTINI ANAIS<\/td>\n<td align=\"left\">06:46.38<br \/>+41.65<\/td>\n<td align=\"left\">6<br \/>U14W<\/td>\n<td align=\"right\">3<\/td>\n<\/tr>\n<tr>\n<td align=\"right\" height=\"42\">6<\/td>\n<td align=\"left\">ANDREOLI AMELIE<\/td>\n<td align=\"left\">08:46.36<br \/>+42.23<\/td>\n<td align=\"left\">6<br \/>U16W<\/td>\n<td align=\"right\">18<\/td>\n<\/tr>\n<tr>\n<td align=\"right\" height=\"42\">6<\/td>\n<td align=\"left\">GIANOTTI MATTIA<\/td>\n<td align=\"left\">12:05.89<br \/>+49.63<\/td>\n<td align=\"left\">6<br \/>U16M<\/td>\n<td align=\"right\">2<\/td>\n<\/tr>\n<tr>\n<td align=\"right\" height=\"42\">6<\/td>\n<td align=\"left\">FRAQUELLI GIANCARLO<br \/><br \/><\/td>\n<td align=\"left\">30:39.15<br \/>+9:19.74<\/td>\n<td align=\"left\">6<br \/>M60<\/td>\n<td align=\"right\">32<\/td>\n<\/tr>\n<tr>\n<td align=\"right\" height=\"62\">7<\/td>\n<td align=\"left\">DOS SANTOS PEREIRA DANIEL<\/td>\n<td align=\"left\">02:33.81<br \/>+16.84<\/td>\n<td align=\"left\">7<br \/>U10M<\/td>\n<td align=\"right\">12<\/td>\n<\/tr>\n<tr>\n<td align=\"right\" height=\"42\">7<\/td>\n<td align=\"left\">BERNASCONI MICHELLE<\/td>\n<td align=\"left\">07:32.26<br \/>+59.99<\/td>\n<td align=\"left\">7<br \/>U12W<\/td>\n<td align=\"right\">14<\/td>\n<\/tr>\n<tr>\n<td align=\"right\" height=\"42\">7<\/td>\n<td align=\"left\">DOMENICONI NICOL\u00d2<\/td>\n<td align=\"left\">06:53.10<br \/>+28.10<\/td>\n<td align=\"left\">7<br \/>U12M<\/td>\n<td align=\"right\">22<\/td>\n<\/tr>\n<tr>\n<td align=\"right\" height=\"42\">8<\/td>\n<td align=\"left\">GARDNER AVA LILA<\/td>\n<td align=\"left\">14:05.58<br \/>+2:49.32<\/td>\n<td align=\"left\">8<br \/>U18W<\/td>\n<td align=\"right\">9<\/td>\n<\/tr>\n<tr>\n<td align=\"right\" height=\"42\">8<\/td>\n<td align=\"left\">DOMENICONI RAMONA<\/td>\n<td align=\"right\">22:04.74<\/td>\n<td align=\"left\">8<br \/>W40<\/td>\n<td align=\"right\">3<\/td>\n<\/tr>\n<tr>\n<td align=\"right\" height=\"42\">8<\/td>\n<td align=\"left\">ZANETTI ALESSANDRO<\/td>\n<td align=\"left\">24:29.66<br \/>+3:10.24<\/td>\n<td align=\"left\">8<br \/>M40<\/td>\n<td align=\"right\">14<\/td>\n<\/tr>\n<tr>\n<td align=\"right\" height=\"42\">9<\/td>\n<td align=\"left\">STAMPANONI OLIVIA<\/td>\n<td align=\"left\">14:12.16<br \/>+2:55.90<\/td>\n<td align=\"left\">9<br \/>U18W<\/td>\n<td align=\"right\">10<\/td>\n<\/tr>\n<tr>\n<td align=\"right\" height=\"42\">9<\/td>\n<td align=\"left\">PEZZATI ELENA<\/td>\n<td align=\"left\">19:12.30<br \/>+5:22.14<\/td>\n<td align=\"left\">9<br \/>W<\/td>\n<td align=\"right\">21<\/td>\n<\/tr>\n<tr>\n<td align=\"right\" height=\"42\">10<\/td>\n<td align=\"left\">BADER NOAH<\/td>\n<td align=\"left\">08:22.60<br \/>+54.63<\/td>\n<td align=\"left\">10<br \/>U14M<\/td>\n<td align=\"right\">24<\/td>\n<\/tr>\n<tr>\n<td align=\"right\" height=\"42\">10<\/td>\n<td align=\"left\">CAISSUTTI ELSA<\/td>\n<td align=\"left\">14:53.46<br \/>+3:37.20<\/td>\n<td align=\"left\">10<br \/>U18W<\/td>\n<td align=\"right\">11<\/td>\n<\/tr>\n<tr>\n<td align=\"right\" height=\"42\">12<\/td>\n<td align=\"left\">PICCARDO IRENE<\/td>\n<td align=\"left\">02:43.78<br \/>+18.96<\/td>\n<td align=\"left\">12<br \/>U10W<\/td>\n<td align=\"right\">13<\/td>\n<\/tr>\n<tr>\n<td align=\"right\" height=\"42\">12<\/td>\n<td align=\"left\">KONO ETIENNE<\/td>\n<td align=\"left\">02:37.00<br \/>+20.03<\/td>\n<td align=\"left\">12<br \/>U10M<\/td>\n<td align=\"right\">2<\/td>\n<\/tr>\n<tr>\n<td align=\"right\" height=\"42\">13<\/td>\n<td align=\"left\">PERRIN ALMA<\/td>\n<td align=\"left\">02:45.95<br \/>+21.13<\/td>\n<td align=\"left\">13<br \/>U10W<\/td>\n<td align=\"right\">20<\/td>\n<\/tr>\n<tr>\n<td align=\"right\" height=\"42\">14<\/td>\n<td align=\"left\">MACCONI AGATA<\/td>\n<td align=\"left\">08:08.75<br \/>+1:36.49<\/td>\n<td align=\"left\">14<br \/>U12W<\/td>\n<td align=\"right\">23<\/td>\n<\/tr>\n<tr>\n<td align=\"right\" height=\"42\">18<\/td>\n<td align=\"left\">CAISSUTTI DALIA<\/td>\n<td align=\"left\">09:47.46<br \/>&#8211;<\/td>\n<td align=\"left\">18<br \/>U16W<\/td>\n<td align=\"right\">6<\/td>\n<\/tr>\n<tr>\n<td align=\"right\" height=\"62\">20<\/td>\n<td align=\"left\">PICCARDO ZOE<\/td>\n<td align=\"left\">03:00.64<br \/>+35.83<\/td>\n<td align=\"left\">20<br \/>U10W<\/td>\n<td align=\"right\">24<\/td>\n<\/tr>\n<tr>\n<td align=\"right\" height=\"42\">22<\/td>\n<td align=\"left\">VOLGER JACOPO<\/td>\n<td align=\"left\">08:10.88<br \/>+1:45.89<\/td>\n<td align=\"left\">22<br \/>U12M<\/td>\n<td align=\"right\">4<\/td>\n<\/tr>\n<tr>\n<td align=\"right\" height=\"62\">23<\/td>\n<td align=\"left\">GEZZI CATERINA<\/td>\n<td align=\"left\">09:01.89<br \/>+2:29.63<\/td>\n<td align=\"left\">23<br \/>U12W<\/td>\n<td align=\"right\">1<\/td>\n<\/tr>\n<tr>\n<td align=\"right\" height=\"62\">24<\/td>\n<td align=\"left\">DOS SANTOS PEREIRA EMILY<\/td>\n<td align=\"left\">03:03.10<br \/>+38.29<\/td>\n<td align=\"left\">24<br \/>U10W<\/td>\n<td align=\"right\">25<\/td>\n<\/tr>\n<tr>\n<td align=\"right\" height=\"62\">24<\/td>\n<td align=\"left\">CAISSUTTI GIOSU\u00c8<\/td>\n<td align=\"left\">09:14.78<br \/>+1:46.81<\/td>\n<td align=\"left\">24<br \/>U14M<\/td>\n<td align=\"right\">6<\/td>\n<\/tr>\n<tr>\n<td align=\"right\" height=\"62\">25<\/td>\n<td align=\"left\">KAPEEN CHLOE<\/td>\n<td align=\"left\">03:10.40<br \/>+45.58<\/td>\n<td align=\"left\">25<br \/>U10W<\/td>\n<td align=\"right\">28<\/td>\n<\/tr>\n<tr>\n<td align=\"right\" height=\"62\">28<\/td>\n<td align=\"left\">ZANETTI FLORA<\/td>\n<td align=\"left\">03:18.71<br \/>+53.89<\/td>\n<td align=\"left\">28<br \/>U10W<\/td>\n<td align=\"right\">2<\/td>\n<\/tr>\n<\/tbody>\n<\/table>\n","protected":false},"excerpt":{"rendered":"<p>L&#8217;annata 2024 \u00e8 cominciata bene per l&#8217;USC: in una fredda mattinata erano una cinquantina gli atleti USC a gareggiare sui prati di SAN MARTINO. Ottima l&#8217;organizzazione della Vigor Ligornetto sul circuito pianeggiante ma interessante, che si appesantiva con il passare delle gare. L\u2019USC ha ottenuto 3 vittorie, con Elia, Remo e Jana. e ben sette podi in coppa con Michele, Patrizia, Nicole, Martina, John, Dario, Nathalie e Gionata. Risultati Endu Elia vince, Michele, John e&#8230;<\/p>\n","protected":false},"author":4,"featured_media":18584,"comment_status":"closed","ping_status":"closed","sticky":false,"template":"","format":"standard","meta":{"jetpack_post_was_ever_published":false,"_jetpack_newsletter_access":"","_jetpack_dont_email_post_to_subs":false,"_jetpack_newsletter_tier_id":0,"_jetpack_memberships_contains_paywalled_content":false,"_jetpack_memberships_contains_paid_content":false,"footnotes":"","jetpack_publicize_message":"","jetpack_publicize_feature_enabled":true,"jetpack_social_post_already_shared":true,"jetpack_social_options":{"image_generator_settings":{"template":"highway","default_image_id":0,"font":"","enabled":false},"version":2}},"categories":[7,6,9],"tags":[],"class_list":["post-18747","post","type-post","status-publish","format-standard","has-post-thumbnail","hentry","category-cross","category-non-catalogato","category-sport"],"jetpack_publicize_connections":[],"jetpack_featured_media_url":"https:\/\/i0.wp.com\/uscatletica.ch\/wp\/wp-content\/uploads\/2023\/11\/Cross-USC-26-11-23.jpg?fit=1382%2C922&ssl=1","jetpack_sharing_enabled":true,"jetpack_shortlink":"https:\/\/wp.me\/p6V7Ck-4Sn","jetpack-related-posts":[{"id":20454,"url":"https:\/\/uscatletica.ch\/wp\/?p=20454","url_meta":{"origin":18747,"position":0},"title":"COPPA TICINO DI CROSS ELIA AD UN PASSO DALLA VITTORIA","author":"Leonida Stampanoni","date":"20 Dicembre 2024","format":false,"excerpt":"L'edizione 2025 della coppa Ticino di cross ha gi\u00e0 virato la boa di met\u00e0 stagione. L'USC ha segnato le prime quattro tappe con diverse vittorie e podi a ripetizione. Elia chiude il 2024 imbattuto \u00a0con lui hanno vinto Jonathan, Ralf, Martina. Regolarmente a podio Alex, Nicole, Jana, Patrizia, Mattia, Selina.\u2026","rel":"","context":"In &quot;Cross&quot;","block_context":{"text":"Cross","link":"https:\/\/uscatletica.ch\/wp\/?cat=7"},"img":{"alt_text":"","src":"https:\/\/i0.wp.com\/uscatletica.ch\/wp\/wp-content\/uploads\/2015\/12\/P1360515.jpg?fit=563%2C422&ssl=1&resize=350%2C200","width":350,"height":200,"srcset":"https:\/\/i0.wp.com\/uscatletica.ch\/wp\/wp-content\/uploads\/2015\/12\/P1360515.jpg?fit=563%2C422&ssl=1&resize=350%2C200 1x, https:\/\/i0.wp.com\/uscatletica.ch\/wp\/wp-content\/uploads\/2015\/12\/P1360515.jpg?fit=563%2C422&ssl=1&resize=525%2C300 1.5x"},"classes":[]},{"id":14211,"url":"https:\/\/uscatletica.ch\/wp\/?p=14211","url_meta":{"origin":18747,"position":1},"title":"POKER DI VITTORIE USC A VEZIA  9 PODI","author":"Leonida Stampanoni","date":"29 Gennaio 2022","format":false,"excerpt":"Una splendida giornata quasi primaverile ha accolto a Vezia i 341 partecipanti alla sesta tappa della Coppa Ticino di cross. Le 54 \u00a0partenze per l'USC a confermano la passione per la corsa campestre in Capriasca. Ben 4 le vittorie, doppietta per Robi con Federica e Lara A-Z. Nove i podi\u2026","rel":"","context":"In &quot;Cross&quot;","block_context":{"text":"Cross","link":"https:\/\/uscatletica.ch\/wp\/?cat=7"},"img":{"alt_text":"","src":"https:\/\/i0.wp.com\/uscatletica.ch\/wp\/wp-content\/uploads\/2022\/01\/P1170226.jpeg?fit=432%2C324&ssl=1&resize=350%2C200","width":350,"height":200},"classes":[]},{"id":20474,"url":"https:\/\/uscatletica.ch\/wp\/?p=20474","url_meta":{"origin":18747,"position":2},"title":"TRE SUCCESSI USC A SAN MARTINO","author":"Leonida Stampanoni","date":"12 Gennaio 2025","format":false,"excerpt":"Il sole ha baciato la seconda edizione del cross di SAN MARTINO memorial Andrea Salvad\u00e9, valido quale quinta prova della coppa Ticino Cross della FTAL. \u00a0L'ottima organizzazione Vigor ha proposto un circuito intrigante sul difficile fondo fangoso che ha permesso ai 300 atleti di esprimersi al meglio. Una quarantina gli\u2026","rel":"","context":"In &quot;Cross&quot;","block_context":{"text":"Cross","link":"https:\/\/uscatletica.ch\/wp\/?cat=7"},"img":{"alt_text":"","src":"https:\/\/i0.wp.com\/uscatletica.ch\/wp\/wp-content\/uploads\/2025\/01\/250112vigorm50.jpeg?resize=350%2C200&ssl=1","width":350,"height":200,"srcset":"https:\/\/i0.wp.com\/uscatletica.ch\/wp\/wp-content\/uploads\/2025\/01\/250112vigorm50.jpeg?resize=350%2C200&ssl=1 1x, https:\/\/i0.wp.com\/uscatletica.ch\/wp\/wp-content\/uploads\/2025\/01\/250112vigorm50.jpeg?resize=525%2C300&ssl=1 1.5x, https:\/\/i0.wp.com\/uscatletica.ch\/wp\/wp-content\/uploads\/2025\/01\/250112vigorm50.jpeg?resize=700%2C400&ssl=1 2x, https:\/\/i0.wp.com\/uscatletica.ch\/wp\/wp-content\/uploads\/2025\/01\/250112vigorm50.jpeg?resize=1050%2C600&ssl=1 3x"},"classes":[]},{"id":13886,"url":"https:\/\/uscatletica.ch\/wp\/?p=13886","url_meta":{"origin":18747,"position":3},"title":"AL MONTECENERI USC VITTORIOSI DA MATTINA A SERA","author":"Leonida Stampanoni","date":"13 Novembre 2021","format":false,"excerpt":"La prima prova di coppa di Ticino di cross svoltasi durante l'intera giornata di sabato allo stand di Tiro del Monteceneri con una cinquantina di presenze USC sulla linea di Partenza. Sul tracciato ricco di dislivello ben 7 le \u00a0vittorie USC dalla prima gara di coppa Ticino \u00a0fino all'ultima. Anais\u2026","rel":"","context":"In &quot;Cross&quot;","block_context":{"text":"Cross","link":"https:\/\/uscatletica.ch\/wp\/?cat=7"},"img":{"alt_text":"","src":"https:\/\/i0.wp.com\/uscatletica.ch\/wp\/wp-content\/uploads\/2021\/11\/211113podiom20.jpg?fit=432%2C324&ssl=1&resize=350%2C200","width":350,"height":200},"classes":[]},{"id":18937,"url":"https:\/\/uscatletica.ch\/wp\/?p=18937","url_meta":{"origin":18747,"position":4},"title":"CS CROSS: LETIZIA ARGENTO (corretto)","author":"Spider Calendar","date":"2 Marzo 2024","format":false,"excerpt":"\u00a0 Una giornata decisamente bagnata ha accolto i 500 partecipanti ai Campionati svizzeri di cross a Moghegno. Il nuovo circuito di 1.5 km ha permesso di gareggiare in condizioni ideali, su un tracciato interessante, scorrevole e con cambi di ritmo e pendenze. \u00a0Una trentina gli USC al via e due\u2026","rel":"","context":"In &quot;Cross&quot;","block_context":{"text":"Cross","link":"https:\/\/uscatletica.ch\/wp\/?cat=7"},"img":{"alt_text":"","src":"https:\/\/i0.wp.com\/uscatletica.ch\/wp\/wp-content\/uploads\/2024\/03\/240302CHCROSSTEAM.jpg?fit=432%2C324&ssl=1&resize=350%2C200","width":350,"height":200},"classes":[]},{"id":14104,"url":"https:\/\/uscatletica.ch\/wp\/?p=14104","url_meta":{"origin":18747,"position":5},"title":"SEI VITTORIE AL CROSS DI MENDRISIO","author":"Leonida Stampanoni","date":"5 Dicembre 2021","format":false,"excerpt":"La tappa della coppa Ticino di cross FTAL AET 2022 svoltasi in una splendida giornata autunnale al parco OSC di Mendrisio ha visto ben 68 presenze USC al via. \u00a0Si chiude l'annata 2021 dei cross con 6 successi (Aubree, Remo, \u00a0Federica, Letizia e due volte Roberto), 7 podi LaraZ.A, Elia,\u2026","rel":"","context":"In &quot;Cross&quot;","block_context":{"text":"Cross","link":"https:\/\/uscatletica.ch\/wp\/?cat=7"},"img":{"alt_text":"","src":"https:\/\/i0.wp.com\/uscatletica.ch\/wp\/wp-content\/uploads\/2021\/12\/211205podiom20.png?fit=432%2C355&ssl=1&resize=350%2C200","width":350,"height":200},"classes":[]}],"_links":{"self":[{"href":"https:\/\/uscatletica.ch\/wp\/index.php?rest_route=\/wp\/v2\/posts\/18747","targetHints":{"allow":["GET"]}}],"collection":[{"href":"https:\/\/uscatletica.ch\/wp\/index.php?rest_route=\/wp\/v2\/posts"}],"about":[{"href":"https:\/\/uscatletica.ch\/wp\/index.php?rest_route=\/wp\/v2\/types\/post"}],"author":[{"embeddable":true,"href":"https:\/\/uscatletica.ch\/wp\/index.php?rest_route=\/wp\/v2\/users\/4"}],"replies":[{"embeddable":true,"href":"https:\/\/uscatletica.ch\/wp\/index.php?rest_route=%2Fwp%2Fv2%2Fcomments&post=18747"}],"version-history":[{"count":5,"href":"https:\/\/uscatletica.ch\/wp\/index.php?rest_route=\/wp\/v2\/posts\/18747\/revisions"}],"predecessor-version":[{"id":21017,"href":"https:\/\/uscatletica.ch\/wp\/index.php?rest_route=\/wp\/v2\/posts\/18747\/revisions\/21017"}],"wp:featuredmedia":[{"embeddable":true,"href":"https:\/\/uscatletica.ch\/wp\/index.php?rest_route=\/wp\/v2\/media\/18584"}],"wp:attachment":[{"href":"https:\/\/uscatletica.ch\/wp\/index.php?rest_route=%2Fwp%2Fv2%2Fmedia&parent=18747"}],"wp:term":[{"taxonomy":"category","embeddable":true,"href":"https:\/\/uscatletica.ch\/wp\/index.php?rest_route=%2Fwp%2Fv2%2Fcategories&post=18747"},{"taxonomy":"post_tag","embeddable":true,"href":"https:\/\/uscatletica.ch\/wp\/index.php?rest_route=%2Fwp%2Fv2%2Ftags&post=18747"}],"curies":[{"name":"wp","href":"https:\/\/api.w.org\/{rel}","templated":true}]}}