{"id":18763,"date":"2024-01-19T17:44:42","date_gmt":"2024-01-19T16:44:42","guid":{"rendered":"https:\/\/uscatletica.ch\/wp\/?p=18763"},"modified":"2024-01-19T18:34:42","modified_gmt":"2024-01-19T17:34:42","slug":"campionati-ticinesi-indoor-un-settebello-usc-al-via","status":"publish","type":"post","link":"https:\/\/uscatletica.ch\/wp\/?p=18763","title":{"rendered":"Campionati ticinesi indoor un settebello USC al via"},"content":{"rendered":"\n<p>Domani nella rinnovata palestra Regazzi di Gordola, l\u2019unica pista indoor utilizzabile tutto l\u2019anno in svizzera, si correranno i campionati ticinesi indoor. In Palio ben 10 titoli (60 m, 60m ostacoli, alto, peso, lungo e triplo). L\u2019USC sar\u00e0 presente con un settebello guidato dalla campionessa uscente del peso Giada. In pedana ci saranno anche Elia e nel triplo Lena, mentre in pista scenderanno Alice, Chiara, Lea, Melissa sui 60 m e Marco negli ostacoli. \u00a0<\/p>\n<p>Lo scorso anno Giada vinse il titolo nel peso con 11.69 m. Nel 2024 sappiamo che sapr\u00e0 lottare con la consueta grinta. Elia invece debutter\u00e0 con il peso da 7.267 kg. Nel triplo la grande novit\u00e0 \u00e8 Lena che sapr\u00e0 difendersi con onore.\u00a0<\/p>\n<p>Sui 60 m sar\u00e0 un poker di ragazze a difendere i nostri colori: Alice, Chiara, Lea e Melissa, mentre Marco sar\u00e0 il nostro ostacolista.\u00a0<\/p>\n","protected":false},"excerpt":{"rendered":"<p>Domani nella rinnovata palestra Regazzi di Gordola, l\u2019unica pista indoor utilizzabile tutto l\u2019anno in svizzera, si correranno i campionati ticinesi indoor. In Palio ben 10 titoli (60 m, 60m ostacoli, alto, peso, lungo e triplo). L\u2019USC sar\u00e0 presente con un settebello guidato dalla campionessa uscente del peso Giada. In pedana ci saranno anche Elia e nel triplo Lena, mentre in pista scenderanno Alice, Chiara, Lea, Melissa sui 60 m e Marco negli ostacoli. \u00a0 Lo&#8230;<\/p>\n","protected":false},"author":4,"featured_media":13147,"comment_status":"closed","ping_status":"closed","sticky":false,"template":"","format":"standard","meta":{"jetpack_post_was_ever_published":false,"_jetpack_newsletter_access":"","_jetpack_dont_email_post_to_subs":false,"_jetpack_newsletter_tier_id":0,"_jetpack_memberships_contains_paywalled_content":false,"_jetpack_memberships_contains_paid_content":false,"footnotes":"","jetpack_publicize_message":"","jetpack_publicize_feature_enabled":true,"jetpack_social_post_already_shared":true,"jetpack_social_options":{"image_generator_settings":{"template":"highway","default_image_id":0,"font":"","enabled":false},"version":2}},"categories":[4,9],"tags":[],"class_list":["post-18763","post","type-post","status-publish","format-standard","has-post-thumbnail","hentry","category-pista","category-sport"],"jetpack_publicize_connections":[],"jetpack_featured_media_url":"https:\/\/i0.wp.com\/uscatletica.ch\/wp\/wp-content\/uploads\/2021\/08\/210829giadamatilda.jpg?fit=432%2C288&ssl=1","jetpack_sharing_enabled":true,"jetpack_shortlink":"https:\/\/wp.me\/p6V7Ck-4SD","jetpack-related-posts":[{"id":18777,"url":"https:\/\/uscatletica.ch\/wp\/?p=18777","url_meta":{"origin":18763,"position":0},"title":"Giada campionessa ticinese del peso indoor","author":"Leonida Stampanoni","date":"22 Gennaio 2024","format":false,"excerpt":"La stagione indoor \u00e8 partita con i campionati ticinesi, nella splendida palestra Regazzi rinnovata in palio c'erano cinque titoli. L'USC ne ha vinto uno grazie a Giada che ha di nuovo vinto nel getto del peso. SAM e ASSPO hanno firmato una doppietta.\u00a0 \u00a0 Nel Peso femminile Giada ha dominato\u2026","rel":"","context":"In &quot;Pista&quot;","block_context":{"text":"Pista","link":"https:\/\/uscatletica.ch\/wp\/?cat=4"},"img":{"alt_text":"","src":"https:\/\/i0.wp.com\/uscatletica.ch\/wp\/wp-content\/uploads\/2024\/01\/240120podioctindoorgiada.jpg?fit=555%2C321&ssl=1&resize=350%2C200","width":350,"height":200,"srcset":"https:\/\/i0.wp.com\/uscatletica.ch\/wp\/wp-content\/uploads\/2024\/01\/240120podioctindoorgiada.jpg?fit=555%2C321&ssl=1&resize=350%2C200 1x, https:\/\/i0.wp.com\/uscatletica.ch\/wp\/wp-content\/uploads\/2024\/01\/240120podioctindoorgiada.jpg?fit=555%2C321&ssl=1&resize=525%2C300 1.5x"},"classes":[]},{"id":18878,"url":"https:\/\/uscatletica.ch\/wp\/?p=18878","url_meta":{"origin":18763,"position":1},"title":"A Gordola meeting Indoor","author":"Leonida Stampanoni","date":"9 Febbraio 2024","format":false,"excerpt":"Sabato alla Regazzi di Gordola per per la prima volta in Ticino si correranno al coperto distanze superiori ai 60 m. La SFG Biasca organizza un bel meeting con un programma comprendente 60 m, 60 mh, 200 m 1000 m, alto peso e lungo. Al via sui 1000 m ci\u2026","rel":"","context":"In &quot;Pista&quot;","block_context":{"text":"Pista","link":"https:\/\/uscatletica.ch\/wp\/?cat=4"},"img":{"alt_text":"","src":"https:\/\/i0.wp.com\/uscatletica.ch\/wp\/wp-content\/uploads\/2024\/02\/20240209regazzib.jpg?fit=1200%2C802&ssl=1&resize=350%2C200","width":350,"height":200,"srcset":"https:\/\/i0.wp.com\/uscatletica.ch\/wp\/wp-content\/uploads\/2024\/02\/20240209regazzib.jpg?fit=1200%2C802&ssl=1&resize=350%2C200 1x, https:\/\/i0.wp.com\/uscatletica.ch\/wp\/wp-content\/uploads\/2024\/02\/20240209regazzib.jpg?fit=1200%2C802&ssl=1&resize=525%2C300 1.5x, https:\/\/i0.wp.com\/uscatletica.ch\/wp\/wp-content\/uploads\/2024\/02\/20240209regazzib.jpg?fit=1200%2C802&ssl=1&resize=700%2C400 2x, https:\/\/i0.wp.com\/uscatletica.ch\/wp\/wp-content\/uploads\/2024\/02\/20240209regazzib.jpg?fit=1200%2C802&ssl=1&resize=1050%2C600 3x"},"classes":[]},{"id":3404,"url":"https:\/\/uscatletica.ch\/wp\/?p=3404","url_meta":{"origin":18763,"position":2},"title":"Campionati Ticinesi Indoor una bella dozzina di USCini al via","author":"Leonida Stampanoni","date":"31 Gennaio 2017","format":false,"excerpt":"Mercoled\u00ec sera la Virtus ed il palazzaetto Fevi ospiteranno i campionati ticinesi indoor sprint ostacoli e lanci. \u00a0L'USC sar\u00e0 la via con una dozzina di atleti dieci sui 60 m \u00a0tre nel getto del peso ed una sui \u00a060 m ostacoli . La corsa al titolo femminile sui 60 m\u2026","rel":"","context":"In &quot;Pista&quot;","block_context":{"text":"Pista","link":"https:\/\/uscatletica.ch\/wp\/?cat=4"},"img":{"alt_text":"","src":"https:\/\/i0.wp.com\/uscatletica.ch\/wp\/wp-content\/uploads\/2016\/06\/giadacregionali2016.jpg?fit=561%2C315&ssl=1&resize=350%2C200","width":350,"height":200,"srcset":"https:\/\/i0.wp.com\/uscatletica.ch\/wp\/wp-content\/uploads\/2016\/06\/giadacregionali2016.jpg?fit=561%2C315&ssl=1&resize=350%2C200 1x, https:\/\/i0.wp.com\/uscatletica.ch\/wp\/wp-content\/uploads\/2016\/06\/giadacregionali2016.jpg?fit=561%2C315&ssl=1&resize=525%2C300 1.5x"},"classes":[]},{"id":20060,"url":"https:\/\/uscatletica.ch\/wp\/?p=20060","url_meta":{"origin":18763,"position":3},"title":"Gli assoluti a Bellinzona i giovani al MilLe Gruyere i podisti a Penz&#8230;iamo","author":"Leonida Stampanoni","date":"13 Settembre 2024","format":false,"excerpt":"Nel fine settimana il comunale di Bellinzona dopo aver accolto le stelle dell'atletica mondiale accoglier\u00e0 i campionati ticinesi assoluti. Sulle piste della capitale saranno 180 atleti ed atlete e contendersi 27 titoli. 9 Gli USCini al via Glada ed Elia B. nei lanci Marta e Lana nei salti Mattia, Alice,\u2026","rel":"","context":"In &quot;Pista&quot;","block_context":{"text":"Pista","link":"https:\/\/uscatletica.ch\/wp\/?cat=4"},"img":{"alt_text":"","src":"https:\/\/i0.wp.com\/uscatletica.ch\/wp\/wp-content\/uploads\/2024\/04\/millegruyere.png?fit=595%2C842&ssl=1&resize=350%2C200","width":350,"height":200,"srcset":"https:\/\/i0.wp.com\/uscatletica.ch\/wp\/wp-content\/uploads\/2024\/04\/millegruyere.png?fit=595%2C842&ssl=1&resize=350%2C200 1x, https:\/\/i0.wp.com\/uscatletica.ch\/wp\/wp-content\/uploads\/2024\/04\/millegruyere.png?fit=595%2C842&ssl=1&resize=525%2C300 1.5x"},"classes":[]},{"id":16646,"url":"https:\/\/uscatletica.ch\/wp\/?p=16646","url_meta":{"origin":18763,"position":4},"title":"Matilda Argento ai CT INDOOR","author":"Leonida Stampanoni","date":"1 Febbraio 2023","format":false,"excerpt":"La serata al Palexpo di Locarno ha offerto spunti interessanti quattro i titoli assegnati. Sui 60 m femminili le nostre ragazze si sono ben battute e Matilda ha strappato una bella medaglia d'argento.Tre personali per Alice, Jennis e Lea.\u00a0 Tutti i risultati da Locarno Nelle batterie Matilda vince la terza\u2026","rel":"","context":"In &quot;Pista&quot;","block_context":{"text":"Pista","link":"https:\/\/uscatletica.ch\/wp\/?cat=4"},"img":{"alt_text":"","src":"https:\/\/i0.wp.com\/uscatletica.ch\/wp\/wp-content\/uploads\/2023\/02\/2201.23ctindmat.jpeg?fit=320%2C240&ssl=1&resize=350%2C200","width":350,"height":200},"classes":[]},{"id":7315,"url":"https:\/\/uscatletica.ch\/wp\/?p=7315","url_meta":{"origin":18763,"position":5},"title":"Giada al via ai Campionati Svizzeri","author":"Leonida Stampanoni","date":"22 Febbraio 2019","format":false,"excerpt":"La Ende der Welt di Macolin torner\u00e0 ad ospitare i campionati svizzeri giovanili Indoor. 700 gli atleti al via nella due giorni di gare, dal Ticino una settantina i giovani talenti a caccia di medaglie, La nostra Giada sar\u00e0 l'unica a difendere i colori USC scender\u00e0 in pedana nel peso\u2026","rel":"","context":"In &quot;Pista&quot;","block_context":{"text":"Pista","link":"https:\/\/uscatletica.ch\/wp\/?cat=4"},"img":{"alt_text":"","src":"https:\/\/i0.wp.com\/uscatletica.ch\/wp\/wp-content\/uploads\/2019\/01\/giadctu20peso19b.jpg?fit=640%2C480&ssl=1&resize=350%2C200","width":350,"height":200,"srcset":"https:\/\/i0.wp.com\/uscatletica.ch\/wp\/wp-content\/uploads\/2019\/01\/giadctu20peso19b.jpg?fit=640%2C480&ssl=1&resize=350%2C200 1x, https:\/\/i0.wp.com\/uscatletica.ch\/wp\/wp-content\/uploads\/2019\/01\/giadctu20peso19b.jpg?fit=640%2C480&ssl=1&resize=525%2C300 1.5x"},"classes":[]}],"_links":{"self":[{"href":"https:\/\/uscatletica.ch\/wp\/index.php?rest_route=\/wp\/v2\/posts\/18763","targetHints":{"allow":["GET"]}}],"collection":[{"href":"https:\/\/uscatletica.ch\/wp\/index.php?rest_route=\/wp\/v2\/posts"}],"about":[{"href":"https:\/\/uscatletica.ch\/wp\/index.php?rest_route=\/wp\/v2\/types\/post"}],"author":[{"embeddable":true,"href":"https:\/\/uscatletica.ch\/wp\/index.php?rest_route=\/wp\/v2\/users\/4"}],"replies":[{"embeddable":true,"href":"https:\/\/uscatletica.ch\/wp\/index.php?rest_route=%2Fwp%2Fv2%2Fcomments&post=18763"}],"version-history":[{"count":3,"href":"https:\/\/uscatletica.ch\/wp\/index.php?rest_route=\/wp\/v2\/posts\/18763\/revisions"}],"predecessor-version":[{"id":18767,"href":"https:\/\/uscatletica.ch\/wp\/index.php?rest_route=\/wp\/v2\/posts\/18763\/revisions\/18767"}],"wp:featuredmedia":[{"embeddable":true,"href":"https:\/\/uscatletica.ch\/wp\/index.php?rest_route=\/wp\/v2\/media\/13147"}],"wp:attachment":[{"href":"https:\/\/uscatletica.ch\/wp\/index.php?rest_route=%2Fwp%2Fv2%2Fmedia&parent=18763"}],"wp:term":[{"taxonomy":"category","embeddable":true,"href":"https:\/\/uscatletica.ch\/wp\/index.php?rest_route=%2Fwp%2Fv2%2Fcategories&post=18763"},{"taxonomy":"post_tag","embeddable":true,"href":"https:\/\/uscatletica.ch\/wp\/index.php?rest_route=%2Fwp%2Fv2%2Ftags&post=18763"}],"curies":[{"name":"wp","href":"https:\/\/api.w.org\/{rel}","templated":true}]}}