{"id":18789,"date":"2024-06-20T13:42:22","date_gmt":"2024-06-20T11:42:22","guid":{"rendered":"https:\/\/uscatletica.ch\/wp\/?p=18789"},"modified":"2024-06-20T13:43:20","modified_gmt":"2024-06-20T11:43:20","slug":"la-corsa-del-bigorio-si-rinnova-e-si-rilancia","status":"publish","type":"post","link":"https:\/\/uscatletica.ch\/wp\/?p=18789","title":{"rendered":"Programma Corsa del Bigorio 2024"},"content":{"rendered":"\n<h2>Si correr\u00e0 tra circa 3 mesi, sabato 21 settembre 2024, la 12a Corsa del Bigorio, che si presenta con alcune novit\u00e0, eccole nel -&gt;<a href=\"https:\/\/uscatletica.ch\/wp\/?page_id=299\">programma<\/a><\/h2>\n\n\n\n<p><\/p>\n","protected":false},"excerpt":{"rendered":"<p>Si correr\u00e0 tra circa 3 mesi, sabato 21 settembre 2024, la 12a Corsa del Bigorio, che si presenta con alcune novit\u00e0, eccole nel -&gt;programma<\/p>\n","protected":false},"author":3,"featured_media":18791,"comment_status":"closed","ping_status":"closed","sticky":false,"template":"","format":"standard","meta":{"jetpack_post_was_ever_published":false,"_jetpack_newsletter_access":"","_jetpack_dont_email_post_to_subs":false,"_jetpack_newsletter_tier_id":0,"_jetpack_memberships_contains_paywalled_content":false,"_jetpack_memberships_contains_paid_content":false,"footnotes":"","jetpack_publicize_message":"","jetpack_publicize_feature_enabled":true,"jetpack_social_post_already_shared":true,"jetpack_social_options":{"image_generator_settings":{"template":"highway","default_image_id":0,"font":"","enabled":false},"version":2}},"categories":[12,10,16,6,9],"tags":[],"class_list":["post-18789","post","type-post","status-publish","format-standard","has-post-thumbnail","hentry","category-nostregare","category-info","category-montagna","category-non-catalogato","category-sport"],"jetpack_publicize_connections":[],"jetpack_featured_media_url":"https:\/\/i0.wp.com\/uscatletica.ch\/wp\/wp-content\/uploads\/2024\/01\/NuovoLogo_CorsaBigorio_2024.jpg?fit=1080%2C1080&ssl=1","jetpack_sharing_enabled":true,"jetpack_shortlink":"https:\/\/wp.me\/p6V7Ck-4T3","jetpack-related-posts":[{"id":19776,"url":"https:\/\/uscatletica.ch\/wp\/?p=19776","url_meta":{"origin":18789,"position":0},"title":"Record per la corsa del Bigorio!!!","author":"Stampa E","date":"21 Settembre 2024","format":false,"excerpt":"Vittoria per Manuel Bonardi in un'ottimo 13'47'' (settimo tempo di sempre), seguito a un solo secondo da Fiorillo Camesi. Alla 12a edizione \u00e8 anche caduto il record femminile, grazie all'ottimo 16'03'' di Paola Stampanoni. I risultati: https:\/\/www.endu.net\/it\/events\/corsa-del-bigorio\/results Risultati Bigorio 2024 -corsa U10 Primato percorso femminile Percorsi, primati, informazioni, programma e\u2026","rel":"","context":"In &quot;I nostri appuntamenti&quot;","block_context":{"text":"I nostri appuntamenti","link":"https:\/\/uscatletica.ch\/wp\/?cat=12"},"img":{"alt_text":"","src":"https:\/\/i0.wp.com\/uscatletica.ch\/wp\/wp-content\/uploads\/2024\/01\/NuovoLogo_CorsaBigorio_2024.jpg?fit=1080%2C1080&ssl=1&resize=350%2C200","width":350,"height":200,"srcset":"https:\/\/i0.wp.com\/uscatletica.ch\/wp\/wp-content\/uploads\/2024\/01\/NuovoLogo_CorsaBigorio_2024.jpg?fit=1080%2C1080&ssl=1&resize=350%2C200 1x, https:\/\/i0.wp.com\/uscatletica.ch\/wp\/wp-content\/uploads\/2024\/01\/NuovoLogo_CorsaBigorio_2024.jpg?fit=1080%2C1080&ssl=1&resize=525%2C300 1.5x, https:\/\/i0.wp.com\/uscatletica.ch\/wp\/wp-content\/uploads\/2024\/01\/NuovoLogo_CorsaBigorio_2024.jpg?fit=1080%2C1080&ssl=1&resize=700%2C400 2x, https:\/\/i0.wp.com\/uscatletica.ch\/wp\/wp-content\/uploads\/2024\/01\/NuovoLogo_CorsaBigorio_2024.jpg?fit=1080%2C1080&ssl=1&resize=1050%2C600 3x"},"classes":[]},{"id":18927,"url":"https:\/\/uscatletica.ch\/wp\/?p=18927","url_meta":{"origin":18789,"position":1},"title":"Calendario cartaceo ASTi 2024","author":"Stampa E","date":"26 Febbraio 2024","format":false,"excerpt":"\u00c8 pronto il calendario cartaceo ASTi 2024. Lo troverete alle manifestazioni ASTi e verr\u00e0 distribuito anche in occasione dell'Assemblea del 13 marzo 2024. Da subito \u00e8 disponibile in versione PDF: link Le gare USC: 17 marzo: Staffetta Capriaschese 20 aprile: Tesserete - Gola di Lago 21 settembre: Corsa del Bigorio\u2026","rel":"","context":"In &quot;I nostri appuntamenti&quot;","block_context":{"text":"I nostri appuntamenti","link":"https:\/\/uscatletica.ch\/wp\/?cat=12"},"img":{"alt_text":"","src":"https:\/\/i0.wp.com\/uscatletica.ch\/wp\/wp-content\/uploads\/2024\/02\/CatturaASTi2024.gif?fit=961%2C686&ssl=1&resize=350%2C200","width":350,"height":200,"srcset":"https:\/\/i0.wp.com\/uscatletica.ch\/wp\/wp-content\/uploads\/2024\/02\/CatturaASTi2024.gif?fit=961%2C686&ssl=1&resize=350%2C200 1x, https:\/\/i0.wp.com\/uscatletica.ch\/wp\/wp-content\/uploads\/2024\/02\/CatturaASTi2024.gif?fit=961%2C686&ssl=1&resize=525%2C300 1.5x, https:\/\/i0.wp.com\/uscatletica.ch\/wp\/wp-content\/uploads\/2024\/02\/CatturaASTi2024.gif?fit=961%2C686&ssl=1&resize=700%2C400 2x"},"classes":[]},{"id":18438,"url":"https:\/\/uscatletica.ch\/wp\/?p=18438","url_meta":{"origin":18789,"position":2},"title":"MANIFESTAZIONI PODISTICHE ASTi 2024","author":"Stampa E","date":"26 Ottobre 2023","format":false,"excerpt":"Sono state pubblicate le date delle MANIFESTAZIONI PODISTICHE ASTi per il 2024 Le trovate qui: LINK DA ANNOTARE IN ROSSO: 17 marzo \u00a0\u00a0\u00a0\u00a0\u00a0\u00a0\u00a0\u00a0\u00a0\u00a0\u00a0\u00a0\u00a0\u00a0\u00a0\u00a0\u00a0\u00a0 \u00a0\u00a0\u00a0\u00a0\u00a0\u00a0\u00a0\u00a0\u00a0\u00a0\u00a0 Staffetta Capriaschese Tesserete 20 aprile\u00a0\u00a0\u00a0\u00a0\u00a0\u00a0\u00a0\u00a0\u00a0\u00a0\u00a0\u00a0\u00a0\u00a0\u00a0\u00a0\u00a0\u00a0\u00a0\u00a0\u00a0\u00a0\u00a0\u00a0\u00a0\u00a0\u00a0\u00a0\u00a0\u00a0\u00a0\u00a0 Tesserete-Gola di Lago 11 settembre (probabile) \u00a0\u00a0\u00a0\u00a0\u00a0\u00a0 Tutti in pista, Capriasca 21 settembre\u00a0\u00a0\u00a0\u00a0\u00a0\u00a0\u00a0\u00a0\u00a0\u00a0\u00a0\u00a0\u00a0\u00a0\u00a0\u00a0\u00a0\u00a0\u00a0\u00a0\u00a0\u00a0\u00a0\u00a0\u00a0\u00a0 Corsa del Bigorio\u00a0\u00a0\u00a0\u00a0\u00a0 \u00a0\u00a0\u00a0\u00a0\u00a0\u00a0\u00a0\u00a0\u00a0\u00a0\u00a0\u00a0\u00a0\u00a0\u00a0\u00a0\u00a0\u00a0\u00a0\u00a0\u00a0\u00a0\u00a0\u00a0\u00a0\u00a0\u00a0\u00a0\u00a0\u00a0\u00a0\u00a0\u00a0\u00a0\u00a0 \u00a0\u00a0\u00a0\u00a0\u00a0\u00a0\u00a0\u00a0\u00a0\u00a0\u00a0","rel":"","context":"In &quot;I nostri appuntamenti&quot;","block_context":{"text":"I nostri appuntamenti","link":"https:\/\/uscatletica.ch\/wp\/?cat=12"},"img":{"alt_text":"","src":"","width":0,"height":0},"classes":[]},{"id":20132,"url":"https:\/\/uscatletica.ch\/wp\/?p=20132","url_meta":{"origin":18789,"position":3},"title":"Bonardi e Stampanoni (con record) vincono al Bigorio (con primati e comunicato RDL)","author":"Spider Calendar","date":"21 Settembre 2024","format":false,"excerpt":"Una bella giornata autunnale ha accolto in Capriasca i partecipanti alla 12a edizione della corsa al Bigorio. Tra i protagonisti Paola Stampanoni e Fiorillo Camesi, che due settimane orsono erano ai mondiali di Vertical in Spagna. Proprio Paola Stampanoni (Pini) ha festeggiato la quinta vittoria al Bigorio impreziosendola con il\u2026","rel":"","context":"In &quot;Podismo&quot;","block_context":{"text":"Podismo","link":"https:\/\/uscatletica.ch\/wp\/?cat=5"},"img":{"alt_text":"","src":"https:\/\/i0.wp.com\/uscatletica.ch\/wp\/wp-content\/uploads\/2024\/09\/CORSABIGORIO24_RivistaDiLugano_27-9-24-274x300.jpg?resize=350%2C200&ssl=1","width":350,"height":200},"classes":[]},{"id":20258,"url":"https:\/\/uscatletica.ch\/wp\/?p=20258","url_meta":{"origin":18789,"position":4},"title":"Fiorillo secondo alla Claro-Pizzo foto)","author":"Stampa E","date":"6 Ottobre 2024","format":false,"excerpt":"Grande prestazione per Fiorillo (Camesi) alla Claro-Pizzo. dove ha ottenuto il secondo rango in 1h20'44'' alle spalle dell'italiano Ugazio (1h19'47''). Tra le donne vittoria per Paola Stampanoni, con il 5\u00b0 tempo assoluto di giornata di 1h32'37''.Risultati su datasport","rel":"","context":"In &quot;Montagna&quot;","block_context":{"text":"Montagna","link":"https:\/\/uscatletica.ch\/wp\/?cat=16"},"img":{"alt_text":"","src":"https:\/\/i0.wp.com\/uscatletica.ch\/wp\/wp-content\/uploads\/2024\/10\/Podio-Claro-Pizzo-2024-da-sin-FiorilloCamesi-MarcelloUgazio-FrancescoCeschi-225x300.jpg?resize=350%2C200&ssl=1","width":350,"height":200},"classes":[]},{"id":20339,"url":"https:\/\/uscatletica.ch\/wp\/?p=20339","url_meta":{"origin":18789,"position":5},"title":"Vota la miglior gara ASTi 2024","author":"Stampa E","date":"9 Novembre 2024","format":false,"excerpt":"Sul sito dell'ASTi, fino al 20 novembre \u00e8 possibile votare la manifestazione ASTi preferita. Si pu\u00f2 scegliere tra gare di podismo, montagna o trail (escluse le gare gi\u00e0 vincenti negli ultimi 5 anni) e votare. Come indicato sulla presentazione, vanno considerate la bellezza del percorso, l\u2019organizzazione, l\u2019ambiente, l\u2019accoglienza e tutto\u2026","rel":"","context":"In &quot;Diversi&quot;","block_context":{"text":"Diversi","link":"https:\/\/uscatletica.ch\/wp\/?cat=30"},"img":{"alt_text":"","src":"https:\/\/i0.wp.com\/uscatletica.ch\/wp\/wp-content\/uploads\/2023\/05\/MulattieraBigorio2023.jpg?fit=626%2C840&ssl=1&resize=350%2C200","width":350,"height":200,"srcset":"https:\/\/i0.wp.com\/uscatletica.ch\/wp\/wp-content\/uploads\/2023\/05\/MulattieraBigorio2023.jpg?fit=626%2C840&ssl=1&resize=350%2C200 1x, https:\/\/i0.wp.com\/uscatletica.ch\/wp\/wp-content\/uploads\/2023\/05\/MulattieraBigorio2023.jpg?fit=626%2C840&ssl=1&resize=525%2C300 1.5x"},"classes":[]}],"_links":{"self":[{"href":"https:\/\/uscatletica.ch\/wp\/index.php?rest_route=\/wp\/v2\/posts\/18789","targetHints":{"allow":["GET"]}}],"collection":[{"href":"https:\/\/uscatletica.ch\/wp\/index.php?rest_route=\/wp\/v2\/posts"}],"about":[{"href":"https:\/\/uscatletica.ch\/wp\/index.php?rest_route=\/wp\/v2\/types\/post"}],"author":[{"embeddable":true,"href":"https:\/\/uscatletica.ch\/wp\/index.php?rest_route=\/wp\/v2\/users\/3"}],"replies":[{"embeddable":true,"href":"https:\/\/uscatletica.ch\/wp\/index.php?rest_route=%2Fwp%2Fv2%2Fcomments&post=18789"}],"version-history":[{"count":11,"href":"https:\/\/uscatletica.ch\/wp\/index.php?rest_route=\/wp\/v2\/posts\/18789\/revisions"}],"predecessor-version":[{"id":19489,"href":"https:\/\/uscatletica.ch\/wp\/index.php?rest_route=\/wp\/v2\/posts\/18789\/revisions\/19489"}],"wp:featuredmedia":[{"embeddable":true,"href":"https:\/\/uscatletica.ch\/wp\/index.php?rest_route=\/wp\/v2\/media\/18791"}],"wp:attachment":[{"href":"https:\/\/uscatletica.ch\/wp\/index.php?rest_route=%2Fwp%2Fv2%2Fmedia&parent=18789"}],"wp:term":[{"taxonomy":"category","embeddable":true,"href":"https:\/\/uscatletica.ch\/wp\/index.php?rest_route=%2Fwp%2Fv2%2Fcategories&post=18789"},{"taxonomy":"post_tag","embeddable":true,"href":"https:\/\/uscatletica.ch\/wp\/index.php?rest_route=%2Fwp%2Fv2%2Ftags&post=18789"}],"curies":[{"name":"wp","href":"https:\/\/api.w.org\/{rel}","templated":true}]}}