{"id":18802,"date":"2024-01-27T18:10:14","date_gmt":"2024-01-27T17:10:14","guid":{"rendered":"https:\/\/uscatletica.ch\/wp\/?p=18802"},"modified":"2024-01-29T14:13:13","modified_gmt":"2024-01-29T13:13:13","slug":"letizia-elia-e-gioele-nicole-vincono-a-vezia","status":"publish","type":"post","link":"https:\/\/uscatletica.ch\/wp\/?p=18802","title":{"rendered":"BENE L&#8217;USC A VEZIA (corretto)"},"content":{"rendered":"\n\n\n<p><em>(foto: P. Stampanoni)<\/em><\/p>\n<p>La primavera ha salutato i 356 partecipanti al cross di Vezia. Ben 53 atleti ed atlete USC erano al via della quinta prova di coppa Ticino FTAL AET. Sul rinnovato tracciato ricco di andirivieni sono arrivate ben 5 vittorie: Letizia, nella gara femminile, Elia negli M40, Gioele tra gli U20, Nicole nelel U12 e Linda tra le U8. Inoltre sono stati otto i podi per l&#8217;USC, grazie a Martina, Emma, Jana, John, Patrizia, No\u00e9, Jonathan e Selina.<\/p>\n<p><a href=\"https:\/\/www.endu.net\/it\/events\/stramassagno\/results\" target=\"_blank\" rel=\"noopener\">Risultai Live su Endu<\/a><\/p>\n<h2>Donne: Letizia vince<\/h2>\n<p>Nella gara femminile Letizia, alla sua seconda apparizione, ripete la vittoria di Tesserete con una cavalcata solitaria sui 4.5 km, dove Elisa chiude sesta. Tra le U20, dietro alla fresca vincitrice di coppa Zoe Rossi, sul podio due USC: Emma supera all&#8217;ultimo giro Selina, in netta crescendo di forma. Tra le W50 seconda Patrizia, cos\u00ec come Jana nelle W40, con Ramona quinta. <\/p>\n<h2>Uomini: Elia vince la coppa, Gioele la sua prima gara<\/h2>\n<p>Nella gara di chiusura arrivano due successi USC. Elia firma la quinta solida vittoria e s&#8217;assicura la coppa Ticino, mentre Alex timbra il suo abbonamento al quarto rango. Alla prima uscita, Gioele vince tra gli U20 grazie ad un gran giro finale. <span style=\"font-size: revert;\">Tra gli M50 vince Jean Marc Cattori davanti a cinque nostri atleti: John e Jonathan sono sul podio. Ralf, Gionata e Leonida completano il quintetto e tra loro c&#8217;\u00e8 anche Alessandro, sesto M40. David e Guido completano la squadra. Tra gli M60 Giancarlo \u00e8 sesto. L<\/span>a vittoria nella categoria regina \u00e8 per Tobia Pezzati con buon sesto Rocco e settimo Tiziano. Rocco era al via pure nel cross corto dove ha vinto Enea Ratti del GAB.<\/p>\n<h2>Ragazzi: Martina e No\u00e9 sul podio<\/h2>\n<p>Per le categorie giovanili gara sul doppio giro, ossia 3 km. Tra le U18 Martina \u00e8 seconda, Olivia sesta e Elsa ottava. Negli U16 No\u00e9 non riesce a seguire il cambio di ritmo di Lorenzo Bracchi ma finisce comunque sul podio al terzo rango. Mattia firma una gara in crescendo e chiude sesto. Tra le U16 Am\u00e9lie chiude quinta seguita da Dalia (15).\u00a0<\/p>\n<h2>Scolari: Nicole ritrova la vittoria\u00a0<\/h2>\n<p>Nella prima gara di coppa Nicole torna al successo, Agata (15) e la debuttante Giada (20) sono a met\u00e0 \u00a0classifica. Tra gli U14 vince Leo Kurmann Dario \u00e8 ai piedi del podio seguito da vicino da Noah (6). Tra le ragazze U14 Anais \u00e8 settima tallonata da Asia, seguite da Viola (15) e Camilla (26). \u00a0Negli U12 vittoria Nicol\u00f2 \u00e8 ottavo, bene anche Jacopo .\u00a0<\/p>\n<h2>Piccoli<\/h2>\n<p>Un quartetto USC era al via della prima gara, dove Linda \u00e8 la pi\u00f9 veloce delle U8. Brave anche Zoe, Flora e Lisa. Tre gli U10 al traguardo, con Lucio, Etienne e Daniel, e due le U10: Irene e Alina.\u00a0<\/p>\n<p>La prossima settimana, domenica, si correranno i Campionati ticinesi a Mendrisio.<\/p>\n<p>\u00a0<\/p>\n<p><blockquote class=\"wp-embedded-content\" data-secret=\"jctW7MmcU4\"><a href=\"https:\/\/ftal.ch\/10745-2\/\">A VEZIA ASSEGNATE LE PRIME COPPE.<\/a><\/blockquote><iframe loading=\"lazy\" class=\"wp-embedded-content\" sandbox=\"allow-scripts\" security=\"restricted\" style=\"position: absolute; clip: rect(1px, 1px, 1px, 1px);\" title=\"&#8220;A VEZIA ASSEGNATE LE PRIME COPPE.&#8221; &#8212; FTAL\" src=\"https:\/\/ftal.ch\/10745-2\/embed\/#?secret=mUpdjC5daq#?secret=jctW7MmcU4\" data-secret=\"jctW7MmcU4\" width=\"600\" height=\"338\" frameborder=\"0\" marginwidth=\"0\" marginheight=\"0\" scrolling=\"no\"><\/iframe><\/p>\n<p>\u00a0<\/p>\n<p>Tutti i risultati USC<\/p>\n<table border=\"0\" cellspacing=\"0\"><colgroup width=\"75\"><\/colgroup><colgroup width=\"278\"><\/colgroup><colgroup width=\"123\"><\/colgroup><colgroup width=\"61\"><\/colgroup><colgroup width=\"149\"><\/colgroup>\n<tbody>\n<tr>\n<td align=\"right\" height=\"62\">1<\/td>\n<td align=\"left\">DOMENICONI LINDA<\/td>\n<td align=\"left\">01:04.95<br \/>+1.69<\/td>\n<td align=\"left\">1<br \/>U8W<\/td>\n<td align=\"right\">1<\/td>\n<\/tr>\n<tr>\n<td align=\"right\" height=\"62\">1<\/td>\n<td align=\"left\">PONGELLI NICOLE<\/td>\n<td align=\"left\">06:37.09<br \/>&#8211;<\/td>\n<td align=\"left\">1<br \/>U12W<\/td>\n<td align=\"right\">1<\/td>\n<\/tr>\n<tr>\n<td align=\"right\" height=\"62\">1<\/td>\n<td align=\"left\">MARTINELLI LETIZIA<\/td>\n<td align=\"left\">18:12.61<br \/>+1:37.93<\/td>\n<td align=\"left\">1<br \/>W<\/td>\n<td align=\"right\">1<\/td>\n<\/tr>\n<tr>\n<td align=\"right\" height=\"42\">1<\/td>\n<td align=\"left\">CHIODONI GIOELE<\/td>\n<td align=\"left\">28:49.56<br \/>&#8211;<\/td>\n<td align=\"left\">1<br \/>U20M<\/td>\n<td align=\"right\">1<\/td>\n<\/tr>\n<tr>\n<td align=\"right\" height=\"62\">1<\/td>\n<td align=\"left\">STAMPANONI ELIA<\/td>\n<td align=\"left\">29:19.13<br \/>+29.57<\/td>\n<td align=\"left\">1<br \/>M40<\/td>\n<td align=\"right\">3<\/td>\n<\/tr>\n<tr>\n<td align=\"right\" height=\"42\">2<\/td>\n<td align=\"left\">BURI MARTINA<\/td>\n<td align=\"left\">13:01.05<br \/>+1:14.39<\/td>\n<td align=\"left\">2<br \/>U18W<\/td>\n<td align=\"right\">2<\/td>\n<\/tr>\n<tr>\n<td align=\"right\" height=\"62\">2<\/td>\n<td align=\"left\">VICARI JANA<\/td>\n<td align=\"left\">21:31.68<br \/>+4:56.99<\/td>\n<td align=\"left\">2<br \/>W40<\/td>\n<td align=\"right\">10<\/td>\n<\/tr>\n<tr>\n<td align=\"right\" height=\"62\">2<\/td>\n<td align=\"left\">VON KOCSIS EMMA<\/td>\n<td align=\"left\">21:43.04<br \/>+5:08.35<\/td>\n<td align=\"left\">2<br \/>U20W<\/td>\n<td align=\"right\">11<\/td>\n<\/tr>\n<tr>\n<td align=\"right\" height=\"42\">2<\/td>\n<td align=\"left\">BESOMI PATRIZIA<\/td>\n<td align=\"left\">22:10.70<br \/>+5:36.01<\/td>\n<td align=\"left\">2<br \/>W50<\/td>\n<td align=\"right\">14<\/td>\n<\/tr>\n<tr>\n<td align=\"right\" height=\"62\">2<\/td>\n<td align=\"left\">BALDI JOHN<\/td>\n<td align=\"left\">31:10.45<br \/>+2:20.88<\/td>\n<td align=\"left\">2<br \/>M50<\/td>\n<td align=\"right\">10<\/td>\n<\/tr>\n<tr>\n<td align=\"right\" height=\"62\">3<\/td>\n<td align=\"left\">VOLGER NO\u00c8<\/td>\n<td align=\"left\">12:02.23<br \/>+15.56<\/td>\n<td align=\"left\">3<br \/>U16M<\/td>\n<td align=\"right\">3<\/td>\n<\/tr>\n<tr>\n<td align=\"right\" height=\"42\">3<\/td>\n<td align=\"left\">STAMPANONI SELINA<\/td>\n<td align=\"left\">22:00.90<br \/>+5:26.21<\/td>\n<td align=\"left\">3<br \/>U20W<\/td>\n<td align=\"right\">13<\/td>\n<\/tr>\n<tr>\n<td align=\"right\" height=\"62\">3<\/td>\n<td align=\"left\">STAMPANONI JONATHAN<\/td>\n<td align=\"left\">31:15.77<br \/>+2:26.20<\/td>\n<td align=\"left\">3<br \/>M50<\/td>\n<td align=\"right\">11<\/td>\n<\/tr>\n<tr>\n<td align=\"right\" height=\"42\">4<\/td>\n<td align=\"left\">MACCONI DARIO<\/td>\n<td align=\"left\">12:52.75<br \/>+44.29<\/td>\n<td align=\"left\">4<br \/>U14M<\/td>\n<td align=\"right\">4<\/td>\n<\/tr>\n<tr>\n<td align=\"right\" height=\"62\">4<\/td>\n<td align=\"left\">DOMENICONI ALEX<\/td>\n<td align=\"left\">30:47.95<br \/>+1:58.39<\/td>\n<td align=\"left\">4<br \/>M40<\/td>\n<td align=\"right\">8<\/td>\n<\/tr>\n<tr>\n<td align=\"right\" height=\"62\">4<\/td>\n<td align=\"left\">MUREDDU RALF<\/td>\n<td align=\"left\">31:52.87<br \/>+3:03.31<\/td>\n<td align=\"left\">4<br \/>M50<\/td>\n<td align=\"right\">14<\/td>\n<\/tr>\n<tr>\n<td align=\"right\" height=\"62\">5<\/td>\n<td align=\"left\">PICCARDO IRENE<\/td>\n<td align=\"left\">01:59.41<br \/>+10.83<\/td>\n<td align=\"left\">5<br \/>U10W<\/td>\n<td align=\"right\">5<\/td>\n<\/tr>\n<tr>\n<td align=\"right\" height=\"42\">5<\/td>\n<td align=\"left\">ANDREOLI AMELIE<\/td>\n<td align=\"left\">14:53.73<br \/>+1:31.23<\/td>\n<td align=\"left\">5<br \/>U16W<\/td>\n<td align=\"right\">5<\/td>\n<\/tr>\n<tr>\n<td align=\"right\" height=\"42\">5<\/td>\n<td align=\"left\">DOMENICONI RAMONA<\/td>\n<td align=\"left\">24:52.67<br \/>+8:17.98<\/td>\n<td align=\"left\">5<br \/>W40<\/td>\n<td align=\"right\">19<\/td>\n<\/tr>\n<tr>\n<td align=\"right\" height=\"42\">5<\/td>\n<td align=\"left\">VOLGER GIONATA<\/td>\n<td align=\"left\">32:08.31<br \/>+3:18.74<\/td>\n<td align=\"left\">5<br \/>M50<\/td>\n<td align=\"right\">15<\/td>\n<\/tr>\n<tr>\n<td align=\"right\" height=\"42\">5<\/td>\n<td align=\"left\">FRAQUELLI GIANCARLO<\/td>\n<td align=\"left\">41:05.45<br \/>+12:15.89<\/td>\n<td align=\"left\">5<br \/>M60<\/td>\n<td align=\"right\">35<\/td>\n<\/tr>\n<tr>\n<td align=\"right\" height=\"42\">6<\/td>\n<td align=\"left\">BADER NOAH<\/td>\n<td align=\"left\">13:26.65<br \/>+1:18.19<\/td>\n<td align=\"left\">6<br \/>U14M<\/td>\n<td align=\"right\">6<\/td>\n<\/tr>\n<tr>\n<td align=\"right\" height=\"42\">6<\/td>\n<td align=\"left\">GIANOTTI MATTIA<\/td>\n<td align=\"left\">12:45.71<br \/>+59.04<\/td>\n<td align=\"left\">6<br \/>U16M<\/td>\n<td align=\"right\">6<\/td>\n<\/tr>\n<tr>\n<td align=\"right\" height=\"42\">6<\/td>\n<td align=\"left\">STAMPANONI OLIVIA<\/td>\n<td align=\"left\">14:50.29<br \/>+3:03.62<\/td>\n<td align=\"left\">6<br \/>U18W<\/td>\n<td align=\"right\">6<\/td>\n<\/tr>\n<tr>\n<td align=\"right\" height=\"42\">6<\/td>\n<td align=\"left\">BERTOZZI ELISA<\/td>\n<td align=\"left\">20:50.73<br \/>+4:16.04<\/td>\n<td align=\"left\">6<br \/>W<\/td>\n<td align=\"right\">8<\/td>\n<\/tr>\n<tr>\n<td align=\"right\" height=\"42\">6<\/td>\n<td align=\"left\">FERRETTI ROCCO<\/td>\n<td align=\"left\">11:21.66<br \/>+1:09.09<\/td>\n<td align=\"left\">6<br \/>&#8212;<\/td>\n<td align=\"right\">6<\/td>\n<\/tr>\n<tr>\n<td align=\"right\" height=\"42\">6<\/td>\n<td align=\"left\">ZANETTI ALESSANDRO<\/td>\n<td align=\"left\">32:20.42<br \/>+3:30.85<\/td>\n<td align=\"left\">6<br \/>M40<\/td>\n<td align=\"right\">16<\/td>\n<\/tr>\n<tr>\n<td align=\"right\" height=\"42\">6<\/td>\n<td align=\"left\">STAMPANONI LEONIDA<\/td>\n<td align=\"left\">32:47.13<br \/>+3:57.56<\/td>\n<td align=\"left\">6<br \/>M50<\/td>\n<td align=\"right\">18<\/td>\n<\/tr>\n<tr>\n<td align=\"right\" height=\"62\">6<\/td>\n<td align=\"left\">FERRETTI ROCCO<\/td>\n<td align=\"left\">35:47.86<br \/>+3:37.12<\/td>\n<td align=\"left\">6<br \/>M<\/td>\n<td align=\"right\">6<\/td>\n<\/tr>\n<tr>\n<td align=\"right\" height=\"62\">7<\/td>\n<td align=\"left\">PIATTINI ANAIS<\/td>\n<td align=\"left\">06:42.52<br \/>+34.12<\/td>\n<td align=\"left\">7<br \/>U14W<\/td>\n<td align=\"right\">7<\/td>\n<\/tr>\n<tr>\n<td align=\"right\" height=\"62\">7<\/td>\n<td align=\"left\">BONOMO TIZIANO<\/td>\n<td align=\"left\">37:46.97<br \/>+5:36.22<\/td>\n<td align=\"left\">7<br \/>M<\/td>\n<td align=\"right\">7<\/td>\n<\/tr>\n<tr>\n<td align=\"right\" height=\"62\">8<\/td>\n<td align=\"left\">DOMENICONI NICOL\u00d2<\/td>\n<td align=\"left\">07:03.19<br \/>+42.57<\/td>\n<td align=\"left\">8<br \/>U12M<\/td>\n<td align=\"right\">8<\/td>\n<\/tr>\n<tr>\n<td align=\"right\" height=\"62\">8<\/td>\n<td align=\"left\">CORTI ASIA<\/td>\n<td align=\"left\">06:49.02<br \/>+40.62<\/td>\n<td align=\"left\">8<br \/>U14W<\/td>\n<td align=\"right\">8<\/td>\n<\/tr>\n<tr>\n<td align=\"right\" height=\"62\">8<\/td>\n<td align=\"left\">CAISSUTTI ELSA<\/td>\n<td align=\"left\">14:59.32<br \/>+3:12.66<\/td>\n<td align=\"left\">8<br \/>U18W<\/td>\n<td align=\"right\">8<\/td>\n<\/tr>\n<tr>\n<td align=\"right\" height=\"42\">10<\/td>\n<td align=\"left\">NUSSIO DAVID<\/td>\n<td align=\"left\">33:53.56<br \/>+5:04.00<\/td>\n<td align=\"left\">10<br \/>M40<\/td>\n<td align=\"right\">22<\/td>\n<\/tr>\n<tr>\n<td align=\"right\" height=\"62\">11<\/td>\n<td align=\"left\">PICCARDO ZOE<\/td>\n<td align=\"left\">01:15.89<br \/>+12.63<\/td>\n<td align=\"left\">4<br \/>U8W<\/td>\n<td align=\"right\">4<\/td>\n<\/tr>\n<tr>\n<td align=\"right\" height=\"62\">12<\/td>\n<td align=\"left\">STAMPANONI ALINA<\/td>\n<td align=\"left\">02:11.25<br \/>+22.67<\/td>\n<td align=\"left\">12<br \/>U10W<\/td>\n<td align=\"right\">12<\/td>\n<\/tr>\n<tr>\n<td align=\"right\" height=\"62\">12<\/td>\n<td align=\"left\">MACCONI GUIDO<\/td>\n<td align=\"left\">34:27.69<br \/>+5:38.12<\/td>\n<td align=\"left\">12<br \/>M40<\/td>\n<td align=\"right\">24<\/td>\n<\/tr>\n<tr>\n<td align=\"right\" height=\"62\">15<\/td>\n<td align=\"left\">MACCONI AGATA<\/td>\n<td align=\"left\">07:57.30<br \/>+1:20.21<\/td>\n<td align=\"left\">15<br \/>U12W<\/td>\n<td align=\"right\">15<\/td>\n<\/tr>\n<tr>\n<td align=\"right\" height=\"62\">15<\/td>\n<td align=\"left\">CAISSUTTI DALIA<\/td>\n<td align=\"left\">15:46.80<br \/>&#8211;<\/td>\n<td align=\"left\">15<br \/>U16W<\/td>\n<td align=\"right\">15<\/td>\n<\/tr>\n<tr>\n<td align=\"right\" height=\"62\">17<\/td>\n<td align=\"left\">FERRETTI LUCIO<\/td>\n<td align=\"left\">02:10.88<br \/>+25.19<\/td>\n<td align=\"left\">17<br \/>U10M<\/td>\n<td align=\"right\">17<\/td>\n<\/tr>\n<tr>\n<td align=\"right\" height=\"62\">17<\/td>\n<td align=\"left\">GROPPI VIOLA<\/td>\n<td align=\"left\">07:08.02<br \/>+59.62<\/td>\n<td align=\"left\">17<br \/>U14W<\/td>\n<td align=\"right\">17<\/td>\n<\/tr>\n<tr>\n<td align=\"right\" height=\"62\">18<\/td>\n<td align=\"left\">KONO ETIENNE<\/td>\n<td align=\"left\">02:14.00<br \/>+28.31<\/td>\n<td align=\"left\">18<br \/>U10M<\/td>\n<td align=\"right\">18<\/td>\n<\/tr>\n<tr>\n<td align=\"right\" height=\"62\">19<\/td>\n<td align=\"left\">ZANETTI FLORA<\/td>\n<td align=\"left\">01:23.19<br \/>+19.92<\/td>\n<td align=\"left\">7<br \/>U8W<\/td>\n<td align=\"right\">7<\/td>\n<\/tr>\n<tr>\n<td align=\"right\" height=\"62\">20<\/td>\n<td align=\"left\">BIANCHI GIADA<\/td>\n<td align=\"left\">08:08.02<br \/>+1:30.93<\/td>\n<td align=\"left\">20<br \/>U12W<\/td>\n<td align=\"right\">20<\/td>\n<\/tr>\n<tr>\n<td align=\"right\" height=\"42\">21<\/td>\n<td align=\"left\">STAMPANONI LISA<\/td>\n<td align=\"left\">01:24.55<br \/>+21.28<\/td>\n<td align=\"left\">9<br \/>U8W<\/td>\n<td align=\"right\">9<\/td>\n<\/tr>\n<tr>\n<td align=\"right\" height=\"62\">22<\/td>\n<td align=\"left\">DOS SANTOS PEREIRA DANIEL<\/td>\n<td align=\"left\">02:17.08<br \/>+31<\/td>\n<td align=\"left\">22<br \/>U10M<\/td>\n<td align=\"right\">22<\/td>\n<\/tr>\n<tr>\n<td align=\"right\" height=\"42\">22<\/td>\n<td align=\"left\">CAISSUTTI GIOSU\u00c8<\/td>\n<td align=\"left\">15:22.81<br \/>+3:14.35<\/td>\n<td align=\"left\">22<br \/>U14M<\/td>\n<td align=\"right\">22<\/td>\n<\/tr>\n<tr>\n<td align=\"right\" height=\"62\">26<\/td>\n<td align=\"left\">AMARO CAMILLA<\/td>\n<td align=\"left\">07:34.57<br \/>+1:26.17<\/td>\n<td align=\"left\">26<br \/>U14W<\/td>\n<td align=\"right\">26<\/td>\n<\/tr>\n<tr>\n<td align=\"right\" height=\"42\">30<\/td>\n<td align=\"left\">VOLGER JACOPO<\/td>\n<td align=\"left\">08:07.35<br \/>+1:46.72<\/td>\n<td align=\"left\">30<br \/>U12M<\/td>\n<td align=\"right\">30<\/td>\n<\/tr>\n<\/tbody>\n<\/table>\n","protected":false},"excerpt":{"rendered":"<p>(foto: P. Stampanoni) La primavera ha salutato i 356 partecipanti al cross di Vezia. Ben 53 atleti ed atlete USC erano al via della quinta prova di coppa Ticino FTAL AET. Sul rinnovato tracciato ricco di andirivieni sono arrivate ben 5 vittorie: Letizia, nella gara femminile, Elia negli M40, Gioele tra gli U20, Nicole nelel U12 e Linda tra le U8. Inoltre sono stati otto i podi per l&#8217;USC, grazie a Martina, Emma, Jana, John,&#8230;<\/p>\n","protected":false},"author":4,"featured_media":18804,"comment_status":"closed","ping_status":"closed","sticky":false,"template":"","format":"standard","meta":{"jetpack_post_was_ever_published":true,"_jetpack_newsletter_access":"","_jetpack_dont_email_post_to_subs":false,"_jetpack_newsletter_tier_id":0,"_jetpack_memberships_contains_paywalled_content":false,"_jetpack_memberships_contains_paid_content":false,"footnotes":"","jetpack_publicize_message":"","jetpack_publicize_feature_enabled":true,"jetpack_social_post_already_shared":true,"jetpack_social_options":{"image_generator_settings":{"template":"highway","default_image_id":0,"font":"","enabled":false},"version":2}},"categories":[7,9],"tags":[],"class_list":["post-18802","post","type-post","status-publish","format-standard","has-post-thumbnail","hentry","category-cross","category-sport"],"jetpack_publicize_connections":[],"jetpack_featured_media_url":"https:\/\/i0.wp.com\/uscatletica.ch\/wp\/wp-content\/uploads\/2024\/01\/240127crossveziaprim.jpg?fit=425%2C318&ssl=1","jetpack_sharing_enabled":true,"jetpack_shortlink":"https:\/\/wp.me\/p6V7Ck-4Tg","jetpack-related-posts":[{"id":16662,"url":"https:\/\/uscatletica.ch\/wp\/?p=16662","url_meta":{"origin":18802,"position":0},"title":"A Vezia i campionati ticinesi di cross chiudono la coppa Ticino FTAL AET","author":"Leonida Stampanoni","date":"4 Febbraio 2023","format":false,"excerpt":"Domenica a Vezia in zona Malombra, sul percorso inaugurato lo scorso anno si correranno i campionati ticinesi di cross validi anche come ultima prova di coppa Ticino di cross FTAL AET. Si correr\u00e0 anche per la \u00a0Cross cup di Swiss Athletics. \u00a0L'USC con 65 presenze sar\u00e0 tra le societ\u00e0 pi\u00f9\u2026","rel":"","context":"In &quot;Cross&quot;","block_context":{"text":"Cross","link":"https:\/\/uscatletica.ch\/wp\/?cat=7"},"img":{"alt_text":"","src":"https:\/\/i0.wp.com\/uscatletica.ch\/wp\/wp-content\/uploads\/2022\/12\/Cross-USC-2022-Foto-Elia-Sta-65.jpg?fit=800%2C533&ssl=1&resize=350%2C200","width":350,"height":200,"srcset":"https:\/\/i0.wp.com\/uscatletica.ch\/wp\/wp-content\/uploads\/2022\/12\/Cross-USC-2022-Foto-Elia-Sta-65.jpg?fit=800%2C533&ssl=1&resize=350%2C200 1x, https:\/\/i0.wp.com\/uscatletica.ch\/wp\/wp-content\/uploads\/2022\/12\/Cross-USC-2022-Foto-Elia-Sta-65.jpg?fit=800%2C533&ssl=1&resize=525%2C300 1.5x, https:\/\/i0.wp.com\/uscatletica.ch\/wp\/wp-content\/uploads\/2022\/12\/Cross-USC-2022-Foto-Elia-Sta-65.jpg?fit=800%2C533&ssl=1&resize=700%2C400 2x"},"classes":[]},{"id":20536,"url":"https:\/\/uscatletica.ch\/wp\/?p=20536","url_meta":{"origin":18802,"position":1},"title":"Da Macolin a Vezia il fine settimana intenso per gli USCini","author":"Leonida Stampanoni","date":"25 Gennaio 2025","format":false,"excerpt":"Nel fine settimana l'USC sar\u00e0 impegnata su due fronti sempre a livello nazionale. Domenica a Macolin parte la stagione indoor insieme alle stelle dell'atletica svizzera ci saranno pure Lea sui 400 e Marta nel Alto. Una cinquantina i partenti a Vezia nella sesta tappa di Coppa Ticino di cross che\u2026","rel":"","context":"In &quot;Cross&quot;","block_context":{"text":"Cross","link":"https:\/\/uscatletica.ch\/wp\/?cat=7"},"img":{"alt_text":"","src":"https:\/\/i0.wp.com\/uscatletica.ch\/wp\/wp-content\/uploads\/2016\/02\/cs2016indoor01.jpg?fit=640%2C432&ssl=1&resize=350%2C200","width":350,"height":200,"srcset":"https:\/\/i0.wp.com\/uscatletica.ch\/wp\/wp-content\/uploads\/2016\/02\/cs2016indoor01.jpg?fit=640%2C432&ssl=1&resize=350%2C200 1x, https:\/\/i0.wp.com\/uscatletica.ch\/wp\/wp-content\/uploads\/2016\/02\/cs2016indoor01.jpg?fit=640%2C432&ssl=1&resize=525%2C300 1.5x"},"classes":[]},{"id":7182,"url":"https:\/\/uscatletica.ch\/wp\/?p=7182","url_meta":{"origin":18802,"position":2},"title":"VEZIA IN PALIO I TITOLI CANTONALI DI CROSS","author":"Leonida Stampanoni","date":"7 Febbraio 2019","format":false,"excerpt":"20190209ProgrammaSAMCrossScarica CrossctsamsitoScarica Sabato alla Monda di Vezia in palio ci saranno 14 titoli di campione Ticinese di cross, la SAM per l'occasione e disegnato un nuovo tracciato velocissimo sui prati della Monda. La gara che comincer\u00e0 alle 12.15 sar\u00e0 valida come ultima prova di coppa Ticino di cross FTAL Laube\u2026","rel":"","context":"In &quot;Cross&quot;","block_context":{"text":"Cross","link":"https:\/\/uscatletica.ch\/wp\/?cat=7"},"img":{"alt_text":"","src":"https:\/\/i0.wp.com\/uscatletica.ch\/wp\/wp-content\/uploads\/2018\/01\/u10wstar180127.jpg?fit=563%2C422&ssl=1&resize=350%2C200","width":350,"height":200,"srcset":"https:\/\/i0.wp.com\/uscatletica.ch\/wp\/wp-content\/uploads\/2018\/01\/u10wstar180127.jpg?fit=563%2C422&ssl=1&resize=350%2C200 1x, https:\/\/i0.wp.com\/uscatletica.ch\/wp\/wp-content\/uploads\/2018\/01\/u10wstar180127.jpg?fit=563%2C422&ssl=1&resize=525%2C300 1.5x"},"classes":[]},{"id":18838,"url":"https:\/\/uscatletica.ch\/wp\/?p=18838","url_meta":{"origin":18802,"position":3},"title":"A MENDRISIO I CAMPIONATI TICINESI DI CROSS","author":"Leonida Stampanoni","date":"3 Febbraio 2024","format":false,"excerpt":"I\u00a0Campionati ticinesi di cross si correranno a Mendrisio,\u00a0uno\u00a0degli appuntamenti classici della stagione cantonale. La prova mom\u00f2 sar\u00e0 anche la\u00a0sesta\u00a0tappa della coppa Ticino di cross FTAL AET.\u00a0Lo\u00a0scorso anno a Vezia Robi vinse il titolo, \u00a0cos\u00ec come\u00a0l\u2019anno prima a Moghegno dove\u00a0vinsepure Letizia. Sui prati di\u00a0Casvegno,\u00a0dove per l\u2019occasione l\u2019atletica Mendrisiotto ha disegnato circuiti\u2026","rel":"","context":"In &quot;Cross&quot;","block_context":{"text":"Cross","link":"https:\/\/uscatletica.ch\/wp\/?cat=7"},"img":{"alt_text":"","src":"https:\/\/i0.wp.com\/uscatletica.ch\/wp\/wp-content\/uploads\/2017\/03\/P1450274.jpg?fit=563%2C751&ssl=1&resize=350%2C200","width":350,"height":200,"srcset":"https:\/\/i0.wp.com\/uscatletica.ch\/wp\/wp-content\/uploads\/2017\/03\/P1450274.jpg?fit=563%2C751&ssl=1&resize=350%2C200 1x, https:\/\/i0.wp.com\/uscatletica.ch\/wp\/wp-content\/uploads\/2017\/03\/P1450274.jpg?fit=563%2C751&ssl=1&resize=525%2C300 1.5x"},"classes":[]},{"id":14252,"url":"https:\/\/uscatletica.ch\/wp\/?p=14252","url_meta":{"origin":18802,"position":4},"title":"A Moghegno in palio i titoli cantonali di cross","author":"Leonida Stampanoni","date":"11 Febbraio 2022","format":false,"excerpt":"Sabato la chiusura della coppa Ticino di cross sar\u00e0 in Vallemaggia dove si\u00a0 assegneranno anche i titoli cantonali di specialit\u00e0. 65 le iscrizioni dell'USC Sui prati di Moghegno la Virtus ha disegnato un circuito di 2km per i pi\u00f9 grandi e di 800 m per i pi\u00f9 giovani. In Vallemaggia\u2026","rel":"","context":"In &quot;Cross&quot;","block_context":{"text":"Cross","link":"https:\/\/uscatletica.ch\/wp\/?cat=7"},"img":{"alt_text":"","src":"https:\/\/i0.wp.com\/uscatletica.ch\/wp\/wp-content\/uploads\/2019\/02\/P1010392.jpg?fit=1024%2C768&ssl=1&resize=350%2C200","width":350,"height":200,"srcset":"https:\/\/i0.wp.com\/uscatletica.ch\/wp\/wp-content\/uploads\/2019\/02\/P1010392.jpg?fit=1024%2C768&ssl=1&resize=350%2C200 1x, https:\/\/i0.wp.com\/uscatletica.ch\/wp\/wp-content\/uploads\/2019\/02\/P1010392.jpg?fit=1024%2C768&ssl=1&resize=525%2C300 1.5x, https:\/\/i0.wp.com\/uscatletica.ch\/wp\/wp-content\/uploads\/2019\/02\/P1010392.jpg?fit=1024%2C768&ssl=1&resize=700%2C400 2x"},"classes":[]},{"id":5474,"url":"https:\/\/uscatletica.ch\/wp\/?p=5474","url_meta":{"origin":18802,"position":5},"title":"Vezia","author":"Leonida Stampanoni","date":"25 Gennaio 2018","format":false,"excerpt":"La coppa Ticino di cross FTAL Laube Greenkey vivr\u00e0 sabato a Vezia la quinta tappa.\u00a0 La gara organizzata dalla SAM sar\u00e0 la sola tappa ticinese della cross cup di Swiss Athletics che conta 12 prove.\u00a0 L'USC, che \u00e8 vicina a vincere per la 18 volta la classifica per societ\u00e0, sar\u00e0\u2026","rel":"","context":"In &quot;Cross&quot;","block_context":{"text":"Cross","link":"https:\/\/uscatletica.ch\/wp\/?cat=7"},"img":{"alt_text":"","src":"https:\/\/i0.wp.com\/uscatletica.ch\/wp\/wp-content\/uploads\/2017\/12\/crosspom201712b.jpg?fit=532%2C399&ssl=1&resize=350%2C200","width":350,"height":200,"srcset":"https:\/\/i0.wp.com\/uscatletica.ch\/wp\/wp-content\/uploads\/2017\/12\/crosspom201712b.jpg?fit=532%2C399&ssl=1&resize=350%2C200 1x, https:\/\/i0.wp.com\/uscatletica.ch\/wp\/wp-content\/uploads\/2017\/12\/crosspom201712b.jpg?fit=532%2C399&ssl=1&resize=525%2C300 1.5x"},"classes":[]}],"_links":{"self":[{"href":"https:\/\/uscatletica.ch\/wp\/index.php?rest_route=\/wp\/v2\/posts\/18802","targetHints":{"allow":["GET"]}}],"collection":[{"href":"https:\/\/uscatletica.ch\/wp\/index.php?rest_route=\/wp\/v2\/posts"}],"about":[{"href":"https:\/\/uscatletica.ch\/wp\/index.php?rest_route=\/wp\/v2\/types\/post"}],"author":[{"embeddable":true,"href":"https:\/\/uscatletica.ch\/wp\/index.php?rest_route=\/wp\/v2\/users\/4"}],"replies":[{"embeddable":true,"href":"https:\/\/uscatletica.ch\/wp\/index.php?rest_route=%2Fwp%2Fv2%2Fcomments&post=18802"}],"version-history":[{"count":20,"href":"https:\/\/uscatletica.ch\/wp\/index.php?rest_route=\/wp\/v2\/posts\/18802\/revisions"}],"predecessor-version":[{"id":18833,"href":"https:\/\/uscatletica.ch\/wp\/index.php?rest_route=\/wp\/v2\/posts\/18802\/revisions\/18833"}],"wp:featuredmedia":[{"embeddable":true,"href":"https:\/\/uscatletica.ch\/wp\/index.php?rest_route=\/wp\/v2\/media\/18804"}],"wp:attachment":[{"href":"https:\/\/uscatletica.ch\/wp\/index.php?rest_route=%2Fwp%2Fv2%2Fmedia&parent=18802"}],"wp:term":[{"taxonomy":"category","embeddable":true,"href":"https:\/\/uscatletica.ch\/wp\/index.php?rest_route=%2Fwp%2Fv2%2Fcategories&post=18802"},{"taxonomy":"post_tag","embeddable":true,"href":"https:\/\/uscatletica.ch\/wp\/index.php?rest_route=%2Fwp%2Fv2%2Ftags&post=18802"}],"curies":[{"name":"wp","href":"https:\/\/api.w.org\/{rel}","templated":true}]}}