{"id":18849,"date":"2024-02-05T09:10:00","date_gmt":"2024-02-05T08:10:00","guid":{"rendered":"https:\/\/uscatletica.ch\/wp\/?p=18849"},"modified":"2024-02-07T21:02:17","modified_gmt":"2024-02-07T20:02:17","slug":"rocco-ed-elia-campioni-ticinesi-di-cross","status":"publish","type":"post","link":"https:\/\/uscatletica.ch\/wp\/?p=18849","title":{"rendered":"ROCCO ED ELIA CAMPIONI TICINESI DI CROSS"},"content":{"rendered":"\n<p>Una lunga giornata decisamente primaverile ha scaldato i 400 partecipanti ai Campionati ticinesi di cross, che l&#8217;Atletica Mendrisiotto ha organizzato in occasione del ventesimo dalla sua fondazione. Ai nastri di partenza della massima rassegna cantonale, l&#8217;USC ha presentato ben 53 atleti. Nella gara maschile tripletta di campionato con Rocco, Michele e Tiziano, mentre Elia ha vinto il titolo M40. No\u00e9, Martina, Selinam Patrizia, John, Jonathan, Jana e Gioele hanno vinto altre medaglie. Nicole ha festeggiato la quarta vittoria in coppa, mentre Linda ha vinto la gara dedicata alle U10. Diversi nostri atleti sono arrivati ad un soffio dal podio.\u00a0<\/p>\n<p>Roberto impegnato in una 10 km a Bergamo a chiuso la gara in 30&#8217;03<\/p>\n<p><a href=\"https:\/\/www.endu.net\/it\/events\/cross-mendrisio-ctc\/results\" target=\"_blank\" rel=\"noopener\">Risultati Live su Endu<\/a><\/p>\n<p>\u00a0<\/p>\n<h2>TRIPLETTA USC NEGLI M20 con ROCCO CAMPIONE TICINESE. TITOLO PER ELIA NEGLI M40<\/h2>\n<p>Nella gara principale (4 giri) il miglior tempo di giornata \u00e9 per Andrea Alagona, seguitoo da un terzetto con i primi U20 e M40 (3 giri). L&#8217;USC festeggia la tripletta ai Campionati ticinesi M20 con Rocco che firma il titolo davanti a Michele, non ancora al meglio, e Tiziano. Negli M40 Elia domina con una partenza lampo e Alex ancora una volta arriva pochissimo dal podio. Quinto Alessandro. Gioele, dopo la vittoria di Vezia, si prende un bronzo U20 con il titolo che va ad Elia Maggetti (Virtus). Negli M50 Jean Marc Cattori (SAM) festeggia il titolo davanti a cinque USC: Jonathan e John si prendono le medaglie davanti a Gionata, Ralf e Leonida. Marco Oberti vince negli M60 con quinto Giancarlo. Tra gli M40 bene anche David e Guido. Nel corto il titolo \u00e8 per Enea Ratti del GAB.<\/p>\n<h2>Donne (4 km): Patrizia, Selina e Jana a medaglia\u00a0<\/h2>\n<p>Soli 4 km per la gara assoluta che ai Campionati svizzeri si disputer\u00e0 invece sui 9 km. Pieno merito a Giulia Salvad\u00e9 che vince il titolo davanti alla sorella Sara. Nella gara U20 vince per la quinta volta in stagione Zoe Rossi, con Selina che brilla e si prende la medaglia d&#8217;argento. Tra le W50 Patrizia giunge seconda. mentre tra le W40 Jana si prende il bronzo a soli tre secondi dall&#8217;argento, con Ramona settima.<\/p>\n<h2>U18W e U16M: No\u00e9 e Martina d&#8217;argento<\/h2>\n<p>Due giri piccoli (=3 km) per U18W e U16M. Tra i ragazzi No\u00e9 prova ad allungare ma alla fine non riesce a fare la differenza e in volata vince Lorenzo Bracchi. Mattia in progressione chiude settimo, bene anche Martino. Tra le U18 Tiziana Rosamilia vola via e Martina stavolta riesce a staccare la sua rivale e va a prendersi la medaglia d&#8217;argento. Olivia ottiene un ottimo sesto rango seguita da Lila e Cecilia, al debutto stagionale. Tra le U16 nel gruppo inseguitore c&#8217;\u00e8 anche Amelie che arriva sesta a pochissimo dalle medaglie.\u00a0 Brave Dalia e Selina C.<\/p>\n<h2>Scolari<a href=\"https:\/\/i0.wp.com\/uscatletica.ch\/wp\/wp-content\/uploads\/2024\/02\/IMG_20240204_121425-1.jpg?ssl=1\"><img data-recalc-dims=\"1\" loading=\"lazy\" decoding=\"async\" data-attachment-id=\"18875\" data-permalink=\"https:\/\/uscatletica.ch\/wp\/?attachment_id=18875\" data-orig-file=\"https:\/\/i0.wp.com\/uscatletica.ch\/wp\/wp-content\/uploads\/2024\/02\/IMG_20240204_121425-1.jpg?fit=1800%2C2411&amp;ssl=1\" data-orig-size=\"1800,2411\" data-comments-opened=\"0\" data-image-meta=\"{&quot;aperture&quot;:&quot;1.7&quot;,&quot;credit&quot;:&quot;&quot;,&quot;camera&quot;:&quot;OnePlus Nord CE 3 Lite 5G&quot;,&quot;caption&quot;:&quot;&quot;,&quot;created_timestamp&quot;:&quot;1707048559&quot;,&quot;copyright&quot;:&quot;&quot;,&quot;focal_length&quot;:&quot;5.24&quot;,&quot;iso&quot;:&quot;50&quot;,&quot;shutter_speed&quot;:&quot;0.0010121457489879&quot;,&quot;title&quot;:&quot;&quot;,&quot;orientation&quot;:&quot;1&quot;}\" data-image-title=\"IMG_20240204_121425\" data-image-description=\"\" data-image-caption=\"\" data-large-file=\"https:\/\/i0.wp.com\/uscatletica.ch\/wp\/wp-content\/uploads\/2024\/02\/IMG_20240204_121425-1.jpg?fit=640%2C858&amp;ssl=1\" class=\" wp-image-18875 alignright\" src=\"https:\/\/i0.wp.com\/uscatletica.ch\/wp\/wp-content\/uploads\/2024\/02\/IMG_20240204_121425-1.jpg?resize=262%2C351&#038;ssl=1\" alt=\"\" width=\"262\" height=\"351\" srcset=\"https:\/\/i0.wp.com\/uscatletica.ch\/wp\/wp-content\/uploads\/2024\/02\/IMG_20240204_121425-1.jpg?resize=224%2C300&amp;ssl=1 224w, https:\/\/i0.wp.com\/uscatletica.ch\/wp\/wp-content\/uploads\/2024\/02\/IMG_20240204_121425-1.jpg?resize=764%2C1024&amp;ssl=1 764w, https:\/\/i0.wp.com\/uscatletica.ch\/wp\/wp-content\/uploads\/2024\/02\/IMG_20240204_121425-1.jpg?resize=768%2C1029&amp;ssl=1 768w, https:\/\/i0.wp.com\/uscatletica.ch\/wp\/wp-content\/uploads\/2024\/02\/IMG_20240204_121425-1.jpg?resize=1147%2C1536&amp;ssl=1 1147w, https:\/\/i0.wp.com\/uscatletica.ch\/wp\/wp-content\/uploads\/2024\/02\/IMG_20240204_121425-1.jpg?resize=1529%2C2048&amp;ssl=1 1529w, https:\/\/i0.wp.com\/uscatletica.ch\/wp\/wp-content\/uploads\/2024\/02\/IMG_20240204_121425-1.jpg?w=1800&amp;ssl=1 1800w, https:\/\/i0.wp.com\/uscatletica.ch\/wp\/wp-content\/uploads\/2024\/02\/IMG_20240204_121425-1.jpg?w=1280&amp;ssl=1 1280w\" sizes=\"auto, (max-width: 262px) 100vw, 262px\" \/><\/a><\/h2>\n<p>Nelle U12 Nicole corre all&#8217;attacco e nel finale salva la vittoria per un soffio (ora la coppa si giocher\u00e0 ai Campionati svizzeri). Brava Agata. Tra gli U14 Dario prova la volata per agguantare il terzo rango ma non basta, nella sua scia Noah chiude sesto. Completano il quartetto Giosu\u00e8 e Sebastiano. Negli U12 Remo \u00e8 quinto; appena fuori dai dieci Nicol\u00f2, seguito da Jacopo. Nelle U14 si presentano al via quattro USC: Anais \u00e8 quinta, Asia decima, seguono Viola e Camilla.\u00a0<\/p>\n<p>Tra le U8 pi\u00f9 veloce di tutte \u00e8 Linda, seguita da Emily, Zoe, Flora e Carolina. Tra gli U10 Lucio \u00e8 sesto seguito da Daniel. Irene e Lisa sono tra le prime dodici.\u00a0<\/p>\n<figure id=\"attachment_18860\" aria-describedby=\"caption-attachment-18860\" style=\"width: 300px\" class=\"wp-caption alignnone\"><a href=\"https:\/\/i0.wp.com\/uscatletica.ch\/wp\/wp-content\/uploads\/2024\/02\/CrossMendrisio2024-FotoMCV.jpg?ssl=1\"><img data-recalc-dims=\"1\" loading=\"lazy\" decoding=\"async\" data-attachment-id=\"18860\" data-permalink=\"https:\/\/uscatletica.ch\/wp\/?attachment_id=18860\" data-orig-file=\"https:\/\/i0.wp.com\/uscatletica.ch\/wp\/wp-content\/uploads\/2024\/02\/CrossMendrisio2024-FotoMCV.jpg?fit=559%2C503&amp;ssl=1\" data-orig-size=\"559,503\" data-comments-opened=\"0\" data-image-meta=\"{&quot;aperture&quot;:&quot;0&quot;,&quot;credit&quot;:&quot;Lenovo&quot;,&quot;camera&quot;:&quot;&quot;,&quot;caption&quot;:&quot;&quot;,&quot;created_timestamp&quot;:&quot;1707123433&quot;,&quot;copyright&quot;:&quot;&quot;,&quot;focal_length&quot;:&quot;0&quot;,&quot;iso&quot;:&quot;0&quot;,&quot;shutter_speed&quot;:&quot;0&quot;,&quot;title&quot;:&quot;&quot;,&quot;orientation&quot;:&quot;0&quot;}\" data-image-title=\"CrossMendrisio2024-FotoMCV\" data-image-description=\"&lt;p&gt;CrossMendrisio2024-Elia-FotoMCV&lt;\/p&gt;\n\" data-image-caption=\"&lt;p&gt;CrossMendrisio2024-Elia-FotoMCV&lt;\/p&gt;\n\" data-large-file=\"https:\/\/i0.wp.com\/uscatletica.ch\/wp\/wp-content\/uploads\/2024\/02\/CrossMendrisio2024-FotoMCV.jpg?fit=559%2C503&amp;ssl=1\" class=\"size-medium wp-image-18860\" src=\"https:\/\/i0.wp.com\/uscatletica.ch\/wp\/wp-content\/uploads\/2024\/02\/CrossMendrisio2024-FotoMCV.jpg?resize=300%2C270&#038;ssl=1\" alt=\"\" width=\"300\" height=\"270\" srcset=\"https:\/\/i0.wp.com\/uscatletica.ch\/wp\/wp-content\/uploads\/2024\/02\/CrossMendrisio2024-FotoMCV.jpg?resize=300%2C270&amp;ssl=1 300w, https:\/\/i0.wp.com\/uscatletica.ch\/wp\/wp-content\/uploads\/2024\/02\/CrossMendrisio2024-FotoMCV.jpg?w=559&amp;ssl=1 559w\" sizes=\"auto, (max-width: 300px) 100vw, 300px\" \/><\/a><figcaption id=\"caption-attachment-18860\" class=\"wp-caption-text\">CrossMendrisio2024-Elia-FotoMCV<\/figcaption><\/figure>\n<p>\u00a0<\/p>\n<table border=\"0\" cellspacing=\"0\"><colgroup width=\"75\"><\/colgroup><colgroup width=\"278\"><\/colgroup><colgroup width=\"123\"><\/colgroup><colgroup width=\"61\"><\/colgroup><colgroup width=\"149\"><\/colgroup>\n<tbody>\n<tr>\n<td align=\"right\" height=\"42\">1<\/td>\n<td align=\"left\">PONGELLI NICOLE<\/td>\n<td align=\"left\">05:27.24<br \/>&#8211;<\/td>\n<td align=\"left\">1<br \/>U12W<\/td>\n<td align=\"right\">1<\/td>\n<\/tr>\n<tr>\n<td align=\"right\" height=\"62\">1<\/td>\n<td align=\"left\">DOMENICONI LINDA<\/td>\n<td align=\"left\">01:55.31<br \/>&#8211;<\/td>\n<td align=\"left\">1<br \/>U8W<\/td>\n<td align=\"right\">1<\/td>\n<\/tr>\n<tr>\n<td align=\"right\" height=\"62\">1<\/td>\n<td align=\"left\">STAMPANONI ELIA<\/td>\n<td align=\"left\">19:20.23<br \/>+16.36<\/td>\n<td align=\"left\">1<br \/>M40<\/td>\n<td align=\"right\">3<\/td>\n<\/tr>\n<tr>\n<td align=\"right\" height=\"62\">2<\/td>\n<td align=\"left\">VOLGER NO\u00c8<\/td>\n<td align=\"left\">10:18.97<br \/>+2.79<\/td>\n<td align=\"left\">2<br \/>U16M<\/td>\n<td align=\"right\">2<\/td>\n<\/tr>\n<tr>\n<td align=\"right\" height=\"42\">2<\/td>\n<td align=\"left\">BURI MARTINA<\/td>\n<td align=\"left\">10:55.27<br \/>+39.09<\/td>\n<td align=\"left\">2<br \/>U18W<\/td>\n<td align=\"right\">2<\/td>\n<\/tr>\n<tr>\n<td align=\"right\" height=\"62\">2<\/td>\n<td align=\"left\">STAMPANONI SELINA<\/td>\n<td align=\"left\">16:19.94<br \/>+2:27.85<\/td>\n<td align=\"left\">2<br \/>U20W<\/td>\n<td align=\"right\">10<\/td>\n<\/tr>\n<tr>\n<td align=\"right\" height=\"62\">2<\/td>\n<td align=\"left\">BESOMI PATRIZIA<\/td>\n<td align=\"left\">16:38.94<br \/>+2:46.84<\/td>\n<td align=\"left\">2<br \/>W50<\/td>\n<td align=\"right\">13<\/td>\n<\/tr>\n<tr>\n<td align=\"right\" height=\"42\">2<\/td>\n<td align=\"left\">STAMPANONI JONATHAN<\/td>\n<td align=\"left\">20:54.58<br \/>+1:50.71<\/td>\n<td align=\"left\">2<br \/>M50<\/td>\n<td align=\"right\">10<\/td>\n<\/tr>\n<tr>\n<td align=\"right\" height=\"62\">3<\/td>\n<td align=\"left\">VICARI JANA<\/td>\n<td align=\"left\">15:54.95<br \/>+2:02.85<\/td>\n<td align=\"left\">3<br \/>W40<\/td>\n<td align=\"right\">9<\/td>\n<\/tr>\n<tr>\n<td align=\"right\" height=\"62\">3<\/td>\n<td align=\"left\">FERRETTI ROCCO<\/td>\n<td align=\"left\">26:26.97<br \/>+1:12.72<\/td>\n<td align=\"left\">1 CT<br \/>M<\/td>\n<td align=\"right\">3<\/td>\n<\/tr>\n<tr>\n<td align=\"right\" height=\"62\">3<\/td>\n<td align=\"left\">CHIODONI GIOELE<\/td>\n<td align=\"left\">19:56.05<br \/>+52.18<\/td>\n<td align=\"left\">3<br \/>U20M<\/td>\n<td align=\"right\">4<\/td>\n<\/tr>\n<tr>\n<td align=\"right\" height=\"62\">3<\/td>\n<td align=\"left\">BALDI JOHN<\/td>\n<td align=\"left\">20:59.81<br \/>+1:55.94<\/td>\n<td align=\"left\">3<br \/>M50<\/td>\n<td align=\"right\">11<\/td>\n<\/tr>\n<tr>\n<td align=\"right\" height=\"42\">4<\/td>\n<td align=\"left\">MACCONI DARIO<\/td>\n<td align=\"left\">06:58.80<br \/>+21.46<\/td>\n<td align=\"left\">4<br \/>U14M<\/td>\n<td align=\"right\">4<\/td>\n<\/tr>\n<tr>\n<td align=\"right\" height=\"62\">4<\/td>\n<td align=\"left\">LARDI MICHELE<\/td>\n<td align=\"left\">26:54.54<br \/>+1:40.29<\/td>\n<td align=\"left\">2 CT<br \/>M<\/td>\n<td align=\"right\">4<\/td>\n<\/tr>\n<tr>\n<td align=\"right\" height=\"62\">4<\/td>\n<td align=\"left\">DOMENICONI ALEX<\/td>\n<td align=\"left\">20:35.13<br \/>+1:31.26<\/td>\n<td align=\"left\">4<br \/>M40<\/td>\n<td align=\"right\">8<\/td>\n<\/tr>\n<tr>\n<td align=\"right\" height=\"62\">4<\/td>\n<td align=\"left\">VOLGER GIONATA<\/td>\n<td align=\"left\">21:22.04<br \/>+2:18.17<\/td>\n<td align=\"left\">4<br \/>M50<\/td>\n<td align=\"right\">13<\/td>\n<\/tr>\n<tr>\n<td align=\"right\" height=\"42\">5<\/td>\n<td align=\"left\">PETRINI REMO<\/td>\n<td align=\"left\">05:48.26<br \/>+32.42<\/td>\n<td align=\"left\">5<br \/>U12M<\/td>\n<td align=\"right\">5<\/td>\n<\/tr>\n<tr>\n<td align=\"right\" height=\"62\">5<\/td>\n<td align=\"left\">DOS SANTOS PEREIRA EMILY<\/td>\n<td align=\"left\">02:16.67<br \/>+21.36<\/td>\n<td align=\"left\">5<br \/>U8W<\/td>\n<td align=\"right\">5<\/td>\n<\/tr>\n<tr>\n<td align=\"right\" height=\"62\">5<\/td>\n<td align=\"left\">PIATTINI ANAIS<\/td>\n<td align=\"left\">05:32.62<br \/>+24.61<\/td>\n<td align=\"left\">5<br \/>U14W<\/td>\n<td align=\"right\">5<\/td>\n<\/tr>\n<tr>\n<td align=\"right\" height=\"62\">5<\/td>\n<td align=\"left\">ZANETTI ALESSANDRO<\/td>\n<td align=\"left\">21:19.43<br \/>+2:15.56<\/td>\n<td align=\"left\">5<br \/>M40<\/td>\n<td align=\"right\">12<\/td>\n<\/tr>\n<tr>\n<td align=\"right\" height=\"42\">5<\/td>\n<td align=\"left\">MUREDDU RALF<\/td>\n<td align=\"left\">21:45.89<br \/>+2:42.02<\/td>\n<td align=\"left\">5<br \/>M50<\/td>\n<td align=\"right\">16<\/td>\n<\/tr>\n<tr>\n<td align=\"right\" height=\"62\">5<\/td>\n<td align=\"left\">FRAQUELLI GIANCARLO<\/td>\n<td align=\"left\">27:04.08<br \/>+8:00.21<\/td>\n<td align=\"left\">5<br \/>M60<\/td>\n<td align=\"right\">37<\/td>\n<\/tr>\n<tr>\n<td align=\"right\" height=\"62\">6<\/td>\n<td align=\"left\">FERRETTI LUCIO<\/td>\n<td align=\"left\">01:58.66<br \/>+16.69<\/td>\n<td align=\"left\">6<br \/>U10M<\/td>\n<td align=\"right\">6<\/td>\n<\/tr>\n<tr>\n<td align=\"right\" height=\"42\">6<\/td>\n<td align=\"left\">PICCARDO ZOE<\/td>\n<td align=\"left\">02:22.83<br \/>+27.52<\/td>\n<td align=\"left\">6<br \/>U8W<\/td>\n<td align=\"right\">6<\/td>\n<\/tr>\n<tr>\n<td align=\"right\" height=\"42\">6<\/td>\n<td align=\"left\">BADER NOAH<\/td>\n<td align=\"left\">07:12.25<br \/>+34.92<\/td>\n<td align=\"left\">6<br \/>U14M<\/td>\n<td align=\"right\">6<\/td>\n<\/tr>\n<tr>\n<td align=\"right\" height=\"42\">6<\/td>\n<td align=\"left\">ANDREOLI AMELIE<\/td>\n<td align=\"left\">07:39.59<br \/>+37.07<\/td>\n<td align=\"left\">6<br \/>U16W<\/td>\n<td align=\"right\">6<\/td>\n<\/tr>\n<tr>\n<td align=\"right\" height=\"42\">6<\/td>\n<td align=\"left\">STAMPANONI OLIVIA<\/td>\n<td align=\"left\">12:27.76<br \/>+2:11.57<\/td>\n<td align=\"left\">6<br \/>U18W<\/td>\n<td align=\"right\">6<\/td>\n<\/tr>\n<tr>\n<td align=\"right\" height=\"42\">6<\/td>\n<td align=\"left\">BONOMO TIZIANO<\/td>\n<td align=\"left\">29:44.56<br \/>+4:30.31<\/td>\n<td align=\"left\">3 CT<br \/>M<\/td>\n<td align=\"right\">6<\/td>\n<\/tr>\n<tr>\n<td align=\"right\" height=\"42\">6<\/td>\n<td align=\"left\">STAMPANONI LEONIDA<\/td>\n<td align=\"left\">21:56.93<br \/>+2:53.06<\/td>\n<td align=\"left\">6<br \/>M50<\/td>\n<td align=\"right\">18<\/td>\n<\/tr>\n<tr>\n<td align=\"right\" height=\"42\">7<\/td>\n<td align=\"left\">GIANOTTI MATTIA<\/td>\n<td align=\"left\">10:54.93<br \/>+38.74<\/td>\n<td align=\"left\">7<br \/>U16M<\/td>\n<td align=\"right\">7<\/td>\n<\/tr>\n<tr>\n<td align=\"right\" height=\"42\">7<\/td>\n<td align=\"left\">DOMENICONI RAMONA<\/td>\n<td align=\"left\">18:25.52<br \/>+4:33.42<\/td>\n<td align=\"left\">7<br \/>W40<\/td>\n<td align=\"right\">19<\/td>\n<\/tr>\n<tr>\n<td align=\"right\" height=\"42\">7<\/td>\n<td align=\"left\">NUSSIO DAVID<\/td>\n<td align=\"left\">22:31.32<br \/>+3:27.45<\/td>\n<td align=\"left\">7<br \/>M40<\/td>\n<td align=\"right\">21<\/td>\n<\/tr>\n<tr>\n<td align=\"right\" height=\"42\">8<\/td>\n<td align=\"left\">ZANETTI FLORA<\/td>\n<td align=\"left\">02:25.81<br \/>+30.50<\/td>\n<td align=\"left\">8<br \/>U8W<\/td>\n<td align=\"right\">8<\/td>\n<\/tr>\n<tr>\n<td align=\"right\" height=\"42\">8<\/td>\n<td align=\"left\">MACCONI GUIDO<\/td>\n<td align=\"left\">22:36.85<br \/>+3:32.98<\/td>\n<td align=\"left\">8<br \/>M40<\/td>\n<td align=\"right\">22<\/td>\n<\/tr>\n<tr>\n<td align=\"right\" height=\"42\">9<\/td>\n<td align=\"left\">SCHNEEBELI CAROLINA<\/td>\n<td align=\"left\">02:27.25<br \/>+31.93<\/td>\n<td align=\"left\">9<br \/>U8W<\/td>\n<td align=\"right\">9<\/td>\n<\/tr>\n<tr>\n<td align=\"right\" height=\"62\">9<\/td>\n<td align=\"left\">ITEN JANOS<\/td>\n<td align=\"left\">23:09.65<br \/>+4:05.78<\/td>\n<td align=\"left\">9<br \/>M50<\/td>\n<td align=\"right\">26<\/td>\n<\/tr>\n<tr>\n<td align=\"right\" height=\"62\">10<\/td>\n<td align=\"left\">PICCARDO IRENE<\/td>\n<td align=\"left\">02:05.87<br \/>+18.69<\/td>\n<td align=\"left\">10<br \/>U10W<\/td>\n<td align=\"right\">10<\/td>\n<\/tr>\n<tr>\n<td align=\"right\" height=\"42\">10<\/td>\n<td align=\"left\">CORTI ASIA<\/td>\n<td align=\"left\">05:48.11<br \/>+40.10<\/td>\n<td align=\"left\">10<br \/>U14W<\/td>\n<td align=\"right\">10<\/td>\n<\/tr>\n<tr>\n<td align=\"right\" height=\"62\">10<\/td>\n<td align=\"left\">GARDNER AVA LILA<\/td>\n<td align=\"left\">12:55.57<br \/>+2:39.38<\/td>\n<td align=\"left\">10<br \/>U18W<\/td>\n<td align=\"right\">10<\/td>\n<\/tr>\n<tr>\n<td align=\"right\" height=\"62\">11<\/td>\n<td align=\"left\">DOMENICONI NICOL\u00d2<\/td>\n<td align=\"left\">06:03.46<br \/>+47.61<\/td>\n<td align=\"left\">11<br \/>U12M<\/td>\n<td align=\"right\">11<\/td>\n<\/tr>\n<tr>\n<td align=\"right\" height=\"62\">11<\/td>\n<td align=\"left\">VOLGER CECILIA<\/td>\n<td align=\"left\">13:56.39<br \/>+3:40.20<\/td>\n<td align=\"left\">11<br \/>U18W<\/td>\n<td align=\"right\">11<\/td>\n<\/tr>\n<tr>\n<td align=\"right\" height=\"62\">12<\/td>\n<td align=\"left\">VUCIC LISA<\/td>\n<td align=\"left\">02:07.32<br \/>+20.14<\/td>\n<td align=\"left\">12<br \/>U10W<\/td>\n<td align=\"right\">12<\/td>\n<\/tr>\n<tr>\n<td align=\"right\" height=\"62\">14<\/td>\n<td align=\"left\">GROPPI VIOLA<\/td>\n<td align=\"left\">05:56.78<br \/>+48.77<\/td>\n<td align=\"left\">14<br \/>U14W<\/td>\n<td align=\"right\">14<\/td>\n<\/tr>\n<tr>\n<td align=\"right\" height=\"62\">17<\/td>\n<td align=\"left\">CAISSUTTI GIOSU\u00c8<\/td>\n<td align=\"left\">07:56.70<br \/>+1:19.36<\/td>\n<td align=\"left\">17<br \/>U14M<\/td>\n<td align=\"right\">17<\/td>\n<\/tr>\n<tr>\n<td align=\"right\" height=\"62\">17<\/td>\n<td align=\"left\">AMARO MARTINO<\/td>\n<td align=\"left\">12:32.14<br \/>+2:15.96<\/td>\n<td align=\"left\">17<br \/>U16M<\/td>\n<td align=\"right\">17<\/td>\n<\/tr>\n<tr>\n<td align=\"right\" height=\"62\">20<\/td>\n<td align=\"left\">CAISSUTTI DALIA<\/td>\n<td align=\"left\">08:29.91<br \/>+1:27.39<\/td>\n<td align=\"left\">20<br \/>U16W<\/td>\n<td align=\"right\">20<\/td>\n<\/tr>\n<tr>\n<td align=\"right\" height=\"62\">21<\/td>\n<td align=\"left\">MACCONI AGATA<\/td>\n<td align=\"left\">06:40.44<br \/>+1:13.19<\/td>\n<td align=\"left\">21<br \/>U12W<\/td>\n<td align=\"right\">21<\/td>\n<\/tr>\n<tr>\n<td align=\"right\" height=\"42\">23<\/td>\n<td align=\"left\">CASTELLI SELINA<\/td>\n<td align=\"left\">08:34.46<br \/>+1:31.94<\/td>\n<td align=\"left\">23<br \/>U16W<\/td>\n<td align=\"right\">23<\/td>\n<\/tr>\n<tr>\n<td align=\"right\" height=\"62\">24<\/td>\n<td align=\"left\">DOS SANTOS PEREIRA DANIEL<\/td>\n<td align=\"left\">02:10.87<br \/>+28.89<\/td>\n<td align=\"left\">24<br \/>U10M<\/td>\n<td align=\"right\">24<\/td>\n<\/tr>\n<tr>\n<td align=\"right\" height=\"62\">24<\/td>\n<td align=\"left\">AMARO SEBASTIANO<\/td>\n<td align=\"left\">08:06.90<br \/>+1:29.56<\/td>\n<td align=\"left\">24<br \/>U14M<\/td>\n<td align=\"right\">24<\/td>\n<\/tr>\n<tr>\n<td align=\"right\" height=\"42\">28<\/td>\n<td align=\"left\">VOLGER JACOPO<\/td>\n<td align=\"left\">06:38.39<br \/>+1:22.54<\/td>\n<td align=\"left\">28<br \/>U12M<\/td>\n<td align=\"right\">28<\/td>\n<\/tr>\n<tr>\n<td align=\"right\" height=\"42\">36<\/td>\n<td align=\"left\">AMARO CAMILLA<\/td>\n<td align=\"left\">06:31.82<br \/>+1:23.82<\/td>\n<td align=\"left\">36<br \/>U14W<\/td>\n<td align=\"right\">36<\/td>\n<\/tr>\n<\/tbody>\n<\/table>\n<p>\u00a0<\/p>\n","protected":false},"excerpt":{"rendered":"<p>Una lunga giornata decisamente primaverile ha scaldato i 400 partecipanti ai Campionati ticinesi di cross, che l&#8217;Atletica Mendrisiotto ha organizzato in occasione del ventesimo dalla sua fondazione. Ai nastri di partenza della massima rassegna cantonale, l&#8217;USC ha presentato ben 53 atleti. Nella gara maschile tripletta di campionato con Rocco, Michele e Tiziano, mentre Elia ha vinto il titolo M40. No\u00e9, Martina, Selinam Patrizia, John, Jonathan, Jana e Gioele hanno vinto altre medaglie. Nicole ha festeggiato&#8230;<\/p>\n","protected":false},"author":4,"featured_media":18860,"comment_status":"closed","ping_status":"closed","sticky":false,"template":"","format":"standard","meta":{"jetpack_post_was_ever_published":false,"_jetpack_newsletter_access":"","_jetpack_dont_email_post_to_subs":false,"_jetpack_newsletter_tier_id":0,"_jetpack_memberships_contains_paywalled_content":false,"_jetpack_memberships_contains_paid_content":false,"footnotes":"","jetpack_publicize_message":"","jetpack_publicize_feature_enabled":true,"jetpack_social_post_already_shared":true,"jetpack_social_options":{"image_generator_settings":{"template":"highway","default_image_id":0,"font":"","enabled":false},"version":2}},"categories":[7,10,9],"tags":[],"class_list":["post-18849","post","type-post","status-publish","format-standard","has-post-thumbnail","hentry","category-cross","category-info","category-sport"],"jetpack_publicize_connections":[],"jetpack_featured_media_url":"https:\/\/i0.wp.com\/uscatletica.ch\/wp\/wp-content\/uploads\/2024\/02\/CrossMendrisio2024-FotoMCV.jpg?fit=559%2C503&ssl=1","jetpack_sharing_enabled":true,"jetpack_shortlink":"https:\/\/wp.me\/p6V7Ck-4U1","jetpack-related-posts":[{"id":5576,"url":"https:\/\/uscatletica.ch\/wp\/?p=5576","url_meta":{"origin":18849,"position":0},"title":"Campionati Ticinesi di cross a Banco USCini alla carica","author":"Leonida Stampanoni","date":"24 Febbraio 2018","format":false,"excerpt":"Banco in palio i titoli e le medaglie ticinesi Ultimo cross della stagione ticinese domenica a Banco con i titoli di campione Ticinese in palio. A Banco sul difficile e variato circuito di 1.5 sono\u00a0 350 gli atleti preiscritti, come sempre una cinquantina gli USCini al via .\u00a0 Tra i\u2026","rel":"","context":"In &quot;Cross&quot;","block_context":{"text":"Cross","link":"https:\/\/uscatletica.ch\/wp\/?cat=7"},"img":{"alt_text":"","src":"https:\/\/i0.wp.com\/uscatletica.ch\/wp\/wp-content\/uploads\/2018\/01\/Crossbanco2018-212x300.jpg?resize=350%2C200&ssl=1","width":350,"height":200},"classes":[]},{"id":21624,"url":"https:\/\/uscatletica.ch\/wp\/?p=21624","url_meta":{"origin":18849,"position":1},"title":"IL FINE SETTIMANA DEI TITOLI DA GORDOLA A VEZIA","author":"Leonida Stampanoni","date":"23 Gennaio 2026","format":false,"excerpt":"Nel fine settimana saranno assegnati una trentina abbondante di titoli cantonali sabato alla Regazzi ci saranno i campionati ticinesi indoor, mentre domenica sui prati della Monda di Vezia in palio ci saranno i titoli di cross Risultati live su Endu Per i CT CROSS 24.01.2026 CAMPIONATI \u00a0TICINESI INDOOR (GORDOLA REGAZZI)\u2026","rel":"","context":"In &quot;Cross&quot;","block_context":{"text":"Cross","link":"https:\/\/uscatletica.ch\/wp\/?cat=7"},"img":{"alt_text":"","src":"https:\/\/i0.wp.com\/uscatletica.ch\/wp\/wp-content\/uploads\/2025\/12\/20251220rdFOTCROSSu10b-e1766249823338.jpeg?fit=432%2C288&ssl=1&resize=350%2C200","width":350,"height":200},"classes":[]},{"id":9851,"url":"https:\/\/uscatletica.ch\/wp\/?p=9851","url_meta":{"origin":18849,"position":2},"title":"Campionati ticinesi di cross a  Camignolo USCini alla carica","author":"Leonida Stampanoni","date":"30 Gennaio 2020","format":false,"excerpt":"Sabato sui prati delle scuole medie Camignolo andr\u00e0 in onda l'ultima prova della Coppa Ticino FTAL Laube Greenkey che attribuir\u00e0 i 14 titoli cantonali. Al via anche io giovani protagonisti della cross cup Swiss Athletics.\u00a0L'USC potr\u00e0 difendere solo il titolo vinto lo scorso anno a Vezia da Jonathan, ma sui\u2026","rel":"","context":"In &quot;Cross&quot;","block_context":{"text":"Cross","link":"https:\/\/uscatletica.ch\/wp\/?cat=7"},"img":{"alt_text":"","src":"https:\/\/i0.wp.com\/uscatletica.ch\/wp\/wp-content\/uploads\/2020\/01\/W200111sag.png?fit=432%2C324&ssl=1&resize=350%2C200","width":350,"height":200},"classes":[]},{"id":20454,"url":"https:\/\/uscatletica.ch\/wp\/?p=20454","url_meta":{"origin":18849,"position":3},"title":"COPPA TICINO DI CROSS ELIA AD UN PASSO DALLA VITTORIA","author":"Leonida Stampanoni","date":"20 Dicembre 2024","format":false,"excerpt":"L'edizione 2025 della coppa Ticino di cross ha gi\u00e0 virato la boa di met\u00e0 stagione. L'USC ha segnato le prime quattro tappe con diverse vittorie e podi a ripetizione. Elia chiude il 2024 imbattuto \u00a0con lui hanno vinto Jonathan, Ralf, Martina. Regolarmente a podio Alex, Nicole, Jana, Patrizia, Mattia, Selina.\u2026","rel":"","context":"In &quot;Cross&quot;","block_context":{"text":"Cross","link":"https:\/\/uscatletica.ch\/wp\/?cat=7"},"img":{"alt_text":"","src":"https:\/\/i0.wp.com\/uscatletica.ch\/wp\/wp-content\/uploads\/2015\/12\/P1360515.jpg?fit=563%2C422&ssl=1&resize=350%2C200","width":350,"height":200,"srcset":"https:\/\/i0.wp.com\/uscatletica.ch\/wp\/wp-content\/uploads\/2015\/12\/P1360515.jpg?fit=563%2C422&ssl=1&resize=350%2C200 1x, https:\/\/i0.wp.com\/uscatletica.ch\/wp\/wp-content\/uploads\/2015\/12\/P1360515.jpg?fit=563%2C422&ssl=1&resize=525%2C300 1.5x"},"classes":[]},{"id":20575,"url":"https:\/\/uscatletica.ch\/wp\/?p=20575","url_meta":{"origin":18849,"position":4},"title":"Martina e Jonathan campioni ticinesi di cross","author":"Leonida Stampanoni","date":"15 Febbraio 2025","format":false,"excerpt":"Una splendida giornata ha incorniciato i campionati ticinesi di cross validi pure come ultima prova della coppa Ticino FTAL. 200 partecipanti si sono sfidati lungo uno dei migliori tracciati del cantone in condizioni veramente ideali. Una trentina abbondante gli atleti e le atlete USC che hanno marcato una costante presenza\u2026","rel":"","context":"In &quot;Cross&quot;","block_context":{"text":"Cross","link":"https:\/\/uscatletica.ch\/wp\/?cat=7"},"img":{"alt_text":"","src":"https:\/\/i0.wp.com\/uscatletica.ch\/wp\/wp-content\/uploads\/2025\/01\/250112vigoru20wmini3.jpg?fit=333%2C201&ssl=1&resize=350%2C200","width":350,"height":200},"classes":[]},{"id":20536,"url":"https:\/\/uscatletica.ch\/wp\/?p=20536","url_meta":{"origin":18849,"position":5},"title":"Da Macolin a Vezia il fine settimana intenso per gli USCini","author":"Leonida Stampanoni","date":"25 Gennaio 2025","format":false,"excerpt":"Nel fine settimana l'USC sar\u00e0 impegnata su due fronti sempre a livello nazionale. Domenica a Macolin parte la stagione indoor insieme alle stelle dell'atletica svizzera ci saranno pure Lea sui 400 e Marta nel Alto. Una cinquantina i partenti a Vezia nella sesta tappa di Coppa Ticino di cross che\u2026","rel":"","context":"In &quot;Cross&quot;","block_context":{"text":"Cross","link":"https:\/\/uscatletica.ch\/wp\/?cat=7"},"img":{"alt_text":"","src":"https:\/\/i0.wp.com\/uscatletica.ch\/wp\/wp-content\/uploads\/2016\/02\/cs2016indoor01.jpg?fit=640%2C432&ssl=1&resize=350%2C200","width":350,"height":200,"srcset":"https:\/\/i0.wp.com\/uscatletica.ch\/wp\/wp-content\/uploads\/2016\/02\/cs2016indoor01.jpg?fit=640%2C432&ssl=1&resize=350%2C200 1x, https:\/\/i0.wp.com\/uscatletica.ch\/wp\/wp-content\/uploads\/2016\/02\/cs2016indoor01.jpg?fit=640%2C432&ssl=1&resize=525%2C300 1.5x"},"classes":[]}],"_links":{"self":[{"href":"https:\/\/uscatletica.ch\/wp\/index.php?rest_route=\/wp\/v2\/posts\/18849","targetHints":{"allow":["GET"]}}],"collection":[{"href":"https:\/\/uscatletica.ch\/wp\/index.php?rest_route=\/wp\/v2\/posts"}],"about":[{"href":"https:\/\/uscatletica.ch\/wp\/index.php?rest_route=\/wp\/v2\/types\/post"}],"author":[{"embeddable":true,"href":"https:\/\/uscatletica.ch\/wp\/index.php?rest_route=\/wp\/v2\/users\/4"}],"replies":[{"embeddable":true,"href":"https:\/\/uscatletica.ch\/wp\/index.php?rest_route=%2Fwp%2Fv2%2Fcomments&post=18849"}],"version-history":[{"count":10,"href":"https:\/\/uscatletica.ch\/wp\/index.php?rest_route=\/wp\/v2\/posts\/18849\/revisions"}],"predecessor-version":[{"id":20418,"href":"https:\/\/uscatletica.ch\/wp\/index.php?rest_route=\/wp\/v2\/posts\/18849\/revisions\/20418"}],"wp:featuredmedia":[{"embeddable":true,"href":"https:\/\/uscatletica.ch\/wp\/index.php?rest_route=\/wp\/v2\/media\/18860"}],"wp:attachment":[{"href":"https:\/\/uscatletica.ch\/wp\/index.php?rest_route=%2Fwp%2Fv2%2Fmedia&parent=18849"}],"wp:term":[{"taxonomy":"category","embeddable":true,"href":"https:\/\/uscatletica.ch\/wp\/index.php?rest_route=%2Fwp%2Fv2%2Fcategories&post=18849"},{"taxonomy":"post_tag","embeddable":true,"href":"https:\/\/uscatletica.ch\/wp\/index.php?rest_route=%2Fwp%2Fv2%2Ftags&post=18849"}],"curies":[{"name":"wp","href":"https:\/\/api.w.org\/{rel}","templated":true}]}}