{"id":18878,"date":"2024-02-09T17:09:00","date_gmt":"2024-02-09T16:09:00","guid":{"rendered":"https:\/\/uscatletica.ch\/wp\/?p=18878"},"modified":"2024-02-09T14:24:34","modified_gmt":"2024-02-09T13:24:34","slug":"a-gordola-meeting-indoor","status":"publish","type":"post","link":"https:\/\/uscatletica.ch\/wp\/?p=18878","title":{"rendered":"A Gordola meeting Indoor"},"content":{"rendered":"\n<p>Sabato alla Regazzi di Gordola per per la prima volta in Ticino si correranno al coperto distanze superiori ai 60 m. La SFG Biasca organizza un bel meeting con un programma comprendente 60 m, 60 mh, 200 m 1000 m, alto peso e lungo. Al via sui 1000 m ci saranno Amelie, No\u00e9 e Mattia. Lea garegger\u00e0 sui 400 m. La nostra campionessa ticinese Giada sar\u00e0 al via nel peso dove al maschile ci sar\u00e0 Elia. Chiara scender\u00e0 in pista sui 200 m e 60 m. Sulla distanza breve ci saranno anche Melissa ed Alice che garegger\u00e0 pure nel lungo.<\/p>\n<p><a href=\"https:\/\/uscatletica.ch\/wp\/wp-content\/uploads\/2024\/02\/20240210progsfgbiasc.pdf\">PROGRAMMA<\/a><\/p>\n\n\n","protected":false},"excerpt":{"rendered":"<p>Sabato alla Regazzi di Gordola per per la prima volta in Ticino si correranno al coperto distanze superiori ai 60 m. La SFG Biasca organizza un bel meeting con un programma comprendente 60 m, 60 mh, 200 m 1000 m, alto peso e lungo. Al via sui 1000 m ci saranno Amelie, No\u00e9 e Mattia. Lea garegger\u00e0 sui 400 m. La nostra campionessa ticinese Giada sar\u00e0 al via nel peso dove al maschile ci sar\u00e0&#8230;<\/p>\n","protected":false},"author":4,"featured_media":18879,"comment_status":"closed","ping_status":"closed","sticky":false,"template":"","format":"standard","meta":{"jetpack_post_was_ever_published":false,"_jetpack_newsletter_access":"","_jetpack_dont_email_post_to_subs":false,"_jetpack_newsletter_tier_id":0,"_jetpack_memberships_contains_paywalled_content":false,"_jetpack_memberships_contains_paid_content":false,"footnotes":"","jetpack_publicize_message":"","jetpack_publicize_feature_enabled":true,"jetpack_social_post_already_shared":true,"jetpack_social_options":{"image_generator_settings":{"template":"highway","default_image_id":0,"font":"","enabled":false},"version":2}},"categories":[4,9],"tags":[],"class_list":["post-18878","post","type-post","status-publish","format-standard","has-post-thumbnail","hentry","category-pista","category-sport"],"jetpack_publicize_connections":[],"jetpack_featured_media_url":"https:\/\/i0.wp.com\/uscatletica.ch\/wp\/wp-content\/uploads\/2024\/02\/20240209regazzib.jpg?fit=1452%2C970&ssl=1","jetpack_sharing_enabled":true,"jetpack_shortlink":"https:\/\/wp.me\/p6V7Ck-4Uu","jetpack-related-posts":[{"id":21608,"url":"https:\/\/uscatletica.ch\/wp\/?p=21608","url_meta":{"origin":18878,"position":0},"title":"NO\u00c9 E MATTIA A PODIO NEL MEZZOFONDO","author":"Leonida Stampanoni","date":"17 Gennaio 2026","format":false,"excerpt":"I primi campionati ticinesi della stagione si sono svolti sabato alla Regazzi di Gordola quasi 130 talenti delle categorie U16-U18 si sono contesi una trentina di titoli. \u00a0L'USC si presentava con due ragazzi e cinque ragazze. \u00a0Al termine di una gara caotica No\u00e9 e Mattia si sono meritati il podio\u2026","rel":"","context":"In &quot;Pista&quot;","block_context":{"text":"Pista","link":"https:\/\/uscatletica.ch\/wp\/?cat=4"},"img":{"alt_text":"","src":"https:\/\/i0.wp.com\/uscatletica.ch\/wp\/wp-content\/uploads\/2026\/01\/2026011710000U16M20.jpeg?fit=432%2C213&ssl=1&resize=350%2C200","width":350,"height":200},"classes":[]},{"id":5444,"url":"https:\/\/uscatletica.ch\/wp\/?p=5444","url_meta":{"origin":18878,"position":1},"title":"Al Fevi scattano i nostri velocisti","author":"Leonida Stampanoni","date":"17 Gennaio 2018","format":false,"excerpt":"\u00a0Domenica al Palexpo di Locarno \u00e8 partita la stagione Indoor, in palio i titoli cantonali di alto, asta e tripl0, buona la partecipazione. Mercoledi sera sulla pista del Palexpo debutter\u00e0 la stagione degli sprinter cn il tris della velocit\u00e0 attesi al via si presenteranno anche i nostri atleti che a\u2026","rel":"","context":"In &quot;Pista&quot;","block_context":{"text":"Pista","link":"https:\/\/uscatletica.ch\/wp\/?cat=4"},"img":{"alt_text":"","src":"https:\/\/i0.wp.com\/uscatletica.ch\/wp\/wp-content\/uploads\/2017\/05\/start5000mastiusc2017.jpg?fit=564%2C266&ssl=1&resize=350%2C200","width":350,"height":200,"srcset":"https:\/\/i0.wp.com\/uscatletica.ch\/wp\/wp-content\/uploads\/2017\/05\/start5000mastiusc2017.jpg?fit=564%2C266&ssl=1&resize=350%2C200 1x, https:\/\/i0.wp.com\/uscatletica.ch\/wp\/wp-content\/uploads\/2017\/05\/start5000mastiusc2017.jpg?fit=564%2C266&ssl=1&resize=525%2C300 1.5x"},"classes":[]},{"id":18763,"url":"https:\/\/uscatletica.ch\/wp\/?p=18763","url_meta":{"origin":18878,"position":2},"title":"Campionati ticinesi indoor un settebello USC al via","author":"Leonida Stampanoni","date":"19 Gennaio 2024","format":false,"excerpt":"Domani nella rinnovata palestra Regazzi di Gordola, l\u2019unica pista indoor utilizzabile tutto l\u2019anno in svizzera, si correranno i campionati ticinesi indoor. In Palio ben 10 titoli (60 m, 60m ostacoli, alto, peso, lungo e triplo). L\u2019USC sar\u00e0 presente con un settebello guidato dalla campionessa uscente del peso Giada. In pedana\u2026","rel":"","context":"In &quot;Pista&quot;","block_context":{"text":"Pista","link":"https:\/\/uscatletica.ch\/wp\/?cat=4"},"img":{"alt_text":"","src":"https:\/\/i0.wp.com\/uscatletica.ch\/wp\/wp-content\/uploads\/2021\/08\/210829giadamatilda.jpg?fit=432%2C288&ssl=1&resize=350%2C200","width":350,"height":200},"classes":[]},{"id":20947,"url":"https:\/\/uscatletica.ch\/wp\/?p=20947","url_meta":{"origin":18878,"position":3},"title":"Da Bressanone a Dongio USC in grande forma","author":"Leonida Stampanoni","date":"25 Maggio 2025","format":false,"excerpt":"La selezione Ticino U18 era impegnata nella classica trasferta di Bressanone, il meeting si \u00e8 rinnovato diventando Brixia next gen per l'USC era presente Alice che sui 100 m ha abbassato il proprio primato personale. Il meeting scolari di Dongio \u00e8 una grande classica del calendario atletico cantonale, Kayla e\u2026","rel":"","context":"In &quot;Pista&quot;","block_context":{"text":"Pista","link":"https:\/\/uscatletica.ch\/wp\/?cat=4"},"img":{"alt_text":"","src":"https:\/\/i0.wp.com\/uscatletica.ch\/wp\/wp-content\/uploads\/2023\/05\/230501rivaukcuscfoto-e1683127197894.jpg?fit=432%2C324&ssl=1&resize=350%2C200","width":350,"height":200},"classes":[]},{"id":820,"url":"https:\/\/uscatletica.ch\/wp\/?p=820","url_meta":{"origin":18878,"position":4},"title":"Simone in gara a Macolin TRIPLO PRIMATO TICINESE","author":"Leonida Stampanoni","date":"6 Febbraio 2016","format":false,"excerpt":"A Macolin in programma un meeting nazionale abbinato ai campionati svizzeri di gare multiple per l'USC Simone si presenta due volte al via nel salto con l'asta ed una volta sui 200 m \u00a0. Alla palestra Ende der Welt molti tra i migliori atleti svizzeri\u00a0I risultati live da Macolin. Simone\u2026","rel":"","context":"In &quot;Pista&quot;","block_context":{"text":"Pista","link":"https:\/\/uscatletica.ch\/wp\/?cat=4"},"img":{"alt_text":"","src":"https:\/\/i0.wp.com\/uscatletica.ch\/wp\/wp-content\/uploads\/2016\/01\/P1370405-1.jpg?fit=563%2C422&ssl=1&resize=350%2C200","width":350,"height":200,"srcset":"https:\/\/i0.wp.com\/uscatletica.ch\/wp\/wp-content\/uploads\/2016\/01\/P1370405-1.jpg?fit=563%2C422&ssl=1&resize=350%2C200 1x, https:\/\/i0.wp.com\/uscatletica.ch\/wp\/wp-content\/uploads\/2016\/01\/P1370405-1.jpg?fit=563%2C422&ssl=1&resize=525%2C300 1.5x"},"classes":[]},{"id":2183,"url":"https:\/\/uscatletica.ch\/wp\/?p=2183","url_meta":{"origin":18878,"position":5},"title":"Mille Gruyere e Spitzenleichtathletik Luzern USCini a 1000 m","author":"Leonida Stampanoni","date":"14 Giugno 2016","format":false,"excerpt":"Martedi sera nel programma nazionale del 30o meeting Internazionale Spitzenleichtathletik Luzern \u00a0ci sar\u00e0 un 1000 m U16 \u00a0con Alex al via a confronto con i migliori svizzeri. Mercoledi il comunale di Bellinzona \u00a0la finale ticinese del progetto Mille Gruyere \u00a0per gli USCini l'opportunit\u00e0 di raccogliere la sfida e correre 1000\u2026","rel":"","context":"In &quot;Sport&quot;","block_context":{"text":"Sport","link":"https:\/\/uscatletica.ch\/wp\/?cat=9"},"img":{"alt_text":"","src":"https:\/\/i0.wp.com\/uscatletica.ch\/wp\/wp-content\/uploads\/2016\/06\/P1400750.jpg?fit=563%2C422&ssl=1&resize=350%2C200","width":350,"height":200,"srcset":"https:\/\/i0.wp.com\/uscatletica.ch\/wp\/wp-content\/uploads\/2016\/06\/P1400750.jpg?fit=563%2C422&ssl=1&resize=350%2C200 1x, https:\/\/i0.wp.com\/uscatletica.ch\/wp\/wp-content\/uploads\/2016\/06\/P1400750.jpg?fit=563%2C422&ssl=1&resize=525%2C300 1.5x"},"classes":[]}],"_links":{"self":[{"href":"https:\/\/uscatletica.ch\/wp\/index.php?rest_route=\/wp\/v2\/posts\/18878","targetHints":{"allow":["GET"]}}],"collection":[{"href":"https:\/\/uscatletica.ch\/wp\/index.php?rest_route=\/wp\/v2\/posts"}],"about":[{"href":"https:\/\/uscatletica.ch\/wp\/index.php?rest_route=\/wp\/v2\/types\/post"}],"author":[{"embeddable":true,"href":"https:\/\/uscatletica.ch\/wp\/index.php?rest_route=\/wp\/v2\/users\/4"}],"replies":[{"embeddable":true,"href":"https:\/\/uscatletica.ch\/wp\/index.php?rest_route=%2Fwp%2Fv2%2Fcomments&post=18878"}],"version-history":[{"count":1,"href":"https:\/\/uscatletica.ch\/wp\/index.php?rest_route=\/wp\/v2\/posts\/18878\/revisions"}],"predecessor-version":[{"id":18881,"href":"https:\/\/uscatletica.ch\/wp\/index.php?rest_route=\/wp\/v2\/posts\/18878\/revisions\/18881"}],"wp:featuredmedia":[{"embeddable":true,"href":"https:\/\/uscatletica.ch\/wp\/index.php?rest_route=\/wp\/v2\/media\/18879"}],"wp:attachment":[{"href":"https:\/\/uscatletica.ch\/wp\/index.php?rest_route=%2Fwp%2Fv2%2Fmedia&parent=18878"}],"wp:term":[{"taxonomy":"category","embeddable":true,"href":"https:\/\/uscatletica.ch\/wp\/index.php?rest_route=%2Fwp%2Fv2%2Fcategories&post=18878"},{"taxonomy":"post_tag","embeddable":true,"href":"https:\/\/uscatletica.ch\/wp\/index.php?rest_route=%2Fwp%2Fv2%2Ftags&post=18878"}],"curies":[{"name":"wp","href":"https:\/\/api.w.org\/{rel}","templated":true}]}}