{"id":18882,"date":"2024-02-15T14:31:10","date_gmt":"2024-02-15T13:31:10","guid":{"rendered":"https:\/\/uscatletica.ch\/wp\/?p=18882"},"modified":"2024-02-18T15:36:40","modified_gmt":"2024-02-18T14:36:40","slug":"giada-al-via-dei-campionati-svizzeri-indoor","status":"publish","type":"post","link":"https:\/\/uscatletica.ch\/wp\/?p=18882","title":{"rendered":"GIADA AL VIA DEI CAMPIONATI SVIZZERI INDOOR"},"content":{"rendered":"\n<p>Nel fine settimana l&#8217;Athletikzentrum di San Gallo ospiter\u00e0 i campionati svizzeri Indoor. Tra le grandi star dell&#8217;atletica svizzera ci saranno anche una decina di Ticinesi. L&#8217;USC si presenta al via con la nostra atleta pi\u00f9 affezionata alla manifestazione, nella pedana del peso sabato alle 18.35 ci sar\u00e0 Giada.\u00a0<\/p>\n<p><a href=\"https:\/\/slv.laportal.net\/Competitions\/Details\/11936\" target=\"_blank\" rel=\"noopener\">i risultati Live<\/a><\/p>\n<p><a href=\"https:\/\/swiss-athletics.ch\/fr\/blog\/2024\/02\/14\/350-athletes-a-lassaut-des-medailles-nationales-ce-week-end-a-st-gall\/\" target=\"_blank\" rel=\"noopener\">la presentazione dei campionati svizzeri<\/a><\/p>\n<p><a href=\"https:\/\/swiss-athletics.ch\/fr\/blog\/2024\/02\/15\/cs-en-salle-a-st-gall-discipline-par-discipline-femmes-2\/\">la presentazione Swiss Athletics delle gare femminili<\/a>\u00a0<a href=\"https:\/\/swiss-athletics.ch\/fr\/blog\/2024\/02\/15\/cs-en-salle-a-st-gall-discipline-par-discipline-hommes-2\/\">la presentazione delle gare maschili<\/a><\/p>\n<p>La nostra lanciatrice dopo aver vinto l&#8217;ennesimo titolo cantonale con 11.52 m nell&#8217;ultima uscita alla Regazzi si \u00e8 migliorata fino a 12.49 m. Nella svizzera orientale Giada si confronter\u00e0 con le migliori pesiste svizzere e sapr\u00e0 certamente cogliere una buona prestazione.\u00a0<\/p>\n<p><blockquote class=\"wp-embedded-content\" data-secret=\"OLHnO86Hc3\"><a href=\"https:\/\/swiss-athletics.ch\/fr\/blog\/2024\/02\/14\/350-athletes-a-lassaut-des-medailles-nationales-ce-week-end-a-st-gall\/\">350 athl\u00e8tes \u00e0 l\u2019assaut des m\u00e9dailles nationales ce week-end \u00e0 St-Gall<\/a><\/blockquote><iframe loading=\"lazy\" class=\"wp-embedded-content\" sandbox=\"allow-scripts\" security=\"restricted\" style=\"position: absolute; clip: rect(1px, 1px, 1px, 1px);\" title=\"\u00ab\u00a0350 athl\u00e8tes \u00e0 l\u2019assaut des m\u00e9dailles nationales ce week-end \u00e0 St-Gall\u00a0\u00bb &#8212; Swiss Athletics\" src=\"https:\/\/swiss-athletics.ch\/fr\/blog\/2024\/02\/14\/350-athletes-a-lassaut-des-medailles-nationales-ce-week-end-a-st-gall\/embed\/#?secret=FNCewqUcue#?secret=OLHnO86Hc3\" data-secret=\"OLHnO86Hc3\" width=\"600\" height=\"338\" frameborder=\"0\" marginwidth=\"0\" marginheight=\"0\" scrolling=\"no\"><\/iframe><\/p>\n<p><blockquote class=\"wp-embedded-content\" data-secret=\"CKnrnNo7s2\"><a href=\"https:\/\/swiss-athletics.ch\/fr\/blog\/2024\/02\/15\/cs-en-salle-a-st-gall-discipline-par-discipline-hommes-2\/\">CS en salle \u00e0 St-Gall : discipline par discipline (hommes)<\/a><\/blockquote><iframe loading=\"lazy\" class=\"wp-embedded-content\" sandbox=\"allow-scripts\" security=\"restricted\" style=\"position: absolute; clip: rect(1px, 1px, 1px, 1px);\" title=\"\u00ab\u00a0CS en salle \u00e0 St-Gall : discipline par discipline (hommes)\u00a0\u00bb &#8212; Swiss Athletics\" src=\"https:\/\/swiss-athletics.ch\/fr\/blog\/2024\/02\/15\/cs-en-salle-a-st-gall-discipline-par-discipline-hommes-2\/embed\/#?secret=rWv0YHTd34#?secret=CKnrnNo7s2\" data-secret=\"CKnrnNo7s2\" width=\"600\" height=\"338\" frameborder=\"0\" marginwidth=\"0\" marginheight=\"0\" scrolling=\"no\"><\/iframe><\/p>\n","protected":false},"excerpt":{"rendered":"<p>Nel fine settimana l&#8217;Athletikzentrum di San Gallo ospiter\u00e0 i campionati svizzeri Indoor. Tra le grandi star dell&#8217;atletica svizzera ci saranno anche una decina di Ticinesi. L&#8217;USC si presenta al via con la nostra atleta pi\u00f9 affezionata alla manifestazione, nella pedana del peso sabato alle 18.35 ci sar\u00e0 Giada.\u00a0 i risultati Live la presentazione dei campionati svizzeri la presentazione Swiss Athletics delle gare femminili\u00a0la presentazione delle gare maschili La nostra lanciatrice dopo aver vinto l&#8217;ennesimo titolo&#8230;<\/p>\n","protected":false},"author":4,"featured_media":18885,"comment_status":"closed","ping_status":"closed","sticky":false,"template":"","format":"standard","meta":{"jetpack_post_was_ever_published":false,"_jetpack_newsletter_access":"","_jetpack_dont_email_post_to_subs":false,"_jetpack_newsletter_tier_id":0,"_jetpack_memberships_contains_paywalled_content":false,"_jetpack_memberships_contains_paid_content":false,"footnotes":"","jetpack_publicize_message":"","jetpack_publicize_feature_enabled":true,"jetpack_social_post_already_shared":true,"jetpack_social_options":{"image_generator_settings":{"template":"highway","default_image_id":0,"font":"","enabled":false},"version":2}},"categories":[4],"tags":[],"class_list":["post-18882","post","type-post","status-publish","format-standard","has-post-thumbnail","hentry","category-pista"],"jetpack_publicize_connections":[],"jetpack_featured_media_url":"https:\/\/i0.wp.com\/uscatletica.ch\/wp\/wp-content\/uploads\/2024\/02\/Logo_hneText.png?fit=688%2C320&ssl=1","jetpack_sharing_enabled":true,"jetpack_shortlink":"https:\/\/wp.me\/p6V7Ck-4Uy","jetpack-related-posts":[{"id":14310,"url":"https:\/\/uscatletica.ch\/wp\/?p=14310","url_meta":{"origin":18882,"position":0},"title":"GIADA E ROBY AGLI ASSOLUTI DI MACOLIN","author":"Leonida Stampanoni","date":"25 Febbraio 2022","format":false,"excerpt":"I campionati svizzeri indoor saranno l'avvenimento atletico del fine settimana . Alla Ende Der Welt di Macolin ci sar\u00e0 il meglio dell'atletica Svizzera \u00a0per l'USC ci saranno Giada e Roberto. Per il Ticino fresco di limite per i mondiali ci sar\u00e0 Ricky Petrucciani accompagnato da Filippo Moggi fresco di miglior\u2026","rel":"","context":"In &quot;Pista&quot;","block_context":{"text":"Pista","link":"https:\/\/uscatletica.ch\/wp\/?cat=4"},"img":{"alt_text":"","src":"https:\/\/i0.wp.com\/uscatletica.ch\/wp\/wp-content\/uploads\/2020\/01\/10.jpg?fit=432%2C288&ssl=1&resize=350%2C200","width":350,"height":200},"classes":[]},{"id":16700,"url":"https:\/\/uscatletica.ch\/wp\/?p=16700","url_meta":{"origin":18882,"position":1},"title":"GIADA AI CAMPIONATI SVIZZERI ASSOLUTI INDOOR A SAN GALLO","author":"Leonida Stampanoni","date":"16 Febbraio 2023","format":false,"excerpt":"Nel fine settimana il meglio dell'atletica svizzera si trover\u00e0 all'Athletikzentrum di San Gallo per i campionati nazionali, non mancher\u00e0 all'appuntamento la nostra Giada, che oramai da diversi anni \u00e8 una presenza costante ai grandi appuntamenti. La nostra lanciatrice sar\u00e0 al via nel getto del Peso Live risultati\u00a0Seguite la diretta comodamente\u2026","rel":"","context":"In &quot;Pista&quot;","block_context":{"text":"Pista","link":"https:\/\/uscatletica.ch\/wp\/?cat=4"},"img":{"alt_text":"","src":"https:\/\/i0.wp.com\/uscatletica.ch\/wp\/wp-content\/uploads\/2022\/09\/Giadapodio220916.jpg?fit=498%2C413&ssl=1&resize=350%2C200","width":350,"height":200},"classes":[]},{"id":3579,"url":"https:\/\/uscatletica.ch\/wp\/?p=3579","url_meta":{"origin":18882,"position":2},"title":"CS Indoor sette USCini al via a San Gallo","author":"Leonida Stampanoni","date":"9 Febbraio 2017","format":false,"excerpt":"Nel fine settimana il centro \u00a0atletico di San Gallo ospiter\u00e0 i campionati svizzeri giovanili indoor e seguendo un'evoluzione l'USC sar\u00e0 al via con sette atleti e per la prima volta tra le ragazze ci saranno due atlete al via . Orario delle Gare\u00a0Liste di partenza per societ\u00e0 Sabato alle 12.00\u2026","rel":"","context":"In &quot;Pista&quot;","block_context":{"text":"Pista","link":"https:\/\/uscatletica.ch\/wp\/?cat=4"},"img":{"alt_text":"","src":"https:\/\/i0.wp.com\/uscatletica.ch\/wp\/wp-content\/uploads\/2017\/02\/uckbuttikon17copert.jpg?fit=517%2C417&ssl=1&resize=350%2C200","width":350,"height":200},"classes":[]},{"id":7315,"url":"https:\/\/uscatletica.ch\/wp\/?p=7315","url_meta":{"origin":18882,"position":3},"title":"Giada al via ai Campionati Svizzeri","author":"Leonida Stampanoni","date":"22 Febbraio 2019","format":false,"excerpt":"La Ende der Welt di Macolin torner\u00e0 ad ospitare i campionati svizzeri giovanili Indoor. 700 gli atleti al via nella due giorni di gare, dal Ticino una settantina i giovani talenti a caccia di medaglie, La nostra Giada sar\u00e0 l'unica a difendere i colori USC scender\u00e0 in pedana nel peso\u2026","rel":"","context":"In &quot;Pista&quot;","block_context":{"text":"Pista","link":"https:\/\/uscatletica.ch\/wp\/?cat=4"},"img":{"alt_text":"","src":"https:\/\/i0.wp.com\/uscatletica.ch\/wp\/wp-content\/uploads\/2019\/01\/giadctu20peso19b.jpg?fit=640%2C480&ssl=1&resize=350%2C200","width":350,"height":200,"srcset":"https:\/\/i0.wp.com\/uscatletica.ch\/wp\/wp-content\/uploads\/2019\/01\/giadctu20peso19b.jpg?fit=640%2C480&ssl=1&resize=350%2C200 1x, https:\/\/i0.wp.com\/uscatletica.ch\/wp\/wp-content\/uploads\/2019\/01\/giadctu20peso19b.jpg?fit=640%2C480&ssl=1&resize=525%2C300 1.5x"},"classes":[]},{"id":15546,"url":"https:\/\/uscatletica.ch\/wp\/?p=15546","url_meta":{"origin":18882,"position":4},"title":"Campionati svizzeri assoluti Matilda e Giada al Letzigrund","author":"Leonida Stampanoni","date":"23 Giugno 2022","format":false,"excerpt":"Venerd\u00ec e sabato nel mitico Letzigrund di Zurigo si ritroveranno i migliori atleti svizzeri per i campionati svizzeri assoluti che celebreranno i 100 del LC Z\u00fcrich societ\u00e0 faro di questa epoca d'oro dell'atletica rossocrociata. Sulla pista degli Europei 2014 l'USC si presenter\u00e0 che le due atlete che hanno gi\u00e0 indossato\u2026","rel":"","context":"In &quot;Non catalogato&quot;","block_context":{"text":"Non catalogato","link":"https:\/\/uscatletica.ch\/wp\/?cat=6"},"img":{"alt_text":"","src":"https:\/\/i0.wp.com\/uscatletica.ch\/wp\/wp-content\/uploads\/2022\/06\/matilda1224.jpg?resize=350%2C200&ssl=1","width":350,"height":200},"classes":[]},{"id":20586,"url":"https:\/\/uscatletica.ch\/wp\/?p=20586","url_meta":{"origin":18882,"position":5},"title":"GIADA ED ALICE AI CAMPIONATI SVIZZERI","author":"Leonida Stampanoni","date":"28 Febbraio 2025","format":false,"excerpt":"Neil fine settimana si disputeranno i campionati svizzeri giovanili Indoor a Macolin ed i campionati svizzeri invernali di lanci a Lucerna. Alice rappresenter\u00e0 l'USC \u00a0nella capitale svizzera dello sport sui 60 m, Giada sar\u00e0 al via all'Almend.\u00a0 Risultati live da Luzern \u00a0I Risultati da Macolin All'Ende der Welt Alice cercher\u00e0\u2026","rel":"","context":"In &quot;Pista&quot;","block_context":{"text":"Pista","link":"https:\/\/uscatletica.ch\/wp\/?cat=4"},"img":{"alt_text":"","src":"https:\/\/i0.wp.com\/uscatletica.ch\/wp\/wp-content\/uploads\/2019\/02\/giadaargentoamcolin2019.jpg?fit=640%2C480&ssl=1&resize=350%2C200","width":350,"height":200,"srcset":"https:\/\/i0.wp.com\/uscatletica.ch\/wp\/wp-content\/uploads\/2019\/02\/giadaargentoamcolin2019.jpg?fit=640%2C480&ssl=1&resize=350%2C200 1x, https:\/\/i0.wp.com\/uscatletica.ch\/wp\/wp-content\/uploads\/2019\/02\/giadaargentoamcolin2019.jpg?fit=640%2C480&ssl=1&resize=525%2C300 1.5x"},"classes":[]}],"_links":{"self":[{"href":"https:\/\/uscatletica.ch\/wp\/index.php?rest_route=\/wp\/v2\/posts\/18882","targetHints":{"allow":["GET"]}}],"collection":[{"href":"https:\/\/uscatletica.ch\/wp\/index.php?rest_route=\/wp\/v2\/posts"}],"about":[{"href":"https:\/\/uscatletica.ch\/wp\/index.php?rest_route=\/wp\/v2\/types\/post"}],"author":[{"embeddable":true,"href":"https:\/\/uscatletica.ch\/wp\/index.php?rest_route=\/wp\/v2\/users\/4"}],"replies":[{"embeddable":true,"href":"https:\/\/uscatletica.ch\/wp\/index.php?rest_route=%2Fwp%2Fv2%2Fcomments&post=18882"}],"version-history":[{"count":5,"href":"https:\/\/uscatletica.ch\/wp\/index.php?rest_route=\/wp\/v2\/posts\/18882\/revisions"}],"predecessor-version":[{"id":18902,"href":"https:\/\/uscatletica.ch\/wp\/index.php?rest_route=\/wp\/v2\/posts\/18882\/revisions\/18902"}],"wp:featuredmedia":[{"embeddable":true,"href":"https:\/\/uscatletica.ch\/wp\/index.php?rest_route=\/wp\/v2\/media\/18885"}],"wp:attachment":[{"href":"https:\/\/uscatletica.ch\/wp\/index.php?rest_route=%2Fwp%2Fv2%2Fmedia&parent=18882"}],"wp:term":[{"taxonomy":"category","embeddable":true,"href":"https:\/\/uscatletica.ch\/wp\/index.php?rest_route=%2Fwp%2Fv2%2Fcategories&post=18882"},{"taxonomy":"post_tag","embeddable":true,"href":"https:\/\/uscatletica.ch\/wp\/index.php?rest_route=%2Fwp%2Fv2%2Ftags&post=18882"}],"curies":[{"name":"wp","href":"https:\/\/api.w.org\/{rel}","templated":true}]}}