{"id":18889,"date":"2024-02-11T15:46:26","date_gmt":"2024-02-11T14:46:26","guid":{"rendered":"https:\/\/uscatletica.ch\/wp\/?p=18889"},"modified":"2025-02-13T15:08:58","modified_gmt":"2025-02-13T14:08:58","slug":"roberto-delorenzi-primato-ticinese-mezza-maratona","status":"publish","type":"post","link":"https:\/\/uscatletica.ch\/wp\/?p=18889","title":{"rendered":"ROBERTO DELORENZI MIGLIORA IL PRIMATO TICINESE NELLA MEZZA MARATONA"},"content":{"rendered":"\n<p>Nella Mezza maratona di Barcellona ottimo risultato di Roberto Delorenzi che con il 22\u00b0 rango ha stabilito il nuovo primato ticinese sui 21.097 km, correndo in 1h04&#8217;08&#8221;. Il nostro forte atleta di Sigirino ha tolto il primato a Jonathan Stampanoni, oggi membro di comitato e commissario tecnico, che il 13 aprile 1996 a Brittnau corse in 1h05&#8217;48&#8221;, un tempo che ha resistito dunque per quasi 28 anni!!!<\/p>\n<p>Qui tutti i primati ticinesi FTAL: <a href=\"https:\/\/ftal.ch\/risultati-gare\/statistiche\/\">https:\/\/ftal.ch\/risultati-gare\/statistiche\/<\/a><\/p>\n<p><blockquote class=\"wp-embedded-content\" data-secret=\"pYXNDioHL8\"><a href=\"https:\/\/edreamsmitjabarcelona.com\/resultados\/\">Resultados<\/a><\/blockquote><iframe loading=\"lazy\" class=\"wp-embedded-content\" sandbox=\"allow-scripts\" security=\"restricted\" style=\"position: absolute; visibility: hidden;\" title=\"\u00abResultados\u00bb \u2014 eDreams Mitja Marat\u00f3 Barcelona by Brooks\" src=\"https:\/\/edreamsmitjabarcelona.com\/resultados\/embed\/#?secret=4FuHW73Eda#?secret=pYXNDioHL8\" data-secret=\"pYXNDioHL8\" width=\"600\" height=\"338\" frameborder=\"0\" marginwidth=\"0\" marginheight=\"0\" scrolling=\"no\"><\/iframe><\/p>\n","protected":false},"excerpt":{"rendered":"<p>Nella Mezza maratona di Barcellona ottimo risultato di Roberto Delorenzi che con il 22\u00b0 rango ha stabilito il nuovo primato ticinese sui 21.097 km, correndo in 1h04&#8217;08&#8221;. Il nostro forte atleta di Sigirino ha tolto il primato a Jonathan Stampanoni, oggi membro di comitato e commissario tecnico, che il 13 aprile 1996 a Brittnau corse in 1h05&#8217;48&#8221;, un tempo che ha resistito dunque per quasi 28 anni!!! Qui tutti i primati ticinesi FTAL: https:\/\/ftal.ch\/risultati-gare\/statistiche\/ Resultados<\/p>\n","protected":false},"author":4,"featured_media":5368,"comment_status":"closed","ping_status":"closed","sticky":false,"template":"","format":"standard","meta":{"jetpack_post_was_ever_published":false,"_jetpack_newsletter_access":"","_jetpack_dont_email_post_to_subs":false,"_jetpack_newsletter_tier_id":0,"_jetpack_memberships_contains_paywalled_content":false,"_jetpack_memberships_contains_paid_content":false,"footnotes":"","jetpack_publicize_message":"","jetpack_publicize_feature_enabled":true,"jetpack_social_post_already_shared":true,"jetpack_social_options":{"image_generator_settings":{"template":"highway","default_image_id":0,"font":"","enabled":false},"version":2}},"categories":[4,5,9],"tags":[],"class_list":["post-18889","post","type-post","status-publish","format-standard","has-post-thumbnail","hentry","category-pista","category-podismo","category-sport"],"jetpack_publicize_connections":[],"jetpack_featured_media_url":"https:\/\/i0.wp.com\/uscatletica.ch\/wp\/wp-content\/uploads\/2017\/12\/robadricnatal17.jpg?fit=529%2C365&ssl=1","jetpack_sharing_enabled":true,"jetpack_shortlink":"https:\/\/wp.me\/p6V7Ck-4UF","jetpack-related-posts":[{"id":5102,"url":"https:\/\/uscatletica.ch\/wp\/?p=5102","url_meta":{"origin":18889,"position":0},"title":"Ascona locarno sensazionale Roby nella maratona","author":"Leonida Stampanoni","date":"15 Ottobre 2017","format":false,"excerpt":"Splendida giornata per i campionati ticinesi di Maratona a Locarno. La Ascona Locarno Marathon 2017 \u00e8 stata nettaamente la migliore delle quattro finora disputate. Grandissima soddisfazione per Roby che con un fantastico\u00a0 2h26'15 ha chiuso al secondo posto aggiudicandosi il titolo cantonale. Diversi i podi nella mezza maratona\u00a0 vincono Ralf\u2026","rel":"","context":"In &quot;Podismo&quot;","block_context":{"text":"Podismo","link":"https:\/\/uscatletica.ch\/wp\/?cat=5"},"img":{"alt_text":"","src":"","width":0,"height":0},"classes":[]},{"id":20582,"url":"https:\/\/uscatletica.ch\/wp\/?p=20582","url_meta":{"origin":18889,"position":1},"title":"ROBI A BARCELONA","author":"Leonida Stampanoni","date":"16 Febbraio 2025","format":false,"excerpt":"Il nostro campione europeo di corsa in montagna Roberto Delorenzi era impegnato nella mezza maratona di Barcelona ha corso in 1h07\"44. Durante la manifestazione catalana l'ugandese Jakuob Kiplimo ha stabilito il primato mondiale sulla distanza in 56'42 \u00e8 diventato il primo uomo a chiudere la distanza sotto i 57'. Lo\u00efc\u2026","rel":"","context":"In &quot;Podismo&quot;","block_context":{"text":"Podismo","link":"https:\/\/uscatletica.ch\/wp\/?cat=5"},"img":{"alt_text":"","src":"https:\/\/i0.wp.com\/uscatletica.ch\/wp\/wp-content\/uploads\/2024\/06\/20240602ROBI.jpg?fit=432%2C243&ssl=1&resize=350%2C200","width":350,"height":200},"classes":[]},{"id":6094,"url":"https:\/\/uscatletica.ch\/wp\/?p=6094","url_meta":{"origin":18889,"position":2},"title":"Stralugano GP FTAL per finire maggio in Bellezza (Elisa ai JWOC)","author":"Leonida Stampanoni","date":"25 Maggio 2018","format":false,"excerpt":"Nel fine settimana ci sar\u00e0 la Stralugano giunta alla dodicesima edizione della nuova gestione \u00e8 oramai l'evento podistico pi\u00f9 popolare del cantone e domenica ospiter\u00e0 i campionati svizzeri di mezza maratona; al via ci sar\u00e0 il campione europeo in carica Tadesse Abraham. Una decina gli USCini al via. Domenica a\u2026","rel":"","context":"In &quot;CO&quot;","block_context":{"text":"CO","link":"https:\/\/uscatletica.ch\/wp\/?cat=19"},"img":{"alt_text":"","src":"https:\/\/i0.wp.com\/uscatletica.ch\/wp\/wp-content\/uploads\/2016\/10\/runtade2.jpg?fit=500%2C328&ssl=1&resize=350%2C200","width":350,"height":200},"classes":[]},{"id":5033,"url":"https:\/\/uscatletica.ch\/wp\/?p=5033","url_meta":{"origin":18889,"position":3},"title":"Vola Robi alla Claro Pizzo bene gli USCini a Morat Mezze maratone","author":"Leonida Stampanoni","date":"1 Ottobre 2017","format":false,"excerpt":"Fine settimana \u00a0intenso per podisti skyrunner ed orientisti tra Riviera, Oberland Bernese e Austria. \u00a0Alla Claro Pizzo strepitoso Roby che firma il primato del modo sui 2500 m di disvlivello. \u00a0Alla Murtenlauf vince Maria tra le donne 65 \u00a0mentre debuttta Alina tra le pulcine. \u00a0Nella coppa europa di Fustenfeld Elisa\u2026","rel":"","context":"In &quot;Montagna&quot;","block_context":{"text":"Montagna","link":"https:\/\/uscatletica.ch\/wp\/?cat=16"},"img":{"alt_text":"","src":"https:\/\/i0.wp.com\/uscatletica.ch\/wp\/wp-content\/uploads\/2017\/06\/P1470177.jpg?fit=563%2C422&ssl=1&resize=350%2C200","width":350,"height":200,"srcset":"https:\/\/i0.wp.com\/uscatletica.ch\/wp\/wp-content\/uploads\/2017\/06\/P1470177.jpg?fit=563%2C422&ssl=1&resize=350%2C200 1x, https:\/\/i0.wp.com\/uscatletica.ch\/wp\/wp-content\/uploads\/2017\/06\/P1470177.jpg?fit=563%2C422&ssl=1&resize=525%2C300 1.5x"},"classes":[]},{"id":11831,"url":"https:\/\/uscatletica.ch\/wp\/?p=11831","url_meta":{"origin":18889,"position":4},"title":"Marco e Roby al della mezza di Trecate","author":"Leonida Stampanoni","date":"20 Febbraio 2021","format":false,"excerpt":"Il Lungo digiuno agonistico terminer\u00e0 domani con Robi e Marco che \u00a0saranno al via della mezza maratona di Trecate.\u00a0\u00a0\u00a0I due fratelli punteranno al primato personale; sotto i 70' per Robi e sotto i 76' per Marco. Reduci da un periodo di allenamento che ha lasciato loro ottime sensazioni \u00a0i nostri\u2026","rel":"","context":"In &quot;Podismo&quot;","block_context":{"text":"Podismo","link":"https:\/\/uscatletica.ch\/wp\/?cat=5"},"img":{"alt_text":"","src":"https:\/\/i0.wp.com\/uscatletica.ch\/wp\/wp-content\/uploads\/2019\/06\/crn2019prem.jpg?fit=430%2C287&ssl=1&resize=350%2C200","width":350,"height":200},"classes":[]},{"id":6999,"url":"https:\/\/uscatletica.ch\/wp\/?p=6999","url_meta":{"origin":18889,"position":5},"title":"ROBY IN GRAN FORMA A TRIVERO WANDERS PRIMATO EUROPEO","author":"Leonida Stampanoni","date":"29 Dicembre 2018","format":false,"excerpt":"Trivero Ultima gara dell'anno per i fratelli Delorenzi impegnati alla corsa di san Silvestro a Trivero a Biella. Sulla distanza di 8.5 km Roby secondo in 26'38 si \u00e8 inchinato solo ad Italo Quazzola pi\u00f9 volte nazionale italiano di cross e mezzofondo ai grandi campionati. Marco invece in 29'31 chiude\u2026","rel":"","context":"In &quot;Podismo&quot;","block_context":{"text":"Podismo","link":"https:\/\/uscatletica.ch\/wp\/?cat=5"},"img":{"alt_text":"","src":"https:\/\/i0.wp.com\/uscatletica.ch\/wp\/wp-content\/uploads\/2017\/12\/robadricnatal17.jpg?fit=529%2C365&ssl=1&resize=350%2C200","width":350,"height":200,"srcset":"https:\/\/i0.wp.com\/uscatletica.ch\/wp\/wp-content\/uploads\/2017\/12\/robadricnatal17.jpg?fit=529%2C365&ssl=1&resize=350%2C200 1x, https:\/\/i0.wp.com\/uscatletica.ch\/wp\/wp-content\/uploads\/2017\/12\/robadricnatal17.jpg?fit=529%2C365&ssl=1&resize=525%2C300 1.5x"},"classes":[]}],"_links":{"self":[{"href":"https:\/\/uscatletica.ch\/wp\/index.php?rest_route=\/wp\/v2\/posts\/18889","targetHints":{"allow":["GET"]}}],"collection":[{"href":"https:\/\/uscatletica.ch\/wp\/index.php?rest_route=\/wp\/v2\/posts"}],"about":[{"href":"https:\/\/uscatletica.ch\/wp\/index.php?rest_route=\/wp\/v2\/types\/post"}],"author":[{"embeddable":true,"href":"https:\/\/uscatletica.ch\/wp\/index.php?rest_route=\/wp\/v2\/users\/4"}],"replies":[{"embeddable":true,"href":"https:\/\/uscatletica.ch\/wp\/index.php?rest_route=%2Fwp%2Fv2%2Fcomments&post=18889"}],"version-history":[{"count":5,"href":"https:\/\/uscatletica.ch\/wp\/index.php?rest_route=\/wp\/v2\/posts\/18889\/revisions"}],"predecessor-version":[{"id":20571,"href":"https:\/\/uscatletica.ch\/wp\/index.php?rest_route=\/wp\/v2\/posts\/18889\/revisions\/20571"}],"wp:featuredmedia":[{"embeddable":true,"href":"https:\/\/uscatletica.ch\/wp\/index.php?rest_route=\/wp\/v2\/media\/5368"}],"wp:attachment":[{"href":"https:\/\/uscatletica.ch\/wp\/index.php?rest_route=%2Fwp%2Fv2%2Fmedia&parent=18889"}],"wp:term":[{"taxonomy":"category","embeddable":true,"href":"https:\/\/uscatletica.ch\/wp\/index.php?rest_route=%2Fwp%2Fv2%2Fcategories&post=18889"},{"taxonomy":"post_tag","embeddable":true,"href":"https:\/\/uscatletica.ch\/wp\/index.php?rest_route=%2Fwp%2Fv2%2Ftags&post=18889"}],"curies":[{"name":"wp","href":"https:\/\/api.w.org\/{rel}","templated":true}]}}