{"id":18927,"date":"2024-02-26T08:36:02","date_gmt":"2024-02-26T07:36:02","guid":{"rendered":"https:\/\/uscatletica.ch\/wp\/?p=18927"},"modified":"2024-02-26T08:36:47","modified_gmt":"2024-02-26T07:36:47","slug":"calendario-cartaceo-asti-2024","status":"publish","type":"post","link":"https:\/\/uscatletica.ch\/wp\/?p=18927","title":{"rendered":"Calendario cartaceo ASTi 2024"},"content":{"rendered":"\n<p>\u00c8 pronto il calendario cartaceo ASTi 2024.<\/p>\n<p>Lo troverete alle manifestazioni ASTi e verr\u00e0 distribuito anche in occasione dell&#8217;Assemblea del 13 marzo 2024.<\/p>\n<p>Da subito \u00e8 disponibile in versione PDF: <a href=\"https:\/\/www.asti-ticino.ch\/asti-new\/asti\/documenti\" target=\"_blank\" rel=\"noopener\"><strong><em>link<\/em><\/strong><\/a><\/p>\n<p>Le gare USC:<\/p>\n<ul>\n<li><strong>17 marzo: Staffetta Capriaschese <\/strong><\/li>\n<li><strong>20 aprile: Tesserete &#8211; Gola di Lago<\/strong><\/li>\n<li><strong>21 settembre: Corsa del Bigorio<\/strong><\/li>\n<li><strong>11 settembre: Tutti in pista<\/strong> <\/li>\n<\/ul>\n","protected":false},"excerpt":{"rendered":"<p>\u00c8 pronto il calendario cartaceo ASTi 2024. Lo troverete alle manifestazioni ASTi e verr\u00e0 distribuito anche in occasione dell&#8217;Assemblea del 13 marzo 2024. Da subito \u00e8 disponibile in versione PDF: link Le gare USC: 17 marzo: Staffetta Capriaschese 20 aprile: Tesserete &#8211; Gola di Lago 21 settembre: Corsa del Bigorio 11 settembre: Tutti in pista<\/p>\n","protected":false},"author":3,"featured_media":18928,"comment_status":"closed","ping_status":"closed","sticky":false,"template":"","format":"standard","meta":{"jetpack_post_was_ever_published":false,"_jetpack_newsletter_access":"","_jetpack_dont_email_post_to_subs":false,"_jetpack_newsletter_tier_id":0,"_jetpack_memberships_contains_paywalled_content":false,"_jetpack_memberships_contains_paid_content":false,"footnotes":"","jetpack_publicize_message":"","jetpack_publicize_feature_enabled":true,"jetpack_social_post_already_shared":true,"jetpack_social_options":{"image_generator_settings":{"template":"highway","default_image_id":0,"font":"","enabled":false},"version":2}},"categories":[12,10,16,5,9,8],"tags":[],"class_list":["post-18927","post","type-post","status-publish","format-standard","has-post-thumbnail","hentry","category-nostregare","category-info","category-montagna","category-podismo","category-sport","category-staffette"],"jetpack_publicize_connections":[],"jetpack_featured_media_url":"https:\/\/i0.wp.com\/uscatletica.ch\/wp\/wp-content\/uploads\/2024\/02\/CatturaASTi2024.gif?fit=961%2C686&ssl=1","jetpack_sharing_enabled":true,"jetpack_shortlink":"https:\/\/wp.me\/p6V7Ck-4Vh","jetpack-related-posts":[{"id":18438,"url":"https:\/\/uscatletica.ch\/wp\/?p=18438","url_meta":{"origin":18927,"position":0},"title":"MANIFESTAZIONI PODISTICHE ASTi 2024","author":"Stampa E","date":"26 Ottobre 2023","format":false,"excerpt":"Sono state pubblicate le date delle MANIFESTAZIONI PODISTICHE ASTi per il 2024 Le trovate qui: LINK DA ANNOTARE IN ROSSO: 17 marzo \u00a0\u00a0\u00a0\u00a0\u00a0\u00a0\u00a0\u00a0\u00a0\u00a0\u00a0\u00a0\u00a0\u00a0\u00a0\u00a0\u00a0\u00a0 \u00a0\u00a0\u00a0\u00a0\u00a0\u00a0\u00a0\u00a0\u00a0\u00a0\u00a0 Staffetta Capriaschese Tesserete 20 aprile\u00a0\u00a0\u00a0\u00a0\u00a0\u00a0\u00a0\u00a0\u00a0\u00a0\u00a0\u00a0\u00a0\u00a0\u00a0\u00a0\u00a0\u00a0\u00a0\u00a0\u00a0\u00a0\u00a0\u00a0\u00a0\u00a0\u00a0\u00a0\u00a0\u00a0\u00a0\u00a0 Tesserete-Gola di Lago 11 settembre (probabile) \u00a0\u00a0\u00a0\u00a0\u00a0\u00a0 Tutti in pista, Capriasca 21 settembre\u00a0\u00a0\u00a0\u00a0\u00a0\u00a0\u00a0\u00a0\u00a0\u00a0\u00a0\u00a0\u00a0\u00a0\u00a0\u00a0\u00a0\u00a0\u00a0\u00a0\u00a0\u00a0\u00a0\u00a0\u00a0\u00a0 Corsa del Bigorio\u00a0\u00a0\u00a0\u00a0\u00a0 \u00a0\u00a0\u00a0\u00a0\u00a0\u00a0\u00a0\u00a0\u00a0\u00a0\u00a0\u00a0\u00a0\u00a0\u00a0\u00a0\u00a0\u00a0\u00a0\u00a0\u00a0\u00a0\u00a0\u00a0\u00a0\u00a0\u00a0\u00a0\u00a0\u00a0\u00a0\u00a0\u00a0\u00a0\u00a0 \u00a0\u00a0\u00a0\u00a0\u00a0\u00a0\u00a0\u00a0\u00a0\u00a0\u00a0","rel":"","context":"In &quot;I nostri appuntamenti&quot;","block_context":{"text":"I nostri appuntamenti","link":"https:\/\/uscatletica.ch\/wp\/?cat=12"},"img":{"alt_text":"","src":"","width":0,"height":0},"classes":[]},{"id":18516,"url":"https:\/\/uscatletica.ch\/wp\/?p=18516","url_meta":{"origin":18927,"position":1},"title":"Premiazione ASTi 2023","author":"Stampa E","date":"19 Novembre 2023","format":false,"excerpt":"A Cevio s\u00e8' svolta sabato la tradizionale Premiazione ASTi di fine stagione 2023. Oltre i risulati individuali nelle varie Coppe ASTi (link premiati ASTi), per l'USC anche il secondo rango nella classifica per societ\u00e0 e il terzo nel Supertrofeo TAS. COMPLIMENTI A TUTTI E ALL'ASTI CON IL GOV VALLEMAGGIA PER\u2026","rel":"","context":"In &quot;I nostri appuntamenti&quot;","block_context":{"text":"I nostri appuntamenti","link":"https:\/\/uscatletica.ch\/wp\/?cat=12"},"img":{"alt_text":"","src":"https:\/\/i0.wp.com\/uscatletica.ch\/wp\/wp-content\/uploads\/2023\/11\/Premiazione-ASTi-Cevio-1-scaled.jpg?fit=1200%2C900&ssl=1&resize=350%2C200","width":350,"height":200,"srcset":"https:\/\/i0.wp.com\/uscatletica.ch\/wp\/wp-content\/uploads\/2023\/11\/Premiazione-ASTi-Cevio-1-scaled.jpg?fit=1200%2C900&ssl=1&resize=350%2C200 1x, https:\/\/i0.wp.com\/uscatletica.ch\/wp\/wp-content\/uploads\/2023\/11\/Premiazione-ASTi-Cevio-1-scaled.jpg?fit=1200%2C900&ssl=1&resize=525%2C300 1.5x, https:\/\/i0.wp.com\/uscatletica.ch\/wp\/wp-content\/uploads\/2023\/11\/Premiazione-ASTi-Cevio-1-scaled.jpg?fit=1200%2C900&ssl=1&resize=700%2C400 2x, https:\/\/i0.wp.com\/uscatletica.ch\/wp\/wp-content\/uploads\/2023\/11\/Premiazione-ASTi-Cevio-1-scaled.jpg?fit=1200%2C900&ssl=1&resize=1050%2C600 3x"},"classes":[]},{"id":9584,"url":"https:\/\/uscatletica.ch\/wp\/?p=9584","url_meta":{"origin":18927,"position":2},"title":"Appuntamenti USC per il 2020","author":"Stampa E","date":"11 Dicembre 2019","format":false,"excerpt":"I calendari FTAL e ASTi per il 2020 sono pronti. Qui gli appuntamenti USC da non mancare: Cross Capriaschese (Coppa Ticino FTAL 2019\/2020) domenica 24 novembre 2019 (gi\u00e0 disputato)Cronoascesa al Bigorio (Coppa ASTi montagna) sabato 21 marzo 2020 Staffetta Capriaschese (Trofeo ASTi Staffette) domenica 29 marzo 2020\u00a0\u00a0\u00a0\u00a0\u00a0\u00a0\u00a0\u00a0 Tesserete-Gola di lago\u2026","rel":"","context":"In &quot;Cross&quot;","block_context":{"text":"Cross","link":"https:\/\/uscatletica.ch\/wp\/?cat=7"},"img":{"alt_text":"","src":"https:\/\/i0.wp.com\/uscatletica.ch\/wp\/wp-content\/uploads\/2018\/12\/sstef2019usc.jpg?fit=532%2C399&ssl=1&resize=350%2C200","width":350,"height":200,"srcset":"https:\/\/i0.wp.com\/uscatletica.ch\/wp\/wp-content\/uploads\/2018\/12\/sstef2019usc.jpg?fit=532%2C399&ssl=1&resize=350%2C200 1x, https:\/\/i0.wp.com\/uscatletica.ch\/wp\/wp-content\/uploads\/2018\/12\/sstef2019usc.jpg?fit=532%2C399&ssl=1&resize=525%2C300 1.5x"},"classes":[]},{"id":14137,"url":"https:\/\/uscatletica.ch\/wp\/?p=14137","url_meta":{"origin":18927,"position":3},"title":"Calendario ASTi 2022, le gare USC","author":"Stampa E","date":"23 Dicembre 2021","format":false,"excerpt":"Il calendario ASTi 2022 \u00e8 in fase di rifinitura \u00e8, con diverse novit\u00e0, sar\u00e0 presto visibile per intero qui. Segnaliamo gi\u00e0 sin d'ora le gare USC in programma nel 2022: 27 marzo, Staffetta Capriaschese, TAS 9 aprile, Cronoascesa al Bigorio, CMSV 7 maggio, Tesserete-Gola di Lago, CMSV\u00a0\u00a0\u00a0 21 settembre, 1000\u2026","rel":"","context":"In &quot;I nostri appuntamenti&quot;","block_context":{"text":"I nostri appuntamenti","link":"https:\/\/uscatletica.ch\/wp\/?cat=12"},"img":{"alt_text":"","src":"https:\/\/i0.wp.com\/uscatletica.ch\/wp\/wp-content\/uploads\/2021\/12\/CalASTi2022.jpg?fit=889%2C657&ssl=1&resize=350%2C200","width":350,"height":200,"srcset":"https:\/\/i0.wp.com\/uscatletica.ch\/wp\/wp-content\/uploads\/2021\/12\/CalASTi2022.jpg?fit=889%2C657&ssl=1&resize=350%2C200 1x, https:\/\/i0.wp.com\/uscatletica.ch\/wp\/wp-content\/uploads\/2021\/12\/CalASTi2022.jpg?fit=889%2C657&ssl=1&resize=525%2C300 1.5x, https:\/\/i0.wp.com\/uscatletica.ch\/wp\/wp-content\/uploads\/2021\/12\/CalASTi2022.jpg?fit=889%2C657&ssl=1&resize=700%2C400 2x"},"classes":[]},{"id":12014,"url":"https:\/\/uscatletica.ch\/wp\/?p=12014","url_meta":{"origin":18927,"position":4},"title":"Calendario ASTi","author":"Stampa E","date":"1 Aprile 2021","format":false,"excerpt":"In attesa della versione cartacea, \u00e8 disponibile on line il nuovo libretto calendario ASTi nella versione scaricabile all'indirizzo: http:\/\/www.asti-ticino.ch\/asti-new\/podismo\/documenti","rel":"","context":"In &quot;Podismo&quot;","block_context":{"text":"Podismo","link":"https:\/\/uscatletica.ch\/wp\/?cat=5"},"img":{"alt_text":"","src":"https:\/\/i0.wp.com\/uscatletica.ch\/wp\/wp-content\/uploads\/2021\/04\/CalAsti21.jpg?fit=1079%2C749&ssl=1&resize=350%2C200","width":350,"height":200,"srcset":"https:\/\/i0.wp.com\/uscatletica.ch\/wp\/wp-content\/uploads\/2021\/04\/CalAsti21.jpg?fit=1079%2C749&ssl=1&resize=350%2C200 1x, https:\/\/i0.wp.com\/uscatletica.ch\/wp\/wp-content\/uploads\/2021\/04\/CalAsti21.jpg?fit=1079%2C749&ssl=1&resize=525%2C300 1.5x, https:\/\/i0.wp.com\/uscatletica.ch\/wp\/wp-content\/uploads\/2021\/04\/CalAsti21.jpg?fit=1079%2C749&ssl=1&resize=700%2C400 2x, https:\/\/i0.wp.com\/uscatletica.ch\/wp\/wp-content\/uploads\/2021\/04\/CalAsti21.jpg?fit=1079%2C749&ssl=1&resize=1050%2C600 3x"},"classes":[]},{"id":20319,"url":"https:\/\/uscatletica.ch\/wp\/?p=20319","url_meta":{"origin":18927,"position":5},"title":"L\u2019USC TRIONFA NELLA CLASSIFICA ASTI PER SOCIET\u00c0-STASERA LA PREMIAZIONE","author":"Stampa E","date":"23 Novembre 2024","format":false,"excerpt":"Sono state publicate tutte le classifiche delle Coppe ASTi del 2024 (link). A livello individuale emergono i podi nelle classifiche generali di Elia (1\u00b0 nella montagna) e Alex (3\u00b0 nel podismo). Nelle categorie podi per Elia (1\u00b0 M40 montagna), Alex (1\u00b0M40 podismo), Alessandro (2\u00b0 M40 podismo), Selina (1\u00b0 U18+U20 podismo),\u2026","rel":"","context":"In &quot;I nostri appuntamenti&quot;","block_context":{"text":"I nostri appuntamenti","link":"https:\/\/uscatletica.ch\/wp\/?cat=12"},"img":{"alt_text":"","src":"https:\/\/i0.wp.com\/uscatletica.ch\/wp\/wp-content\/uploads\/2024\/10\/Alex-Corsa-Bigorio-2024-Foto-CeciV-scaled.jpg?fit=1180%2C1200&ssl=1&resize=350%2C200","width":350,"height":200,"srcset":"https:\/\/i0.wp.com\/uscatletica.ch\/wp\/wp-content\/uploads\/2024\/10\/Alex-Corsa-Bigorio-2024-Foto-CeciV-scaled.jpg?fit=1180%2C1200&ssl=1&resize=350%2C200 1x, https:\/\/i0.wp.com\/uscatletica.ch\/wp\/wp-content\/uploads\/2024\/10\/Alex-Corsa-Bigorio-2024-Foto-CeciV-scaled.jpg?fit=1180%2C1200&ssl=1&resize=525%2C300 1.5x, https:\/\/i0.wp.com\/uscatletica.ch\/wp\/wp-content\/uploads\/2024\/10\/Alex-Corsa-Bigorio-2024-Foto-CeciV-scaled.jpg?fit=1180%2C1200&ssl=1&resize=700%2C400 2x, https:\/\/i0.wp.com\/uscatletica.ch\/wp\/wp-content\/uploads\/2024\/10\/Alex-Corsa-Bigorio-2024-Foto-CeciV-scaled.jpg?fit=1180%2C1200&ssl=1&resize=1050%2C600 3x"},"classes":[]}],"_links":{"self":[{"href":"https:\/\/uscatletica.ch\/wp\/index.php?rest_route=\/wp\/v2\/posts\/18927","targetHints":{"allow":["GET"]}}],"collection":[{"href":"https:\/\/uscatletica.ch\/wp\/index.php?rest_route=\/wp\/v2\/posts"}],"about":[{"href":"https:\/\/uscatletica.ch\/wp\/index.php?rest_route=\/wp\/v2\/types\/post"}],"author":[{"embeddable":true,"href":"https:\/\/uscatletica.ch\/wp\/index.php?rest_route=\/wp\/v2\/users\/3"}],"replies":[{"embeddable":true,"href":"https:\/\/uscatletica.ch\/wp\/index.php?rest_route=%2Fwp%2Fv2%2Fcomments&post=18927"}],"version-history":[{"count":3,"href":"https:\/\/uscatletica.ch\/wp\/index.php?rest_route=\/wp\/v2\/posts\/18927\/revisions"}],"predecessor-version":[{"id":18931,"href":"https:\/\/uscatletica.ch\/wp\/index.php?rest_route=\/wp\/v2\/posts\/18927\/revisions\/18931"}],"wp:featuredmedia":[{"embeddable":true,"href":"https:\/\/uscatletica.ch\/wp\/index.php?rest_route=\/wp\/v2\/media\/18928"}],"wp:attachment":[{"href":"https:\/\/uscatletica.ch\/wp\/index.php?rest_route=%2Fwp%2Fv2%2Fmedia&parent=18927"}],"wp:term":[{"taxonomy":"category","embeddable":true,"href":"https:\/\/uscatletica.ch\/wp\/index.php?rest_route=%2Fwp%2Fv2%2Fcategories&post=18927"},{"taxonomy":"post_tag","embeddable":true,"href":"https:\/\/uscatletica.ch\/wp\/index.php?rest_route=%2Fwp%2Fv2%2Ftags&post=18927"}],"curies":[{"name":"wp","href":"https:\/\/api.w.org\/{rel}","templated":true}]}}