{"id":18932,"date":"2024-02-29T16:58:23","date_gmt":"2024-02-29T15:58:23","guid":{"rendered":"https:\/\/uscatletica.ch\/wp\/?p=18932"},"modified":"2024-02-29T17:01:45","modified_gmt":"2024-02-29T16:01:45","slug":"una-bella-squadra-usc-ai-campionati-svizzeri-di-cross-a-moghegno","status":"publish","type":"post","link":"https:\/\/uscatletica.ch\/wp\/?p=18932","title":{"rendered":"Una bella squadra USC ai Campionati Svizzeri di cross a Moghegno"},"content":{"rendered":"\n<p>A 16 anni di distanza dai campionati svizzeri di cross di Tenero, dove l&#8217;USC raggiunse il secondo posto a squadre nella categoria Elite, la massima rassegna nazionale torna in Ticino. Sabato a Moghegno l&#8217;USC sar\u00e0 presente in forze come da tradizione. Una trentina di atlete ed atlete USC saranno al via e grazie alla comunit\u00e0 atletica avremo anche cinque squadre al via. \u00a0Alle 9.10 saranno i masters a cominciare. A fine giornata ben 5 atleti nelle categoria \u00e9lite \u00a0Letizia Martinelli due volte vincitrice in coppa, il campione ticinese Rocco Ferretti il leader di coppa Michele Lardi i fratelli Elia e Manuele Ren. \u00a0<\/p>\n<p><a href=\"https:\/\/www.endu.net\/it\/events\/cross-moghegno-ctc\/results\" target=\"_blank\" rel=\"noopener\">Risultati Live<\/a><\/p>\n<p>Nelle categorie giovanili \u00a0Amelie, No\u00e9, Mattia saranno nelle categorie U16 \u00a0nelle relative squadre. Martina Lila Olivia saranno l&#8217;ossatura dellasquadra U18 mentre Selina ed Emma saranno al via tra le U20 purtroppo non hanno trovato la terza per completare la squadra. \u00a0<\/p>\n<p>In mattinata molti i masters al via ma con la categoria unica la lotta per le medaglie sar\u00e0 difficilissima. Spazio ai pi\u00f9 giovani con Linda e Flora nelle U10. All&#8217;ultima prova di coppa ci saranno \u00a0Nicole, Agata, Dario, Asia, Anais, Viola, Nicol\u00f2<\/p>\n<p><blockquote class=\"wp-embedded-content\" data-secret=\"SGGtONyQZe\"><a href=\"https:\/\/swiss-athletics.ch\/de\/blog\/2024\/02\/27\/cross-spezialisten-gehen-im-tessin-auf-medaillenjagd\/\">Cross-Spezialisten gehen im Tessin auf Medaillenjagd<\/a><\/blockquote><iframe loading=\"lazy\" class=\"wp-embedded-content\" sandbox=\"allow-scripts\" security=\"restricted\" style=\"position: absolute; visibility: hidden;\" title=\"&#8222;Cross-Spezialisten gehen im Tessin auf Medaillenjagd&#8220; &#8212; Swiss Athletics\" src=\"https:\/\/swiss-athletics.ch\/de\/blog\/2024\/02\/27\/cross-spezialisten-gehen-im-tessin-auf-medaillenjagd\/embed\/#?secret=BGpCAZfsQy#?secret=SGGtONyQZe\" data-secret=\"SGGtONyQZe\" width=\"600\" height=\"338\" frameborder=\"0\" marginwidth=\"0\" marginheight=\"0\" scrolling=\"no\"><\/iframe><\/p>\n<p><a href=\"https:\/\/swiss-athletics.ch\/de\/blog\/2024\/02\/27\/cross-spezialisten-gehen-im-tessin-auf-medaillenjagd\/\" target=\"_blank\" rel=\"noopener\">https:\/\/swiss-athletics.ch\/de\/blog\/2024\/02\/27\/cross-spezialisten-gehen-im-tessin-auf-medaillenjagd\/<\/a><\/p>\n<p>\u00a0<\/p>\n<p>\u00a0<\/p>\n","protected":false},"excerpt":{"rendered":"<p>A 16 anni di distanza dai campionati svizzeri di cross di Tenero, dove l&#8217;USC raggiunse il secondo posto a squadre nella categoria Elite, la massima rassegna nazionale torna in Ticino. Sabato a Moghegno l&#8217;USC sar\u00e0 presente in forze come da tradizione. Una trentina di atlete ed atlete USC saranno al via e grazie alla comunit\u00e0 atletica avremo anche cinque squadre al via. \u00a0Alle 9.10 saranno i masters a cominciare. A fine giornata ben 5 atleti&#8230;<\/p>\n","protected":false},"author":4,"featured_media":78,"comment_status":"closed","ping_status":"closed","sticky":false,"template":"","format":"standard","meta":{"jetpack_post_was_ever_published":false,"_jetpack_newsletter_access":"","_jetpack_dont_email_post_to_subs":false,"_jetpack_newsletter_tier_id":0,"_jetpack_memberships_contains_paywalled_content":false,"_jetpack_memberships_contains_paid_content":false,"footnotes":"","jetpack_publicize_message":"","jetpack_publicize_feature_enabled":true,"jetpack_social_post_already_shared":true,"jetpack_social_options":{"image_generator_settings":{"template":"highway","default_image_id":0,"font":"","enabled":false},"version":2}},"categories":[7,9],"tags":[],"class_list":["post-18932","post","type-post","status-publish","format-standard","has-post-thumbnail","hentry","category-cross","category-sport"],"jetpack_publicize_connections":[],"jetpack_featured_media_url":"https:\/\/i0.wp.com\/uscatletica.ch\/wp\/wp-content\/uploads\/2015\/09\/squadraacoteias.jpg?fit=456%2C360&ssl=1","jetpack_sharing_enabled":true,"jetpack_shortlink":"https:\/\/wp.me\/p6V7Ck-4Vm","jetpack-related-posts":[{"id":18483,"url":"https:\/\/uscatletica.ch\/wp\/?p=18483","url_meta":{"origin":18932,"position":0},"title":"A Dongio parte la stagione di Cross","author":"Leonida Stampanoni","date":"10 Novembre 2023","format":false,"excerpt":"La stagione di cross 2023-2024 sar\u00e0 speciale per il Ticino infatti si chiuder\u00e0 con i campionati svizzeri di Moghegno prova finale della coppa Ticino. Sabato ci sar\u00e0 il tradizionale debutto sui prati golenali di Dongio. Una quarantina di atleti\/e \u00a0USC al via in valle di Blenio . \u00a0Lo scorso anno\u2026","rel":"","context":"In &quot;Cross&quot;","block_context":{"text":"Cross","link":"https:\/\/uscatletica.ch\/wp\/?cat=7"},"img":{"alt_text":"","src":"https:\/\/i0.wp.com\/uscatletica.ch\/wp\/wp-content\/uploads\/2022\/11\/CrossUSC22-foto-EliSta.jpg?fit=1089%2C643&ssl=1&resize=350%2C200","width":350,"height":200,"srcset":"https:\/\/i0.wp.com\/uscatletica.ch\/wp\/wp-content\/uploads\/2022\/11\/CrossUSC22-foto-EliSta.jpg?fit=1089%2C643&ssl=1&resize=350%2C200 1x, https:\/\/i0.wp.com\/uscatletica.ch\/wp\/wp-content\/uploads\/2022\/11\/CrossUSC22-foto-EliSta.jpg?fit=1089%2C643&ssl=1&resize=525%2C300 1.5x, https:\/\/i0.wp.com\/uscatletica.ch\/wp\/wp-content\/uploads\/2022\/11\/CrossUSC22-foto-EliSta.jpg?fit=1089%2C643&ssl=1&resize=700%2C400 2x, https:\/\/i0.wp.com\/uscatletica.ch\/wp\/wp-content\/uploads\/2022\/11\/CrossUSC22-foto-EliSta.jpg?fit=1089%2C643&ssl=1&resize=1050%2C600 3x"},"classes":[]},{"id":20573,"url":"https:\/\/uscatletica.ch\/wp\/?p=20573","url_meta":{"origin":18932,"position":1},"title":"CAMPIONATI TICINESI DI CROSS USC AMBIZIOSA A  MOGHEGNO","author":"Leonida Stampanoni","date":"14 Febbraio 2025","format":false,"excerpt":"Domani sul percorso dei campionati \u00a0svizzeri 2024 si correranno i campionati ticinesi di cross sui prati di Moghegno, dove lo scorso anno l'USC festeggi\u00f2 due medaglie con Letizia e con Manuele \u00a0e Rocco nella classifica a squadre. \u00a0Domani Rocco ed Elia difenderanno il titolo cantonale. Tra i candidati al titolo\u2026","rel":"","context":"In &quot;Cross&quot;","block_context":{"text":"Cross","link":"https:\/\/uscatletica.ch\/wp\/?cat=7"},"img":{"alt_text":"","src":"https:\/\/i0.wp.com\/uscatletica.ch\/wp\/wp-content\/uploads\/2016\/03\/P1380230.jpg?fit=563%2C422&ssl=1&resize=350%2C200","width":350,"height":200,"srcset":"https:\/\/i0.wp.com\/uscatletica.ch\/wp\/wp-content\/uploads\/2016\/03\/P1380230.jpg?fit=563%2C422&ssl=1&resize=350%2C200 1x, https:\/\/i0.wp.com\/uscatletica.ch\/wp\/wp-content\/uploads\/2016\/03\/P1380230.jpg?fit=563%2C422&ssl=1&resize=525%2C300 1.5x"},"classes":[]},{"id":16599,"url":"https:\/\/uscatletica.ch\/wp\/?p=16599","url_meta":{"origin":18932,"position":2},"title":"La coppa Ticino di cross riparte da Rivera","author":"Leonida Stampanoni","date":"13 Gennaio 2023","format":false,"excerpt":"Una cinquantina di USCini saranno al quadrifoglio di Rivera per la quinta prova della coppa Ticino di cross FTAL AET. Il circuito disegnato all'interno del centro Quadrifoglio lancer\u00e0 la seconda parte del trofeo. I campionati ticinesi di Vezia che chiuderanno la coppa sono stati anticipati a domenica 5 febbraio. I\u2026","rel":"","context":"In &quot;Cross&quot;","block_context":{"text":"Cross","link":"https:\/\/uscatletica.ch\/wp\/?cat=7"},"img":{"alt_text":"","src":"https:\/\/i0.wp.com\/uscatletica.ch\/wp\/wp-content\/uploads\/2021\/03\/P1060810.jpeg?fit=420%2C315&ssl=1&resize=350%2C200","width":350,"height":200},"classes":[]},{"id":7378,"url":"https:\/\/uscatletica.ch\/wp\/?p=7378","url_meta":{"origin":18932,"position":3},"title":"Campionati svizzeri di cross  14 USCini a Montreux","author":"Leonida Stampanoni","date":"8 Marzo 2019","format":false,"excerpt":"A Montreux tre elite al via a tanti giovani Saranno 14 gli USCini che affronteranno la trasferta a Montreux per i campionati svizzeri di cross. Nella categoria Elite ben tre USCini al via che parteciperanno anche nella classifica per Team Tra gli U23 al via Robi Enea e Marco. Il\u2026","rel":"","context":"In &quot;Cross&quot;","block_context":{"text":"Cross","link":"https:\/\/uscatletica.ch\/wp\/?cat=7"},"img":{"alt_text":"","src":"https:\/\/i0.wp.com\/uscatletica.ch\/wp\/wp-content\/uploads\/2019\/02\/P1010391.jpg?fit=1024%2C768&ssl=1&resize=350%2C200","width":350,"height":200,"srcset":"https:\/\/i0.wp.com\/uscatletica.ch\/wp\/wp-content\/uploads\/2019\/02\/P1010391.jpg?fit=1024%2C768&ssl=1&resize=350%2C200 1x, https:\/\/i0.wp.com\/uscatletica.ch\/wp\/wp-content\/uploads\/2019\/02\/P1010391.jpg?fit=1024%2C768&ssl=1&resize=525%2C300 1.5x, https:\/\/i0.wp.com\/uscatletica.ch\/wp\/wp-content\/uploads\/2019\/02\/P1010391.jpg?fit=1024%2C768&ssl=1&resize=700%2C400 2x"},"classes":[]},{"id":14235,"url":"https:\/\/uscatletica.ch\/wp\/?p=14235","url_meta":{"origin":18932,"position":4},"title":"USCINE OLTREGOTTARDO TRA MACOLIN E GETTNAU","author":"Leonida Stampanoni","date":"4 Febbraio 2022","format":false,"excerpt":"Il primo fine settimana di Febbraio vedr\u00e0 le atlete e gli atleti USC in gara in due competizioni oltre Gottardo. In vista dei campionati ticinesi e dei campionati Svizzeri , a Macolin si garegger\u00e0 nella velocit\u00e0 con Matilda, Marco e Leila. La coppa Svizzera di cross fa tappa a Gettnau,\u2026","rel":"","context":"In &quot;Cross&quot;","block_context":{"text":"Cross","link":"https:\/\/uscatletica.ch\/wp\/?cat=7"},"img":{"alt_text":"","src":"https:\/\/i0.wp.com\/uscatletica.ch\/wp\/wp-content\/uploads\/2020\/01\/10.jpg?fit=432%2C288&ssl=1&resize=350%2C200","width":350,"height":200},"classes":[]},{"id":14337,"url":"https:\/\/uscatletica.ch\/wp\/?p=14337","url_meta":{"origin":18932,"position":5},"title":"Campionati Svizzeri di cross 23 USCine\/i al via Live sulla linea d&#8217;arrivo","author":"Leonida Stampanoni","date":"2 Marzo 2022","format":false,"excerpt":"Domenica si correranno i campionati svizzeri di cross allo stadio Wisacher di Regensdorf. L'USC si reca a Regensdorf guidata dal campione svizzero in carica U23 Roberto Delorenzi che vinse il titolo nella storica edizione 2019 a Chailly sur Montreux dove Letizia, Giorgia e Matilde vinsero il bronzo U18 a squadre.\u2026","rel":"","context":"In &quot;Cross&quot;","block_context":{"text":"Cross","link":"https:\/\/uscatletica.ch\/wp\/?cat=7"},"img":{"alt_text":"","src":"https:\/\/i0.wp.com\/uscatletica.ch\/wp\/wp-content\/uploads\/2020\/01\/10.jpg?fit=432%2C288&ssl=1&resize=350%2C200","width":350,"height":200},"classes":[]}],"_links":{"self":[{"href":"https:\/\/uscatletica.ch\/wp\/index.php?rest_route=\/wp\/v2\/posts\/18932","targetHints":{"allow":["GET"]}}],"collection":[{"href":"https:\/\/uscatletica.ch\/wp\/index.php?rest_route=\/wp\/v2\/posts"}],"about":[{"href":"https:\/\/uscatletica.ch\/wp\/index.php?rest_route=\/wp\/v2\/types\/post"}],"author":[{"embeddable":true,"href":"https:\/\/uscatletica.ch\/wp\/index.php?rest_route=\/wp\/v2\/users\/4"}],"replies":[{"embeddable":true,"href":"https:\/\/uscatletica.ch\/wp\/index.php?rest_route=%2Fwp%2Fv2%2Fcomments&post=18932"}],"version-history":[{"count":4,"href":"https:\/\/uscatletica.ch\/wp\/index.php?rest_route=\/wp\/v2\/posts\/18932\/revisions"}],"predecessor-version":[{"id":20420,"href":"https:\/\/uscatletica.ch\/wp\/index.php?rest_route=\/wp\/v2\/posts\/18932\/revisions\/20420"}],"wp:featuredmedia":[{"embeddable":true,"href":"https:\/\/uscatletica.ch\/wp\/index.php?rest_route=\/wp\/v2\/media\/78"}],"wp:attachment":[{"href":"https:\/\/uscatletica.ch\/wp\/index.php?rest_route=%2Fwp%2Fv2%2Fmedia&parent=18932"}],"wp:term":[{"taxonomy":"category","embeddable":true,"href":"https:\/\/uscatletica.ch\/wp\/index.php?rest_route=%2Fwp%2Fv2%2Fcategories&post=18932"},{"taxonomy":"post_tag","embeddable":true,"href":"https:\/\/uscatletica.ch\/wp\/index.php?rest_route=%2Fwp%2Fv2%2Ftags&post=18932"}],"curies":[{"name":"wp","href":"https:\/\/api.w.org\/{rel}","templated":true}]}}