{"id":18986,"date":"2024-03-10T07:37:33","date_gmt":"2024-03-10T06:37:33","guid":{"rendered":"https:\/\/uscatletica.ch\/wp\/?p=18986"},"modified":"2024-03-10T18:49:03","modified_gmt":"2024-03-10T17:49:03","slug":"alice-e-noe-con-la-selezione-ticino-a-gordola","status":"publish","type":"post","link":"https:\/\/uscatletica.ch\/wp\/?p=18986","title":{"rendered":"Alice e No\u00e9 bravi con la selezione Ticino a Gordola"},"content":{"rendered":"\n<p>La sfida tra le selezioni U16 della regio insubrica chiude \u00a0la stagione indoor cantonale. Due le presenze USC alla Regazzi : Alice sui 60 e nella staffetta 4&#215;200 e No\u00e9 sui 600 m . Una splendida giornata di atletica sotto l&#8217;egida del progetto atletica insubrica con la sfida tra le selezione Lombardia 1, Lombardia 2, Ticino e Piemonte. Sui 60 m Alice, al rientro dopo l&#8217;infortunio che non le ha permesso di prendere il via ai campionati svizzeri, si \u00e8 ben difesa sui 60 m e nella seconda frazione della 4&#215;200 m. No\u00e9 sui 600 m si \u00e8 trovato nel pieno della bagarre.\u00a0<\/p>\n<p>\u00a0<a href=\"https:\/\/slv.laportal.net\/Competitions\/Competitoroverview\/12101\" target=\"_blank\" rel=\"noopener\">Risultati live<\/a><\/p>\n<p>Alice \u00e8 la prima a scendere in pista nei 60 m la gara pi\u00f9 spettacolare della giornata. Kelly Diallo vince in 7&#8243;30 \u00a0a soli 3 centesimi dal suo personale che \u00e8 il tempo pi\u00f9 veloce mai corso da una U20 italiana ed il settimo di sempre. Alice,dopo un cartellino giallo chiude in 8&#8243;29.\u00a0<\/p>\n<p>Nei 600 m la gara diventa una vera battaglia ed il nostro No\u00e9 non si trova a suo agio, dopo un&#8217;ottima partenza subisce diversi colpi e chiude in 1&#8217;36&#8243;59 ottenendo il suo personale.\u00a0<\/p>\n<p>Nella staffetta 4&#215;200 m la Lombardia vince con il nuovo primato italiano di 1&#8217;42&#8243;31.Il Ticino con Azzurra Visetti chiude la prima frazione al secondo rango, ottima la frazione di Alice che resta in scia alla Lombardia. Il Ticino chiuder\u00e0 con un buon 1&#8217;50&#8243;03.\u00a0<\/p>\n<p>Per il Ticino l&#8217;unico podio arriva grazie a Milo Vigani che scaglia il peso \u00a0a13.69 m per chiudere al secondo rango .\u00a0<\/p>\n<p>Nella classifica per Selezione Lombardia 2 precede di un punto Lombardia 1 terzo il Piemonte e quarto il Ticino.\u00a0<\/p>\n","protected":false},"excerpt":{"rendered":"<p>La sfida tra le selezioni U16 della regio insubrica chiude \u00a0la stagione indoor cantonale. Due le presenze USC alla Regazzi : Alice sui 60 e nella staffetta 4&#215;200 e No\u00e9 sui 600 m . Una splendida giornata di atletica sotto l&#8217;egida del progetto atletica insubrica con la sfida tra le selezione Lombardia 1, Lombardia 2, Ticino e Piemonte. Sui 60 m Alice, al rientro dopo l&#8217;infortunio che non le ha permesso di prendere il via&#8230;<\/p>\n","protected":false},"author":4,"featured_media":18879,"comment_status":"closed","ping_status":"closed","sticky":false,"template":"","format":"standard","meta":{"jetpack_post_was_ever_published":false,"_jetpack_newsletter_access":"","_jetpack_dont_email_post_to_subs":false,"_jetpack_newsletter_tier_id":0,"_jetpack_memberships_contains_paywalled_content":false,"_jetpack_memberships_contains_paid_content":false,"footnotes":"","jetpack_publicize_message":"","jetpack_publicize_feature_enabled":true,"jetpack_social_post_already_shared":true,"jetpack_social_options":{"image_generator_settings":{"template":"highway","default_image_id":0,"font":"","enabled":false},"version":2}},"categories":[4,9],"tags":[],"class_list":["post-18986","post","type-post","status-publish","format-standard","has-post-thumbnail","hentry","category-pista","category-sport"],"jetpack_publicize_connections":[],"jetpack_featured_media_url":"https:\/\/i0.wp.com\/uscatletica.ch\/wp\/wp-content\/uploads\/2024\/02\/20240209regazzib.jpg?fit=1452%2C970&ssl=1","jetpack_sharing_enabled":true,"jetpack_shortlink":"https:\/\/wp.me\/p6V7Ck-4We","jetpack-related-posts":[{"id":20947,"url":"https:\/\/uscatletica.ch\/wp\/?p=20947","url_meta":{"origin":18986,"position":0},"title":"Da Bressanone a Dongio USC in grande forma","author":"Leonida Stampanoni","date":"25 Maggio 2025","format":false,"excerpt":"La selezione Ticino U18 era impegnata nella classica trasferta di Bressanone, il meeting si \u00e8 rinnovato diventando Brixia next gen per l'USC era presente Alice che sui 100 m ha abbassato il proprio primato personale. Il meeting scolari di Dongio \u00e8 una grande classica del calendario atletico cantonale, Kayla e\u2026","rel":"","context":"In &quot;Pista&quot;","block_context":{"text":"Pista","link":"https:\/\/uscatletica.ch\/wp\/?cat=4"},"img":{"alt_text":"","src":"https:\/\/i0.wp.com\/uscatletica.ch\/wp\/wp-content\/uploads\/2023\/05\/230501rivaukcuscfoto-e1683127197894.jpg?fit=432%2C324&ssl=1&resize=350%2C200","width":350,"height":200},"classes":[]},{"id":19392,"url":"https:\/\/uscatletica.ch\/wp\/?p=19392","url_meta":{"origin":18986,"position":1},"title":"Alice e Martino secondi a Cornaredo","author":"Leonida Stampanoni","date":"26 Maggio 2024","format":false,"excerpt":"Nella cornice dello stadio di Cornaredo la finale cantonale Visana Sprint cercava i ragazzi e le ragazze pi\u00f9 veloci del Ticino ben 10 le presenze USC. Alice che lo scorso anno vinse il titolo per il 2009 ha ottenuto un ottimo secondo rango alle spalle di Azzurra Visetti . Alla\u2026","rel":"","context":"In &quot;Pista&quot;","block_context":{"text":"Pista","link":"https:\/\/uscatletica.ch\/wp\/?cat=4"},"img":{"alt_text":"","src":"https:\/\/i0.wp.com\/uscatletica.ch\/wp\/wp-content\/uploads\/2023\/05\/230528alpeotopb.jpg?fit=450%2C338&ssl=1&resize=350%2C200","width":350,"height":200},"classes":[]},{"id":20911,"url":"https:\/\/uscatletica.ch\/wp\/?p=20911","url_meta":{"origin":18986,"position":2},"title":"GP FTAL BIASCA MICHELE BRONZO SUI 5000 m  OTTIMA ALICE AL BRIXIA MEETING (live streaming Brixia Next gen)","author":"Leonida Stampanoni","date":"25 Maggio 2025","format":false,"excerpt":"Un bel pomeriggio primaverile ha accolto al Vallone di Biasca i partecipanti al primo GP BancaStato FTAL, in cui erano in programma anche i campionati ticinesi dei 3000 m femminili e dei 5000 m maschili dove Michele ha colto il personale e la medaglia di bronzo. Due ori per la\u2026","rel":"","context":"In &quot;Pista&quot;","block_context":{"text":"Pista","link":"https:\/\/uscatletica.ch\/wp\/?cat=4"},"img":{"alt_text":"","src":"https:\/\/i0.wp.com\/uscatletica.ch\/wp\/wp-content\/uploads\/2025\/05\/2025ct5kmichilardi.jpg?fit=439%2C261&ssl=1&resize=350%2C200","width":350,"height":200},"classes":[]},{"id":21042,"url":"https:\/\/uscatletica.ch\/wp\/?p=21042","url_meta":{"origin":18986,"position":3},"title":"I REGIONALI IN TICINO USC con ambizione al via","author":"Leonida Stampanoni","date":"20 Giugno 2025","format":false,"excerpt":"Nel fine settimana il comunale di Bellinzona ospiter\u00e0 quasi 500 giovani talenti proveniente dalla svizzera Orientale quasi 800 le partenze. Tutto \u00e8 pronto domani al comunale ci saranno anche sette atlete USC e due atleti. 188 I Ticinesi al via. Nella velocit\u00e0 ci saranno Alice, Asia, Giorgia e Maja, \u00a0Nel\u2026","rel":"","context":"In &quot;Pista&quot;","block_context":{"text":"Pista","link":"https:\/\/uscatletica.ch\/wp\/?cat=4"},"img":{"alt_text":"","src":"https:\/\/i0.wp.com\/uscatletica.ch\/wp\/wp-content\/uploads\/2022\/09\/Gala.jpg?fit=753%2C257&ssl=1&resize=350%2C200","width":350,"height":200,"srcset":"https:\/\/i0.wp.com\/uscatletica.ch\/wp\/wp-content\/uploads\/2022\/09\/Gala.jpg?fit=753%2C257&ssl=1&resize=350%2C200 1x, https:\/\/i0.wp.com\/uscatletica.ch\/wp\/wp-content\/uploads\/2022\/09\/Gala.jpg?fit=753%2C257&ssl=1&resize=525%2C300 1.5x, https:\/\/i0.wp.com\/uscatletica.ch\/wp\/wp-content\/uploads\/2022\/09\/Gala.jpg?fit=753%2C257&ssl=1&resize=700%2C400 2x"},"classes":[]},{"id":18878,"url":"https:\/\/uscatletica.ch\/wp\/?p=18878","url_meta":{"origin":18986,"position":4},"title":"A Gordola meeting Indoor","author":"Leonida Stampanoni","date":"9 Febbraio 2024","format":false,"excerpt":"Sabato alla Regazzi di Gordola per per la prima volta in Ticino si correranno al coperto distanze superiori ai 60 m. La SFG Biasca organizza un bel meeting con un programma comprendente 60 m, 60 mh, 200 m 1000 m, alto peso e lungo. Al via sui 1000 m ci\u2026","rel":"","context":"In &quot;Pista&quot;","block_context":{"text":"Pista","link":"https:\/\/uscatletica.ch\/wp\/?cat=4"},"img":{"alt_text":"","src":"https:\/\/i0.wp.com\/uscatletica.ch\/wp\/wp-content\/uploads\/2024\/02\/20240209regazzib.jpg?fit=1200%2C802&ssl=1&resize=350%2C200","width":350,"height":200,"srcset":"https:\/\/i0.wp.com\/uscatletica.ch\/wp\/wp-content\/uploads\/2024\/02\/20240209regazzib.jpg?fit=1200%2C802&ssl=1&resize=350%2C200 1x, https:\/\/i0.wp.com\/uscatletica.ch\/wp\/wp-content\/uploads\/2024\/02\/20240209regazzib.jpg?fit=1200%2C802&ssl=1&resize=525%2C300 1.5x, https:\/\/i0.wp.com\/uscatletica.ch\/wp\/wp-content\/uploads\/2024\/02\/20240209regazzib.jpg?fit=1200%2C802&ssl=1&resize=700%2C400 2x, https:\/\/i0.wp.com\/uscatletica.ch\/wp\/wp-content\/uploads\/2024\/02\/20240209regazzib.jpg?fit=1200%2C802&ssl=1&resize=1050%2C600 3x"},"classes":[]},{"id":19852,"url":"https:\/\/uscatletica.ch\/wp\/?p=19852","url_meta":{"origin":18986,"position":5},"title":"LEA BRONZO CON LA COAS AI CS DI STAFFETTA","author":"Leonida Stampanoni","date":"8 Settembre 2024","format":false,"excerpt":"Tra le fine di agosto e l'inizio settembre \u00a0ai campionati svizzeri di Lausanne \u00a0U16 Alice si \u00e8 ben difesa chiudendo gli 80 m in 10\"63 non lontano dalle semifinali. Domenica 8 settembre la comunit\u00e0 atletica sottoceneri ha portato tre squadre ai campionati svizzeri di staffette in ogni squadra c'era un\u2026","rel":"","context":"In &quot;Pista&quot;","block_context":{"text":"Pista","link":"https:\/\/uscatletica.ch\/wp\/?cat=4"},"img":{"alt_text":"","src":"https:\/\/i0.wp.com\/uscatletica.ch\/wp\/wp-content\/uploads\/2024\/09\/202409084x400mx.jpeg?fit=1200%2C900&ssl=1&resize=350%2C200","width":350,"height":200,"srcset":"https:\/\/i0.wp.com\/uscatletica.ch\/wp\/wp-content\/uploads\/2024\/09\/202409084x400mx.jpeg?fit=1200%2C900&ssl=1&resize=350%2C200 1x, https:\/\/i0.wp.com\/uscatletica.ch\/wp\/wp-content\/uploads\/2024\/09\/202409084x400mx.jpeg?fit=1200%2C900&ssl=1&resize=525%2C300 1.5x, https:\/\/i0.wp.com\/uscatletica.ch\/wp\/wp-content\/uploads\/2024\/09\/202409084x400mx.jpeg?fit=1200%2C900&ssl=1&resize=700%2C400 2x, https:\/\/i0.wp.com\/uscatletica.ch\/wp\/wp-content\/uploads\/2024\/09\/202409084x400mx.jpeg?fit=1200%2C900&ssl=1&resize=1050%2C600 3x"},"classes":[]}],"_links":{"self":[{"href":"https:\/\/uscatletica.ch\/wp\/index.php?rest_route=\/wp\/v2\/posts\/18986","targetHints":{"allow":["GET"]}}],"collection":[{"href":"https:\/\/uscatletica.ch\/wp\/index.php?rest_route=\/wp\/v2\/posts"}],"about":[{"href":"https:\/\/uscatletica.ch\/wp\/index.php?rest_route=\/wp\/v2\/types\/post"}],"author":[{"embeddable":true,"href":"https:\/\/uscatletica.ch\/wp\/index.php?rest_route=\/wp\/v2\/users\/4"}],"replies":[{"embeddable":true,"href":"https:\/\/uscatletica.ch\/wp\/index.php?rest_route=%2Fwp%2Fv2%2Fcomments&post=18986"}],"version-history":[{"count":2,"href":"https:\/\/uscatletica.ch\/wp\/index.php?rest_route=\/wp\/v2\/posts\/18986\/revisions"}],"predecessor-version":[{"id":18989,"href":"https:\/\/uscatletica.ch\/wp\/index.php?rest_route=\/wp\/v2\/posts\/18986\/revisions\/18989"}],"wp:featuredmedia":[{"embeddable":true,"href":"https:\/\/uscatletica.ch\/wp\/index.php?rest_route=\/wp\/v2\/media\/18879"}],"wp:attachment":[{"href":"https:\/\/uscatletica.ch\/wp\/index.php?rest_route=%2Fwp%2Fv2%2Fmedia&parent=18986"}],"wp:term":[{"taxonomy":"category","embeddable":true,"href":"https:\/\/uscatletica.ch\/wp\/index.php?rest_route=%2Fwp%2Fv2%2Fcategories&post=18986"},{"taxonomy":"post_tag","embeddable":true,"href":"https:\/\/uscatletica.ch\/wp\/index.php?rest_route=%2Fwp%2Fv2%2Ftags&post=18986"}],"curies":[{"name":"wp","href":"https:\/\/api.w.org\/{rel}","templated":true}]}}