{"id":19023,"date":"2024-03-16T21:57:58","date_gmt":"2024-03-16T20:57:58","guid":{"rendered":"https:\/\/uscatletica.ch\/wp\/?p=19023"},"modified":"2024-03-16T22:00:00","modified_gmt":"2024-03-16T21:00:00","slug":"domenica-tra-tesserete-e-cortenova","status":"publish","type":"post","link":"https:\/\/uscatletica.ch\/wp\/?p=19023","title":{"rendered":"DOMENICA TRA TESSERETE E CORTENOVA"},"content":{"rendered":"\n<p>Domenica la stagione del Trofeo ASTi BancaStato Staffette raccoglier\u00e0 il testimone da quella di cross che vivr\u00e0 a Cortenova il suo epilogo mentre alla Staffetta Capriaschee debutter\u00e0 la stagione del TAS.\u00a0<\/p>\n<p>In Valsassina con la selezione Ticino ben otto le presenze USC a sfidare le selezioni provinciali italiani sul bellissimo circuito delle Bressanelle. Al via per l&#8217;USC No\u00e9, \u00a0Amelie, Mattia, Anais, Dario, Noah, Giosu\u00e9, Viola<\/p>\n<p>A Tesserete la Staffetta Capriaschese vivr\u00e0 la sua 49 edizione al via del TAS sono attesi circa \u00a0350 atleti. La grande novit\u00e0 sar\u00e0 la Staffetta con Inclusione Handicap Ticino al termine delle prove valide per il TAS.<\/p>\n<p><a href=\"https:\/\/asti-ticino.ch\/asti-new\/storage\/documenti\/in-capriasca-al-via-il-trofeo-asti-bancastato-staffette.pdf\">La presentazione del TAS<\/a><\/p>\n<p>\u00a0<\/p>\n<p><blockquote class=\"wp-embedded-content\" data-secret=\"CmrsFWhRAI\"><a href=\"https:\/\/ftal.ch\/la-selezione-ticino-di-cross-u14-u16-a-cortenova\/\">LA SELEZIONE TICINO DI CROSS U14-U16 A CORTENOVA<\/a><\/blockquote><iframe loading=\"lazy\" class=\"wp-embedded-content\" sandbox=\"allow-scripts\" security=\"restricted\" style=\"position: absolute; clip: rect(1px, 1px, 1px, 1px);\" title=\"&#8220;LA SELEZIONE TICINO DI CROSS U14-U16 A CORTENOVA&#8221; &#8212; FTAL\" src=\"https:\/\/ftal.ch\/la-selezione-ticino-di-cross-u14-u16-a-cortenova\/embed\/#?secret=WVulm4drgz#?secret=CmrsFWhRAI\" data-secret=\"CmrsFWhRAI\" width=\"600\" height=\"338\" frameborder=\"0\" marginwidth=\"0\" marginheight=\"0\" scrolling=\"no\"><\/iframe><\/p>\n","protected":false},"excerpt":{"rendered":"<p>Domenica la stagione del Trofeo ASTi BancaStato Staffette raccoglier\u00e0 il testimone da quella di cross che vivr\u00e0 a Cortenova il suo epilogo mentre alla Staffetta Capriaschee debutter\u00e0 la stagione del TAS.\u00a0 In Valsassina con la selezione Ticino ben otto le presenze USC a sfidare le selezioni provinciali italiani sul bellissimo circuito delle Bressanelle. Al via per l&#8217;USC No\u00e9, \u00a0Amelie, Mattia, Anais, Dario, Noah, Giosu\u00e9, Viola A Tesserete la Staffetta Capriaschese vivr\u00e0 la sua 49 edizione&#8230;<\/p>\n","protected":false},"author":4,"featured_media":16838,"comment_status":"closed","ping_status":"closed","sticky":false,"template":"","format":"standard","meta":{"jetpack_post_was_ever_published":false,"_jetpack_newsletter_access":"","_jetpack_dont_email_post_to_subs":false,"_jetpack_newsletter_tier_id":0,"_jetpack_memberships_contains_paywalled_content":false,"_jetpack_memberships_contains_paid_content":false,"footnotes":"","jetpack_publicize_message":"","jetpack_publicize_feature_enabled":true,"jetpack_social_post_already_shared":true,"jetpack_social_options":{"image_generator_settings":{"template":"highway","default_image_id":0,"font":"","enabled":false},"version":2}},"categories":[7,9,8],"tags":[],"class_list":["post-19023","post","type-post","status-publish","format-standard","has-post-thumbnail","hentry","category-cross","category-sport","category-staffette"],"jetpack_publicize_connections":[],"jetpack_featured_media_url":"https:\/\/i0.wp.com\/uscatletica.ch\/wp\/wp-content\/uploads\/2023\/03\/StaffettaUSC22-Foto-USC-ES-1-scaled.jpg?fit=2560%2C1742&ssl=1","jetpack_sharing_enabled":true,"jetpack_shortlink":"https:\/\/wp.me\/p6V7Ck-4WP","jetpack-related-posts":[{"id":3856,"url":"https:\/\/uscatletica.ch\/wp\/?p=3856","url_meta":{"origin":19023,"position":0},"title":"TAS  LA SECONDA USCITA A VACALLO","author":"Leonida Stampanoni","date":"31 Marzo 2017","format":false,"excerpt":"Il debutto del TAS \u00a0\u00e8 perfettamente riuscito grazie al successo del 44 edizione della Staffetta Capriaschese, domenica la Staffetta SAV sulle strade di Vacallo ospiter\u00e0 la seconda tappa. In casa erano un centinaio gli atleti USC al via uno piacevolissimo spettacolo per il comitato ed i monitori. Difficile ripetere l'exploit\u2026","rel":"","context":"In &quot;Staffette&quot;","block_context":{"text":"Staffette","link":"https:\/\/uscatletica.ch\/wp\/?cat=8"},"img":{"alt_text":"","src":"https:\/\/i0.wp.com\/uscatletica.ch\/wp\/wp-content\/uploads\/2017\/03\/uscortoenva17.jpg?fit=563%2C422&ssl=1&resize=350%2C200","width":350,"height":200,"srcset":"https:\/\/i0.wp.com\/uscatletica.ch\/wp\/wp-content\/uploads\/2017\/03\/uscortoenva17.jpg?fit=563%2C422&ssl=1&resize=350%2C200 1x, https:\/\/i0.wp.com\/uscatletica.ch\/wp\/wp-content\/uploads\/2017\/03\/uscortoenva17.jpg?fit=563%2C422&ssl=1&resize=525%2C300 1.5x"},"classes":[]},{"id":7488,"url":"https:\/\/uscatletica.ch\/wp\/?p=7488","url_meta":{"origin":19023,"position":1},"title":"La Stagione ASTi parte con il trofeo Quadri e la Sementina San Defendente","author":"Leonida Stampanoni","date":"29 Marzo 2019","format":false,"excerpt":"L'ora Legale SABATO NOTTERICORDATEVI DI SPOSTARE I VOSTRI MARCATEMPO AVANTI \u00a0DI UN'ORA Con il salto nell'ora Legale parte anche la Stagione ASTi delle gare fuori pista. Il Trofeo ASTi Staffette parte con la Staffetta Capriaschese che assegner\u00e0 il Trofeo impresa costruzioni Giovanni Quadri. Siamo pronti ad accogliere sule strade di\u2026","rel":"","context":"In &quot;I nostri appuntamenti&quot;","block_context":{"text":"I nostri appuntamenti","link":"https:\/\/uscatletica.ch\/wp\/?cat=12"},"img":{"alt_text":"","src":"https:\/\/i0.wp.com\/uscatletica.ch\/wp\/wp-content\/uploads\/2018\/04\/tgq18U0810-1.jpg?fit=562%2C273&ssl=1&resize=350%2C200","width":350,"height":200,"srcset":"https:\/\/i0.wp.com\/uscatletica.ch\/wp\/wp-content\/uploads\/2018\/04\/tgq18U0810-1.jpg?fit=562%2C273&ssl=1&resize=350%2C200 1x, https:\/\/i0.wp.com\/uscatletica.ch\/wp\/wp-content\/uploads\/2018\/04\/tgq18U0810-1.jpg?fit=562%2C273&ssl=1&resize=525%2C300 1.5x"},"classes":[]},{"id":4406,"url":"https:\/\/uscatletica.ch\/wp\/?p=4406","url_meta":{"origin":19023,"position":2},"title":"TAS A LIGORNETTO IL GRAN FINALE","author":"Leonida Stampanoni","date":"30 Maggio 2017","format":false,"excerpt":"Domenica sulle strade di Ligornetto il Trofeo ASTi Staffette vivr\u00e0 la quarta tappa l'ultima gara per i trofei M15 e W15, mentre le categorie U12 ed U14 \u00a0riprenderanno il 3 settembre a Camignolo. \u00a0Una primavera \u00a0che ha visto un ottimo successo di partecipazione nelle prime 3 uscite di Vacallo, Tesserete\u2026","rel":"","context":"In &quot;Podismo&quot;","block_context":{"text":"Podismo","link":"https:\/\/uscatletica.ch\/wp\/?cat=5"},"img":{"alt_text":"","src":"https:\/\/i0.wp.com\/uscatletica.ch\/wp\/wp-content\/uploads\/2017\/04\/P1450780.jpg?fit=563%2C422&ssl=1&resize=350%2C200","width":350,"height":200,"srcset":"https:\/\/i0.wp.com\/uscatletica.ch\/wp\/wp-content\/uploads\/2017\/04\/P1450780.jpg?fit=563%2C422&ssl=1&resize=350%2C200 1x, https:\/\/i0.wp.com\/uscatletica.ch\/wp\/wp-content\/uploads\/2017\/04\/P1450780.jpg?fit=563%2C422&ssl=1&resize=525%2C300 1.5x"},"classes":[]},{"id":5846,"url":"https:\/\/uscatletica.ch\/wp\/?p=5846","url_meta":{"origin":19023,"position":3},"title":"Da Vacallo a Stabio per un fine settimana targato ASTi","author":"Leonida Stampanoni","date":"14 Aprile 2018","format":false,"excerpt":"Fine settimana con un doppio impegno mom\u00f2 per gli USCini sabato nel tardo pomeriggio ci sar\u00e0 la 54 edizione della Staffetta Vacallo seconda prova del TAS, domenica mattina a Stabio si correr\u00e0 ma 34 edizione del giro podistico\u00a0 seconda prova della coppa ASTi podismo e della coppa giovanile. Il programma\u2026","rel":"","context":"In &quot;Podismo&quot;","block_context":{"text":"Podismo","link":"https:\/\/uscatletica.ch\/wp\/?cat=5"},"img":{"alt_text":"","src":"https:\/\/i0.wp.com\/uscatletica.ch\/wp\/wp-content\/uploads\/2018\/04\/bct2018rdee.jpg?fit=532%2C354&ssl=1&resize=350%2C200","width":350,"height":200,"srcset":"https:\/\/i0.wp.com\/uscatletica.ch\/wp\/wp-content\/uploads\/2018\/04\/bct2018rdee.jpg?fit=532%2C354&ssl=1&resize=350%2C200 1x, https:\/\/i0.wp.com\/uscatletica.ch\/wp\/wp-content\/uploads\/2018\/04\/bct2018rdee.jpg?fit=532%2C354&ssl=1&resize=525%2C300 1.5x"},"classes":[]},{"id":4819,"url":"https:\/\/uscatletica.ch\/wp\/?p=4819","url_meta":{"origin":19023,"position":4},"title":"Camignolo TAS e Podismo Bellinzona GP Ticino","author":"Leonida Stampanoni","date":"31 Agosto 2017","format":false,"excerpt":"Il primo fine settimana scolastico sar\u00e0 particolarmente per gli atleti USC ; Sabato a Camignolo ci sar\u00e0 la festa del podismo si parte alle 14.00 con la staffetta scolari dell'ASM che rilancer\u00e0 il TAS. Nel tardo pomeriggio penultima tappa della Coppa ASTi podismo una gara di 12 km . Domenica\u2026","rel":"","context":"In &quot;Pista&quot;","block_context":{"text":"Pista","link":"https:\/\/uscatletica.ch\/wp\/?cat=4"},"img":{"alt_text":"","src":"https:\/\/i0.wp.com\/uscatletica.ch\/wp\/wp-content\/uploads\/2017\/08\/gruppliam2017.jpg?fit=562%2C422&ssl=1&resize=350%2C200","width":350,"height":200,"srcset":"https:\/\/i0.wp.com\/uscatletica.ch\/wp\/wp-content\/uploads\/2017\/08\/gruppliam2017.jpg?fit=562%2C422&ssl=1&resize=350%2C200 1x, https:\/\/i0.wp.com\/uscatletica.ch\/wp\/wp-content\/uploads\/2017\/08\/gruppliam2017.jpg?fit=562%2C422&ssl=1&resize=525%2C300 1.5x"},"classes":[]},{"id":3776,"url":"https:\/\/uscatletica.ch\/wp\/?p=3776","url_meta":{"origin":19023,"position":5},"title":"La staffetta Capriaschese lancia il TAS 2017 Attenzione Ora Legale orologi avanti  1 ora","author":"Leonida Stampanoni","date":"22 Marzo 2017","format":false,"excerpt":"Domenica a Tesserete l'USC avr\u00e0 l'onore di aprire la 15 stagione del TAS che assegner\u00e0 il supertrofeo ed i 6 trofei di categorie. La nostra staffetta nata nel 1974 sul lago d'Origlio si disputa da oramai una ventina d'anni nel centro di Tesserete. \u00a0Alle 14.30, attenzione nella notte \u00a0ci sar\u00e0\u2026","rel":"","context":"In &quot;Staffette&quot;","block_context":{"text":"Staffette","link":"https:\/\/uscatletica.ch\/wp\/?cat=8"},"img":{"alt_text":"","src":"https:\/\/i0.wp.com\/uscatletica.ch\/wp\/wp-content\/uploads\/2015\/11\/percorsostaffetta.png?fit=640%2C378&ssl=1&resize=350%2C200","width":350,"height":200,"srcset":"https:\/\/i0.wp.com\/uscatletica.ch\/wp\/wp-content\/uploads\/2015\/11\/percorsostaffetta.png?fit=640%2C378&ssl=1&resize=350%2C200 1x, https:\/\/i0.wp.com\/uscatletica.ch\/wp\/wp-content\/uploads\/2015\/11\/percorsostaffetta.png?fit=640%2C378&ssl=1&resize=525%2C300 1.5x"},"classes":[]}],"_links":{"self":[{"href":"https:\/\/uscatletica.ch\/wp\/index.php?rest_route=\/wp\/v2\/posts\/19023","targetHints":{"allow":["GET"]}}],"collection":[{"href":"https:\/\/uscatletica.ch\/wp\/index.php?rest_route=\/wp\/v2\/posts"}],"about":[{"href":"https:\/\/uscatletica.ch\/wp\/index.php?rest_route=\/wp\/v2\/types\/post"}],"author":[{"embeddable":true,"href":"https:\/\/uscatletica.ch\/wp\/index.php?rest_route=\/wp\/v2\/users\/4"}],"replies":[{"embeddable":true,"href":"https:\/\/uscatletica.ch\/wp\/index.php?rest_route=%2Fwp%2Fv2%2Fcomments&post=19023"}],"version-history":[{"count":2,"href":"https:\/\/uscatletica.ch\/wp\/index.php?rest_route=\/wp\/v2\/posts\/19023\/revisions"}],"predecessor-version":[{"id":19026,"href":"https:\/\/uscatletica.ch\/wp\/index.php?rest_route=\/wp\/v2\/posts\/19023\/revisions\/19026"}],"wp:featuredmedia":[{"embeddable":true,"href":"https:\/\/uscatletica.ch\/wp\/index.php?rest_route=\/wp\/v2\/media\/16838"}],"wp:attachment":[{"href":"https:\/\/uscatletica.ch\/wp\/index.php?rest_route=%2Fwp%2Fv2%2Fmedia&parent=19023"}],"wp:term":[{"taxonomy":"category","embeddable":true,"href":"https:\/\/uscatletica.ch\/wp\/index.php?rest_route=%2Fwp%2Fv2%2Fcategories&post=19023"},{"taxonomy":"post_tag","embeddable":true,"href":"https:\/\/uscatletica.ch\/wp\/index.php?rest_route=%2Fwp%2Fv2%2Ftags&post=19023"}],"curies":[{"name":"wp","href":"https:\/\/api.w.org\/{rel}","templated":true}]}}