{"id":19040,"date":"2024-03-18T08:33:20","date_gmt":"2024-03-18T07:33:20","guid":{"rendered":"https:\/\/uscatletica.ch\/wp\/?p=19040"},"modified":"2024-03-18T04:33:51","modified_gmt":"2024-03-18T03:33:51","slug":"cortenova-bene-gli-uscini","status":"publish","type":"post","link":"https:\/\/uscatletica.ch\/wp\/?p=19040","title":{"rendered":"CORTENOVA BENE GLI USCini"},"content":{"rendered":"\n<p>La ventiseiesima edizione del cross delle selezioni di Cortenova ha accolto domenica oltre 400 atleti sul circuito delle Bressanelle. Una quarantina \u00a0i Ticinesi che sono finiti due volte nei primi sei con la 2012 Nilay Di Lascio terza e Aline Oliva (2009) quarta. Bravi i nostri ragazzi Viola, Mattia, Am\u00e9lie, Anais ,Dario e Noah. No\u00e9 infortunato ha sostenuto i compagni d&#8217;allenamento purtroppo a casa a\u00e8 restate pure Giosu\u00e8. Buona guarigione ai nostri ragazzi.\u00a0<\/p>\n<p><a href=\"https:\/\/www.fidal.it\/risultati\/2024\/REG34577\/Index.htm\" target=\"_blank\" rel=\"noopener\">Tutti i risultati<\/a><\/p>\n<p>Nella prima gara Nilay Di Lascio regala subito il podio al Ticino la nostra Viola (48) \u00e8 la terza delle ticinesi \u00a0Tocca poi ad Anais (47). che finisce pure quarta ticinese. Migliore ticinese. Dario (37) e Noah (48) sono bravi tra i nati nel 2011. Tra i 2010 Mattia (49) Amelie 49 si difendono bene\u00a0<\/p>\n","protected":false},"excerpt":{"rendered":"<p>La ventiseiesima edizione del cross delle selezioni di Cortenova ha accolto domenica oltre 400 atleti sul circuito delle Bressanelle. Una quarantina \u00a0i Ticinesi che sono finiti due volte nei primi sei con la 2012 Nilay Di Lascio terza e Aline Oliva (2009) quarta. Bravi i nostri ragazzi Viola, Mattia, Am\u00e9lie, Anais ,Dario e Noah. No\u00e9 infortunato ha sostenuto i compagni d&#8217;allenamento purtroppo a casa a\u00e8 restate pure Giosu\u00e8. Buona guarigione ai nostri ragazzi.\u00a0 Tutti i&#8230;<\/p>\n","protected":false},"author":4,"featured_media":16821,"comment_status":"closed","ping_status":"closed","sticky":false,"template":"","format":"standard","meta":{"jetpack_post_was_ever_published":false,"_jetpack_newsletter_access":"","_jetpack_dont_email_post_to_subs":false,"_jetpack_newsletter_tier_id":0,"_jetpack_memberships_contains_paywalled_content":false,"_jetpack_memberships_contains_paid_content":false,"footnotes":"","jetpack_publicize_message":"","jetpack_publicize_feature_enabled":true,"jetpack_social_post_already_shared":true,"jetpack_social_options":{"image_generator_settings":{"template":"highway","default_image_id":0,"font":"","enabled":false},"version":2}},"categories":[7,9],"tags":[],"class_list":["post-19040","post","type-post","status-publish","format-standard","has-post-thumbnail","hentry","category-cross","category-sport"],"jetpack_publicize_connections":[],"jetpack_featured_media_url":"https:\/\/i0.wp.com\/uscatletica.ch\/wp\/wp-content\/uploads\/2023\/03\/230319ticinocortenova-1.jpg?fit=432%2C324&ssl=1","jetpack_sharing_enabled":true,"jetpack_shortlink":"https:\/\/wp.me\/p6V7Ck-4X6","jetpack-related-posts":[{"id":16815,"url":"https:\/\/uscatletica.ch\/wp\/?p=16815","url_meta":{"origin":19040,"position":0},"title":"USC bene a Cortenova nella 25 edizione  con doppietta Ticinese","author":"Leonida Stampanoni","date":"19 Marzo 2023","format":false,"excerpt":"La 25 edizione del cross delle selezioni di Cortenova ha visto ben 550 giovani talenti al via nelle 8 categorie \u00a0tra le 13 selezioni il Ticino ha chiuso al nono rango con un storica doppietta nella categoria 2008, la Lombardia festeggia il dodicesimo successo. Bene i nostri No\u00e9, Dario, Am\u00e9lie,\u2026","rel":"","context":"In &quot;Cross&quot;","block_context":{"text":"Cross","link":"https:\/\/uscatletica.ch\/wp\/?cat=7"},"img":{"alt_text":"","src":"https:\/\/i0.wp.com\/uscatletica.ch\/wp\/wp-content\/uploads\/2023\/03\/230319ticinocortenova.jpg?fit=432%2C324&ssl=1&resize=350%2C200","width":350,"height":200},"classes":[]},{"id":19023,"url":"https:\/\/uscatletica.ch\/wp\/?p=19023","url_meta":{"origin":19040,"position":1},"title":"DOMENICA TRA TESSERETE E CORTENOVA","author":"Leonida Stampanoni","date":"16 Marzo 2024","format":false,"excerpt":"Domenica la stagione del Trofeo ASTi BancaStato Staffette raccoglier\u00e0 il testimone da quella di cross che vivr\u00e0 a Cortenova il suo epilogo mentre alla Staffetta Capriaschee debutter\u00e0 la stagione del TAS.\u00a0 In Valsassina con la selezione Ticino ben otto le presenze USC a sfidare le selezioni provinciali italiani sul bellissimo\u2026","rel":"","context":"In &quot;Cross&quot;","block_context":{"text":"Cross","link":"https:\/\/uscatletica.ch\/wp\/?cat=7"},"img":{"alt_text":"","src":"https:\/\/i0.wp.com\/uscatletica.ch\/wp\/wp-content\/uploads\/2023\/03\/StaffettaUSC22-Foto-USC-ES-1-scaled.jpg?fit=1200%2C817&ssl=1&resize=350%2C200","width":350,"height":200,"srcset":"https:\/\/i0.wp.com\/uscatletica.ch\/wp\/wp-content\/uploads\/2023\/03\/StaffettaUSC22-Foto-USC-ES-1-scaled.jpg?fit=1200%2C817&ssl=1&resize=350%2C200 1x, https:\/\/i0.wp.com\/uscatletica.ch\/wp\/wp-content\/uploads\/2023\/03\/StaffettaUSC22-Foto-USC-ES-1-scaled.jpg?fit=1200%2C817&ssl=1&resize=525%2C300 1.5x, https:\/\/i0.wp.com\/uscatletica.ch\/wp\/wp-content\/uploads\/2023\/03\/StaffettaUSC22-Foto-USC-ES-1-scaled.jpg?fit=1200%2C817&ssl=1&resize=700%2C400 2x, https:\/\/i0.wp.com\/uscatletica.ch\/wp\/wp-content\/uploads\/2023\/03\/StaffettaUSC22-Foto-USC-ES-1-scaled.jpg?fit=1200%2C817&ssl=1&resize=1050%2C600 3x"},"classes":[]},{"id":16801,"url":"https:\/\/uscatletica.ch\/wp\/?p=16801","url_meta":{"origin":19040,"position":2},"title":"ROBI SETTIMO AI CS BENE LE GIOVANI LEVE","author":"Leonida Stampanoni","date":"6 Marzo 2023","format":false,"excerpt":"Nel fine settimana una ventina di USCini hanno affrontato la trasferta a St. Maurice per i campionati svizzeri di cross sotto la direzione di Jonathan, tutto \u00e8 filato liscio e un brillante Robi ha chiuso alla grande la trasferta chiudendo al settimo posto la gara Elite. Bravi anche Dario, Ismael,\u2026","rel":"","context":"In &quot;Cross&quot;","block_context":{"text":"Cross","link":"https:\/\/uscatletica.ch\/wp\/?cat=7"},"img":{"alt_text":"","src":"https:\/\/i0.wp.com\/uscatletica.ch\/wp\/wp-content\/uploads\/2023\/03\/U14230305.jpg?fit=432%2C324&ssl=1&resize=350%2C200","width":350,"height":200},"classes":[]},{"id":20714,"url":"https:\/\/uscatletica.ch\/wp\/?p=20714","url_meta":{"origin":19040,"position":3},"title":"CORTENOVA NICOLE AD UN PASSO DAL PODIO","author":"Leonida Stampanoni","date":"23 Marzo 2025","format":false,"excerpt":"La trasferta al cross delle selezioni di Cortenova si \u00e8 chiusa con il decimo rango per il Ticino. La selezione di Milano ha vinto davanti Bergamo e Torino. Alla prima gara ottima prova per la nostra Nicole che \u00e8 arrivata a pochi centimetri dal sesto posto che valeva la premiazione\u2026","rel":"","context":"In &quot;Cross&quot;","block_context":{"text":"Cross","link":"https:\/\/uscatletica.ch\/wp\/?cat=7"},"img":{"alt_text":"","src":"https:\/\/i0.wp.com\/uscatletica.ch\/wp\/wp-content\/uploads\/2023\/03\/230319ticinocortenova-1.jpg?fit=432%2C324&ssl=1&resize=350%2C200","width":350,"height":200},"classes":[]},{"id":20694,"url":"https:\/\/uscatletica.ch\/wp\/?p=20694","url_meta":{"origin":19040,"position":4},"title":"A CORTENOVA PER CHIUDERE LA STAGIONE DI CROSS","author":"Leonida Stampanoni","date":"21 Marzo 2025","format":false,"excerpt":"La stagione delle corse campestri si chiuder\u00e0 come da tradizione domenica con la trasferta della selezioni Ticino FTAL in Valsassina. Sullo spettacolare circuito della Valsassina sono passati grandi atleti come i campioni Europei Roberto Delorenzi e Yeman Crippa. \u00a033 I Ticinesi nella delegazione, di cui 8 capriaschesi \u00a0Mattia sar\u00e0 l'esperto\u2026","rel":"","context":"In &quot;Cross&quot;","block_context":{"text":"Cross","link":"https:\/\/uscatletica.ch\/wp\/?cat=7"},"img":{"alt_text":"","src":"https:\/\/i0.wp.com\/uscatletica.ch\/wp\/wp-content\/uploads\/2023\/03\/230319ticinocortenova-1.jpg?fit=432%2C324&ssl=1&resize=350%2C200","width":350,"height":200},"classes":[]},{"id":16813,"url":"https:\/\/uscatletica.ch\/wp\/?p=16813","url_meta":{"origin":19040,"position":5},"title":"Settebello USC a Cortenova","author":"Leonida Stampanoni","date":"17 Marzo 2023","format":false,"excerpt":"La classica trasferta con la selezione Ticino U14-U16 a Cortenova che si terr\u00e0 domenica vedr\u00e0 ancora l'USC offrire un sostanzioso contributo con ben sette presenze. \u00a0Reduci dai campionati svizzeri Elsa, Olivia, No\u00e9, Am\u00e9lie, Ismael, Anais e Dario saranno tra i 40 giovani ticinesi che sfideranno le province del NordItalia nel\u2026","rel":"","context":"In &quot;Cross&quot;","block_context":{"text":"Cross","link":"https:\/\/uscatletica.ch\/wp\/?cat=7"},"img":{"alt_text":"","src":"https:\/\/i0.wp.com\/uscatletica.ch\/wp\/wp-content\/uploads\/2023\/03\/U14230305.jpg?fit=432%2C324&ssl=1&resize=350%2C200","width":350,"height":200},"classes":[]}],"_links":{"self":[{"href":"https:\/\/uscatletica.ch\/wp\/index.php?rest_route=\/wp\/v2\/posts\/19040","targetHints":{"allow":["GET"]}}],"collection":[{"href":"https:\/\/uscatletica.ch\/wp\/index.php?rest_route=\/wp\/v2\/posts"}],"about":[{"href":"https:\/\/uscatletica.ch\/wp\/index.php?rest_route=\/wp\/v2\/types\/post"}],"author":[{"embeddable":true,"href":"https:\/\/uscatletica.ch\/wp\/index.php?rest_route=\/wp\/v2\/users\/4"}],"replies":[{"embeddable":true,"href":"https:\/\/uscatletica.ch\/wp\/index.php?rest_route=%2Fwp%2Fv2%2Fcomments&post=19040"}],"version-history":[{"count":1,"href":"https:\/\/uscatletica.ch\/wp\/index.php?rest_route=\/wp\/v2\/posts\/19040\/revisions"}],"predecessor-version":[{"id":19041,"href":"https:\/\/uscatletica.ch\/wp\/index.php?rest_route=\/wp\/v2\/posts\/19040\/revisions\/19041"}],"wp:featuredmedia":[{"embeddable":true,"href":"https:\/\/uscatletica.ch\/wp\/index.php?rest_route=\/wp\/v2\/media\/16821"}],"wp:attachment":[{"href":"https:\/\/uscatletica.ch\/wp\/index.php?rest_route=%2Fwp%2Fv2%2Fmedia&parent=19040"}],"wp:term":[{"taxonomy":"category","embeddable":true,"href":"https:\/\/uscatletica.ch\/wp\/index.php?rest_route=%2Fwp%2Fv2%2Fcategories&post=19040"},{"taxonomy":"post_tag","embeddable":true,"href":"https:\/\/uscatletica.ch\/wp\/index.php?rest_route=%2Fwp%2Fv2%2Ftags&post=19040"}],"curies":[{"name":"wp","href":"https:\/\/api.w.org\/{rel}","templated":true}]}}