{"id":19106,"date":"2024-04-14T09:00:00","date_gmt":"2024-04-14T07:00:00","guid":{"rendered":"https:\/\/uscatletica.ch\/wp\/?p=19106"},"modified":"2024-04-14T13:18:56","modified_gmt":"2024-04-14T11:18:56","slug":"10000-m-in-capriasca-al-via-la-stagione-ftal-in-pista","status":"publish","type":"post","link":"https:\/\/uscatletica.ch\/wp\/?p=19106","title":{"rendered":"Toto Notari vince il 10&#8217;000 metri in Capriasca"},"content":{"rendered":"\n<p>Sabato 13 aprile l&#8217;USC CAPRIASCHESE ha organizzato un 10&#8217;000 metri in pista, che ha visto la vittoria di Toto Notari, il quale con la sua indiscutibile grinta e volont\u00e0 ha portato a termine i 25 giri di pista, chiudendo in 38&#8217;30&#8221;79 sotto gli occhi e gli applausi dei compagni d&#8217;avventura.<\/p><figure id=\"attachment_19172\" aria-describedby=\"caption-attachment-19172\" style=\"width: 288px\" class=\"wp-caption alignnone\"><a href=\"https:\/\/i0.wp.com\/uscatletica.ch\/wp\/wp-content\/uploads\/2024\/03\/Toto.jpg?ssl=1\"><img data-recalc-dims=\"1\" loading=\"lazy\" decoding=\"async\" data-attachment-id=\"19172\" data-permalink=\"https:\/\/uscatletica.ch\/wp\/?attachment_id=19172\" data-orig-file=\"https:\/\/i0.wp.com\/uscatletica.ch\/wp\/wp-content\/uploads\/2024\/03\/Toto.jpg?fit=622%2C649&amp;ssl=1\" data-orig-size=\"622,649\" data-comments-opened=\"0\" data-image-meta=\"{&quot;aperture&quot;:&quot;0&quot;,&quot;credit&quot;:&quot;Lenovo&quot;,&quot;camera&quot;:&quot;&quot;,&quot;caption&quot;:&quot;&quot;,&quot;created_timestamp&quot;:&quot;1713100255&quot;,&quot;copyright&quot;:&quot;&quot;,&quot;focal_length&quot;:&quot;0&quot;,&quot;iso&quot;:&quot;0&quot;,&quot;shutter_speed&quot;:&quot;0&quot;,&quot;title&quot;:&quot;&quot;,&quot;orientation&quot;:&quot;0&quot;}\" data-image-title=\"Toto\" data-image-description=\"&lt;p&gt;Toto Notari-10&amp;#8217;000 metri USC del 13 aprile 2024 (foto Elia Sta).&lt;\/p&gt;\n\" data-image-caption=\"&lt;p&gt;Toto Notari-10&amp;#8217;000 metri USC del 13 aprile 2024 (foto Elia Sta).&lt;\/p&gt;\n\" data-large-file=\"https:\/\/i0.wp.com\/uscatletica.ch\/wp\/wp-content\/uploads\/2024\/03\/Toto.jpg?fit=622%2C649&amp;ssl=1\" class=\"size-medium wp-image-19172\" src=\"https:\/\/i0.wp.com\/uscatletica.ch\/wp\/wp-content\/uploads\/2024\/03\/Toto.jpg?resize=288%2C300&#038;ssl=1\" alt=\"Toto Notari-10'000 metri USC del 13 aprile 2024 (foto Elia Sta).\" width=\"288\" height=\"300\" srcset=\"https:\/\/i0.wp.com\/uscatletica.ch\/wp\/wp-content\/uploads\/2024\/03\/Toto.jpg?resize=288%2C300&amp;ssl=1 288w, https:\/\/i0.wp.com\/uscatletica.ch\/wp\/wp-content\/uploads\/2024\/03\/Toto.jpg?w=622&amp;ssl=1 622w\" sizes=\"auto, (max-width: 288px) 100vw, 288px\" \/><\/a><figcaption id=\"caption-attachment-19172\" class=\"wp-caption-text\">Toto Notari-10&#8217;000 metri USC del 13 aprile 2024 (foto Elia Sta).<\/figcaption><\/figure><figure id=\"attachment_19175\" aria-describedby=\"caption-attachment-19175\" style=\"width: 300px\" class=\"wp-caption alignnone\"><a href=\"https:\/\/i0.wp.com\/uscatletica.ch\/wp\/wp-content\/uploads\/2024\/04\/Partenza-10000-metri-13-aprile.jpg?ssl=1\"><img data-recalc-dims=\"1\" loading=\"lazy\" decoding=\"async\" data-attachment-id=\"19175\" data-permalink=\"https:\/\/uscatletica.ch\/wp\/?attachment_id=19175\" data-orig-file=\"https:\/\/i0.wp.com\/uscatletica.ch\/wp\/wp-content\/uploads\/2024\/04\/Partenza-10000-metri-13-aprile.jpg?fit=884%2C593&amp;ssl=1\" data-orig-size=\"884,593\" data-comments-opened=\"0\" data-image-meta=\"{&quot;aperture&quot;:&quot;0&quot;,&quot;credit&quot;:&quot;Lenovo&quot;,&quot;camera&quot;:&quot;&quot;,&quot;caption&quot;:&quot;&quot;,&quot;created_timestamp&quot;:&quot;1713100649&quot;,&quot;copyright&quot;:&quot;&quot;,&quot;focal_length&quot;:&quot;0&quot;,&quot;iso&quot;:&quot;0&quot;,&quot;shutter_speed&quot;:&quot;0&quot;,&quot;title&quot;:&quot;&quot;,&quot;orientation&quot;:&quot;0&quot;}\" data-image-title=\"Partenza 10&amp;#8217;000 metri 13 aprile\" data-image-description=\"\" data-image-caption=\"&lt;p&gt;Partenza 10&amp;#8217;000 metri 13 aprile (foto: Elia Sta).&lt;\/p&gt;\n\" data-large-file=\"https:\/\/i0.wp.com\/uscatletica.ch\/wp\/wp-content\/uploads\/2024\/04\/Partenza-10000-metri-13-aprile.jpg?fit=640%2C429&amp;ssl=1\" class=\"size-medium wp-image-19175\" src=\"https:\/\/i0.wp.com\/uscatletica.ch\/wp\/wp-content\/uploads\/2024\/04\/Partenza-10000-metri-13-aprile.jpg?resize=300%2C201&#038;ssl=1\" alt=\"Partenza 10'000 metri 13 aprile\" width=\"300\" height=\"201\" srcset=\"https:\/\/i0.wp.com\/uscatletica.ch\/wp\/wp-content\/uploads\/2024\/04\/Partenza-10000-metri-13-aprile.jpg?resize=300%2C201&amp;ssl=1 300w, https:\/\/i0.wp.com\/uscatletica.ch\/wp\/wp-content\/uploads\/2024\/04\/Partenza-10000-metri-13-aprile.jpg?resize=768%2C515&amp;ssl=1 768w, https:\/\/i0.wp.com\/uscatletica.ch\/wp\/wp-content\/uploads\/2024\/04\/Partenza-10000-metri-13-aprile.jpg?w=884&amp;ssl=1 884w\" sizes=\"auto, (max-width: 300px) 100vw, 300px\" \/><\/a><figcaption id=\"caption-attachment-19175\" class=\"wp-caption-text\">Partenza 10&#8217;000 metri 13 aprile (foto: Elia Sta).<\/figcaption><\/figure><p>\u00a0<\/p>\n<p>\u00a0<\/p>\n<p><a href=\"https:\/\/i0.wp.com\/uscatletica.ch\/wp\/wp-content\/uploads\/2024\/03\/10000m.jpg?ssl=1\"><img data-recalc-dims=\"1\" loading=\"lazy\" decoding=\"async\" data-attachment-id=\"19119\" data-permalink=\"https:\/\/uscatletica.ch\/wp\/?attachment_id=19119\" data-orig-file=\"https:\/\/i0.wp.com\/uscatletica.ch\/wp\/wp-content\/uploads\/2024\/03\/10000m.jpg?fit=699%2C986&amp;ssl=1\" data-orig-size=\"699,986\" data-comments-opened=\"0\" data-image-meta=\"{&quot;aperture&quot;:&quot;0&quot;,&quot;credit&quot;:&quot;Lenovo&quot;,&quot;camera&quot;:&quot;&quot;,&quot;caption&quot;:&quot;&quot;,&quot;created_timestamp&quot;:&quot;1711792983&quot;,&quot;copyright&quot;:&quot;&quot;,&quot;focal_length&quot;:&quot;0&quot;,&quot;iso&quot;:&quot;0&quot;,&quot;shutter_speed&quot;:&quot;0&quot;,&quot;title&quot;:&quot;&quot;,&quot;orientation&quot;:&quot;0&quot;}\" data-image-title=\"10000m\" data-image-description=\"\" data-image-caption=\"\" data-large-file=\"https:\/\/i0.wp.com\/uscatletica.ch\/wp\/wp-content\/uploads\/2024\/03\/10000m.jpg?fit=640%2C903&amp;ssl=1\" class=\"alignnone  wp-image-19119\" src=\"https:\/\/i0.wp.com\/uscatletica.ch\/wp\/wp-content\/uploads\/2024\/03\/10000m.jpg?resize=212%2C298&#038;ssl=1\" alt=\"\" width=\"212\" height=\"298\" srcset=\"https:\/\/i0.wp.com\/uscatletica.ch\/wp\/wp-content\/uploads\/2024\/03\/10000m.jpg?resize=213%2C300&amp;ssl=1 213w, https:\/\/i0.wp.com\/uscatletica.ch\/wp\/wp-content\/uploads\/2024\/03\/10000m.jpg?w=699&amp;ssl=1 699w\" sizes=\"auto, (max-width: 212px) 100vw, 212px\" \/><\/a><\/p>\n<p><a href=\"https:\/\/uscatletica.ch\/wp\/wp-content\/uploads\/2024\/03\/10000m-aprile-USC-2024.pdf\">10&#8217;000 metri 13 aprile USC<\/a><\/p>\n","protected":false},"excerpt":{"rendered":"<p>Sabato 13 aprile l&#8217;USC CAPRIASCHESE ha organizzato un 10&#8217;000 metri in pista, che ha visto la vittoria di Toto Notari, il quale con la sua indiscutibile grinta e volont\u00e0 ha portato a termine i 25 giri di pista, chiudendo in 38&#8217;30&#8221;79 sotto gli occhi e gli applausi dei compagni d&#8217;avventura. \u00a0 \u00a0 10&#8217;000 metri 13 aprile USC<\/p>\n","protected":false},"author":5,"featured_media":19172,"comment_status":"closed","ping_status":"closed","sticky":false,"template":"","format":"standard","meta":{"jetpack_post_was_ever_published":false,"_jetpack_newsletter_access":"","_jetpack_dont_email_post_to_subs":false,"_jetpack_newsletter_tier_id":0,"_jetpack_memberships_contains_paywalled_content":false,"_jetpack_memberships_contains_paid_content":false,"footnotes":"","jetpack_publicize_message":"","jetpack_publicize_feature_enabled":true,"jetpack_social_post_already_shared":true,"jetpack_social_options":{"image_generator_settings":{"template":"highway","default_image_id":0,"font":"","enabled":false},"version":2}},"categories":[11,30,12,4,9],"tags":[],"class_list":["post-19106","post","type-post","status-publish","format-standard","has-post-thumbnail","hentry","category-altro","category-diversi","category-nostregare","category-pista","category-sport"],"jetpack_publicize_connections":[],"jetpack_featured_media_url":"https:\/\/i0.wp.com\/uscatletica.ch\/wp\/wp-content\/uploads\/2024\/03\/Toto.jpg?fit=622%2C649&ssl=1","jetpack_sharing_enabled":true,"jetpack_shortlink":"https:\/\/wp.me\/p6V7Ck-4Ya","jetpack-related-posts":[{"id":19271,"url":"https:\/\/uscatletica.ch\/wp\/?p=19271","url_meta":{"origin":19106,"position":0},"title":"22 MAGGIO 2024 MEETING CAPRIASCHESE","author":"Leonida Stampanoni","date":"29 Aprile 2024","format":false,"excerpt":"L'USC CAPRIASCHESE VI INVITA AL MEETING CAPRIASCHESE \u00a0MEETING B Swiss Athletics valido per il World Ranking\u00a0 \u00a0 \u00a0Il PROGRAMMA","rel":"","context":"In &quot;I nostri appuntamenti&quot;","block_context":{"text":"I nostri appuntamenti","link":"https:\/\/uscatletica.ch\/wp\/?cat=12"},"img":{"alt_text":"Partenza 10'000 metri 13 aprile","src":"https:\/\/i0.wp.com\/uscatletica.ch\/wp\/wp-content\/uploads\/2024\/04\/Partenza-10000-metri-13-aprile.jpg?fit=884%2C593&ssl=1&resize=350%2C200","width":350,"height":200,"srcset":"https:\/\/i0.wp.com\/uscatletica.ch\/wp\/wp-content\/uploads\/2024\/04\/Partenza-10000-metri-13-aprile.jpg?fit=884%2C593&ssl=1&resize=350%2C200 1x, https:\/\/i0.wp.com\/uscatletica.ch\/wp\/wp-content\/uploads\/2024\/04\/Partenza-10000-metri-13-aprile.jpg?fit=884%2C593&ssl=1&resize=525%2C300 1.5x, https:\/\/i0.wp.com\/uscatletica.ch\/wp\/wp-content\/uploads\/2024\/04\/Partenza-10000-metri-13-aprile.jpg?fit=884%2C593&ssl=1&resize=700%2C400 2x"},"classes":[]},{"id":19411,"url":"https:\/\/uscatletica.ch\/wp\/?p=19411","url_meta":{"origin":19106,"position":1},"title":"SABATO IL BANCASTATO GP FTAL AL LIDO","author":"Leonida Stampanoni","date":"31 Maggio 2024","format":false,"excerpt":"Sabato al Lido ci sar\u00e0 la prima tappa del BancaStato Gran Prix FTAL, il circuito che proseguir\u00e0 domenica prossima a Biasca e si concluder\u00e0 con i campionati ticinesi assoluti a settembre. Al Lido saranno sei gli\/le atleti\/e \u00a0USC al via \u00a0Giada nel disco Lana nel triplo\u00a0, Tiziano nei 1500, Lea\u2026","rel":"","context":"In &quot;Pista&quot;","block_context":{"text":"Pista","link":"https:\/\/uscatletica.ch\/wp\/?cat=4"},"img":{"alt_text":"Partenza 10'000 metri 13 aprile","src":"https:\/\/i0.wp.com\/uscatletica.ch\/wp\/wp-content\/uploads\/2024\/04\/Partenza-10000-metri-13-aprile.jpg?fit=884%2C593&ssl=1&resize=350%2C200","width":350,"height":200,"srcset":"https:\/\/i0.wp.com\/uscatletica.ch\/wp\/wp-content\/uploads\/2024\/04\/Partenza-10000-metri-13-aprile.jpg?fit=884%2C593&ssl=1&resize=350%2C200 1x, https:\/\/i0.wp.com\/uscatletica.ch\/wp\/wp-content\/uploads\/2024\/04\/Partenza-10000-metri-13-aprile.jpg?fit=884%2C593&ssl=1&resize=525%2C300 1.5x, https:\/\/i0.wp.com\/uscatletica.ch\/wp\/wp-content\/uploads\/2024\/04\/Partenza-10000-metri-13-aprile.jpg?fit=884%2C593&ssl=1&resize=700%2C400 2x"},"classes":[]},{"id":19360,"url":"https:\/\/uscatletica.ch\/wp\/?p=19360","url_meta":{"origin":19106,"position":2},"title":"GRAN BEL MEETING CAPRIASCHESE (agg.)","author":"Leonida Stampanoni","date":"23 Maggio 2024","format":false,"excerpt":"Il cielo coperto e una meteo bizzosa non hanno fermato l'entusiasmo per l'edizione 2024 del Meeting Capriaschese, organizzato perfettamente dall'USC grazie all'impegno dei nostri preziosi collaboratori. Ottima riuscita anche per l'eliminatoria Visana Sprint, organizzata dalla SAM (con l'USC). Tre \u00a0vittorie capriaschesi ed un primato del meeting hanno segnato la serata.\u2026","rel":"","context":"In &quot;Informazioni&quot;","block_context":{"text":"Informazioni","link":"https:\/\/uscatletica.ch\/wp\/?cat=10"},"img":{"alt_text":"Partenza 10'000 metri 13 aprile","src":"https:\/\/i0.wp.com\/uscatletica.ch\/wp\/wp-content\/uploads\/2024\/04\/Partenza-10000-metri-13-aprile.jpg?fit=884%2C593&ssl=1&resize=350%2C200","width":350,"height":200,"srcset":"https:\/\/i0.wp.com\/uscatletica.ch\/wp\/wp-content\/uploads\/2024\/04\/Partenza-10000-metri-13-aprile.jpg?fit=884%2C593&ssl=1&resize=350%2C200 1x, https:\/\/i0.wp.com\/uscatletica.ch\/wp\/wp-content\/uploads\/2024\/04\/Partenza-10000-metri-13-aprile.jpg?fit=884%2C593&ssl=1&resize=525%2C300 1.5x, https:\/\/i0.wp.com\/uscatletica.ch\/wp\/wp-content\/uploads\/2024\/04\/Partenza-10000-metri-13-aprile.jpg?fit=884%2C593&ssl=1&resize=700%2C400 2x"},"classes":[]},{"id":6784,"url":"https:\/\/uscatletica.ch\/wp\/?p=6784","url_meta":{"origin":19106,"position":3},"title":"Corsa d\u2019orientamento sociale \u2013 ultime info e partenze","author":"Stampa E","date":"7 Novembre 2018","format":false,"excerpt":"sabato 10 novembre 2018 Corsa d\u2019orientamento sociale \u2013 terza edizione ULTIME INFORMAZIONI e PARTENZE -> CO USC-ultime info Ritrovo e centro gara: dalle 14:00 a Tesserete, Arena Sportiva, spogliatoi a disposizione Partenza: dalle 14:30, vedi lista Ritrovo-Partenza: 5\u2019 al passo Percorsi: percorso lungo (individuale): cartina 1:10'000, 4.6 km, 14 punti\u2026","rel":"","context":"In &quot;CO&quot;","block_context":{"text":"CO","link":"https:\/\/uscatletica.ch\/wp\/?cat=19"},"img":{"alt_text":"","src":"https:\/\/i0.wp.com\/uscatletica.ch\/wp\/wp-content\/uploads\/2017\/09\/Logo-gara-CO.jpg?fit=399%2C282&ssl=1&resize=350%2C200","width":350,"height":200},"classes":[]},{"id":10526,"url":"https:\/\/uscatletica.ch\/wp\/?p=10526","url_meta":{"origin":19106,"position":4},"title":"Matilda Vola al comunale","author":"Leonida Stampanoni","date":"24 Giugno 2020","format":false,"excerpt":"Il primo meeting della stagione 2020 ha riservato una gran bella soddisfazione per la nostra giovane sprinter Matilda bene anche Leila \u00a0nella pedana del peso solita vittoria per Giada. Nella Swiss Athletics Junior Challenge buone prestazioni anche a Rivera. Alla sua terza uscita sui 100 m Matilda abbatte la barriera\u2026","rel":"","context":"In &quot;Pista&quot;","block_context":{"text":"Pista","link":"https:\/\/uscatletica.ch\/wp\/?cat=4"},"img":{"alt_text":"","src":"https:\/\/i0.wp.com\/uscatletica.ch\/wp\/wp-content\/uploads\/2019\/05\/rvmatilda190529.jpg?fit=432%2C231&ssl=1&resize=350%2C200","width":350,"height":200},"classes":[]},{"id":6815,"url":"https:\/\/uscatletica.ch\/wp\/?p=6815","url_meta":{"origin":19106,"position":5},"title":"Corsa d\u2019orientamento sociale \u2013 aggiornamento ULTIME INFORMAZIONI e PARTENZE","author":"Stampa E","date":"13 Novembre 2018","format":false,"excerpt":"ULTIME INFORMAZIONI e aggiornamento PARTENZE Corsa d\u2019orientamento sociale \u2013 terza edizione DOMENICA 18 novembre 2018 Ritrovo e centro gara: dalle 10:00 a Tesserete, Arena Sportiva Istruzioni dell'ultimo minuto: 10.25 alla partenza Partenza: dalle 10:30, vedi lista Ritrovo-Partenza: 5\u2019 al passo Arrivo: non lontano dal centro gara Cartina: Tesserete, viene mostrata\u2026","rel":"","context":"In &quot;CO&quot;","block_context":{"text":"CO","link":"https:\/\/uscatletica.ch\/wp\/?cat=19"},"img":{"alt_text":"","src":"https:\/\/i0.wp.com\/uscatletica.ch\/wp\/wp-content\/uploads\/2018\/11\/A1-Logo.jpg?fit=536%2C386&ssl=1&resize=350%2C200","width":350,"height":200,"srcset":"https:\/\/i0.wp.com\/uscatletica.ch\/wp\/wp-content\/uploads\/2018\/11\/A1-Logo.jpg?fit=536%2C386&ssl=1&resize=350%2C200 1x, https:\/\/i0.wp.com\/uscatletica.ch\/wp\/wp-content\/uploads\/2018\/11\/A1-Logo.jpg?fit=536%2C386&ssl=1&resize=525%2C300 1.5x"},"classes":[]}],"_links":{"self":[{"href":"https:\/\/uscatletica.ch\/wp\/index.php?rest_route=\/wp\/v2\/posts\/19106","targetHints":{"allow":["GET"]}}],"collection":[{"href":"https:\/\/uscatletica.ch\/wp\/index.php?rest_route=\/wp\/v2\/posts"}],"about":[{"href":"https:\/\/uscatletica.ch\/wp\/index.php?rest_route=\/wp\/v2\/types\/post"}],"author":[{"embeddable":true,"href":"https:\/\/uscatletica.ch\/wp\/index.php?rest_route=\/wp\/v2\/users\/5"}],"replies":[{"embeddable":true,"href":"https:\/\/uscatletica.ch\/wp\/index.php?rest_route=%2Fwp%2Fv2%2Fcomments&post=19106"}],"version-history":[{"count":5,"href":"https:\/\/uscatletica.ch\/wp\/index.php?rest_route=\/wp\/v2\/posts\/19106\/revisions"}],"predecessor-version":[{"id":19176,"href":"https:\/\/uscatletica.ch\/wp\/index.php?rest_route=\/wp\/v2\/posts\/19106\/revisions\/19176"}],"wp:featuredmedia":[{"embeddable":true,"href":"https:\/\/uscatletica.ch\/wp\/index.php?rest_route=\/wp\/v2\/media\/19172"}],"wp:attachment":[{"href":"https:\/\/uscatletica.ch\/wp\/index.php?rest_route=%2Fwp%2Fv2%2Fmedia&parent=19106"}],"wp:term":[{"taxonomy":"category","embeddable":true,"href":"https:\/\/uscatletica.ch\/wp\/index.php?rest_route=%2Fwp%2Fv2%2Fcategories&post=19106"},{"taxonomy":"post_tag","embeddable":true,"href":"https:\/\/uscatletica.ch\/wp\/index.php?rest_route=%2Fwp%2Fv2%2Ftags&post=19106"}],"curies":[{"name":"wp","href":"https:\/\/api.w.org\/{rel}","templated":true}]}}