{"id":19184,"date":"2024-04-18T00:33:24","date_gmt":"2024-04-17T22:33:24","guid":{"rendered":"https:\/\/uscatletica.ch\/wp\/?p=19184"},"modified":"2024-04-18T07:00:55","modified_gmt":"2024-04-18T05:00:55","slug":"nicole-e-noe-alla-finale-mille-gruyere","status":"publish","type":"post","link":"https:\/\/uscatletica.ch\/wp\/?p=19184","title":{"rendered":"NICOLE E NO\u00c8 ALLA FINALE MilLe GRUYERE"},"content":{"rendered":"\n<p>Un lungo pomeriggio serata decisamente invernale ha accolto i 370 partecipanti della finale Regionale MilLe Gruyere al comunale di Bellinzona. Una ventina le presenze USC nella capitale. No\u00e8 alla sesta finale consecutiva firma il personale abbattendo la barriera dei 3&#8242;. Nicole vince tra le W11. Linda vince il 600 m promozionale\u00a0<\/p>\n<p><a href=\"https:\/\/slv.laportal.net\/Competitions\/Details\/12302\" target=\"_blank\" rel=\"noopener\">Tutti i risultati live<\/a><\/p>\n<p>Vento e freddo non hanno fermato la carica delle nostre giovani leve presenti al comunale. Alla prima gara i 600 m promozionale Linda vince in 2:24:96.<\/p>\n<p>No\u00e8 alla sua ultima partecipazione \u00e8 sceso in pista con il vincitore della scorsa finale nazionale Yannick Dubacher primo in 2&#8217;42&#8243;70. Il nostro atleta ha chiuso secondo in 2&#8217;59&#8243;10 ottenendo il miglior tempo cantonale. Nella gara W11 Nicole ha vinto in 3&#8217;39&#8243;19 il miglior tempo tra le nostre atlete nella sua sica brave Michelle 3&#8217;55&#8243;51 e Agata 4&#8217;07&#8243;99. Tra gli M11 Remo in 3&#8217;40&#8243;13 ha chiuso terzo ad un soffio dalla finale bravi anche Nicola 4&#8217;05&#8243;85 e Jacopo 4&#8217;24&#8243;86. \u00a0Mattia ha chiuso quarto tra gli M14 abbassando notevolmente il personale in 3&#8217;18&#8243;77. Quarta pure Alicia tra le W10 \u00a0in 4&#8217;01&#8243;36. Quattro atlete\/i 2011 al via Noah \u00e8 sesto in 3&#8217;32&#8243;23 mentre Anais 3&#8217;43&#8243;80 guida il terzetto completato da Asia 3&#8217;57&#8243;23 e Camilla 4&#8217;05&#8243;04. Tra le W14 Amelie \u00e8 settima in 3&#8217;43&#8243;25 seguita da Dalia 3&#8217;55&#8243;67. Decimo Martino tra gli M10 in 4&#8217;10&#8243;89. Selina chiude il suo ultimo MilLe Gruyere in 3&#8217;50&#8243;36.\u00a0<\/p>\n<table border=\"0\" cellspacing=\"0\"><colgroup width=\"39\"><\/colgroup><colgroup width=\"44\"><\/colgroup><colgroup width=\"204\"><\/colgroup><colgroup width=\"61\"><\/colgroup><colgroup width=\"36\"><\/colgroup><colgroup width=\"84\"><\/colgroup><colgroup width=\"112\"><\/colgroup><colgroup width=\"84\"><\/colgroup>\n<tbody>\n<tr>\n<td colspan=\"8\" align=\"center\" height=\"28\"><span style=\"font-family: Calibri; font-size: medium;\">MILLE GRUYERE 2024 Bellinzona risultati USC<\/span><\/td>\n<\/tr>\n<tr>\n<td><span style=\"font-family: Calibri; font-size: medium;\">\u00a0<\/span><\/td>\n<td><span style=\"font-family: Calibri; font-size: medium;\">rango<\/span><\/td>\n<td><span style=\"color: #000000; font-family: Calibri; font-size: medium;\">\u00a0<\/span><\/td>\n<td><span style=\"color: #000000; font-family: Calibri; font-size: medium;\">anno<\/span><\/td>\n<td><span style=\"color: #000000; font-family: Calibri; font-size: medium;\">ses<\/span><\/td>\n<td><span style=\"font-family: Calibri; font-size: medium;\">Tempo\u00a0<\/span><\/td>\n<td><span style=\"font-family: Calibri; font-size: medium;\">totale cumulativo\u00a0<\/span><\/td>\n<td><span style=\"font-family: Calibri; font-size: medium;\">media al km<\/span><\/td>\n<\/tr>\n<tr>\n<td align=\"right\" height=\"28\"><span style=\"font-family: Calibri; font-size: medium;\">1<\/span><\/td>\n<td align=\"right\"><span style=\"font-family: Calibri; font-size: medium;\">2<\/span><\/td>\n<td align=\"left\"><span style=\"color: #000000; font-family: Calibri; font-size: medium;\">Volger No\u00e8<\/span><\/td>\n<td align=\"right\"><span style=\"color: #000000; font-family: Calibri; font-size: medium;\">2009<\/span><\/td>\n<td align=\"left\"><span style=\"color: #000000; font-family: Calibri; font-size: medium;\">M<\/span><\/td>\n<td align=\"right\"><span style=\"font-family: Calibri; font-size: medium;\">2:59.10<\/span><\/td>\n<td align=\"right\"><span style=\"font-family: Calibri; font-size: medium;\">2:59.10<\/span><\/td>\n<td align=\"right\"><span style=\"font-family: Calibri; font-size: medium;\">2:59.10<\/span><\/td>\n<\/tr>\n<tr>\n<td align=\"right\" height=\"28\"><span style=\"font-family: Calibri; font-size: medium;\">2<\/span><\/td>\n<td align=\"right\"><span style=\"font-family: Calibri; font-size: medium;\">4<\/span><\/td>\n<td align=\"left\"><span style=\"color: #000000; font-family: Calibri; font-size: medium;\">Gianotti Mattia<\/span><\/td>\n<td align=\"right\"><span style=\"color: #000000; font-family: Calibri; font-size: medium;\">2010<\/span><\/td>\n<td align=\"left\"><span style=\"color: #000000; font-family: Calibri; font-size: medium;\">M<\/span><\/td>\n<td align=\"right\"><span style=\"font-family: Calibri; font-size: medium;\">3:18.77<\/span><\/td>\n<td align=\"right\"><span style=\"font-family: Calibri; font-size: medium;\">6:17.87<\/span><\/td>\n<td align=\"right\"><span style=\"font-family: Calibri; font-size: medium;\">3:08.94<\/span><\/td>\n<\/tr>\n<tr>\n<td align=\"right\" height=\"28\"><span style=\"font-family: Calibri; font-size: medium;\">3<\/span><\/td>\n<td align=\"right\"><span style=\"font-family: Calibri; font-size: medium;\">6<\/span><\/td>\n<td align=\"left\"><span style=\"color: #000000; font-family: Calibri; font-size: medium;\">Bader Noah<\/span><\/td>\n<td align=\"right\"><span style=\"color: #000000; font-family: Calibri; font-size: medium;\">2011<\/span><\/td>\n<td align=\"left\"><span style=\"color: #000000; font-family: Calibri; font-size: medium;\">M<\/span><\/td>\n<td align=\"right\"><span style=\"font-family: Calibri; font-size: medium;\">3:32.23<\/span><\/td>\n<td align=\"right\"><span style=\"font-family: Calibri; font-size: medium;\">9:50.10<\/span><\/td>\n<td align=\"right\"><span style=\"font-family: Calibri; font-size: medium;\">3:16.70<\/span><\/td>\n<\/tr>\n<tr>\n<td align=\"right\" height=\"28\"><span style=\"font-family: Calibri; font-size: medium;\">4<\/span><\/td>\n<td align=\"right\"><span style=\"font-family: Calibri; font-size: medium;\">1<\/span><\/td>\n<td align=\"left\"><span style=\"color: #000000; font-family: Calibri; font-size: medium;\">Pongelli Nicole<\/span><\/td>\n<td align=\"right\"><span style=\"color: #000000; font-family: Calibri; font-size: medium;\">2013<\/span><\/td>\n<td align=\"left\"><span style=\"color: #000000; font-family: Calibri; font-size: medium;\">F<\/span><\/td>\n<td align=\"right\"><span style=\"font-family: Calibri; font-size: medium;\">3:39.19<\/span><\/td>\n<td align=\"right\"><span style=\"font-family: Calibri; font-size: medium;\">13:29.29<\/span><\/td>\n<td align=\"right\"><span style=\"font-family: Calibri; font-size: medium;\">3:22.32<\/span><\/td>\n<\/tr>\n<tr>\n<td align=\"right\" height=\"28\"><span style=\"font-family: Calibri; font-size: medium;\">5<\/span><\/td>\n<td align=\"right\"><span style=\"font-family: Calibri; font-size: medium;\">3<\/span><\/td>\n<td align=\"left\"><span style=\"color: #000000; font-family: Calibri; font-size: medium;\">Petrini Remo<\/span><\/td>\n<td align=\"right\"><span style=\"color: #000000; font-family: Calibri; font-size: medium;\">2013<\/span><\/td>\n<td align=\"left\"><span style=\"color: #000000; font-family: Calibri; font-size: medium;\">M<\/span><\/td>\n<td align=\"right\"><span style=\"font-family: Calibri; font-size: medium;\">3:40.13<\/span><\/td>\n<td align=\"right\"><span style=\"font-family: Calibri; font-size: medium;\">17:09.42<\/span><\/td>\n<td align=\"right\"><span style=\"font-family: Calibri; font-size: medium;\">3:25.88<\/span><\/td>\n<\/tr>\n<tr>\n<td align=\"right\" height=\"28\"><span style=\"font-family: Calibri; font-size: medium;\">6<\/span><\/td>\n<td align=\"right\"><span style=\"font-family: Calibri; font-size: medium;\">7<\/span><\/td>\n<td align=\"left\"><span style=\"color: #000000; font-family: Calibri; font-size: medium;\">Andreoli Am\u00e9lie<\/span><\/td>\n<td align=\"right\"><span style=\"color: #000000; font-family: Calibri; font-size: medium;\">2010<\/span><\/td>\n<td align=\"left\"><span style=\"color: #000000; font-family: Calibri; font-size: medium;\">F<\/span><\/td>\n<td align=\"right\"><span style=\"font-family: Calibri; font-size: medium;\">3:43.25<\/span><\/td>\n<td align=\"right\"><span style=\"font-family: Calibri; font-size: medium;\">20:52.67<\/span><\/td>\n<td align=\"right\"><span style=\"font-family: Calibri; font-size: medium;\">3:28.78<\/span><\/td>\n<\/tr>\n<tr>\n<td align=\"right\" height=\"28\"><span style=\"font-family: Calibri; font-size: medium;\">7<\/span><\/td>\n<td align=\"right\"><span style=\"font-family: Calibri; font-size: medium;\">8<\/span><\/td>\n<td align=\"left\"><span style=\"color: #000000; font-family: Calibri; font-size: medium;\">Piattini Anais<\/span><\/td>\n<td align=\"right\"><span style=\"color: #000000; font-family: Calibri; font-size: medium;\">2011<\/span><\/td>\n<td align=\"left\"><span style=\"color: #000000; font-family: Calibri; font-size: medium;\">F<\/span><\/td>\n<td align=\"right\"><span style=\"font-family: Calibri; font-size: medium;\">3:43.80<\/span><\/td>\n<td align=\"right\"><span style=\"font-family: Calibri; font-size: medium;\">24:36.47<\/span><\/td>\n<td align=\"right\"><span style=\"font-family: Calibri; font-size: medium;\">3:30.92<\/span><\/td>\n<\/tr>\n<tr>\n<td align=\"right\" height=\"28\"><span style=\"font-family: Calibri; font-size: medium;\">8<\/span><\/td>\n<td align=\"right\"><span style=\"font-family: Calibri; font-size: medium;\">14<\/span><\/td>\n<td align=\"left\"><span style=\"color: #000000; font-family: Calibri; font-size: medium;\">Castelli Selina<\/span><\/td>\n<td align=\"right\"><span style=\"color: #000000; font-family: Calibri; font-size: medium;\">2009<\/span><\/td>\n<td align=\"left\"><span style=\"color: #000000; font-family: Calibri; font-size: medium;\">F<\/span><\/td>\n<td align=\"right\"><span style=\"font-family: Calibri; font-size: medium;\">3:50.36<\/span><\/td>\n<td align=\"right\"><span style=\"font-family: Calibri; font-size: medium;\">28:26.83<\/span><\/td>\n<td align=\"right\"><span style=\"font-family: Calibri; font-size: medium;\">3:33.35<\/span><\/td>\n<\/tr>\n<tr>\n<td align=\"right\" height=\"28\"><span style=\"font-family: Calibri; font-size: medium;\">9<\/span><\/td>\n<td align=\"right\"><span style=\"font-family: Calibri; font-size: medium;\">8<\/span><\/td>\n<td align=\"left\"><span style=\"color: #000000; font-family: Calibri; font-size: medium;\">Bernasconi Michelle<\/span><\/td>\n<td align=\"right\"><span style=\"color: #000000; font-family: Calibri; font-size: medium;\">2013<\/span><\/td>\n<td align=\"left\"><span style=\"color: #000000; font-family: Calibri; font-size: medium;\">F<\/span><\/td>\n<td align=\"right\"><span style=\"font-family: Calibri; font-size: medium;\">3:55.51<\/span><\/td>\n<td align=\"right\"><span style=\"font-family: Calibri; font-size: medium;\">32:22.34<\/span><\/td>\n<td align=\"right\"><span style=\"font-family: Calibri; font-size: medium;\">3:35.82<\/span><\/td>\n<\/tr>\n<tr>\n<td align=\"right\" height=\"28\"><span style=\"font-family: Calibri; font-size: medium;\">10<\/span><\/td>\n<td align=\"right\"><span style=\"font-family: Calibri; font-size: medium;\">12<\/span><\/td>\n<td align=\"left\"><span style=\"color: #000000; font-family: Calibri; font-size: medium;\">Caissutti Dalia<\/span><\/td>\n<td align=\"right\"><span style=\"color: #000000; font-family: Calibri; font-size: medium;\">2010<\/span><\/td>\n<td align=\"left\"><span style=\"color: #000000; font-family: Calibri; font-size: medium;\">F<\/span><\/td>\n<td align=\"right\"><span style=\"font-family: Calibri; font-size: medium;\">3:55.67<\/span><\/td>\n<td align=\"right\"><span style=\"font-family: Calibri; font-size: medium;\">36:18.01<\/span><\/td>\n<td align=\"right\"><span style=\"font-family: Calibri; font-size: medium;\">3:37.80<\/span><\/td>\n<\/tr>\n<tr>\n<td align=\"right\" height=\"28\"><span style=\"font-family: Calibri; font-size: medium;\">11<\/span><\/td>\n<td align=\"right\"><span style=\"font-family: Calibri; font-size: medium;\">12<\/span><\/td>\n<td align=\"left\"><span style=\"color: #000000; font-family: Calibri; font-size: medium;\">Groppi Viola<\/span><\/td>\n<td align=\"right\"><span style=\"color: #000000; font-family: Calibri; font-size: medium;\">2012<\/span><\/td>\n<td align=\"left\"><span style=\"color: #000000; font-family: Calibri; font-size: medium;\">F<\/span><\/td>\n<td align=\"right\"><span style=\"font-family: Calibri; font-size: medium;\">3:55.70<\/span><\/td>\n<td align=\"right\"><span style=\"font-family: Calibri; font-size: medium;\">40:13.71<\/span><\/td>\n<td align=\"right\"><span style=\"font-family: Calibri; font-size: medium;\">3:39.43<\/span><\/td>\n<\/tr>\n<tr>\n<td align=\"right\" height=\"28\"><span style=\"font-family: Calibri; font-size: medium;\">12<\/span><\/td>\n<td align=\"right\"><span style=\"font-family: Calibri; font-size: medium;\">13<\/span><\/td>\n<td align=\"left\"><span style=\"color: #000000; font-family: Calibri; font-size: medium;\">Corti Asia<\/span><\/td>\n<td align=\"right\"><span style=\"color: #000000; font-family: Calibri; font-size: medium;\">2011<\/span><\/td>\n<td align=\"left\"><span style=\"color: #000000; font-family: Calibri; font-size: medium;\">F<\/span><\/td>\n<td align=\"right\"><span style=\"font-family: Calibri; font-size: medium;\">3:57.23<\/span><\/td>\n<td align=\"right\"><span style=\"font-family: Calibri; font-size: medium;\">44:10.94<\/span><\/td>\n<td align=\"right\"><span style=\"font-family: Calibri; font-size: medium;\">3:40.91<\/span><\/td>\n<\/tr>\n<tr>\n<td align=\"right\" height=\"28\"><span style=\"font-family: Calibri; font-size: medium;\">13<\/span><\/td>\n<td align=\"right\"><span style=\"font-family: Calibri; font-size: medium;\">4<\/span><\/td>\n<td align=\"left\"><span style=\"color: #000000; font-family: Calibri; font-size: medium;\">Fretti Alicia<\/span><\/td>\n<td align=\"right\"><span style=\"color: #000000; font-family: Calibri; font-size: medium;\">2014<\/span><\/td>\n<td align=\"left\"><span style=\"color: #000000; font-family: Calibri; font-size: medium;\">F<\/span><\/td>\n<td align=\"right\"><span style=\"font-family: Calibri; font-size: medium;\">4:01.36<\/span><\/td>\n<td align=\"right\"><span style=\"font-family: Calibri; font-size: medium;\">48:12.30<\/span><\/td>\n<td align=\"right\"><span style=\"font-family: Calibri; font-size: medium;\">3:42.48<\/span><\/td>\n<\/tr>\n<tr>\n<td align=\"right\" height=\"28\"><span style=\"font-family: Calibri; font-size: medium;\">14<\/span><\/td>\n<td align=\"right\"><span style=\"font-family: Calibri; font-size: medium;\">20<\/span><\/td>\n<td align=\"left\"><span style=\"color: #000000; font-family: Calibri; font-size: medium;\">Amaro Camilla<\/span><\/td>\n<td align=\"right\"><span style=\"color: #000000; font-family: Calibri; font-size: medium;\">2011<\/span><\/td>\n<td align=\"left\"><span style=\"color: #000000; font-family: Calibri; font-size: medium;\">F<\/span><\/td>\n<td align=\"right\"><span style=\"font-family: Calibri; font-size: medium;\">4:05.44<\/span><\/td>\n<td align=\"right\"><span style=\"font-family: Calibri; font-size: medium;\">52:17.74<\/span><\/td>\n<td align=\"right\"><span style=\"font-family: Calibri; font-size: medium;\">3:44.12<\/span><\/td>\n<\/tr>\n<tr>\n<td align=\"right\" height=\"28\"><span style=\"font-family: Calibri; font-size: medium;\">15<\/span><\/td>\n<td align=\"right\"><span style=\"font-family: Calibri; font-size: medium;\">14<\/span><\/td>\n<td align=\"left\"><span style=\"color: #000000; font-family: Calibri; font-size: medium;\">Domeniconi Nicol\u00f2<\/span><\/td>\n<td align=\"right\"><span style=\"color: #000000; font-family: Calibri; font-size: medium;\">2013<\/span><\/td>\n<td align=\"left\"><span style=\"color: #000000; font-family: Calibri; font-size: medium;\">M<\/span><\/td>\n<td align=\"right\"><span style=\"font-family: Calibri; font-size: medium;\">4:05.85<\/span><\/td>\n<td align=\"right\"><span style=\"font-family: Calibri; font-size: medium;\">56:23.59<\/span><\/td>\n<td align=\"right\"><span style=\"font-family: Calibri; font-size: medium;\">3:45.57<\/span><\/td>\n<\/tr>\n<tr>\n<td align=\"right\" height=\"28\"><span style=\"font-family: Calibri; font-size: medium;\">16<\/span><\/td>\n<td align=\"right\"><span style=\"font-family: Calibri; font-size: medium;\">12<\/span><\/td>\n<td align=\"left\"><span style=\"color: #000000; font-family: Calibri; font-size: medium;\">Macconi Agata<\/span><\/td>\n<td align=\"right\"><span style=\"color: #000000; font-family: Calibri; font-size: medium;\">2013<\/span><\/td>\n<td align=\"left\"><span style=\"color: #000000; font-family: Calibri; font-size: medium;\">F<\/span><\/td>\n<td align=\"right\"><span style=\"font-family: Calibri; font-size: medium;\">4:07.99<\/span><\/td>\n<td align=\"right\"><span style=\"font-family: Calibri; font-size: medium;\">1:00:31.58<\/span><\/td>\n<td align=\"right\"><span style=\"font-family: Calibri; font-size: medium;\">3:46.97<\/span><\/td>\n<\/tr>\n<tr>\n<td align=\"right\" height=\"28\"><span style=\"font-family: Calibri; font-size: medium;\">17<\/span><\/td>\n<td align=\"right\"><span style=\"font-family: Calibri; font-size: medium;\">10<\/span><\/td>\n<td align=\"left\"><span style=\"color: #000000; font-family: Calibri; font-size: medium;\">Brenna Martino<\/span><\/td>\n<td align=\"right\"><span style=\"color: #000000; font-family: Calibri; font-size: medium;\">2014<\/span><\/td>\n<td align=\"left\"><span style=\"color: #000000; font-family: Calibri; font-size: medium;\">M<\/span><\/td>\n<td align=\"right\"><span style=\"font-family: Calibri; font-size: medium;\">4:10.89<\/span><\/td>\n<td align=\"right\"><span style=\"font-family: Calibri; font-size: medium;\">1:04:42.47<\/span><\/td>\n<td align=\"right\"><span style=\"font-family: Calibri; font-size: medium;\">3:48.38<\/span><\/td>\n<\/tr>\n<tr>\n<td align=\"right\" height=\"28\"><span style=\"font-family: Calibri; font-size: medium;\">18<\/span><\/td>\n<td align=\"right\"><span style=\"font-family: Calibri; font-size: medium;\">19<\/span><\/td>\n<td align=\"left\"><span style=\"color: #000000; font-family: Calibri; font-size: medium;\">Volger Jacopo<\/span><\/td>\n<td align=\"right\"><span style=\"color: #000000; font-family: Calibri; font-size: medium;\">2013<\/span><\/td>\n<td align=\"left\"><span style=\"color: #000000; font-family: Calibri; font-size: medium;\">M<\/span><\/td>\n<td align=\"right\"><span style=\"font-family: Calibri; font-size: medium;\">4:24.86<\/span><\/td>\n<td align=\"right\"><span style=\"font-family: Calibri; font-size: medium;\">1:09:07.33<\/span><\/td>\n<td align=\"right\"><span style=\"font-family: Calibri; font-size: medium;\">3:50.41<\/span><\/td>\n<\/tr>\n<tr>\n<td align=\"right\" height=\"28\"><span style=\"font-family: Calibri; font-size: medium;\">19<\/span><\/td>\n<td align=\"right\"><span style=\"font-family: Calibri; font-size: medium;\">1<\/span><\/td>\n<td align=\"left\"><span style=\"color: #000000; font-family: Calibri; font-size: medium;\">Domeniconi Linda<\/span><\/td>\n<td align=\"right\"><span style=\"color: #000000; font-family: Calibri; font-size: medium;\">2017<\/span><\/td>\n<td align=\"left\"><span style=\"color: #000000; font-family: Calibri; font-size: medium;\">F<\/span><\/td>\n<td align=\"right\"><span style=\"font-family: Calibri; font-size: medium;\">2:24.96<\/span><\/td>\n<td align=\"left\"><span style=\"font-family: Calibri; font-size: medium;\">\u00a0<\/span><\/td>\n<td align=\"left\">\u00a0<\/td>\n<\/tr>\n<\/tbody>\n<\/table>\n\n\n\n<h5 class=\"western\"><span style=\"font-family: Calibri, sans-serif;\"><span style=\"font-size: small;\"><span style=\"color: #000000;\"><span lang=\"it-IT\">Vincitori e <\/span><\/span><span style=\"color: #000000;\"><span lang=\"it-IT\">Qualificati Ticinesi MilLe Gruy<\/span><\/span><span style=\"color: #000000;\">\u00e8re per la finale del 15 settembre ad Alle<\/span><\/span><\/span><\/h5>\n<h5 class=\"western\"><br \/><br \/><\/h5>\n<h5 class=\"western\"><span style=\"font-family: Calibri, sans-serif;\"><span style=\"font-size: small;\"><span style=\"color: #000000;\">2009 <\/span><span style=\"color: #000000;\">Yannic Dubacher TSVG <\/span><span style=\"color: #000000;\"><span lang=\"it-IT\">2\u201942\u201d71, <\/span><\/span><span style=\"color: #000000;\">, No\u00e9 Volger USC <\/span><span style=\"color: #000000;\"><span lang=\"it-IT\">2\u201959\u201d10, Jeremy Pongelli ASM 2\u201942\u201d71<\/span><\/span><\/span><\/span><\/h5>\n<h5 class=\"western\" align=\"justify\"><span style=\"font-family: Calibri, sans-serif;\"><span style=\"font-size: small;\"><i><\/i><span style=\"color: #00000a;\"><i>Sofia Pintonello<\/i><\/span><i> <\/i><span style=\"color: #00000a;\">Vigor <\/span><span style=\"color: #000000;\"><span lang=\"it-IT\">3\u201922\u201d46 <\/span><\/span><span style=\"color: #00000a;\">,<\/span><i> <\/i><span style=\"color: #00000a;\"><i>Emelie Poncia Vigor 3<\/i><\/span><span style=\"color: #000000;\"><span lang=\"it-IT\"><i>\u201922\u201d74<\/i><\/span><\/span><i><\/i><\/span><\/span><\/h5>\n<h5 class=\"western\" align=\"justify\"><span style=\"font-family: Calibri, sans-serif;\"><span style=\"font-size: small;\"><span style=\"color: #00000a;\"><i>2010 Lorenzo Bracchi Virtus <\/i><\/span><span style=\"color: #00000a;\"><i>3<\/i><\/span><span style=\"color: #000000;\"><span lang=\"it-IT\"><i>\u201907\u201d64<\/i><\/span><\/span><span style=\"color: #00000a;\"><i>, <\/i><\/span><span style=\"color: #00000a;\"><i>Marco Gonzaga Dos Santos USA 3<\/i><\/span><span style=\"color: #000000;\"><span lang=\"it-IT\"><i>\u201916\u201d64<\/i><\/span><\/span><\/span><\/span><\/h5>\n<h5 class=\"western\" align=\"justify\"><span style=\"font-family: Calibri, sans-serif;\"><span style=\"font-size: small;\"><span style=\"color: #00000a;\"><i>Sara Bomio Pacciorini USA <\/i><\/span><span style=\"color: #00000a;\"><i>3<\/i><\/span><span style=\"color: #000000;\"><span lang=\"it-IT\"><i>\u201916\u201d38<\/i><\/span><\/span><span style=\"color: #00000a;\"><i>, <\/i><\/span><span style=\"color: #00000a;\"><i>Giada Lobsiger SAG<\/i><\/span><i> <\/i><span style=\"color: #00000a;\"><i>3<\/i><\/span><span style=\"color: #000000;\"><span lang=\"it-IT\"><i>\u201919\u201d43<\/i><\/span><\/span><\/span><\/span><\/h5>\n<h5 class=\"western\"><span style=\"font-family: Calibri, sans-serif;\"><span style=\"font-size: small;\"><span style=\"color: #000000;\">2011 Maylon Pongelli ASM <\/span><span style=\"color: #000000;\">3<\/span><span style=\"color: #000000;\"><span lang=\"it-IT\">\u201913\u201d02<\/span><\/span><span style=\"color: #000000;\">, <\/span><span style=\"color: #000000;\">Raphael Pontarolo SAB<\/span><span style=\"color: #00000a;\"><span lang=\"it-IT\"><i> 3<\/i><\/span><\/span><span style=\"color: #000000;\"><span lang=\"it-IT\"><i>\u201915\u201d84<\/i><\/span><\/span><\/span><\/span><\/h5>\n<h5 class=\"western\"><span style=\"color: #000000;\"><span style=\"font-family: Calibri, sans-serif;\">Caterina Perissinotti SAL <i><\/i><span style=\"color: #00000a;\"><i>3<\/i><\/span><span lang=\"it-IT\"><i>\u201918\u201d45, <\/i><\/span>Giorgia Blani ASM <i><\/i><span style=\"color: #00000a;\"><i>3<\/i><\/span><span lang=\"it-IT\"><i>\u201921\u201d18<\/i><\/span><\/span><\/span><\/h5>\n<h5 class=\"western\"><span style=\"font-family: Calibri, sans-serif;\"><span style=\"font-size: small;\"><span style=\"color: #000000;\">2012 Thiago Moco Vigor <\/span><i><\/i><span style=\"color: #00000a;\"><i>3<\/i><\/span><span style=\"color: #000000;\"><span lang=\"it-IT\"><i>\u201923\u201d57, Nevan De Nardo GAD <\/i><\/span><\/span><span style=\"color: #00000a;\"><span lang=\"it-IT\"><i>3<\/i><\/span><\/span><span style=\"color: #000000;\"><span lang=\"it-IT\"><i>\u201934\u201d23<\/i><\/span><\/span><\/span><\/span><\/h5>\n<h5 class=\"western\"><span style=\"font-family: Calibri, sans-serif;\"><span style=\"font-size: small;\"><span style=\"color: #000000;\">Nilay DiLascio SAM<\/span><i> <\/i><span style=\"color: #00000a;\"><i>3<\/i><\/span><span style=\"color: #000000;\"><span lang=\"it-IT\"><i>\u2019<\/i><\/span><\/span><span style=\"color: #000000;\"><span lang=\"it-IT\"><i>25<\/i><\/span><\/span><span style=\"color: #000000;\"><span lang=\"it-IT\"><i>\u201d<\/i><\/span><\/span><span style=\"color: #000000;\"><span lang=\"it-IT\"><i>44<\/i><\/span><\/span><span style=\"color: #000000;\">, <\/span><span style=\"color: #000000;\">Nora T\u00fcrkyilmaz<\/span><span style=\"color: #000000;\"> SA<\/span><span style=\"color: #000000;\">B<\/span> <i><\/i><span style=\"color: #00000a;\"><i>3<\/i><\/span><span style=\"color: #000000;\"><span lang=\"it-IT\"><i>\u2019<\/i><\/span><\/span><span style=\"color: #000000;\"><span lang=\"it-IT\"><i>35<\/i><\/span><\/span><span style=\"color: #000000;\"><span lang=\"it-IT\"><i>\u201d<\/i><\/span><\/span><span style=\"color: #000000;\"><span lang=\"it-IT\"><i>44<\/i><\/span><\/span><\/span><\/span><\/h5>\n<h5 class=\"western\"><span style=\"font-family: Calibri, sans-serif;\"><span style=\"font-size: small;\"><span style=\"color: #000000;\">2013 Mattia Quattrini USA<\/span><i> <\/i><span style=\"color: #00000a;\"><i>3<\/i><\/span><span style=\"color: #000000;\"><span lang=\"it-IT\"><i>\u2019<\/i><\/span><\/span><span style=\"color: #000000;\"><span lang=\"it-IT\"><i>27<\/i><\/span><\/span><span style=\"color: #000000;\"><span lang=\"it-IT\"><i>\u201d<\/i><\/span><\/span><span style=\"color: #000000;\"><span lang=\"it-IT\"><i>70<\/i><\/span><\/span><span style=\"color: #000000;\"> , Valentino Conceprio GAD <\/span><i><\/i><span style=\"color: #00000a;\"><i>3<\/i><\/span><span style=\"color: #000000;\"><span lang=\"it-IT\"><i>\u2019<\/i><\/span><\/span><span style=\"color: #000000;\"><span lang=\"it-IT\"><i>29<\/i><\/span><\/span><span style=\"color: #000000;\"><span lang=\"it-IT\"><i>\u201d<\/i><\/span><\/span><span style=\"color: #000000;\"><span lang=\"it-IT\"><i>86<\/i><\/span><\/span><\/span><\/span><\/h5>\n<h5 class=\"western\"><span style=\"font-family: Calibri, sans-serif;\"><span style=\"font-size: small;\"><span style=\"color: #000000;\">Nicole Pongelli USC <\/span><i><\/i><span style=\"color: #00000a;\"><i>3<\/i><\/span><span style=\"color: #000000;\"><span lang=\"it-IT\"><i>\u2019<\/i><\/span><\/span><span style=\"color: #000000;\"><span lang=\"it-IT\"><i>39<\/i><\/span><\/span><span style=\"color: #000000;\"><span lang=\"it-IT\"><i>\u201d<\/i><\/span><\/span><span style=\"color: #000000;\"><span lang=\"it-IT\"><i>18, Valery Leoni Vigor<\/i><\/span><\/span><i> <\/i><i><\/i><span style=\"color: #00000a;\"><i>3<\/i><\/span><span style=\"color: #000000;\"><span lang=\"it-IT\"><i>\u2019<\/i><\/span><\/span><span style=\"color: #000000;\"><span lang=\"it-IT\"><i>41<\/i><\/span><\/span><span style=\"color: #000000;\"><span lang=\"it-IT\"><i>\u201d<\/i><\/span><\/span><span style=\"color: #000000;\"><span lang=\"it-IT\"><i>54<\/i><\/span><\/span><i><\/i><\/span><\/span><\/h5>\n<h5 class=\"western\"><span style=\"font-family: Calibri, sans-serif;\"><span style=\"font-size: small;\"><span style=\"color: #000000;\"><i>2014 <\/i><\/span><span style=\"color: #000000;\">Nevio Arnold LAMu <\/span><i><\/i><span style=\"color: #00000a;\"><i>3<\/i><\/span><span style=\"color: #000000;\"><span lang=\"it-IT\"><i>\u2019<\/i><\/span><\/span><span style=\"color: #000000;\"><span lang=\"it-IT\"><i>28<\/i><\/span><\/span><span style=\"color: #000000;\"><span lang=\"it-IT\"><i>\u201d<\/i><\/span><\/span><span style=\"color: #000000;\"><span lang=\"it-IT\"><i>28, Alex Orso ASM 3\u201940\u201d92, Neil Pagani SVAM 3\u201943\u201d79<\/i><\/span><\/span><\/span><\/span><\/h5>\n<h5 class=\"western\"><span style=\"font-family: Calibri, sans-serif;\"><span style=\"font-size: small;\"><span style=\"color: #000000;\"><span lang=\"it-IT\"><i>Victoria Catalano SVAM 3\u201941\u201d28, Norah Forni SAB 3\u201956\u201d46<\/i><\/span><\/span><\/span><\/span><\/h5>\n<p class=\"western\" lang=\"it-IT\"><br \/><br \/><\/p>\n","protected":false},"excerpt":{"rendered":"<p>Un lungo pomeriggio serata decisamente invernale ha accolto i 370 partecipanti della finale Regionale MilLe Gruyere al comunale di Bellinzona. Una ventina le presenze USC nella capitale. No\u00e8 alla sesta finale consecutiva firma il personale abbattendo la barriera dei 3&#8242;. Nicole vince tra le W11. Linda vince il 600 m promozionale\u00a0 Tutti i risultati live Vento e freddo non hanno fermato la carica delle nostre giovani leve presenti al comunale. Alla prima gara i 600&#8230;<\/p>\n","protected":false},"author":4,"featured_media":19185,"comment_status":"closed","ping_status":"closed","sticky":false,"template":"","format":"standard","meta":{"jetpack_post_was_ever_published":false,"_jetpack_newsletter_access":"","_jetpack_dont_email_post_to_subs":false,"_jetpack_newsletter_tier_id":0,"_jetpack_memberships_contains_paywalled_content":false,"_jetpack_memberships_contains_paid_content":false,"footnotes":"","jetpack_publicize_message":"","jetpack_publicize_feature_enabled":true,"jetpack_social_post_already_shared":true,"jetpack_social_options":{"image_generator_settings":{"template":"highway","default_image_id":0,"font":"","enabled":false},"version":2}},"categories":[4,9],"tags":[],"class_list":["post-19184","post","type-post","status-publish","format-standard","has-post-thumbnail","hentry","category-pista","category-sport"],"jetpack_publicize_connections":[],"jetpack_featured_media_url":"https:\/\/i0.wp.com\/uscatletica.ch\/wp\/wp-content\/uploads\/2024\/04\/millegruyere.png?fit=595%2C842&ssl=1","jetpack_sharing_enabled":true,"jetpack_shortlink":"https:\/\/wp.me\/p6V7Ck-4Zq","jetpack-related-posts":[{"id":21927,"url":"https:\/\/uscatletica.ch\/wp\/?p=21927","url_meta":{"origin":19184,"position":0},"title":"Nicole vola in finale al MilLe Gruy\u00e8re","author":"Leonida Stampanoni","date":"23 Aprile 2026","format":false,"excerpt":"Mercoled\u00ec In una fresca serata primaverile 437 atleti hanno regalato all'edizione 2026 della finale regionale MilLe Gruy\u00e8re il nuovo primato di partecipazione. Al comunale di Bellinzona.be 16 atlete e 5 atleti hanno difeso i colori dell'USC, raggiungendo un ottimo risultato d'assieme \u00a018.2 km percorsi in 1h10'51. Nicole con il nuovo\u2026","rel":"","context":"In &quot;Pista&quot;","block_context":{"text":"Pista","link":"https:\/\/uscatletica.ch\/wp\/?cat=4"},"img":{"alt_text":"","src":"https:\/\/i0.wp.com\/uscatletica.ch\/wp\/wp-content\/uploads\/2026\/03\/20260315crtnvb.jpg?fit=432%2C420&ssl=1&resize=350%2C200","width":350,"height":200},"classes":[]},{"id":20772,"url":"https:\/\/uscatletica.ch\/wp\/?p=20772","url_meta":{"origin":19184,"position":1},"title":"MilLe Gruy\u00e8re una ventina di USC al comunale","author":"Leonida Stampanoni","date":"16 Aprile 2025","format":false,"excerpt":"La stagione in pista per le corse partir\u00e0 mercoled\u00ec sera \u00a0al comunale \u00a0di Bellinzona con il MilLe Gruy\u00e8re. L'USC sar\u00e0 presente al comunale con una ventina atleti e atlete dopo sei finali consecutive No\u00e9 ha finito il suo percorso nei progetti giovanili, Nicole, Mattia guideranno il gruppo a caccia di\u2026","rel":"","context":"In &quot;Pista&quot;","block_context":{"text":"Pista","link":"https:\/\/uscatletica.ch\/wp\/?cat=4"},"img":{"alt_text":"","src":"https:\/\/i0.wp.com\/uscatletica.ch\/wp\/wp-content\/uploads\/2020\/09\/noe1kgru200926.png?fit=432%2C243&ssl=1&resize=350%2C200","width":350,"height":200},"classes":[]},{"id":11130,"url":"https:\/\/uscatletica.ch\/wp\/?p=11130","url_meta":{"origin":19184,"position":2},"title":"Mille Gruyere, finale per tre USCini. A Bellinzona i master (Video)","author":"Leonida Stampanoni","date":"26 Settembre 2020","format":false,"excerpt":"Un fresco pomeriggio vallesano ha accolto i nostri tre atleti allo Stade de Vernay. In Totale erano 215 gli atleti al via, 14 dal Ticino. No\u00e9, Jennis e Federica con grinta e determinazione hanno corso la loro finale confermando le prestazioni ottenute a Bellinzona. Per il Ticino spiccano cinque piazzamenti\u2026","rel":"","context":"In &quot;Pista&quot;","block_context":{"text":"Pista","link":"https:\/\/uscatletica.ch\/wp\/?cat=4"},"img":{"alt_text":"","src":"https:\/\/i0.wp.com\/uscatletica.ch\/wp\/wp-content\/uploads\/2020\/09\/200902pW12.jpg?fit=431%2C323&ssl=1&resize=350%2C200","width":350,"height":200},"classes":[]},{"id":20775,"url":"https:\/\/uscatletica.ch\/wp\/?p=20775","url_meta":{"origin":19184,"position":3},"title":"MilLe Gruyere Remo Nicole Mattia alla Pontaise","author":"Leonida Stampanoni","date":"16 Aprile 2025","format":false,"excerpt":"La pioggia che scendeva copiosa al comunale non ha fermato l'entusiasmo dei 400 partecipanti e del rumoroso pubblico presente al comunale per la 15 edizione del MilLe Gruyere. Una ventina le USCine e gli USCini al via., Nicole, Mattia e Remo si sono guadagnati un biglietto per la finale nazionale\u2026","rel":"","context":"In &quot;Pista&quot;","block_context":{"text":"Pista","link":"https:\/\/uscatletica.ch\/wp\/?cat=4"},"img":{"alt_text":"","src":"https:\/\/i0.wp.com\/uscatletica.ch\/wp\/wp-content\/uploads\/2020\/09\/noe1kgru200926b.png?fit=432%2C243&ssl=1&resize=350%2C200","width":350,"height":200},"classes":[]},{"id":20095,"url":"https:\/\/uscatletica.ch\/wp\/?p=20095","url_meta":{"origin":19184,"position":4},"title":"GIADA E MARTA TITOLI A Bellinzona  MILLE GRUY\u00c8RE bene Nicole e No\u00e8","author":"Leonida Stampanoni","date":"15 Settembre 2024","format":false,"excerpt":"Domenica doppio impegno USC a Bellinzona le ragazze erano impegnate nella seconda giornata dei Campionati Ticinesi assoluti, mentre ad Alle \u00a0Nicole e No\u00e8 erano al via della finale MilLE GRUYERE.\u00a0 Al comunale ottimi risultati per le 4 ragazze ai nastri di partenza Giada vince il titolo nel peso ed il\u2026","rel":"","context":"In &quot;Pista&quot;","block_context":{"text":"Pista","link":"https:\/\/uscatletica.ch\/wp\/?cat=4"},"img":{"alt_text":"","src":"https:\/\/i0.wp.com\/uscatletica.ch\/wp\/wp-content\/uploads\/2024\/09\/20240915millegruyere.jpg?fit=432%2C323&ssl=1&resize=350%2C200","width":350,"height":200},"classes":[]},{"id":21279,"url":"https:\/\/uscatletica.ch\/wp\/?p=21279","url_meta":{"origin":19184,"position":5},"title":"MilLe Gruyere veloci i nostri USCini","author":"Leonida Stampanoni","date":"21 Settembre 2025","format":false,"excerpt":"Trasferta proficua per i nostri tre finalisti alla Pontaise di Losanna, sulla magica pista di Athletissima gi\u00e0 testimone di alcuni primati mondiali Mattia, Nicole e Remo si sono battuti contro i migliori talenti del mezzofondi svizzero. \u00a0Un' ottima esperienza per i nostri tre ragazzi che corso nel folto del gruppo.\u00a0\u2026","rel":"","context":"In &quot;Pista&quot;","block_context":{"text":"Pista","link":"https:\/\/uscatletica.ch\/wp\/?cat=4"},"img":{"alt_text":"","src":"https:\/\/i0.wp.com\/uscatletica.ch\/wp\/wp-content\/uploads\/2025\/09\/202509201kgry.jpeg?fit=1200%2C951&ssl=1&resize=350%2C200","width":350,"height":200,"srcset":"https:\/\/i0.wp.com\/uscatletica.ch\/wp\/wp-content\/uploads\/2025\/09\/202509201kgry.jpeg?fit=1200%2C951&ssl=1&resize=350%2C200 1x, https:\/\/i0.wp.com\/uscatletica.ch\/wp\/wp-content\/uploads\/2025\/09\/202509201kgry.jpeg?fit=1200%2C951&ssl=1&resize=525%2C300 1.5x, https:\/\/i0.wp.com\/uscatletica.ch\/wp\/wp-content\/uploads\/2025\/09\/202509201kgry.jpeg?fit=1200%2C951&ssl=1&resize=700%2C400 2x, https:\/\/i0.wp.com\/uscatletica.ch\/wp\/wp-content\/uploads\/2025\/09\/202509201kgry.jpeg?fit=1200%2C951&ssl=1&resize=1050%2C600 3x"},"classes":[]}],"_links":{"self":[{"href":"https:\/\/uscatletica.ch\/wp\/index.php?rest_route=\/wp\/v2\/posts\/19184","targetHints":{"allow":["GET"]}}],"collection":[{"href":"https:\/\/uscatletica.ch\/wp\/index.php?rest_route=\/wp\/v2\/posts"}],"about":[{"href":"https:\/\/uscatletica.ch\/wp\/index.php?rest_route=\/wp\/v2\/types\/post"}],"author":[{"embeddable":true,"href":"https:\/\/uscatletica.ch\/wp\/index.php?rest_route=\/wp\/v2\/users\/4"}],"replies":[{"embeddable":true,"href":"https:\/\/uscatletica.ch\/wp\/index.php?rest_route=%2Fwp%2Fv2%2Fcomments&post=19184"}],"version-history":[{"count":3,"href":"https:\/\/uscatletica.ch\/wp\/index.php?rest_route=\/wp\/v2\/posts\/19184\/revisions"}],"predecessor-version":[{"id":20421,"href":"https:\/\/uscatletica.ch\/wp\/index.php?rest_route=\/wp\/v2\/posts\/19184\/revisions\/20421"}],"wp:featuredmedia":[{"embeddable":true,"href":"https:\/\/uscatletica.ch\/wp\/index.php?rest_route=\/wp\/v2\/media\/19185"}],"wp:attachment":[{"href":"https:\/\/uscatletica.ch\/wp\/index.php?rest_route=%2Fwp%2Fv2%2Fmedia&parent=19184"}],"wp:term":[{"taxonomy":"category","embeddable":true,"href":"https:\/\/uscatletica.ch\/wp\/index.php?rest_route=%2Fwp%2Fv2%2Fcategories&post=19184"},{"taxonomy":"post_tag","embeddable":true,"href":"https:\/\/uscatletica.ch\/wp\/index.php?rest_route=%2Fwp%2Fv2%2Ftags&post=19184"}],"curies":[{"name":"wp","href":"https:\/\/api.w.org\/{rel}","templated":true}]}}