{"id":19278,"date":"2024-05-01T16:15:03","date_gmt":"2024-05-01T14:15:03","guid":{"rendered":"https:\/\/uscatletica.ch\/wp\/?p=19278"},"modified":"2024-05-02T09:19:01","modified_gmt":"2024-05-02T07:19:01","slug":"stralosone-uscini-in-evidenza","status":"publish","type":"post","link":"https:\/\/uscatletica.ch\/wp\/?p=19278","title":{"rendered":"STRALOSONE: USC in evidenza (aggiornato)"},"content":{"rendered":"\n<p>La terza prova delle Coppe ASTi BancaStato podismo e giovanile \u00e8 la Stralosone, classica del primo di maggio che per la seconda volta si disputa sul rinnovato tracciato attorno alle scuole elementari. Il plumbeo cielo primaverile di questo 2024 non ha fermato i quasi 200 atleti al via. \u00a0L&#8217;USC era presente in forza su ogni distanza. Quattro successi tutti al femminile con Selina nella 5 km U20, Nicole sui 1.8 km, Ramona sui 5 km popolari e la piccola Linda sui 900 m. Tripletta U20 completata da Elsa e Olivia. Sulla 10 km podio perAlessandro (M40) e \u00a0Valerio (M50). Sui 2.7 km podi per Mattia, Anais e Viola. Terzo podio per la famiglia Domeniconi con \u00a0Nicol\u00f2 negli U12.\u00a0<\/p>\n<p><a href=\"https:\/\/www.performance-timing.ch\/race-info\/277871\" target=\"_blank\" rel=\"noopener\">risultati Losone<\/a><\/p>\n<p>Alla prima gara vince Linda, brave anche le sorelle Zanetti Lena \u00e8 quarta e la piccola Flora ottava. Nicole vince la seconda gara dedicata alle categorie U12 battendo anche tutti i ragazzi, Agata con molta grinta la accompagna sul podio al terzo rango. Tra i ragazzi Nicol\u00f2 \u00e8 secondo.<\/p>\n<p>U14 e U16 gareggiano per terzi sui 2.7 km. \u00a0Tra le U14 Anais e Viola sono sul podio dietro la vincitrice Jessica Orso. Tra gli U16 Mattia chiude terzo. Giosu\u00e8 \u00e8 quinto U14, Am\u00e9lie (6) e Dalia (7) mostrano la loro grinta tra le U16.\u00a0<\/p>\n<p>Tommaso Marani vince la 10 km in 33&#8217;24, sesto tempo assoluto e secondo \u00a0M40 Alessandro in 35&#8217;53. Negli M50 Valerio al primo anno di categoria finisce terzo in 38&#8217;26 seguito a ruota da Jonathan. Mauro all&#8217;ultimo anno M40 corre in 40&#8217;37. Giancarlo corre in 50&#8217;23. La gara femminile la vince in volata Stefania Lupatini in 38&#8217;56. Selina dopo aver vinto la 5 km in 22&#8217;24 chiude la 10 km in 46&#8217;51. Tra le U20 Elsa chiude seconda in 23&#8217;32 davanti ad Oliva 24&#8217;11. Ramona \u00e8 la donna pi\u00f9 rapida delle popolari in 24&#8217;25.\u00a0<\/p>\n<p>Domenica la Coppa ASTi BancaStato Podismo far\u00e0 tappa alla Comano Run.\u00a0<\/p>\n","protected":false},"excerpt":{"rendered":"<p>La terza prova delle Coppe ASTi BancaStato podismo e giovanile \u00e8 la Stralosone, classica del primo di maggio che per la seconda volta si disputa sul rinnovato tracciato attorno alle scuole elementari. Il plumbeo cielo primaverile di questo 2024 non ha fermato i quasi 200 atleti al via. \u00a0L&#8217;USC era presente in forza su ogni distanza. Quattro successi tutti al femminile con Selina nella 5 km U20, Nicole sui 1.8 km, Ramona sui 5 km&#8230;<\/p>\n","protected":false},"author":4,"featured_media":17249,"comment_status":"closed","ping_status":"closed","sticky":false,"template":"","format":"standard","meta":{"jetpack_post_was_ever_published":false,"_jetpack_newsletter_access":"","_jetpack_dont_email_post_to_subs":false,"_jetpack_newsletter_tier_id":0,"_jetpack_memberships_contains_paywalled_content":false,"_jetpack_memberships_contains_paid_content":false,"footnotes":"","jetpack_publicize_message":"","jetpack_publicize_feature_enabled":true,"jetpack_social_post_already_shared":true,"jetpack_social_options":{"image_generator_settings":{"template":"highway","default_image_id":0,"font":"","enabled":false},"version":2}},"categories":[6,5,9],"tags":[],"class_list":["post-19278","post","type-post","status-publish","format-standard","has-post-thumbnail","hentry","category-non-catalogato","category-podismo","category-sport"],"jetpack_publicize_connections":[],"jetpack_featured_media_url":"https:\/\/i0.wp.com\/uscatletica.ch\/wp\/wp-content\/uploads\/2023\/05\/GDL2023-una-parte-del-gruppo-USC-alla-partenza-foto-USC.jpg?fit=979%2C653&ssl=1","jetpack_sharing_enabled":true,"jetpack_shortlink":"https:\/\/wp.me\/p6V7Ck-50W","jetpack-related-posts":[{"id":20792,"url":"https:\/\/uscatletica.ch\/wp\/?p=20792","url_meta":{"origin":19278,"position":0},"title":"Media Blenio Ottima USC","author":"Leonida Stampanoni","date":"21 Aprile 2025","format":false,"excerpt":"La 41a\u00a0edizione del Giro Media Blenio ha accolto a Dongio quasi 500 atleti dai 6 ai 90 anni. Una bella giornata primaverile ha permesso alla trentina di USCini al via di esprimersi al meglio. Sul tracciato classico vittoria per Tommaso \u00a0Marani in 33'04 ed Alice Fritzsche in 39'16 .Doppietta USC\u2026","rel":"","context":"In &quot;Podismo&quot;","block_context":{"text":"Podismo","link":"https:\/\/uscatletica.ch\/wp\/?cat=5"},"img":{"alt_text":"","src":"https:\/\/i0.wp.com\/uscatletica.ch\/wp\/wp-content\/uploads\/2025\/04\/Logo_GMB_41esima_OMINO_250331_205245.png?fit=1000%2C626&ssl=1&resize=350%2C200","width":350,"height":200,"srcset":"https:\/\/i0.wp.com\/uscatletica.ch\/wp\/wp-content\/uploads\/2025\/04\/Logo_GMB_41esima_OMINO_250331_205245.png?fit=1000%2C626&ssl=1&resize=350%2C200 1x, https:\/\/i0.wp.com\/uscatletica.ch\/wp\/wp-content\/uploads\/2025\/04\/Logo_GMB_41esima_OMINO_250331_205245.png?fit=1000%2C626&ssl=1&resize=525%2C300 1.5x, https:\/\/i0.wp.com\/uscatletica.ch\/wp\/wp-content\/uploads\/2025\/04\/Logo_GMB_41esima_OMINO_250331_205245.png?fit=1000%2C626&ssl=1&resize=700%2C400 2x"},"classes":[]},{"id":17175,"url":"https:\/\/uscatletica.ch\/wp\/?p=17175","url_meta":{"origin":19278,"position":1},"title":"Alla Stralosone No\u00e9 campione ASTi","author":"Leonida Stampanoni","date":"2 Maggio 2023","format":false,"excerpt":"Luned\u00ec alla Stralosone. una delle grandi classiche del calendario cantonale in palio c'erano i titoli ASTi di podismo e giovanili l'USC ha brillato in ambito giovanile con il titolo di No\u00e9 tra gli U16 e l'argento di Selina nella nuova categoria U18-U20. Bene anche le U12 con una doppietta per\u2026","rel":"","context":"In &quot;Podismo&quot;","block_context":{"text":"Podismo","link":"https:\/\/uscatletica.ch\/wp\/?cat=5"},"img":{"alt_text":"","src":"https:\/\/i0.wp.com\/uscatletica.ch\/wp\/wp-content\/uploads\/2023\/04\/230421U12W1q.jpeg?fit=324%2C432&ssl=1&resize=350%2C200","width":350,"height":200},"classes":[]},{"id":21777,"url":"https:\/\/uscatletica.ch\/wp\/?p=21777","url_meta":{"origin":19278,"position":2},"title":"I nostri atleti brillano da Losone a Cortenova","author":"Leonida Stampanoni","date":"15 Marzo 2026","format":false,"excerpt":"In una domenica decisamente invernale la stagione podistica ha raccolto il testimone da quella dei cross. La selezione Ticino U16-U14 ha corso a Cortenova dove con il quarto rango Nicole \u00e8 stata la migliore atleta ticinese mentre Remo ha goduto dell'ottima esperienza. L'ASTi ha lanciato la stagione 2026 con la\u2026","rel":"","context":"In &quot;Cross&quot;","block_context":{"text":"Cross","link":"https:\/\/uscatletica.ch\/wp\/?cat=7"},"img":{"alt_text":"","src":"https:\/\/i0.wp.com\/uscatletica.ch\/wp\/wp-content\/uploads\/2026\/03\/20260315u12.jpg?fit=432%2C309&ssl=1&resize=350%2C200","width":350,"height":200},"classes":[]},{"id":19879,"url":"https:\/\/uscatletica.ch\/wp\/?p=19879","url_meta":{"origin":19278,"position":3},"title":"Ottima USC alla Stramassagno","author":"Leonida Stampanoni","date":"8 Settembre 2024","format":false,"excerpt":"Erano una ventina gli USCini ed USCine presenti alla Stramassagno prova valida per la Coppa ASTi Bancastato Podismo e podismo giovanile. Sulla linea di partenza erano circa 200 i partecipanti.\u00a0 L'USC ha colto quattro vittorie con \u00a0Alex Selina, Nicole e Linda e diversi podi in tutte le prove.\u00a0 RISULTATI LIVE\u2026","rel":"","context":"In &quot;Podismo&quot;","block_context":{"text":"Podismo","link":"https:\/\/uscatletica.ch\/wp\/?cat=5"},"img":{"alt_text":"Alex D. GdL2023-foto USC","src":"https:\/\/i0.wp.com\/uscatletica.ch\/wp\/wp-content\/uploads\/2023\/05\/AlexGdL2023-fotoUSC.jpg?fit=1114%2C743&ssl=1&resize=350%2C200","width":350,"height":200,"srcset":"https:\/\/i0.wp.com\/uscatletica.ch\/wp\/wp-content\/uploads\/2023\/05\/AlexGdL2023-fotoUSC.jpg?fit=1114%2C743&ssl=1&resize=350%2C200 1x, https:\/\/i0.wp.com\/uscatletica.ch\/wp\/wp-content\/uploads\/2023\/05\/AlexGdL2023-fotoUSC.jpg?fit=1114%2C743&ssl=1&resize=525%2C300 1.5x, https:\/\/i0.wp.com\/uscatletica.ch\/wp\/wp-content\/uploads\/2023\/05\/AlexGdL2023-fotoUSC.jpg?fit=1114%2C743&ssl=1&resize=700%2C400 2x, https:\/\/i0.wp.com\/uscatletica.ch\/wp\/wp-content\/uploads\/2023\/05\/AlexGdL2023-fotoUSC.jpg?fit=1114%2C743&ssl=1&resize=1050%2C600 3x"},"classes":[]},{"id":20279,"url":"https:\/\/uscatletica.ch\/wp\/?p=20279","url_meta":{"origin":19278,"position":4},"title":"USC BRILLANTE ALLE 7 CHIESE e a Locarno","author":"Leonida Stampanoni","date":"12 Ottobre 2024","format":false,"excerpt":"La corsa delle 7 Chiese Giornico ha chiuso la stagione delle Coppa ASTi BancaStato Podismo \u00a0e Giovanile. Una ventina gli USCini al via tra gli oltre 100 partecipanti presentatisi sulla linea di partenza in Leventina. Tre vittorie con Alex, Jonathan e Linda e podi per Giosu\u00e8, Remo, Anais, Viola, No\u00e9\u2026","rel":"","context":"In &quot;Podismo&quot;","block_context":{"text":"Podismo","link":"https:\/\/uscatletica.ch\/wp\/?cat=5"},"img":{"alt_text":"","src":"https:\/\/i0.wp.com\/uscatletica.ch\/wp\/wp-content\/uploads\/2024\/10\/20247CHIESELOGlogo.jpg?fit=218%2C224&ssl=1&resize=350%2C200","width":350,"height":200},"classes":[]},{"id":19102,"url":"https:\/\/uscatletica.ch\/wp\/?p=19102","url_meta":{"origin":19278,"position":5},"title":"L&#8217;USC AL GIRO MEDIA BLENIO (corretto)","author":"Spider Calendar","date":"1 Aprile 2024","format":false,"excerpt":"La 40a\u00a0edizione del Giro Media Blenio, disputatasi in luned\u00ec uggioso, ha regalato grandi soddisfazioni all'US Capriaschese, presente nella Valle del Sole con una ventina di atleti. Nel GP Roberto sfiora il primato ticinese duellando con il campione europeo 2014 di Maratona Daniele Meucci. Nella 10 km \u00a0i campioni ticinesi sono\u2026","rel":"","context":"In &quot;Diversi&quot;","block_context":{"text":"Diversi","link":"https:\/\/uscatletica.ch\/wp\/?cat=30"},"img":{"alt_text":"","src":"https:\/\/i0.wp.com\/uscatletica.ch\/wp\/wp-content\/uploads\/2024\/04\/240401gmbpodi5km.png?fit=432%2C353&ssl=1&resize=350%2C200","width":350,"height":200},"classes":[]}],"_links":{"self":[{"href":"https:\/\/uscatletica.ch\/wp\/index.php?rest_route=\/wp\/v2\/posts\/19278","targetHints":{"allow":["GET"]}}],"collection":[{"href":"https:\/\/uscatletica.ch\/wp\/index.php?rest_route=\/wp\/v2\/posts"}],"about":[{"href":"https:\/\/uscatletica.ch\/wp\/index.php?rest_route=\/wp\/v2\/types\/post"}],"author":[{"embeddable":true,"href":"https:\/\/uscatletica.ch\/wp\/index.php?rest_route=\/wp\/v2\/users\/4"}],"replies":[{"embeddable":true,"href":"https:\/\/uscatletica.ch\/wp\/index.php?rest_route=%2Fwp%2Fv2%2Fcomments&post=19278"}],"version-history":[{"count":5,"href":"https:\/\/uscatletica.ch\/wp\/index.php?rest_route=\/wp\/v2\/posts\/19278\/revisions"}],"predecessor-version":[{"id":19293,"href":"https:\/\/uscatletica.ch\/wp\/index.php?rest_route=\/wp\/v2\/posts\/19278\/revisions\/19293"}],"wp:featuredmedia":[{"embeddable":true,"href":"https:\/\/uscatletica.ch\/wp\/index.php?rest_route=\/wp\/v2\/media\/17249"}],"wp:attachment":[{"href":"https:\/\/uscatletica.ch\/wp\/index.php?rest_route=%2Fwp%2Fv2%2Fmedia&parent=19278"}],"wp:term":[{"taxonomy":"category","embeddable":true,"href":"https:\/\/uscatletica.ch\/wp\/index.php?rest_route=%2Fwp%2Fv2%2Fcategories&post=19278"},{"taxonomy":"post_tag","embeddable":true,"href":"https:\/\/uscatletica.ch\/wp\/index.php?rest_route=%2Fwp%2Fv2%2Ftags&post=19278"}],"curies":[{"name":"wp","href":"https:\/\/api.w.org\/{rel}","templated":true}]}}