{"id":19294,"date":"2024-05-03T17:28:14","date_gmt":"2024-05-03T15:28:14","guid":{"rendered":"https:\/\/uscatletica.ch\/wp\/?p=19294"},"modified":"2024-05-03T17:28:18","modified_gmt":"2024-05-03T15:28:18","slug":"fiorillo-camesi-e-roberto-delorenzi-ai-campionati-europei-off-road","status":"publish","type":"post","link":"https:\/\/uscatletica.ch\/wp\/?p=19294","title":{"rendered":"Fiorillo Camesi e Roberto Delorenzi ai campionati europei Off Road"},"content":{"rendered":"\n<p>Swiss Athletics ha reso noto le convocazione per i campionati europei off Road in programma il primo fine settimana di Giugno ad Annecy. \u00a0Al via ci saranno ben due atleti USC. Roberto Delorenzi decimo degli scorsi mondiali e medaglia di bronzo a squadre cosi come \u00a0il nuovo arrivato Fiorillo Camesi fresco campione svizzero U20 di Up &amp;down .\u00a0<\/p>\n\n\n\n<p>\u00a0<\/p>\n<p><blockquote class=\"wp-embedded-content\" data-secret=\"ZNMvxOSN6Q\"><a href=\"https:\/\/swiss-athletics.ch\/de\/blog\/2024\/05\/03\/28-laeuferinnen-und-laeufer-fuer-offroad-em-selektioniert\/\">28 L\u00e4uferinnen und L\u00e4ufer f\u00fcr Offroad-EM in Annecy selektioniert<\/a><\/blockquote><iframe loading=\"lazy\" class=\"wp-embedded-content\" sandbox=\"allow-scripts\" security=\"restricted\" style=\"position: absolute; clip: rect(1px, 1px, 1px, 1px);\" title=\"&#8222;28 L\u00e4uferinnen und L\u00e4ufer f\u00fcr Offroad-EM in Annecy selektioniert&#8220; &#8212; Swiss Athletics\" src=\"https:\/\/swiss-athletics.ch\/de\/blog\/2024\/05\/03\/28-laeuferinnen-und-laeufer-fuer-offroad-em-selektioniert\/embed\/#?secret=80ggmVfKVH#?secret=ZNMvxOSN6Q\" data-secret=\"ZNMvxOSN6Q\" width=\"600\" height=\"338\" frameborder=\"0\" marginwidth=\"0\" marginheight=\"0\" scrolling=\"no\"><\/iframe><\/p>\n<p>\u00a0<\/p>\n<p>\u00a0<\/p>\n<p><a href=\"https:\/\/www.european-athletics.com\/competitions\/european-off-road-running-championships\/overview\" target=\"_blank\" rel=\"noopener\">la pagina dei Campionati europei di corsa in montagna<\/a><\/p>\n","protected":false},"excerpt":{"rendered":"<p>Swiss Athletics ha reso noto le convocazione per i campionati europei off Road in programma il primo fine settimana di Giugno ad Annecy. \u00a0Al via ci saranno ben due atleti USC. Roberto Delorenzi decimo degli scorsi mondiali e medaglia di bronzo a squadre cosi come \u00a0il nuovo arrivato Fiorillo Camesi fresco campione svizzero U20 di Up &amp;down .\u00a0 \u00a0 28 L\u00e4uferinnen und L\u00e4ufer f\u00fcr Offroad-EM in Annecy selektioniert \u00a0 \u00a0 la pagina dei Campionati europei&#8230;<\/p>\n","protected":false},"author":4,"featured_media":17483,"comment_status":"closed","ping_status":"closed","sticky":false,"template":"","format":"standard","meta":{"jetpack_post_was_ever_published":false,"_jetpack_newsletter_access":"","_jetpack_dont_email_post_to_subs":false,"_jetpack_newsletter_tier_id":0,"_jetpack_memberships_contains_paywalled_content":false,"_jetpack_memberships_contains_paid_content":false,"footnotes":"","jetpack_publicize_message":"","jetpack_publicize_feature_enabled":true,"jetpack_social_post_already_shared":true,"jetpack_social_options":{"image_generator_settings":{"template":"highway","default_image_id":0,"font":"","enabled":false},"version":2}},"categories":[16,9],"tags":[],"class_list":["post-19294","post","type-post","status-publish","format-standard","has-post-thumbnail","hentry","category-montagna","category-sport"],"jetpack_publicize_connections":[],"jetpack_featured_media_url":"https:\/\/i0.wp.com\/uscatletica.ch\/wp\/wp-content\/uploads\/2023\/06\/image_6483441-5.jpg?fit=2304%2C1536&ssl=1","jetpack_sharing_enabled":true,"jetpack_shortlink":"https:\/\/wp.me\/p6V7Ck-51c","jetpack-related-posts":[{"id":19400,"url":"https:\/\/uscatletica.ch\/wp\/?p=19400","url_meta":{"origin":19294,"position":0},"title":"FIORILLO CAMESI E ROBERTO DELORENZI AL VIA VENERDI AI CAMPIONATI EUROPEI OFF ROAD","author":"Leonida Stampanoni","date":"30 Maggio 2024","format":false,"excerpt":"Nel fine settimana ad Annecy i campionati europei di \"Off Road\"\u00a0raduneranno i migliori specialisti della corsa in montagna del Trail per un'intensa tre giorni di gare. La nazionale Svizzera, con 28 atleti, al v sar\u00e0 tra le favorite \u00a0Al via con la maglia rossocrociata ci saranno anche i nostri Roberto\u2026","rel":"","context":"In &quot;Montagna&quot;","block_context":{"text":"Montagna","link":"https:\/\/uscatletica.ch\/wp\/?cat=16"},"img":{"alt_text":"","src":"https:\/\/i0.wp.com\/uscatletica.ch\/wp\/wp-content\/uploads\/2024\/05\/20240511fotocareneini.jpg?fit=432%2C299&ssl=1&resize=350%2C200","width":350,"height":200},"classes":[]},{"id":20335,"url":"https:\/\/uscatletica.ch\/wp\/?p=20335","url_meta":{"origin":19294,"position":1},"title":"ROBERTO DELORENZI E FIORILLO CAMESI CANDIDATI PER LA SWISS ATHLETICS AWARDS","author":"Leonida Stampanoni","date":"1 Novembre 2024","format":false,"excerpt":"Sabato 16 novembre si terr\u00e0 a Berna la Swiss Athletics Night che premier\u00e0 i migliori atleti svizzeri del 2024 . Nella serata di gara dell'atletica svizzera ci saranno i nostri due campioni europei tra i candidati alla vittoria. \u00a0Nella categoria atleta svizzero dell'Anno Roberto Delorenzi sfider\u00e0 Abraham Tadesse, Dominik Lobalu,\u2026","rel":"","context":"In &quot;Altro&quot;","block_context":{"text":"Altro","link":"https:\/\/uscatletica.ch\/wp\/?cat=11"},"img":{"alt_text":"","src":"https:\/\/i0.wp.com\/uscatletica.ch\/wp\/wp-content\/uploads\/2024\/06\/20240602ROBI.jpg?fit=432%2C243&ssl=1&resize=350%2C200","width":350,"height":200},"classes":[]},{"id":21073,"url":"https:\/\/uscatletica.ch\/wp\/?p=21073","url_meta":{"origin":19294,"position":2},"title":"Fiorillo di bronzo ai Mondiali giovanili","author":"Stampa E","date":"1 Agosto 2025","format":false,"excerpt":"Sotto la Federazione internazionale di Skyrunning (ISF), si stanno svolgendo in questi giorni i Campionati mondiali giovanili e U23, giunti alla nona edizione. La rassegna, che in passato ha gi\u00e0 dato soddisfazioni all'USC (con per esempio il doppio oro del 2017 (sky e combinata) o l\u2019oro nel vertical del 2018\u2026","rel":"","context":"In &quot;Montagna&quot;","block_context":{"text":"Montagna","link":"https:\/\/uscatletica.ch\/wp\/?cat=16"},"img":{"alt_text":"Fiorillo Camesi al KV LAcunc del 2024- Foto PaolaS.","src":"https:\/\/i0.wp.com\/uscatletica.ch\/wp\/wp-content\/uploads\/2024\/10\/Lagunc-Foto-PaolaS-3.jpg?fit=900%2C1200&ssl=1&resize=350%2C200","width":350,"height":200,"srcset":"https:\/\/i0.wp.com\/uscatletica.ch\/wp\/wp-content\/uploads\/2024\/10\/Lagunc-Foto-PaolaS-3.jpg?fit=900%2C1200&ssl=1&resize=350%2C200 1x, https:\/\/i0.wp.com\/uscatletica.ch\/wp\/wp-content\/uploads\/2024\/10\/Lagunc-Foto-PaolaS-3.jpg?fit=900%2C1200&ssl=1&resize=525%2C300 1.5x, https:\/\/i0.wp.com\/uscatletica.ch\/wp\/wp-content\/uploads\/2024\/10\/Lagunc-Foto-PaolaS-3.jpg?fit=900%2C1200&ssl=1&resize=700%2C400 2x"},"classes":[]},{"id":19432,"url":"https:\/\/uscatletica.ch\/wp\/?p=19432","url_meta":{"origin":19294,"position":3},"title":"ROBERTO DELORENZI CAMPIONE EUROPEO","author":"Leonida Stampanoni","date":"2 Giugno 2024","format":false,"excerpt":"Ai campionati europei OFF ROAD Roberto Delorenzi ha vinto domenica mattina il titolo europeo nella gara \u00a0saliscendi. Nella gara U20 dominata dalla Francia con un poker \u00a0Fiorillo ha chiuso al tredicesimo rango. Nella gara femminile argento sia per Judih Wyder che per la nazionale svizzera che cede il passo alla\u2026","rel":"","context":"In &quot;Altro&quot;","block_context":{"text":"Altro","link":"https:\/\/uscatletica.ch\/wp\/?cat=11"},"img":{"alt_text":"","src":"https:\/\/i0.wp.com\/uscatletica.ch\/wp\/wp-content\/uploads\/2024\/06\/20240602ROBI.jpg?fit=432%2C243&ssl=1&resize=350%2C200","width":350,"height":200},"classes":[]},{"id":19322,"url":"https:\/\/uscatletica.ch\/wp\/?p=19322","url_meta":{"origin":19294,"position":4},"title":"FIORILLO CAMESI, ESORDIO CON DOPPIO TITOLO; MEDAGLIE ANCHE PER ELIA E VALERIO","author":"Stampa E","date":"12 Maggio 2024","format":false,"excerpt":"In occasione della Giubiasco-Carena sono stati assegnati i titoli del Campionato ASTi di montagna 2024. Lungo la salita in Valle Morobbia, da Giubiasco a Carena (10,7 km con 720 metri di dislivello) ottimo esordio con la maglia USC per il giovane U20 Fiorillo Camesi, che ha chiuso in 44\u201909\u2019\u2019, primo\u2026","rel":"","context":"In &quot;Montagna&quot;","block_context":{"text":"Montagna","link":"https:\/\/uscatletica.ch\/wp\/?cat=16"},"img":{"alt_text":"","src":"https:\/\/i0.wp.com\/uscatletica.ch\/wp\/wp-content\/uploads\/2024\/05\/Maglia-USC-2023-2.jpg?fit=1052%2C1200&ssl=1&resize=350%2C200","width":350,"height":200,"srcset":"https:\/\/i0.wp.com\/uscatletica.ch\/wp\/wp-content\/uploads\/2024\/05\/Maglia-USC-2023-2.jpg?fit=1052%2C1200&ssl=1&resize=350%2C200 1x, https:\/\/i0.wp.com\/uscatletica.ch\/wp\/wp-content\/uploads\/2024\/05\/Maglia-USC-2023-2.jpg?fit=1052%2C1200&ssl=1&resize=525%2C300 1.5x, https:\/\/i0.wp.com\/uscatletica.ch\/wp\/wp-content\/uploads\/2024\/05\/Maglia-USC-2023-2.jpg?fit=1052%2C1200&ssl=1&resize=700%2C400 2x, https:\/\/i0.wp.com\/uscatletica.ch\/wp\/wp-content\/uploads\/2024\/05\/Maglia-USC-2023-2.jpg?fit=1052%2C1200&ssl=1&resize=1050%2C600 3x"},"classes":[]},{"id":16020,"url":"https:\/\/uscatletica.ch\/wp\/?p=16020","url_meta":{"origin":19294,"position":5},"title":"Roberto Delorenzi AI MONDIALI OFFROAD DI Chiang Mai","author":"Leonida Stampanoni","date":"21 Settembre 2022","format":false,"excerpt":"Roberto Delorenzi ha meritato la selezione per i campionati del mondo di OFF ROAD di Chiang Mai in Tailandia. Nella gara di Selezione organizzata ad inizio settembre a Bienne. Roberto avevo ottenuto il terzo rango. Swiss Athletics alla luce dei suoi risultati stagionali e della gara di Bienne ha deciso\u2026","rel":"","context":"In &quot;Montagna&quot;","block_context":{"text":"Montagna","link":"https:\/\/uscatletica.ch\/wp\/?cat=16"},"img":{"alt_text":"","src":"https:\/\/i0.wp.com\/uscatletica.ch\/wp\/wp-content\/uploads\/2017\/07\/skyraceCampionemondiale.jpg?fit=532%2C399&ssl=1&resize=350%2C200","width":350,"height":200,"srcset":"https:\/\/i0.wp.com\/uscatletica.ch\/wp\/wp-content\/uploads\/2017\/07\/skyraceCampionemondiale.jpg?fit=532%2C399&ssl=1&resize=350%2C200 1x, https:\/\/i0.wp.com\/uscatletica.ch\/wp\/wp-content\/uploads\/2017\/07\/skyraceCampionemondiale.jpg?fit=532%2C399&ssl=1&resize=525%2C300 1.5x"},"classes":[]}],"_links":{"self":[{"href":"https:\/\/uscatletica.ch\/wp\/index.php?rest_route=\/wp\/v2\/posts\/19294","targetHints":{"allow":["GET"]}}],"collection":[{"href":"https:\/\/uscatletica.ch\/wp\/index.php?rest_route=\/wp\/v2\/posts"}],"about":[{"href":"https:\/\/uscatletica.ch\/wp\/index.php?rest_route=\/wp\/v2\/types\/post"}],"author":[{"embeddable":true,"href":"https:\/\/uscatletica.ch\/wp\/index.php?rest_route=\/wp\/v2\/users\/4"}],"replies":[{"embeddable":true,"href":"https:\/\/uscatletica.ch\/wp\/index.php?rest_route=%2Fwp%2Fv2%2Fcomments&post=19294"}],"version-history":[{"count":2,"href":"https:\/\/uscatletica.ch\/wp\/index.php?rest_route=\/wp\/v2\/posts\/19294\/revisions"}],"predecessor-version":[{"id":19389,"href":"https:\/\/uscatletica.ch\/wp\/index.php?rest_route=\/wp\/v2\/posts\/19294\/revisions\/19389"}],"wp:featuredmedia":[{"embeddable":true,"href":"https:\/\/uscatletica.ch\/wp\/index.php?rest_route=\/wp\/v2\/media\/17483"}],"wp:attachment":[{"href":"https:\/\/uscatletica.ch\/wp\/index.php?rest_route=%2Fwp%2Fv2%2Fmedia&parent=19294"}],"wp:term":[{"taxonomy":"category","embeddable":true,"href":"https:\/\/uscatletica.ch\/wp\/index.php?rest_route=%2Fwp%2Fv2%2Fcategories&post=19294"},{"taxonomy":"post_tag","embeddable":true,"href":"https:\/\/uscatletica.ch\/wp\/index.php?rest_route=%2Fwp%2Fv2%2Ftags&post=19294"}],"curies":[{"name":"wp","href":"https:\/\/api.w.org\/{rel}","templated":true}]}}