{"id":19311,"date":"2024-05-05T21:47:57","date_gmt":"2024-05-05T19:47:57","guid":{"rendered":"https:\/\/uscatletica.ch\/wp\/?p=19311"},"modified":"2024-05-05T21:57:58","modified_gmt":"2024-05-05T19:57:58","slug":"comano-run-usc-elia-e-selina-campioni-asti","status":"publish","type":"post","link":"https:\/\/uscatletica.ch\/wp\/?p=19311","title":{"rendered":"COMANO RUN USC ELIA E SELINA CAMPIONI ASTI"},"content":{"rendered":"\n<p>Alla Comano Run erano in 430 sulla linea di partenza di cui 150 i partecipanti al campionato ASTi. Ai piedi della Collina di San Bernardo erano be 34 gli USCini che hanno tagliato il traguardo. A vincere la gara principale \u00e8 stato Tommaso Marani \u00a0nuovo campione ASTi assoluto ed M20 al femminile vince Sara Solari. Elia \u00e8 campione ASTi M40 nelle U20 Selina Elsa ed Olivia firmano la tripletta a medaglia anche Valerio e Ralf negli M50 \u00a0Alessandro negli M40 e No\u00e9 tra gli U16. Michelle vince la gara di coppa U12 vince anche Anna tra le U10.\u00a0<\/p>\n<p><a href=\"https:\/\/my.raceresult.com\/277362\/results#0_059AA8\" target=\"_blank\" rel=\"noopener\">Tutti i risultati<\/a><\/p>\n<p>Nella gara principale Tommaso Marani vince dopo 7 km in 23&#8217;40. Elia in 25&#8217;54 ottiene il settimo tempo assoluto e vince il titolo M40 Alessandro precede di pochi decimi Alex e chiude terzo in 26&#8217;43. Mauro chiude in 30&#8217;49. Tra gli M50 Enrico Cavadini \u00e8 il pi\u00f9 veloce. Valerio 27&#8217;56 e Ralf 28&#8217;13 completano il podio del campionato ASTI. Al femminile Sara Solari vince in 28&#8217;41 su Stefania Barloggio. Selina 34&#8217;45 vince il titolo U20 su Elsa 36&#8217;18 ed Olivia 38&#8217;13.\u00a0<\/p>\n<p>Nella gara degli U16 \u00a0il titolo va a David Beretta 8&#8217;31 su No\u00e9 8&#8217;36 Mattia \u00e8 sesto in 9&#8217;19. Alina Oliva vince tra le ragazze con Amelie sesta e Dalia settima. Nella gara U12 Michelle vince brave Alicia quinta e Nathalie ottava. Tra i maschi Remo \u00e8 secondo nel mezzo dei tantissimi giovani giocatori del HCL. Jacopo \u00e8 ventesimo. Anais \u00e8 sesta della U14 con Viola sesta e Giosu\u00e8 decimo tra i ragazzi.\u00a0<\/p>\n<p>Sette le U10 al via Anna vince davanti a Linda che chiude terza seguono Naima (6), Alina (9), Kayla (11), \u00a0Irene \u00a0(15), Zoe (18). Tra i ragazzi Nathan decimo di poco su Roger. \u00a0Tra le pi\u00f9 piccole Lina \u00e8 seconda davanti a Flora mentre \u00a0Lisa \u00e8 diciassettesima<\/p>\n<p>\u00a0<\/p>\n","protected":false},"excerpt":{"rendered":"<p>Alla Comano Run erano in 430 sulla linea di partenza di cui 150 i partecipanti al campionato ASTi. Ai piedi della Collina di San Bernardo erano be 34 gli USCini che hanno tagliato il traguardo. A vincere la gara principale \u00e8 stato Tommaso Marani \u00a0nuovo campione ASTi assoluto ed M20 al femminile vince Sara Solari. Elia \u00e8 campione ASTi M40 nelle U20 Selina Elsa ed Olivia firmano la tripletta a medaglia anche Valerio e Ralf&#8230;<\/p>\n","protected":false},"author":4,"featured_media":18675,"comment_status":"closed","ping_status":"closed","sticky":false,"template":"","format":"standard","meta":{"jetpack_post_was_ever_published":false,"_jetpack_newsletter_access":"","_jetpack_dont_email_post_to_subs":false,"_jetpack_newsletter_tier_id":0,"_jetpack_memberships_contains_paywalled_content":false,"_jetpack_memberships_contains_paid_content":false,"footnotes":"","jetpack_publicize_message":"","jetpack_publicize_feature_enabled":true,"jetpack_social_post_already_shared":true,"jetpack_social_options":{"image_generator_settings":{"template":"highway","default_image_id":0,"font":"","enabled":false},"version":2}},"categories":[5,9],"tags":[],"class_list":["post-19311","post","type-post","status-publish","format-standard","has-post-thumbnail","hentry","category-podismo","category-sport"],"jetpack_publicize_connections":[],"jetpack_featured_media_url":"https:\/\/i0.wp.com\/uscatletica.ch\/wp\/wp-content\/uploads\/2023\/12\/231210selinasilvw.jpg?fit=432%2C243&ssl=1","jetpack_sharing_enabled":true,"jetpack_shortlink":"https:\/\/wp.me\/p6V7Ck-51t","jetpack-related-posts":[{"id":19278,"url":"https:\/\/uscatletica.ch\/wp\/?p=19278","url_meta":{"origin":19311,"position":0},"title":"STRALOSONE: USC in evidenza (aggiornato)","author":"Leonida Stampanoni","date":"1 Maggio 2024","format":false,"excerpt":"La terza prova delle Coppe ASTi BancaStato podismo e giovanile \u00e8 la Stralosone, classica del primo di maggio che per la seconda volta si disputa sul rinnovato tracciato attorno alle scuole elementari. Il plumbeo cielo primaverile di questo 2024 non ha fermato i quasi 200 atleti al via. \u00a0L'USC era\u2026","rel":"","context":"In &quot;Non catalogato&quot;","block_context":{"text":"Non catalogato","link":"https:\/\/uscatletica.ch\/wp\/?cat=6"},"img":{"alt_text":"Una parte del gruppo USC alla partenza della GDL 2023-foto-USC","src":"https:\/\/i0.wp.com\/uscatletica.ch\/wp\/wp-content\/uploads\/2023\/05\/GDL2023-una-parte-del-gruppo-USC-alla-partenza-foto-USC.jpg?fit=979%2C653&ssl=1&resize=350%2C200","width":350,"height":200,"srcset":"https:\/\/i0.wp.com\/uscatletica.ch\/wp\/wp-content\/uploads\/2023\/05\/GDL2023-una-parte-del-gruppo-USC-alla-partenza-foto-USC.jpg?fit=979%2C653&ssl=1&resize=350%2C200 1x, https:\/\/i0.wp.com\/uscatletica.ch\/wp\/wp-content\/uploads\/2023\/05\/GDL2023-una-parte-del-gruppo-USC-alla-partenza-foto-USC.jpg?fit=979%2C653&ssl=1&resize=525%2C300 1.5x, https:\/\/i0.wp.com\/uscatletica.ch\/wp\/wp-content\/uploads\/2023\/05\/GDL2023-una-parte-del-gruppo-USC-alla-partenza-foto-USC.jpg?fit=979%2C653&ssl=1&resize=700%2C400 2x"},"classes":[]},{"id":20864,"url":"https:\/\/uscatletica.ch\/wp\/?p=20864","url_meta":{"origin":19311,"position":1},"title":"Comano Run USC da podio","author":"Leonida Stampanoni","date":"18 Maggio 2025","format":false,"excerpt":"Alla BancaStato Comano Run al via si sono presentati 500 atlete ed atleti per una grande festa del podismo. \u00a0106 podisti e podiste erano sulla linea di partenza della gara principale dominata da Tommaso Marani e Stefania Barloggio Lupatini. L'USC si assicura il secondo rango con Alex \u00a0M40 e Olivia\u2026","rel":"","context":"In &quot;Podismo&quot;","block_context":{"text":"Podismo","link":"https:\/\/uscatletica.ch\/wp\/?cat=5"},"img":{"alt_text":"","src":"https:\/\/i0.wp.com\/uscatletica.ch\/wp\/wp-content\/uploads\/2024\/05\/Maglia-USC-2023-2.jpg?fit=1052%2C1200&ssl=1&resize=350%2C200","width":350,"height":200,"srcset":"https:\/\/i0.wp.com\/uscatletica.ch\/wp\/wp-content\/uploads\/2024\/05\/Maglia-USC-2023-2.jpg?fit=1052%2C1200&ssl=1&resize=350%2C200 1x, https:\/\/i0.wp.com\/uscatletica.ch\/wp\/wp-content\/uploads\/2024\/05\/Maglia-USC-2023-2.jpg?fit=1052%2C1200&ssl=1&resize=525%2C300 1.5x, https:\/\/i0.wp.com\/uscatletica.ch\/wp\/wp-content\/uploads\/2024\/05\/Maglia-USC-2023-2.jpg?fit=1052%2C1200&ssl=1&resize=700%2C400 2x, https:\/\/i0.wp.com\/uscatletica.ch\/wp\/wp-content\/uploads\/2024\/05\/Maglia-USC-2023-2.jpg?fit=1052%2C1200&ssl=1&resize=1050%2C600 3x"},"classes":[]},{"id":20792,"url":"https:\/\/uscatletica.ch\/wp\/?p=20792","url_meta":{"origin":19311,"position":2},"title":"Media Blenio Ottima USC","author":"Leonida Stampanoni","date":"21 Aprile 2025","format":false,"excerpt":"La 41a\u00a0edizione del Giro Media Blenio ha accolto a Dongio quasi 500 atleti dai 6 ai 90 anni. Una bella giornata primaverile ha permesso alla trentina di USCini al via di esprimersi al meglio. Sul tracciato classico vittoria per Tommaso \u00a0Marani in 33'04 ed Alice Fritzsche in 39'16 .Doppietta USC\u2026","rel":"","context":"In &quot;Podismo&quot;","block_context":{"text":"Podismo","link":"https:\/\/uscatletica.ch\/wp\/?cat=5"},"img":{"alt_text":"","src":"https:\/\/i0.wp.com\/uscatletica.ch\/wp\/wp-content\/uploads\/2025\/04\/Logo_GMB_41esima_OMINO_250331_205245.png?fit=1000%2C626&ssl=1&resize=350%2C200","width":350,"height":200,"srcset":"https:\/\/i0.wp.com\/uscatletica.ch\/wp\/wp-content\/uploads\/2025\/04\/Logo_GMB_41esima_OMINO_250331_205245.png?fit=1000%2C626&ssl=1&resize=350%2C200 1x, https:\/\/i0.wp.com\/uscatletica.ch\/wp\/wp-content\/uploads\/2025\/04\/Logo_GMB_41esima_OMINO_250331_205245.png?fit=1000%2C626&ssl=1&resize=525%2C300 1.5x, https:\/\/i0.wp.com\/uscatletica.ch\/wp\/wp-content\/uploads\/2025\/04\/Logo_GMB_41esima_OMINO_250331_205245.png?fit=1000%2C626&ssl=1&resize=700%2C400 2x"},"classes":[]},{"id":13413,"url":"https:\/\/uscatletica.ch\/wp\/?p=13413","url_meta":{"origin":19311,"position":3},"title":"Basodino: Tommaso ed Elia vincono; bene Selina e Leonida alla Lui e Lei","author":"Leonida Stampanoni","date":"19 Settembre 2021","format":false,"excerpt":"La corsa in montagna del Basodino ha laureato i primi campioni e campionesse ASTI di salita montagna e vertical. L'USC torna a casa con tre titoli: Tommaso vince il titolo assoluto e quello U20, Elia vince il titolo M40 quello, forse maggiormente conteso, e si assicura l'argento assoluto, come gi\u00e0\u2026","rel":"","context":"In &quot;CO&quot;","block_context":{"text":"CO","link":"https:\/\/uscatletica.ch\/wp\/?cat=19"},"img":{"alt_text":"","src":"https:\/\/i0.wp.com\/uscatletica.ch\/wp\/wp-content\/uploads\/2021\/09\/casbasodino.jpg?fit=288%2C312&ssl=1&resize=350%2C200","width":350,"height":200},"classes":[]},{"id":19102,"url":"https:\/\/uscatletica.ch\/wp\/?p=19102","url_meta":{"origin":19311,"position":4},"title":"L&#8217;USC AL GIRO MEDIA BLENIO (corretto)","author":"Spider Calendar","date":"1 Aprile 2024","format":false,"excerpt":"La 40a\u00a0edizione del Giro Media Blenio, disputatasi in luned\u00ec uggioso, ha regalato grandi soddisfazioni all'US Capriaschese, presente nella Valle del Sole con una ventina di atleti. Nel GP Roberto sfiora il primato ticinese duellando con il campione europeo 2014 di Maratona Daniele Meucci. Nella 10 km \u00a0i campioni ticinesi sono\u2026","rel":"","context":"In &quot;Diversi&quot;","block_context":{"text":"Diversi","link":"https:\/\/uscatletica.ch\/wp\/?cat=30"},"img":{"alt_text":"","src":"https:\/\/i0.wp.com\/uscatletica.ch\/wp\/wp-content\/uploads\/2024\/04\/240401gmbpodi5km.png?fit=432%2C353&ssl=1&resize=350%2C200","width":350,"height":200},"classes":[]},{"id":20279,"url":"https:\/\/uscatletica.ch\/wp\/?p=20279","url_meta":{"origin":19311,"position":5},"title":"USC BRILLANTE ALLE 7 CHIESE e a Locarno","author":"Leonida Stampanoni","date":"12 Ottobre 2024","format":false,"excerpt":"La corsa delle 7 Chiese Giornico ha chiuso la stagione delle Coppa ASTi BancaStato Podismo \u00a0e Giovanile. Una ventina gli USCini al via tra gli oltre 100 partecipanti presentatisi sulla linea di partenza in Leventina. Tre vittorie con Alex, Jonathan e Linda e podi per Giosu\u00e8, Remo, Anais, Viola, No\u00e9\u2026","rel":"","context":"In &quot;Podismo&quot;","block_context":{"text":"Podismo","link":"https:\/\/uscatletica.ch\/wp\/?cat=5"},"img":{"alt_text":"","src":"https:\/\/i0.wp.com\/uscatletica.ch\/wp\/wp-content\/uploads\/2024\/10\/20247CHIESELOGlogo.jpg?fit=218%2C224&ssl=1&resize=350%2C200","width":350,"height":200},"classes":[]}],"_links":{"self":[{"href":"https:\/\/uscatletica.ch\/wp\/index.php?rest_route=\/wp\/v2\/posts\/19311","targetHints":{"allow":["GET"]}}],"collection":[{"href":"https:\/\/uscatletica.ch\/wp\/index.php?rest_route=\/wp\/v2\/posts"}],"about":[{"href":"https:\/\/uscatletica.ch\/wp\/index.php?rest_route=\/wp\/v2\/types\/post"}],"author":[{"embeddable":true,"href":"https:\/\/uscatletica.ch\/wp\/index.php?rest_route=\/wp\/v2\/users\/4"}],"replies":[{"embeddable":true,"href":"https:\/\/uscatletica.ch\/wp\/index.php?rest_route=%2Fwp%2Fv2%2Fcomments&post=19311"}],"version-history":[{"count":2,"href":"https:\/\/uscatletica.ch\/wp\/index.php?rest_route=\/wp\/v2\/posts\/19311\/revisions"}],"predecessor-version":[{"id":19314,"href":"https:\/\/uscatletica.ch\/wp\/index.php?rest_route=\/wp\/v2\/posts\/19311\/revisions\/19314"}],"wp:featuredmedia":[{"embeddable":true,"href":"https:\/\/uscatletica.ch\/wp\/index.php?rest_route=\/wp\/v2\/media\/18675"}],"wp:attachment":[{"href":"https:\/\/uscatletica.ch\/wp\/index.php?rest_route=%2Fwp%2Fv2%2Fmedia&parent=19311"}],"wp:term":[{"taxonomy":"category","embeddable":true,"href":"https:\/\/uscatletica.ch\/wp\/index.php?rest_route=%2Fwp%2Fv2%2Fcategories&post=19311"},{"taxonomy":"post_tag","embeddable":true,"href":"https:\/\/uscatletica.ch\/wp\/index.php?rest_route=%2Fwp%2Fv2%2Ftags&post=19311"}],"curies":[{"name":"wp","href":"https:\/\/api.w.org\/{rel}","templated":true}]}}