{"id":19348,"date":"2024-05-18T19:46:24","date_gmt":"2024-05-18T17:46:24","guid":{"rendered":"https:\/\/uscatletica.ch\/wp\/?p=19348"},"modified":"2024-05-19T15:29:29","modified_gmt":"2024-05-19T13:29:29","slug":"elia-vince-laltstadt-gp-veloci-gli-uscini","status":"publish","type":"post","link":"https:\/\/uscatletica.ch\/wp\/?p=19348","title":{"rendered":"14 podisti USC a Berna, Elia (ri)vince l&#8217;Altstadt GP (agg.)"},"content":{"rendered":"\n\n\n<p>Il GP Bern, la grande classica di primavera del podismo svizzero, ha visto al via una quindicina di Capriaschesi tra i trentamila che hanno animato le strade della capitale di corsa. Tra i fedelissimi Elia, che festeggia la terza vittoria di categoria nell&#8217;Altstadt GP vinto da Fabian Aebersold e Delia Sclabasi. Nella 10 miglia pi\u00f9 bella del mondo vincono Dominik Lobalu e Fabienne Schlumpf. Alessandro, Alex e Valerio sono i pi\u00f9 veloci USC.\u00a0<\/p>\n<p><a href=\"https:\/\/trackmaxx.ch\/results\/?race=gp24\" target=\"_blank\" rel=\"noopener\">Le classifiche<\/a><\/p>\n<p>Nell&#8217;Altstadt GP sui 4.7 km Elia, con un eccellente 16&#8217;08&#8221;, miglior tempo degli over 40 anni, firma la sua terza vittoria nella capitale. Ramona debutta in 23&#8217;07&#8221;, Olivia alla prima esperienza nell&#8217;Altstadt GP chiude in 24&#8217;07&#8221;.\u00a0<\/p>\n<p>Sulla distanza regina, alla prima uscita a Berna Alessandro Z. corre in 1&#8217;01&#8243;18 davanti ad un altro debuttante Alex, in 1h02&#8243;55. Tra i fedelissimi cinquantenni, Valerio in 1h3&#8217;45 precede i fratelli Jonathan 1h08&#8217;01&#8221; e Leonida 1h09&#8217;33&#8221;. Primato personale per Raffaele, che corre in 1h11&#8243;07&#8221;. Elisa in 1h12&#8217;20&#8221; e Rachele in 1h13&#8217;24&#8221; firmano un buon debutto, cosi come Selina in 1h29&#8217;13&#8221;. Silvano in 1h15&#8217;25&#8221; ed Elena 1h21&#8217;02&#8221; completano la buona prestazione d&#8217;assieme dell&#8217;USC. Due ticinesi sono stati capaci di correre sotto l&#8217;ora: Bruno Invernizzi, terzo M50 in 57&#8217;46&#8221; e Siro Corsi in 59&#8217;48&#8221;.<\/p>\n<p>USC all&#8217;Altstadt GP<\/p>\n<table border=\"0\" cellspacing=\"0\"><colgroup span=\"3\" width=\"113\"><\/colgroup>\n<tbody>\n<tr>\n<td align=\"right\" valign=\"bottom\" height=\"42\"><span style=\"background-color: #ff6600;\">1<\/span><\/td>\n<td align=\"left\" valign=\"bottom\"><span style=\"background-color: #ff6600;\">Stampanoni Elia<\/span><\/td>\n<td align=\"left\" valign=\"bottom\"><span style=\"background-color: #ff6600;\">16:08<\/span><\/td>\n<\/tr>\n<tr>\n<td align=\"right\" valign=\"bottom\" height=\"42\"><span style=\"background-color: #ff6600;\">34<\/span><\/td>\n<td align=\"left\" valign=\"bottom\"><span style=\"background-color: #ff6600;\">Domeniconi Ramona<\/span><\/td>\n<td align=\"left\" valign=\"bottom\"><span style=\"background-color: #ff6600;\">23:09<\/span><\/td>\n<\/tr>\n<tr>\n<td align=\"right\" valign=\"bottom\" height=\"42\"><span style=\"background-color: #ff6600;\">40<\/span><\/td>\n<td align=\"left\" valign=\"bottom\"><span style=\"background-color: #ff6600;\">Stampanoni Olivia<\/span><\/td>\n<td align=\"left\" valign=\"bottom\"><span style=\"background-color: #ff6600;\">24:07<\/span><\/td>\n<\/tr>\n<\/tbody>\n<\/table>\n<p>USC al GP Bern 10 miglia<\/p>\n<table border=\"0\" cellspacing=\"0\"><colgroup span=\"3\" width=\"113\"><\/colgroup>\n<tbody>\n<tr>\n<td align=\"right\" valign=\"bottom\" height=\"42\"><span style=\"background-color: #33cccc;\">36<\/span><\/td>\n<td align=\"left\" valign=\"bottom\"><span style=\"background-color: #33cccc;\">Zanetti Alessandro<\/span><\/td>\n<td align=\"left\" valign=\"bottom\"><span style=\"background-color: #33cccc;\">1:01:18<\/span><\/td>\n<\/tr>\n<tr>\n<td align=\"right\" valign=\"bottom\" height=\"42\"><span style=\"background-color: #33cccc;\">29<\/span><\/td>\n<td align=\"left\" valign=\"bottom\"><span style=\"background-color: #33cccc;\">Domeniconi Alex<\/span><\/td>\n<td align=\"left\" valign=\"bottom\"><span style=\"background-color: #33cccc;\">1:02:55<\/span><\/td>\n<\/tr>\n<tr>\n<td align=\"right\" valign=\"bottom\" height=\"42\"><span style=\"background-color: #33cccc;\">17<\/span><\/td>\n<td align=\"left\" valign=\"bottom\"><span style=\"background-color: #33cccc;\">Lorenzetti Valerio<\/span><\/td>\n<td align=\"left\" valign=\"bottom\"><span style=\"background-color: #33cccc;\">1:03:45<\/span><\/td>\n<\/tr>\n<tr>\n<td align=\"right\" valign=\"bottom\" height=\"42\"><span style=\"background-color: #33cccc;\">45<\/span><\/td>\n<td align=\"left\" valign=\"bottom\"><span style=\"background-color: #33cccc;\">Stampanoni Jonathan<\/span><\/td>\n<td align=\"left\" valign=\"bottom\"><span style=\"background-color: #33cccc;\">1:08:01<\/span><\/td>\n<\/tr>\n<tr>\n<td align=\"right\" valign=\"bottom\" height=\"42\"><span style=\"background-color: #33cccc;\">56<\/span><\/td>\n<td align=\"left\" valign=\"bottom\"><span style=\"background-color: #33cccc;\">Stampanoni Leonida<\/span><\/td>\n<td align=\"left\" valign=\"bottom\"><span style=\"background-color: #33cccc;\">1:09:33<\/span><\/td>\n<\/tr>\n<tr>\n<td align=\"right\" valign=\"bottom\" height=\"42\"><span style=\"background-color: #33cccc;\">353<\/span><\/td>\n<td align=\"left\" valign=\"bottom\"><span style=\"background-color: #33cccc;\">Storni Raffaele<\/span><\/td>\n<td align=\"left\" valign=\"bottom\"><span style=\"background-color: #33cccc;\">1:11:07<\/span><\/td>\n<\/tr>\n<tr>\n<td align=\"right\" valign=\"bottom\" height=\"23\"><span style=\"background-color: #33cccc;\">49<\/span><\/td>\n<td align=\"left\" valign=\"bottom\"><span style=\"background-color: #33cccc;\">Bertozzi Elisa<\/span><\/td>\n<td align=\"left\" valign=\"bottom\"><span style=\"background-color: #33cccc;\">1:12:20<\/span><\/td>\n<\/tr>\n<tr>\n<td align=\"right\" valign=\"bottom\" height=\"23\"><span style=\"background-color: #33cccc;\">65<\/span><\/td>\n<td align=\"left\" valign=\"bottom\"><span style=\"background-color: #33cccc;\">Botti Rachele<\/span><\/td>\n<td align=\"left\" valign=\"bottom\"><span style=\"background-color: #33cccc;\">1:13:24<\/span><\/td>\n<\/tr>\n<tr>\n<td align=\"right\" valign=\"bottom\" height=\"42\"><span style=\"background-color: #33cccc;\">66<\/span><\/td>\n<td align=\"left\" valign=\"bottom\"><span style=\"background-color: #33cccc;\">Bertozzi Silvano<\/span><\/td>\n<td align=\"left\" valign=\"bottom\"><span style=\"background-color: #33cccc;\">1:15:25<\/span><\/td>\n<\/tr>\n<tr>\n<td align=\"right\" valign=\"bottom\" height=\"42\"><span style=\"background-color: #33cccc;\">7<\/span><\/td>\n<td align=\"left\" valign=\"bottom\"><span style=\"background-color: #33cccc;\">Bertozzi Elena<\/span><\/td>\n<td align=\"left\" valign=\"bottom\"><span style=\"background-color: #33cccc;\">1:21:02<\/span><\/td>\n<\/tr>\n<tr>\n<td align=\"right\" valign=\"bottom\" height=\"42\"><span style=\"background-color: #33cccc;\">21<\/span><\/td>\n<td align=\"left\" valign=\"bottom\"><span style=\"background-color: #33cccc;\">Stampanoni Selina<\/span><\/td>\n<td align=\"left\" valign=\"bottom\"><span style=\"background-color: #33cccc;\">1:29:13<\/span><\/td>\n<\/tr>\n<\/tbody>\n<\/table>\n","protected":false},"excerpt":{"rendered":"<p>Il GP Bern, la grande classica di primavera del podismo svizzero, ha visto al via una quindicina di Capriaschesi tra i trentamila che hanno animato le strade della capitale di corsa. Tra i fedelissimi Elia, che festeggia la terza vittoria di categoria nell&#8217;Altstadt GP vinto da Fabian Aebersold e Delia Sclabasi. Nella 10 miglia pi\u00f9 bella del mondo vincono Dominik Lobalu e Fabienne Schlumpf. Alessandro, Alex e Valerio sono i pi\u00f9 veloci USC.\u00a0 Le classifiche&#8230;<\/p>\n","protected":false},"author":4,"featured_media":18860,"comment_status":"closed","ping_status":"closed","sticky":false,"template":"","format":"standard","meta":{"jetpack_post_was_ever_published":false,"_jetpack_newsletter_access":"","_jetpack_dont_email_post_to_subs":false,"_jetpack_newsletter_tier_id":0,"_jetpack_memberships_contains_paywalled_content":false,"_jetpack_memberships_contains_paid_content":false,"footnotes":"","jetpack_publicize_message":"","jetpack_publicize_feature_enabled":true,"jetpack_social_post_already_shared":true,"jetpack_social_options":{"image_generator_settings":{"template":"highway","default_image_id":0,"font":"","enabled":false},"version":2}},"categories":[5,9],"tags":[],"class_list":["post-19348","post","type-post","status-publish","format-standard","has-post-thumbnail","hentry","category-podismo","category-sport"],"jetpack_publicize_connections":[],"jetpack_featured_media_url":"https:\/\/i0.wp.com\/uscatletica.ch\/wp\/wp-content\/uploads\/2024\/02\/CrossMendrisio2024-FotoMCV.jpg?fit=559%2C503&ssl=1","jetpack_sharing_enabled":true,"jetpack_shortlink":"https:\/\/wp.me\/p6V7Ck-524","jetpack-related-posts":[{"id":20830,"url":"https:\/\/uscatletica.ch\/wp\/?p=20830","url_meta":{"origin":19348,"position":0},"title":"Elia vince l&#8217;Altstadt GP Alex sotto l&#8217;ora nel GP","author":"Leonida Stampanoni","date":"10 Maggio 2025","format":false,"excerpt":"Una splendida e forse fin troppo calda giornata primaverile ha salutato i 35600 partecipanti alla 43 edizione del GP Bern. Sulla distanza originale doppietta Kenyana con il gi\u00e0 campione del mondo Geoffrey Kamworor e Rebecca Chepkwemoi. Nell'Altstadt GP sui 4.7 km vincono Hamsa Dhabar e Celine Aebi che solo nel\u2026","rel":"","context":"In &quot;Podismo&quot;","block_context":{"text":"Podismo","link":"https:\/\/uscatletica.ch\/wp\/?cat=5"},"img":{"alt_text":"","src":"https:\/\/i0.wp.com\/uscatletica.ch\/wp\/wp-content\/uploads\/2023\/05\/23gpbernelia.jpg?fit=432%2C324&ssl=1&resize=350%2C200","width":350,"height":200},"classes":[]},{"id":15184,"url":"https:\/\/uscatletica.ch\/wp\/?p=15184","url_meta":{"origin":19348,"position":1},"title":"John ed Elia sul Podio a Berna","author":"Leonida Stampanoni","date":"14 Maggio 2022","format":false,"excerpt":"La 40ima edizione del GP Bern ha regalato parecchie soddisfazioni agli atleti USC presenti nella capitale. Due i podidi categoria: uno nella 10 miglia pi\u00f9 bella del mondo per John e uno nell'Altstadt GP per Elia sui 4.7 \u00a0km. Tutti i risultati live\u00a0 Nella 10 miglia \u00a0le vittorie assolute sono\u2026","rel":"","context":"In &quot;Podismo&quot;","block_context":{"text":"Podismo","link":"https:\/\/uscatletica.ch\/wp\/?cat=5"},"img":{"alt_text":"","src":"https:\/\/i0.wp.com\/uscatletica.ch\/wp\/wp-content\/uploads\/2022\/05\/GP-Bern-22.jpg?fit=514%2C270&ssl=1&resize=350%2C200","width":350,"height":200},"classes":[]},{"id":13621,"url":"https:\/\/uscatletica.ch\/wp\/?p=13621","url_meta":{"origin":19348,"position":2},"title":"Gli &#8220;Stampa&#8221; brillanti a Berna","author":"Stampa E","date":"11 Ottobre 2021","format":false,"excerpt":"Sabato e domenica si \u00e8 svolta in \u201cformato pandemia\u201d la 39\u00b0 edizione del Grand Prix di Berna. Nella capitale le gare si sono diluite su due giorni e a blocchi. Per l\u2019USC c\u2019\u00e8 stata la folta presenza della famiglia Stampanoni che ha ottenuto podi e brillanti risultati nell\u2019Altstadt GP e\u2026","rel":"","context":"In &quot;Podismo&quot;","block_context":{"text":"Podismo","link":"https:\/\/uscatletica.ch\/wp\/?cat=5"},"img":{"alt_text":"","src":"https:\/\/i0.wp.com\/uscatletica.ch\/wp\/wp-content\/uploads\/2021\/10\/GBBerna2021.jpg?resize=350%2C200&ssl=1","width":350,"height":200,"srcset":"https:\/\/i0.wp.com\/uscatletica.ch\/wp\/wp-content\/uploads\/2021\/10\/GBBerna2021.jpg?resize=350%2C200&ssl=1 1x, https:\/\/i0.wp.com\/uscatletica.ch\/wp\/wp-content\/uploads\/2021\/10\/GBBerna2021.jpg?resize=525%2C300&ssl=1 1.5x, https:\/\/i0.wp.com\/uscatletica.ch\/wp\/wp-content\/uploads\/2021\/10\/GBBerna2021.jpg?resize=700%2C400&ssl=1 2x"},"classes":[]},{"id":8076,"url":"https:\/\/uscatletica.ch\/wp\/?p=8076","url_meta":{"origin":19348,"position":3},"title":"GP Bern Vola Kamworor Altstadt GP Elia primo M40","author":"Leonida Stampanoni","date":"11 Maggio 2019","format":false,"excerpt":"In una pazza giornata di primavera erano oltre 30000 gli atleti al via del GP BERN una ventina i capriaschesi. Nella classica 10 miglia il due volte campione del mondo di cross e tre volte campione del mondo di mezza maratona Geofrrey Kamworor ha firmato uno stellare primato del percorso\u2026","rel":"","context":"In &quot;Podismo&quot;","block_context":{"text":"Podismo","link":"https:\/\/uscatletica.ch\/wp\/?cat=5"},"img":{"alt_text":"","src":"https:\/\/i0.wp.com\/uscatletica.ch\/wp\/wp-content\/uploads\/2016\/05\/P1400304.jpg?fit=563%2C422&ssl=1&resize=350%2C200","width":350,"height":200,"srcset":"https:\/\/i0.wp.com\/uscatletica.ch\/wp\/wp-content\/uploads\/2016\/05\/P1400304.jpg?fit=563%2C422&ssl=1&resize=350%2C200 1x, https:\/\/i0.wp.com\/uscatletica.ch\/wp\/wp-content\/uploads\/2016\/05\/P1400304.jpg?fit=563%2C422&ssl=1&resize=525%2C300 1.5x"},"classes":[]},{"id":17288,"url":"https:\/\/uscatletica.ch\/wp\/?p=17288","url_meta":{"origin":19348,"position":4},"title":"Elia secondo al GP Bern","author":"Leonida Stampanoni","date":"13 Maggio 2023","format":false,"excerpt":"Alla 41 edizione del GP Bern, una delle grandi classiche del panorama svizzero con quasi 25000 partecipanti, come sempre c'era anche l'USC, con sei presenze. Sulla distanza corta Elia conferma di essere tra i migliori ottenendo il 24esimo tempo assoluto ed il secondo rango tra gli M40. \u00a0Bravi anche Patrizia\u2026","rel":"","context":"In &quot;Podismo&quot;","block_context":{"text":"Podismo","link":"https:\/\/uscatletica.ch\/wp\/?cat=5"},"img":{"alt_text":"","src":"https:\/\/i0.wp.com\/uscatletica.ch\/wp\/wp-content\/uploads\/2023\/05\/23gpbernelia.jpg?fit=432%2C324&ssl=1&resize=350%2C200","width":350,"height":200},"classes":[]},{"id":20816,"url":"https:\/\/uscatletica.ch\/wp\/?p=20816","url_meta":{"origin":19348,"position":5},"title":"USC un fine settimana in gara nelle Capitali","author":"Leonida Stampanoni","date":"10 Maggio 2025","format":false,"excerpt":"Il mese di maggio sar\u00e0 uno dei pi\u00f9 intensi dell'anno, nel fine settimana Atleti e atlete USC saranno in gara tra Bellinzona, dove il comunale ospiter\u00e0 il meeting d'apertura, e Bern, dove il GP Bern accogliera trentamila partecipanti. All'Ombra dei Castelli una decina le USCine al via. Tra le vie\u2026","rel":"","context":"In &quot;Pista&quot;","block_context":{"text":"Pista","link":"https:\/\/uscatletica.ch\/wp\/?cat=4"},"img":{"alt_text":"","src":"https:\/\/i0.wp.com\/uscatletica.ch\/wp\/wp-content\/uploads\/2022\/09\/Gala.jpg?fit=753%2C257&ssl=1&resize=350%2C200","width":350,"height":200,"srcset":"https:\/\/i0.wp.com\/uscatletica.ch\/wp\/wp-content\/uploads\/2022\/09\/Gala.jpg?fit=753%2C257&ssl=1&resize=350%2C200 1x, https:\/\/i0.wp.com\/uscatletica.ch\/wp\/wp-content\/uploads\/2022\/09\/Gala.jpg?fit=753%2C257&ssl=1&resize=525%2C300 1.5x, https:\/\/i0.wp.com\/uscatletica.ch\/wp\/wp-content\/uploads\/2022\/09\/Gala.jpg?fit=753%2C257&ssl=1&resize=700%2C400 2x"},"classes":[]}],"_links":{"self":[{"href":"https:\/\/uscatletica.ch\/wp\/index.php?rest_route=\/wp\/v2\/posts\/19348","targetHints":{"allow":["GET"]}}],"collection":[{"href":"https:\/\/uscatletica.ch\/wp\/index.php?rest_route=\/wp\/v2\/posts"}],"about":[{"href":"https:\/\/uscatletica.ch\/wp\/index.php?rest_route=\/wp\/v2\/types\/post"}],"author":[{"embeddable":true,"href":"https:\/\/uscatletica.ch\/wp\/index.php?rest_route=\/wp\/v2\/users\/4"}],"replies":[{"embeddable":true,"href":"https:\/\/uscatletica.ch\/wp\/index.php?rest_route=%2Fwp%2Fv2%2Fcomments&post=19348"}],"version-history":[{"count":6,"href":"https:\/\/uscatletica.ch\/wp\/index.php?rest_route=\/wp\/v2\/posts\/19348\/revisions"}],"predecessor-version":[{"id":19358,"href":"https:\/\/uscatletica.ch\/wp\/index.php?rest_route=\/wp\/v2\/posts\/19348\/revisions\/19358"}],"wp:featuredmedia":[{"embeddable":true,"href":"https:\/\/uscatletica.ch\/wp\/index.php?rest_route=\/wp\/v2\/media\/18860"}],"wp:attachment":[{"href":"https:\/\/uscatletica.ch\/wp\/index.php?rest_route=%2Fwp%2Fv2%2Fmedia&parent=19348"}],"wp:term":[{"taxonomy":"category","embeddable":true,"href":"https:\/\/uscatletica.ch\/wp\/index.php?rest_route=%2Fwp%2Fv2%2Fcategories&post=19348"},{"taxonomy":"post_tag","embeddable":true,"href":"https:\/\/uscatletica.ch\/wp\/index.php?rest_route=%2Fwp%2Fv2%2Ftags&post=19348"}],"curies":[{"name":"wp","href":"https:\/\/api.w.org\/{rel}","templated":true}]}}