{"id":19379,"date":"2024-05-25T06:59:02","date_gmt":"2024-05-25T04:59:02","guid":{"rendered":"https:\/\/uscatletica.ch\/wp\/?p=19379"},"modified":"2024-05-25T06:59:07","modified_gmt":"2024-05-25T04:59:07","slug":"ligornetto-lugano-bressanone-gli-appuntamenti-del-fine-settimana","status":"publish","type":"post","link":"https:\/\/uscatletica.ch\/wp\/?p=19379","title":{"rendered":"Ligornetto Lugano Bressanone gli appuntamenti del fine settimana"},"content":{"rendered":"\n<p>L&#8217;ultimo fine settimana di maggio vedr\u00e0 l&#8217;USC impegnata su tre fronti sabato \u00a0due squadre di U12 saranno al via della 67 edizione della Staffetta Vigor. Domenica saranno una decina abbondante i velocisti impegnati alla finale Visana Sprint di Lugano. Marta invece sar\u00e0 a Bressanone con la selezione Ticino per il Brixia Meeting .\u00a0<\/p>\n<p><a href=\"https:\/\/www.fidal.it\/risultati\/2024\/COD11343\/Iscrizioni\/TIC.html\" target=\"_blank\" rel=\"noopener\">risultati live da Bressanone <\/a><\/p>\n","protected":false},"excerpt":{"rendered":"<p>L&#8217;ultimo fine settimana di maggio vedr\u00e0 l&#8217;USC impegnata su tre fronti sabato \u00a0due squadre di U12 saranno al via della 67 edizione della Staffetta Vigor. Domenica saranno una decina abbondante i velocisti impegnati alla finale Visana Sprint di Lugano. Marta invece sar\u00e0 a Bressanone con la selezione Ticino per il Brixia Meeting .\u00a0 risultati live da Bressanone<\/p>\n","protected":false},"author":4,"featured_media":19325,"comment_status":"closed","ping_status":"closed","sticky":false,"template":"","format":"standard","meta":{"jetpack_post_was_ever_published":false,"_jetpack_newsletter_access":"","_jetpack_dont_email_post_to_subs":false,"_jetpack_newsletter_tier_id":0,"_jetpack_memberships_contains_paywalled_content":false,"_jetpack_memberships_contains_paid_content":false,"footnotes":"","jetpack_publicize_message":"","jetpack_publicize_feature_enabled":true,"jetpack_social_post_already_shared":true,"jetpack_social_options":{"image_generator_settings":{"template":"highway","default_image_id":0,"font":"","enabled":false},"version":2}},"categories":[4,9,8],"tags":[],"class_list":["post-19379","post","type-post","status-publish","format-standard","has-post-thumbnail","hentry","category-pista","category-sport","category-staffette"],"jetpack_publicize_connections":[],"jetpack_featured_media_url":"https:\/\/i0.wp.com\/uscatletica.ch\/wp\/wp-content\/uploads\/2024\/05\/Maglia-USC-2023-2.jpg?fit=1700%2C1940&ssl=1","jetpack_sharing_enabled":true,"jetpack_shortlink":"https:\/\/wp.me\/p6V7Ck-52z","jetpack-related-posts":[{"id":15303,"url":"https:\/\/uscatletica.ch\/wp\/?p=15303","url_meta":{"origin":19379,"position":0},"title":"Gare a Lugano, Bressanone e Ligornetto","author":"Leonida Stampanoni","date":"28 Maggio 2022","format":false,"excerpt":"Il fine settimana USC sar\u00e0 intenso per l'USC tre impegni si comincia sabato allo stadio di Cornaredo con la finale cantonale Visana Sprint con sei uscine al via Aubree, Anais, Alice, Jennis, Melissa, Marta.\u00a0 Morena e Matilda invece con la selezione Ticino andranno per il fine settimana a Bressanone per\u2026","rel":"","context":"In &quot;Pista&quot;","block_context":{"text":"Pista","link":"https:\/\/uscatletica.ch\/wp\/?cat=4"},"img":{"alt_text":"","src":"https:\/\/i0.wp.com\/uscatletica.ch\/wp\/wp-content\/uploads\/2022\/05\/220105stralos.png?fit=432%2C288&ssl=1&resize=350%2C200","width":350,"height":200},"classes":[]},{"id":1716,"url":"https:\/\/uscatletica.ch\/wp\/?p=1716","url_meta":{"origin":19379,"position":1},"title":"Simone a Bressanone, sabato tra Bern e Sarnen domenica ticinese.","author":"Leonida Stampanoni","date":"13 Maggio 2016","format":false,"excerpt":"Il fine settimana di Pentecoste sar\u00e0 particolarmente intenso dal punto di vista atletico Simone difender\u00e0 i colori USC nella prima uscita da CT di Luca Romerio al Brixia Meeting di Bressanone. Sabato \u00a0una decina di USCini saranno a Sarnen \u00a0per il tradizionale meeting primaverile. \u00a03000o Podisti saranno al via del\u2026","rel":"","context":"In &quot;Pista&quot;","block_context":{"text":"Pista","link":"https:\/\/uscatletica.ch\/wp\/?cat=4"},"img":{"alt_text":"","src":"https:\/\/i0.wp.com\/uscatletica.ch\/wp\/wp-content\/uploads\/2015\/09\/argealpAI2015HERISAU.jpeg?fit=960%2C540&ssl=1&resize=350%2C200","width":350,"height":200,"srcset":"https:\/\/i0.wp.com\/uscatletica.ch\/wp\/wp-content\/uploads\/2015\/09\/argealpAI2015HERISAU.jpeg?fit=960%2C540&ssl=1&resize=350%2C200 1x, https:\/\/i0.wp.com\/uscatletica.ch\/wp\/wp-content\/uploads\/2015\/09\/argealpAI2015HERISAU.jpeg?fit=960%2C540&ssl=1&resize=525%2C300 1.5x, https:\/\/i0.wp.com\/uscatletica.ch\/wp\/wp-content\/uploads\/2015\/09\/argealpAI2015HERISAU.jpeg?fit=960%2C540&ssl=1&resize=700%2C400 2x"},"classes":[]},{"id":6017,"url":"https:\/\/uscatletica.ch\/wp\/?p=6017","url_meta":{"origin":19379,"position":2},"title":"CSI USCini al gran completo","author":"Leonida Stampanoni","date":"11 Maggio 2018","format":false,"excerpt":"Il Ticino \u00e8 in piena febbre dell'oro con gli orientisti rossocrociato che hanno una media di un titolo al giorno, l'atletica ticinese non si ferma e sabato lo Stadio di Cornaredo ospiter\u00e0 l'edizione 2018 dei CSI. Sabato 12 maggio sar\u00e0 una data storica per l'USC che presenter\u00e0 al via ben\u2026","rel":"","context":"In &quot;Pista&quot;","block_context":{"text":"Pista","link":"https:\/\/uscatletica.ch\/wp\/?cat=4"},"img":{"alt_text":"","src":"https:\/\/i0.wp.com\/uscatletica.ch\/wp\/wp-content\/uploads\/2017\/05\/P1470021.jpg?fit=563%2C422&ssl=1&resize=350%2C200","width":350,"height":200,"srcset":"https:\/\/i0.wp.com\/uscatletica.ch\/wp\/wp-content\/uploads\/2017\/05\/P1470021.jpg?fit=563%2C422&ssl=1&resize=350%2C200 1x, https:\/\/i0.wp.com\/uscatletica.ch\/wp\/wp-content\/uploads\/2017\/05\/P1470021.jpg?fit=563%2C422&ssl=1&resize=525%2C300 1.5x"},"classes":[]},{"id":6054,"url":"https:\/\/uscatletica.ch\/wp\/?p=6054","url_meta":{"origin":19379,"position":3},"title":"Selezione Ticino brava Giada","author":"Leonida Stampanoni","date":"21 Maggio 2018","format":false,"excerpt":"Domenica alla 36 edizione del meeting Brixia Athletics a difendere i colori del Ticino nella sfida con 19 regioni del centro europa c'era anche la nostra Giada che scendeva in pedana nel peso. Nel fine settimana altri tre atleti ticinese hanno ottenuto il limite per i campionati europei e mondiali\u2026","rel":"","context":"In &quot;Pista&quot;","block_context":{"text":"Pista","link":"https:\/\/uscatletica.ch\/wp\/?cat=4"},"img":{"alt_text":"","src":"https:\/\/i0.wp.com\/uscatletica.ch\/wp\/wp-content\/uploads\/2017\/09\/argealp2017TICINO.jpeg?fit=960%2C720&ssl=1&resize=350%2C200","width":350,"height":200,"srcset":"https:\/\/i0.wp.com\/uscatletica.ch\/wp\/wp-content\/uploads\/2017\/09\/argealp2017TICINO.jpeg?fit=960%2C720&ssl=1&resize=350%2C200 1x, https:\/\/i0.wp.com\/uscatletica.ch\/wp\/wp-content\/uploads\/2017\/09\/argealp2017TICINO.jpeg?fit=960%2C720&ssl=1&resize=525%2C300 1.5x, https:\/\/i0.wp.com\/uscatletica.ch\/wp\/wp-content\/uploads\/2017\/09\/argealp2017TICINO.jpeg?fit=960%2C720&ssl=1&resize=700%2C400 2x"},"classes":[]},{"id":20947,"url":"https:\/\/uscatletica.ch\/wp\/?p=20947","url_meta":{"origin":19379,"position":4},"title":"Da Bressanone a Dongio USC in grande forma","author":"Leonida Stampanoni","date":"25 Maggio 2025","format":false,"excerpt":"La selezione Ticino U18 era impegnata nella classica trasferta di Bressanone, il meeting si \u00e8 rinnovato diventando Brixia next gen per l'USC era presente Alice che sui 100 m ha abbassato il proprio primato personale. Il meeting scolari di Dongio \u00e8 una grande classica del calendario atletico cantonale, Kayla e\u2026","rel":"","context":"In &quot;Pista&quot;","block_context":{"text":"Pista","link":"https:\/\/uscatletica.ch\/wp\/?cat=4"},"img":{"alt_text":"","src":"https:\/\/i0.wp.com\/uscatletica.ch\/wp\/wp-content\/uploads\/2023\/05\/230501rivaukcuscfoto-e1683127197894.jpg?fit=432%2C324&ssl=1&resize=350%2C200","width":350,"height":200},"classes":[]},{"id":6042,"url":"https:\/\/uscatletica.ch\/wp\/?p=6042","url_meta":{"origin":19379,"position":5},"title":"Giada a Bressanone I podisti tra GP Bern Ritom e Malvaglia","author":"Leonida Stampanoni","date":"17 Maggio 2018","format":false,"excerpt":"Il lungo fine settimana di Pentecoste \u00e8 ricco di appuntamenti atletici e podistici, Giada sar\u00e0 a Bressanone con i colori del Ticino per il Brixia meeting. Nella capitale ci sar\u00e0 la solita delegazione USC al GP Bern la 10 miglia pi\u00f9 bella al mondo, La coppa ASTi prevede un doppio\u2026","rel":"","context":"In &quot;Montagna&quot;","block_context":{"text":"Montagna","link":"https:\/\/uscatletica.ch\/wp\/?cat=16"},"img":{"alt_text":"","src":"https:\/\/i0.wp.com\/uscatletica.ch\/wp\/wp-content\/uploads\/2017\/10\/giadagiavepo2.jpg?fit=531%2C320&ssl=1&resize=350%2C200","width":350,"height":200,"srcset":"https:\/\/i0.wp.com\/uscatletica.ch\/wp\/wp-content\/uploads\/2017\/10\/giadagiavepo2.jpg?fit=531%2C320&ssl=1&resize=350%2C200 1x, https:\/\/i0.wp.com\/uscatletica.ch\/wp\/wp-content\/uploads\/2017\/10\/giadagiavepo2.jpg?fit=531%2C320&ssl=1&resize=525%2C300 1.5x"},"classes":[]}],"_links":{"self":[{"href":"https:\/\/uscatletica.ch\/wp\/index.php?rest_route=\/wp\/v2\/posts\/19379","targetHints":{"allow":["GET"]}}],"collection":[{"href":"https:\/\/uscatletica.ch\/wp\/index.php?rest_route=\/wp\/v2\/posts"}],"about":[{"href":"https:\/\/uscatletica.ch\/wp\/index.php?rest_route=\/wp\/v2\/types\/post"}],"author":[{"embeddable":true,"href":"https:\/\/uscatletica.ch\/wp\/index.php?rest_route=\/wp\/v2\/users\/4"}],"replies":[{"embeddable":true,"href":"https:\/\/uscatletica.ch\/wp\/index.php?rest_route=%2Fwp%2Fv2%2Fcomments&post=19379"}],"version-history":[{"count":2,"href":"https:\/\/uscatletica.ch\/wp\/index.php?rest_route=\/wp\/v2\/posts\/19379\/revisions"}],"predecessor-version":[{"id":19383,"href":"https:\/\/uscatletica.ch\/wp\/index.php?rest_route=\/wp\/v2\/posts\/19379\/revisions\/19383"}],"wp:featuredmedia":[{"embeddable":true,"href":"https:\/\/uscatletica.ch\/wp\/index.php?rest_route=\/wp\/v2\/media\/19325"}],"wp:attachment":[{"href":"https:\/\/uscatletica.ch\/wp\/index.php?rest_route=%2Fwp%2Fv2%2Fmedia&parent=19379"}],"wp:term":[{"taxonomy":"category","embeddable":true,"href":"https:\/\/uscatletica.ch\/wp\/index.php?rest_route=%2Fwp%2Fv2%2Fcategories&post=19379"},{"taxonomy":"post_tag","embeddable":true,"href":"https:\/\/uscatletica.ch\/wp\/index.php?rest_route=%2Fwp%2Fv2%2Ftags&post=19379"}],"curies":[{"name":"wp","href":"https:\/\/api.w.org\/{rel}","templated":true}]}}