{"id":19392,"date":"2024-05-26T18:10:37","date_gmt":"2024-05-26T16:10:37","guid":{"rendered":"https:\/\/uscatletica.ch\/wp\/?p=19392"},"modified":"2024-05-26T18:48:59","modified_gmt":"2024-05-26T16:48:59","slug":"alice-e-martino-secondi-a-cornaredo","status":"publish","type":"post","link":"https:\/\/uscatletica.ch\/wp\/?p=19392","title":{"rendered":"Alice e Martino secondi a Cornaredo"},"content":{"rendered":"\n<p>Nella cornice dello stadio di Cornaredo la finale cantonale Visana Sprint cercava i ragazzi e le ragazze pi\u00f9 veloci del Ticino ben 10 le presenze USC. Alice che lo scorso anno vinse il titolo per il 2009 ha ottenuto un ottimo secondo rango alle spalle di Azzurra Visetti . Alla seconda partecipazione Martino pur non al meglio ha sfiorato la vittoria. Ai piedi del podio troviamo Maja, Caterina e Michelle che si sono meritate il diploma bravi Asia, Alicia, Jacopo e Leo. Milo Vigani \u00e8 invece il ragazzo pi\u00f9 veloce del Ticino al maschile\u00a0<\/p>\n<p>Grande onore per Marta che ha difeso i colori del Ticino in occasione del Brixia Meeting dove con un balzo di 5.31 ha sfiorato il primato sociale.\u00a0<\/p>\n<p><a href=\"https:\/\/slv.laportal.net\/Competitions\/Resultoverview\/13037\">risultati da Cornaredo<\/a>\u00a0<a href=\"https:\/\/www.fidal.it\/risultati\/2024\/COD11343\/Risultati\/RankingTeam200.html\" target=\"_blank\" rel=\"noopener\">risultati da Bressanone<\/a><\/p>\n<p>Negli 80 m Alice doveva difendere il titolo vinto \u00a0di misura lo scorso anno. Nella finale per il biglietto per Berna la nostra Alice esce bene dai blocchi ma la progressione della rivale \u00e8 incontenibile in 10&#8243;46 si inchina al 10.24 di Visetti. Nella finalissima per eleggere la pi\u00f9 veloce del Ticino la Visetti vola via in 10&#8243;19 Alice salva il secondo rango in 10&#8243;56. No\u00e9 chiude un bel 80 m in 11&#8243;07.\u00a0<\/p>\n<p>Sui per l&#8217;anno 2014 60 m Martino, un po acciaccato, vola via benissimo ma sul filo di lana in 9&#8243;41 deve concedere 2 centesimi al vincitore. Tra le ragazze Alicia chiude in 10&#8243;06 al dodicesimo rango.\u00a0<\/p>\n<p>Tra le nate nel 2013 le prime tre volano via Caterina finisce quarta a parimerito in 9&#8243;62 \u00a0un soffio davanti a Michelle. Jacopo nella sua prima finale \u00e8 diciassettesimo in 10&#8243;28.\u00a0<\/p>\n<p>Tra le 2012 vince Juliette Azar con il miglior tempo femminile di giornata in 8&#8243;18, Maja alla prima finale finisce a pochissimo dal podio con 8&#8243;89. \u00a0Per il 2011 Asia corre in 8&#8243;89 chiudendo undicesima, Leo nella sua prima finale corre in 10&#8243;28.\u00a0<\/p>\n<h4>Brixia prosegue la tradizione USC<\/h4>\n<p>La selezione Ticino U18 anche nel 2024 \u00e8 andata a Bressanone con un&#8217;atleta USC. La nostra Marta \u00a0reduce dal primato sociale uguagliato nell&#8217;alto a Tesserete in Alto Adige ha sfiorato quello nel salto in lungo con un bellissimo balzo a 5.31 \u00e8 arrivata ad un solo cm da C\u00e9line Vicari. Nel salto d&#8217;entrata \u00a0\u00e8 atterrata a 5.23 m\u00a0<\/p>\n<p>80 m<\/p>\n<p>2009 f 2 Alice Petralli 10&#8243;46 \u00a02 finalissima Alice Petralli 10&#8243;56<\/p>\n<p>2009 m 11 No\u00e9 Volger 11&#8243;07<\/p>\n<p>60 m\u00a0<\/p>\n<p>2011 11. Asia Corti \u00a08&#8243;89<\/p>\n<p>2011 21 .Leo Amores 10.28<\/p>\n<p>2012 4 Maja Vucic 8&#8243;89<\/p>\n<p>2013 4. Caterina Gezzi 9&#8243;62 6 Michelle Bernasconi 9&#8243;70<\/p>\n<p>2013 17 Jacopo Volger 10&#8243;28<\/p>\n<p>2014 2 Martino Brenna 9&#8243;41\u00a0<\/p>\n<p>2014 12. Alicia Fretti 10&#8243;06<\/p>\n","protected":false},"excerpt":{"rendered":"<p>Nella cornice dello stadio di Cornaredo la finale cantonale Visana Sprint cercava i ragazzi e le ragazze pi\u00f9 veloci del Ticino ben 10 le presenze USC. Alice che lo scorso anno vinse il titolo per il 2009 ha ottenuto un ottimo secondo rango alle spalle di Azzurra Visetti . Alla seconda partecipazione Martino pur non al meglio ha sfiorato la vittoria. Ai piedi del podio troviamo Maja, Caterina e Michelle che si sono meritate il&#8230;<\/p>\n","protected":false},"author":4,"featured_media":17414,"comment_status":"closed","ping_status":"closed","sticky":false,"template":"","format":"standard","meta":{"jetpack_post_was_ever_published":false,"_jetpack_newsletter_access":"","_jetpack_dont_email_post_to_subs":false,"_jetpack_newsletter_tier_id":0,"_jetpack_memberships_contains_paywalled_content":false,"_jetpack_memberships_contains_paid_content":false,"footnotes":"","jetpack_publicize_message":"","jetpack_publicize_feature_enabled":true,"jetpack_social_post_already_shared":true,"jetpack_social_options":{"image_generator_settings":{"template":"highway","default_image_id":0,"font":"","enabled":false},"version":2}},"categories":[4,9],"tags":[],"class_list":["post-19392","post","type-post","status-publish","format-standard","has-post-thumbnail","hentry","category-pista","category-sport"],"jetpack_publicize_connections":[],"jetpack_featured_media_url":"https:\/\/i0.wp.com\/uscatletica.ch\/wp\/wp-content\/uploads\/2023\/05\/230528alpeotopb.jpg?fit=450%2C338&ssl=1","jetpack_sharing_enabled":true,"jetpack_shortlink":"https:\/\/wp.me\/p6V7Ck-52M","jetpack-related-posts":[{"id":17404,"url":"https:\/\/uscatletica.ch\/wp\/?p=17404","url_meta":{"origin":19392,"position":0},"title":"Sette USCine  alla Finale Visana Sprint a Cornaredo","author":"Leonida Stampanoni","date":"27 Maggio 2023","format":false,"excerpt":"Domenica il vecchio e storico stadio di Cornaredo \u00a0vivr\u00e0 la sua ultima gara di atletica prima di lasciare spazio al cantiere del nuovo polo sportivo luganese. La finale cantonale VIsana Sprint vedr\u00e0 al via quasi 200 ragazzi \u00a0tra cui 5 USCine (Alice, Anais, Asia, Jennis, Melissa ed un due USCini\u2026","rel":"","context":"In &quot;Pista&quot;","block_context":{"text":"Pista","link":"https:\/\/uscatletica.ch\/wp\/?cat=4"},"img":{"alt_text":"","src":"https:\/\/i0.wp.com\/uscatletica.ch\/wp\/wp-content\/uploads\/2022\/05\/P1180261.jpeg?fit=432%2C324&ssl=1&resize=350%2C200","width":350,"height":200},"classes":[]},{"id":12413,"url":"https:\/\/uscatletica.ch\/wp\/?p=12413","url_meta":{"origin":19392,"position":1},"title":"Swiss Athletics Sprint Anais e Alice in finale","author":"Leonida Stampanoni","date":"2 Giugno 2021","format":false,"excerpt":"Lo scorso anno la finale cantonale di Swiss Athletics Sprint regal\u00f2 all'USC una rara e preziosa vittoria grazie a Matilda che poi colse il quarto posto alla finale svizzera di Interlaken. Domani a Cornaredo \u00a0saranno Anais ed Alice brave. a qualificarsi a Valgersa a battersi sui 60 m mentre sugli\u2026","rel":"","context":"In &quot;Pista&quot;","block_context":{"text":"Pista","link":"https:\/\/uscatletica.ch\/wp\/?cat=4"},"img":{"alt_text":"","src":"https:\/\/i0.wp.com\/uscatletica.ch\/wp\/wp-content\/uploads\/2021\/05\/210519rv2008OO.jpg?fit=432%2C324&ssl=1&resize=350%2C200","width":350,"height":200},"classes":[]},{"id":8279,"url":"https:\/\/uscatletica.ch\/wp\/?p=8279","url_meta":{"origin":19392,"position":2},"title":"FINALE DEL RAGAZZA PIU VELOCE TRIS USC A CORNAREDO","author":"Leonida Stampanoni","date":"29 Maggio 2019","format":false,"excerpt":"Gioved\u00ec sul rettilineo dello stadio di Cornaredo torna la finale del ragazzo pi\u00f9 veloce del Ticino che consegner\u00e0 12 biglietti per la finale svizzera del 21 settembre a Langenthal, dove domani Giada sar\u00e0 impegnata nel getto del peso e nel lancio del giavellotto. Domani a Cornaredo Pauline, Marta ed Alice\u2026","rel":"","context":"In &quot;Pista&quot;","block_context":{"text":"Pista","link":"https:\/\/uscatletica.ch\/wp\/?cat=4"},"img":{"alt_text":"","src":"https:\/\/i0.wp.com\/uscatletica.ch\/wp\/wp-content\/uploads\/2018\/05\/rv2018.jpg?fit=532%2C357&ssl=1&resize=350%2C200","width":350,"height":200,"srcset":"https:\/\/i0.wp.com\/uscatletica.ch\/wp\/wp-content\/uploads\/2018\/05\/rv2018.jpg?fit=532%2C357&ssl=1&resize=350%2C200 1x, https:\/\/i0.wp.com\/uscatletica.ch\/wp\/wp-content\/uploads\/2018\/05\/rv2018.jpg?fit=532%2C357&ssl=1&resize=525%2C300 1.5x"},"classes":[]},{"id":15308,"url":"https:\/\/uscatletica.ch\/wp\/?p=15308","url_meta":{"origin":19392,"position":3},"title":"Marta e Alice sul podio al Visana Sprint","author":"Leonida Stampanoni","date":"28 Maggio 2022","format":false,"excerpt":"Il Visana Sprint Mujinga Challenge ha vissuto sabato pomeriggio a Cornaredo la 50esima finale cantonale Ticinese sei le ragazze USC presenti sulle rive del Cassarate. Alice e Marta sono state bravissime a salire sul podio con un bel terzo posto. Bene anche Aubree, Anais, Jennis e Melissa bravissima chiara a\u2026","rel":"","context":"In &quot;Pista&quot;","block_context":{"text":"Pista","link":"https:\/\/uscatletica.ch\/wp\/?cat=4"},"img":{"alt_text":"","src":"https:\/\/i0.wp.com\/uscatletica.ch\/wp\/wp-content\/uploads\/2022\/05\/P1180261.jpeg?fit=432%2C324&ssl=1&resize=350%2C200","width":350,"height":200},"classes":[]},{"id":15303,"url":"https:\/\/uscatletica.ch\/wp\/?p=15303","url_meta":{"origin":19392,"position":4},"title":"Gare a Lugano, Bressanone e Ligornetto","author":"Leonida Stampanoni","date":"28 Maggio 2022","format":false,"excerpt":"Il fine settimana USC sar\u00e0 intenso per l'USC tre impegni si comincia sabato allo stadio di Cornaredo con la finale cantonale Visana Sprint con sei uscine al via Aubree, Anais, Alice, Jennis, Melissa, Marta.\u00a0 Morena e Matilda invece con la selezione Ticino andranno per il fine settimana a Bressanone per\u2026","rel":"","context":"In &quot;Pista&quot;","block_context":{"text":"Pista","link":"https:\/\/uscatletica.ch\/wp\/?cat=4"},"img":{"alt_text":"","src":"https:\/\/i0.wp.com\/uscatletica.ch\/wp\/wp-content\/uploads\/2022\/05\/220105stralos.png?fit=432%2C288&ssl=1&resize=350%2C200","width":350,"height":200},"classes":[]},{"id":17407,"url":"https:\/\/uscatletica.ch\/wp\/?p=17407","url_meta":{"origin":19392,"position":5},"title":"Alice vince la finale Visana Sprint ottima USC","author":"Leonida Stampanoni","date":"28 Maggio 2023","format":false,"excerpt":"L'USC si \u00e8 presentata all'ultima gara sulla pista di Cornaredo forte di ben 6 presenze. In un caldo pomeriggio primaverile, incastonato nel cantiere del nuovo Polo sportivo luganese, il rettilineo di Cornaredo ha accolto le frecce ticinesi a caccia di un posto per la finale Visana Sprint di Fribourg il\u2026","rel":"","context":"In &quot;Pista&quot;","block_context":{"text":"Pista","link":"https:\/\/uscatletica.ch\/wp\/?cat=4"},"img":{"alt_text":"","src":"https:\/\/i0.wp.com\/uscatletica.ch\/wp\/wp-content\/uploads\/2023\/05\/230528alpeotopb.jpg?fit=450%2C338&ssl=1&resize=350%2C200","width":350,"height":200},"classes":[]}],"_links":{"self":[{"href":"https:\/\/uscatletica.ch\/wp\/index.php?rest_route=\/wp\/v2\/posts\/19392","targetHints":{"allow":["GET"]}}],"collection":[{"href":"https:\/\/uscatletica.ch\/wp\/index.php?rest_route=\/wp\/v2\/posts"}],"about":[{"href":"https:\/\/uscatletica.ch\/wp\/index.php?rest_route=\/wp\/v2\/types\/post"}],"author":[{"embeddable":true,"href":"https:\/\/uscatletica.ch\/wp\/index.php?rest_route=\/wp\/v2\/users\/4"}],"replies":[{"embeddable":true,"href":"https:\/\/uscatletica.ch\/wp\/index.php?rest_route=%2Fwp%2Fv2%2Fcomments&post=19392"}],"version-history":[{"count":5,"href":"https:\/\/uscatletica.ch\/wp\/index.php?rest_route=\/wp\/v2\/posts\/19392\/revisions"}],"predecessor-version":[{"id":20423,"href":"https:\/\/uscatletica.ch\/wp\/index.php?rest_route=\/wp\/v2\/posts\/19392\/revisions\/20423"}],"wp:featuredmedia":[{"embeddable":true,"href":"https:\/\/uscatletica.ch\/wp\/index.php?rest_route=\/wp\/v2\/media\/17414"}],"wp:attachment":[{"href":"https:\/\/uscatletica.ch\/wp\/index.php?rest_route=%2Fwp%2Fv2%2Fmedia&parent=19392"}],"wp:term":[{"taxonomy":"category","embeddable":true,"href":"https:\/\/uscatletica.ch\/wp\/index.php?rest_route=%2Fwp%2Fv2%2Fcategories&post=19392"},{"taxonomy":"post_tag","embeddable":true,"href":"https:\/\/uscatletica.ch\/wp\/index.php?rest_route=%2Fwp%2Fv2%2Ftags&post=19392"}],"curies":[{"name":"wp","href":"https:\/\/api.w.org\/{rel}","templated":true}]}}