{"id":1940,"date":"2016-05-31T10:51:36","date_gmt":"2016-05-31T08:51:36","guid":{"rendered":"http:\/\/uscatletica.ch\/wp\/?p=1940"},"modified":"2016-06-03T08:41:33","modified_gmt":"2016-06-03T06:41:33","slug":"22-finalisti-usc-alla-kids-cup-di-bellinzona","status":"publish","type":"post","link":"https:\/\/uscatletica.ch\/wp\/?p=1940","title":{"rendered":"22 FINALISTI USC ALLA KIDS CUP DI BELLINZONA"},"content":{"rendered":"<p>La fase di Selezione verso la finale cantonale UBS KIDS CUP del 12 giugno a Bellinzona \u00e8 terminata \u00a0l&#8217;USC nel 2016 ha raggiunto un nuovo primato di partecipazione con 22 finalisti \u00a0sar\u00e0 quindi una giornata intensa e \u00a0festosa.<\/p>\n<p>Le iscrizioni scadono giovedi 9 giugno<\/p>\n<p><a href=\"http:\/\/www.ubs-kidscup.ch\/it\/startmoeglichkeiten-2016.html\" target=\"_blank\">IL LINK PER ISCRIVERSI<\/a>\u00a0\u00a0<a href=\"https:\/\/uscatletica.ch\/wp\/wp-content\/uploads\/2016\/05\/orariofinaleUKC20160612.pdf\">L&#8217; orario della finale <\/a><\/p>\n<p>l&#8217;Elenco dei Qualificati<\/p>\n<table border=\"0\" frame=\"VOID\" rules=\"NONE\" cellspacing=\"0\">\n<colgroup>\n<col width=\"44\" \/>\n<col width=\"173\" \/>\n<col width=\"56\" \/>\n<col width=\"48\" \/>\n<col width=\"177\" \/>\n<col width=\"58\" \/><\/colgroup>\n<tbody>\n<tr>\n<td colspan=\"6\" align=\"CENTER\" width=\"556\" height=\"22\">Aggiornata al 30.05.2016<\/td>\n<\/tr>\n<tr>\n<td colspan=\"3\" align=\"CENTER\" height=\"22\">W07<\/td>\n<td colspan=\"3\" align=\"CENTER\">M07<\/td>\n<\/tr>\n<tr>\n<td align=\"CENTER\" height=\"22\">3<\/td>\n<td align=\"LEFT\">Alice Petralli<\/td>\n<td align=\"RIGHT\">434<\/td>\n<td align=\"CENTER\">4<\/td>\n<td align=\"LEFT\">No\u00e9 Volger<\/td>\n<td align=\"RIGHT\">445<\/td>\n<\/tr>\n<tr>\n<td align=\"CENTER\" height=\"22\">15<\/td>\n<td align=\"LEFT\">Selina Castelli<\/td>\n<td align=\"RIGHT\">271<\/td>\n<td align=\"CENTER\">17<\/td>\n<td align=\"LEFT\">Tommaso Campana<\/td>\n<td align=\"RIGHT\">334<\/td>\n<\/tr>\n<tr>\n<td align=\"CENTER\" height=\"22\">25<\/td>\n<td align=\"LEFT\">Nina Antonini<\/td>\n<td align=\"RIGHT\">245<\/td>\n<td align=\"CENTER\">19<\/td>\n<td align=\"LEFT\">Diego Riccardi<\/td>\n<td align=\"RIGHT\">321<\/td>\n<\/tr>\n<tr>\n<td colspan=\"3\" align=\"CENTER\" height=\"22\">W08<\/td>\n<td colspan=\"3\" align=\"CENTER\">M08<\/td>\n<\/tr>\n<tr>\n<td align=\"CENTER\" height=\"22\"><\/td>\n<td align=\"LEFT\"><\/td>\n<td align=\"LEFT\"><\/td>\n<td align=\"CENTER\"><\/td>\n<td align=\"LEFT\"><\/td>\n<td align=\"LEFT\"><\/td>\n<\/tr>\n<tr>\n<td colspan=\"3\" align=\"CENTER\" height=\"22\">W09<\/td>\n<td colspan=\"3\" align=\"CENTER\">M09<\/td>\n<\/tr>\n<tr>\n<td align=\"CENTER\" height=\"22\"><\/td>\n<td align=\"LEFT\"><\/td>\n<td align=\"LEFT\"><\/td>\n<td align=\"CENTER\"><\/td>\n<td align=\"LEFT\"><\/td>\n<td align=\"LEFT\"><\/td>\n<\/tr>\n<tr>\n<td colspan=\"3\" align=\"CENTER\" height=\"22\">W10<\/td>\n<td colspan=\"3\" align=\"CENTER\">M10<\/td>\n<\/tr>\n<tr>\n<td align=\"CENTER\" height=\"22\">18<\/td>\n<td align=\"LEFT\">Lara Sasselli<\/td>\n<td align=\"RIGHT\">896<\/td>\n<td align=\"CENTER\"><\/td>\n<td align=\"LEFT\"><\/td>\n<td align=\"LEFT\"><\/td>\n<\/tr>\n<tr>\n<td colspan=\"3\" align=\"CENTER\" height=\"22\">W11<\/td>\n<td colspan=\"3\" align=\"CENTER\">M11<\/td>\n<\/tr>\n<tr>\n<td align=\"CENTER\" height=\"22\">1<\/td>\n<td align=\"LEFT\">Morena Hutter<\/td>\n<td align=\"RIGHT\">1589<\/td>\n<td align=\"CENTER\"><\/td>\n<td align=\"LEFT\"><\/td>\n<td align=\"LEFT\"><\/td>\n<\/tr>\n<tr>\n<td align=\"CENTER\" height=\"22\">7<\/td>\n<td align=\"LEFT\">Matilda Rosa<\/td>\n<td align=\"RIGHT\">1210<\/td>\n<td align=\"CENTER\"><\/td>\n<td align=\"LEFT\"><\/td>\n<td align=\"LEFT\"><\/td>\n<\/tr>\n<tr>\n<td align=\"CENTER\" height=\"22\">12<\/td>\n<td align=\"LEFT\">Gaia Iten<\/td>\n<td align=\"RIGHT\">1158<\/td>\n<td align=\"CENTER\"><\/td>\n<td align=\"LEFT\"><\/td>\n<td align=\"LEFT\"><\/td>\n<\/tr>\n<tr>\n<td colspan=\"3\" align=\"CENTER\" height=\"22\">W12<\/td>\n<td colspan=\"3\" align=\"CENTER\">M12<\/td>\n<\/tr>\n<tr>\n<td align=\"CENTER\" height=\"22\"><\/td>\n<td align=\"LEFT\"><\/td>\n<td align=\"LEFT\"><\/td>\n<td align=\"CENTER\">10<\/td>\n<td align=\"LEFT\">Florian Sasselli<\/td>\n<td align=\"RIGHT\">1258<\/td>\n<\/tr>\n<tr>\n<td align=\"CENTER\" height=\"22\"><\/td>\n<td align=\"LEFT\"><\/td>\n<td align=\"LEFT\"><\/td>\n<td align=\"CENTER\">21<\/td>\n<td align=\"LEFT\">Louis Tamiati<\/td>\n<td align=\"RIGHT\">1112<\/td>\n<\/tr>\n<tr>\n<td colspan=\"3\" align=\"CENTER\" height=\"22\">W13<\/td>\n<td colspan=\"3\" align=\"CENTER\">M13<\/td>\n<\/tr>\n<tr>\n<td align=\"CENTER\" height=\"22\">8<\/td>\n<td align=\"LEFT\">Gea Collura<\/td>\n<td align=\"RIGHT\">1567<\/td>\n<td align=\"CENTER\"><\/td>\n<td align=\"LEFT\"><\/td>\n<td align=\"LEFT\"><\/td>\n<\/tr>\n<tr>\n<td align=\"CENTER\" height=\"22\">21<\/td>\n<td align=\"LEFT\">Matilde Stampanoni<\/td>\n<td align=\"RIGHT\">1313<\/td>\n<td align=\"CENTER\"><\/td>\n<td align=\"LEFT\"><\/td>\n<td align=\"LEFT\"><\/td>\n<\/tr>\n<tr>\n<td colspan=\"3\" align=\"CENTER\" height=\"22\">W14<\/td>\n<td colspan=\"3\" align=\"CENTER\">M14<\/td>\n<\/tr>\n<tr>\n<td align=\"CENTER\" height=\"22\">3<\/td>\n<td align=\"LEFT\">Alessia Giannoni<\/td>\n<td align=\"RIGHT\">2059<\/td>\n<td align=\"CENTER\"><\/td>\n<td align=\"CENTER\"><\/td>\n<td align=\"CENTER\"><\/td>\n<\/tr>\n<tr>\n<td align=\"CENTER\" height=\"22\">4<\/td>\n<td align=\"LEFT\">Giada Battaini<\/td>\n<td align=\"RIGHT\">2031<\/td>\n<td align=\"CENTER\"><\/td>\n<td align=\"CENTER\"><\/td>\n<td align=\"CENTER\"><\/td>\n<\/tr>\n<tr>\n<td align=\"CENTER\" height=\"22\">13<\/td>\n<td align=\"LEFT\">Janet Silva<\/td>\n<td align=\"RIGHT\">1711<\/td>\n<td align=\"CENTER\"><\/td>\n<td align=\"CENTER\"><\/td>\n<td align=\"CENTER\"><\/td>\n<\/tr>\n<tr>\n<td colspan=\"3\" align=\"CENTER\" height=\"22\">W15<\/td>\n<td colspan=\"3\" align=\"CENTER\">M15<\/td>\n<\/tr>\n<tr>\n<td align=\"CENTER\" height=\"22\">3<\/td>\n<td align=\"LEFT\">Vera Tattarletti<\/td>\n<td align=\"RIGHT\">1788<\/td>\n<td align=\"CENTER\">6<\/td>\n<td align=\"LEFT\">Alex Balestra<\/td>\n<td align=\"RIGHT\">1949<\/td>\n<\/tr>\n<tr>\n<td align=\"CENTER\" height=\"22\">5<\/td>\n<td align=\"LEFT\">Alice Hutter<\/td>\n<td align=\"RIGHT\">1649<\/td>\n<td align=\"CENTER\">10<\/td>\n<td align=\"LEFT\">Erik Silva<\/td>\n<td align=\"RIGHT\">1853<\/td>\n<\/tr>\n<tr>\n<td align=\"CENTER\" height=\"22\">10<\/td>\n<td align=\"LEFT\">Clo\u00e9 Blin<\/td>\n<td align=\"RIGHT\">1518<\/td>\n<td align=\"CENTER\"><\/td>\n<td align=\"LEFT\"><\/td>\n<td align=\"LEFT\"><\/td>\n<\/tr>\n<tr>\n<td align=\"CENTER\" height=\"22\">15<\/td>\n<td align=\"LEFT\"><\/td>\n<td align=\"LEFT\"><\/td>\n<td align=\"CENTER\">7<\/td>\n<td align=\"LEFT\">Totale<\/td>\n<td align=\"RIGHT\">22<\/td>\n<\/tr>\n<\/tbody>\n<\/table>\n<p><a href=\"https:\/\/i0.wp.com\/uscatletica.ch\/wp\/wp-content\/uploads\/2016\/05\/orariofinaleUKC20160612.png?ssl=1\"><img data-recalc-dims=\"1\" loading=\"lazy\" decoding=\"async\" data-attachment-id=\"1941\" data-permalink=\"https:\/\/uscatletica.ch\/wp\/?attachment_id=1941\" data-orig-file=\"https:\/\/i0.wp.com\/uscatletica.ch\/wp\/wp-content\/uploads\/2016\/05\/orariofinaleUKC20160612.png?fit=594%2C842&amp;ssl=1\" data-orig-size=\"594,842\" data-comments-opened=\"0\" data-image-meta=\"{&quot;aperture&quot;:&quot;0&quot;,&quot;credit&quot;:&quot;&quot;,&quot;camera&quot;:&quot;&quot;,&quot;caption&quot;:&quot;&quot;,&quot;created_timestamp&quot;:&quot;0&quot;,&quot;copyright&quot;:&quot;&quot;,&quot;focal_length&quot;:&quot;0&quot;,&quot;iso&quot;:&quot;0&quot;,&quot;shutter_speed&quot;:&quot;0&quot;,&quot;title&quot;:&quot;&quot;,&quot;orientation&quot;:&quot;0&quot;}\" data-image-title=\"L&amp;#8217;ORARIO\" data-image-description=\"\" data-image-caption=\"\" data-large-file=\"https:\/\/i0.wp.com\/uscatletica.ch\/wp\/wp-content\/uploads\/2016\/05\/orariofinaleUKC20160612.png?fit=594%2C842&amp;ssl=1\" class=\"aligncenter size-full wp-image-1941\" src=\"https:\/\/i0.wp.com\/uscatletica.ch\/wp\/wp-content\/uploads\/2016\/05\/orariofinaleUKC20160612.png?resize=594%2C842&#038;ssl=1\" alt=\"L'ORARIO\" width=\"594\" height=\"842\" srcset=\"https:\/\/i0.wp.com\/uscatletica.ch\/wp\/wp-content\/uploads\/2016\/05\/orariofinaleUKC20160612.png?w=594&amp;ssl=1 594w, https:\/\/i0.wp.com\/uscatletica.ch\/wp\/wp-content\/uploads\/2016\/05\/orariofinaleUKC20160612.png?resize=212%2C300&amp;ssl=1 212w, https:\/\/i0.wp.com\/uscatletica.ch\/wp\/wp-content\/uploads\/2016\/05\/orariofinaleUKC20160612.png?resize=106%2C150&amp;ssl=1 106w\" sizes=\"auto, (max-width: 594px) 100vw, 594px\" \/><\/a><\/p>\n<table border=\"0\" frame=\"VOID\" rules=\"NONE\" cellspacing=\"0\">\n<colgroup>\n<col width=\"44\" \/>\n<col width=\"173\" \/>\n<col width=\"56\" \/>\n<col width=\"48\" \/>\n<col width=\"177\" \/>\n<col width=\"58\" \/><\/colgroup>\n<tbody>\n<tr>\n<td colspan=\"6\" align=\"CENTER\" width=\"556\" height=\"22\">Aggiornata al 30.05.2016<\/td>\n<\/tr>\n<tr>\n<td colspan=\"3\" align=\"CENTER\" height=\"22\">W07<\/td>\n<td colspan=\"3\" align=\"CENTER\">M07<\/td>\n<\/tr>\n<tr>\n<td align=\"CENTER\" height=\"22\">3<\/td>\n<td align=\"LEFT\">Alice Petralli<\/td>\n<td align=\"RIGHT\">434<\/td>\n<td align=\"CENTER\">4<\/td>\n<td align=\"LEFT\">No\u00e9 Volger<\/td>\n<td align=\"RIGHT\">445<\/td>\n<\/tr>\n<tr>\n<td align=\"CENTER\" height=\"22\">15<\/td>\n<td align=\"LEFT\">Selina Castelli<\/td>\n<td align=\"RIGHT\">271<\/td>\n<td align=\"CENTER\">17<\/td>\n<td align=\"LEFT\">Tommaso Campana<\/td>\n<td align=\"RIGHT\">334<\/td>\n<\/tr>\n<tr>\n<td align=\"CENTER\" height=\"22\">25<\/td>\n<td align=\"LEFT\">Nina Antonini<\/td>\n<td align=\"RIGHT\">245<\/td>\n<td align=\"CENTER\">19<\/td>\n<td align=\"LEFT\">Diego Riccardi<\/td>\n<td align=\"RIGHT\">321<\/td>\n<\/tr>\n<tr>\n<td colspan=\"3\" align=\"CENTER\" height=\"22\">W08<\/td>\n<td colspan=\"3\" align=\"CENTER\">M08<\/td>\n<\/tr>\n<tr>\n<td align=\"CENTER\" height=\"22\"><\/td>\n<td align=\"LEFT\"><\/td>\n<td align=\"LEFT\"><\/td>\n<td align=\"CENTER\"><\/td>\n<td align=\"LEFT\"><\/td>\n<td align=\"LEFT\"><\/td>\n<\/tr>\n<tr>\n<td colspan=\"3\" align=\"CENTER\" height=\"22\">W09<\/td>\n<td colspan=\"3\" align=\"CENTER\">M09<\/td>\n<\/tr>\n<tr>\n<td align=\"CENTER\" height=\"22\"><\/td>\n<td align=\"LEFT\"><\/td>\n<td align=\"LEFT\"><\/td>\n<td align=\"CENTER\"><\/td>\n<td align=\"LEFT\"><\/td>\n<td align=\"LEFT\"><\/td>\n<\/tr>\n<tr>\n<td colspan=\"3\" align=\"CENTER\" height=\"22\">W10<\/td>\n<td colspan=\"3\" align=\"CENTER\">M10<\/td>\n<\/tr>\n<tr>\n<td align=\"CENTER\" height=\"22\">18<\/td>\n<td align=\"LEFT\">Lara Sasselli<\/td>\n<td align=\"RIGHT\">896<\/td>\n<td align=\"CENTER\"><\/td>\n<td align=\"LEFT\"><\/td>\n<td align=\"LEFT\"><\/td>\n<\/tr>\n<tr>\n<td colspan=\"3\" align=\"CENTER\" height=\"22\">W11<\/td>\n<td colspan=\"3\" align=\"CENTER\">M11<\/td>\n<\/tr>\n<tr>\n<td align=\"CENTER\" height=\"22\">1<\/td>\n<td align=\"LEFT\">Morena Hutter<\/td>\n<td align=\"RIGHT\">1589<\/td>\n<td align=\"CENTER\"><\/td>\n<td align=\"LEFT\"><\/td>\n<td align=\"LEFT\"><\/td>\n<\/tr>\n<tr>\n<td align=\"CENTER\" height=\"22\">7<\/td>\n<td align=\"LEFT\">Matilda Rosa<\/td>\n<td align=\"RIGHT\">1210<\/td>\n<td align=\"CENTER\"><\/td>\n<td align=\"LEFT\"><\/td>\n<td align=\"LEFT\"><\/td>\n<\/tr>\n<tr>\n<td align=\"CENTER\" height=\"22\">12<\/td>\n<td align=\"LEFT\">Gaia Iten<\/td>\n<td align=\"RIGHT\">1158<\/td>\n<td align=\"CENTER\"><\/td>\n<td align=\"LEFT\"><\/td>\n<td align=\"LEFT\"><\/td>\n<\/tr>\n<tr>\n<td colspan=\"3\" align=\"CENTER\" height=\"22\">W12<\/td>\n<td colspan=\"3\" align=\"CENTER\">M12<\/td>\n<\/tr>\n<tr>\n<td align=\"CENTER\" height=\"22\"><\/td>\n<td align=\"LEFT\"><\/td>\n<td align=\"LEFT\"><\/td>\n<td align=\"CENTER\">10<\/td>\n<td align=\"LEFT\">Florian Sasselli<\/td>\n<td align=\"RIGHT\">1258<\/td>\n<\/tr>\n<tr>\n<td align=\"CENTER\" height=\"22\"><\/td>\n<td align=\"LEFT\"><\/td>\n<td align=\"LEFT\"><\/td>\n<td align=\"CENTER\">21<\/td>\n<td align=\"LEFT\">Louis Tamiati<\/td>\n<td align=\"RIGHT\">1112<\/td>\n<\/tr>\n<tr>\n<td colspan=\"3\" align=\"CENTER\" height=\"22\">W13<\/td>\n<td colspan=\"3\" align=\"CENTER\">M13<\/td>\n<\/tr>\n<tr>\n<td align=\"CENTER\" height=\"22\">8<\/td>\n<td align=\"LEFT\">Gea Collura<\/td>\n<td align=\"RIGHT\">1567<\/td>\n<td align=\"CENTER\"><\/td>\n<td align=\"LEFT\"><\/td>\n<td align=\"LEFT\"><\/td>\n<\/tr>\n<tr>\n<td align=\"CENTER\" height=\"22\">21<\/td>\n<td align=\"LEFT\">Matilde Stampanoni<\/td>\n<td align=\"RIGHT\">1313<\/td>\n<td align=\"CENTER\"><\/td>\n<td align=\"LEFT\"><\/td>\n<td align=\"LEFT\"><\/td>\n<\/tr>\n<tr>\n<td colspan=\"3\" align=\"CENTER\" height=\"22\">W14<\/td>\n<td colspan=\"3\" align=\"CENTER\">M14<\/td>\n<\/tr>\n<tr>\n<td align=\"CENTER\" height=\"22\">3<\/td>\n<td align=\"LEFT\">Alessia Giannoni<\/td>\n<td align=\"RIGHT\">2059<\/td>\n<td align=\"CENTER\"><\/td>\n<td align=\"CENTER\"><\/td>\n<td align=\"CENTER\"><\/td>\n<\/tr>\n<tr>\n<td align=\"CENTER\" height=\"22\">4<\/td>\n<td align=\"LEFT\">Giada Battaini<\/td>\n<td align=\"RIGHT\">2031<\/td>\n<td align=\"CENTER\"><\/td>\n<td align=\"CENTER\"><\/td>\n<td align=\"CENTER\"><\/td>\n<\/tr>\n<tr>\n<td align=\"CENTER\" height=\"22\">13<\/td>\n<td align=\"LEFT\">Janet Silva<\/td>\n<td align=\"RIGHT\">1711<\/td>\n<td align=\"CENTER\"><\/td>\n<td align=\"CENTER\"><\/td>\n<td align=\"CENTER\"><\/td>\n<\/tr>\n<tr>\n<td colspan=\"3\" align=\"CENTER\" height=\"22\">W15<\/td>\n<td colspan=\"3\" align=\"CENTER\">M15<\/td>\n<\/tr>\n<tr>\n<td align=\"CENTER\" height=\"22\">3<\/td>\n<td align=\"LEFT\">Vera Tattarletti<\/td>\n<td align=\"RIGHT\">1788<\/td>\n<td align=\"CENTER\">6<\/td>\n<td align=\"LEFT\">Alex Balestra<\/td>\n<td align=\"RIGHT\">1949<\/td>\n<\/tr>\n<tr>\n<td align=\"CENTER\" height=\"22\">5<\/td>\n<td align=\"LEFT\">Alice Hutter<\/td>\n<td align=\"RIGHT\">1649<\/td>\n<td align=\"CENTER\">10<\/td>\n<td align=\"LEFT\">Erik Silva<\/td>\n<td align=\"RIGHT\">1853<\/td>\n<\/tr>\n<tr>\n<td align=\"CENTER\" height=\"22\">10<\/td>\n<td align=\"LEFT\">Clo\u00e9 Blin<\/td>\n<td align=\"RIGHT\">1518<\/td>\n<td align=\"CENTER\"><\/td>\n<td align=\"LEFT\"><\/td>\n<td align=\"LEFT\"><\/td>\n<\/tr>\n<tr>\n<td align=\"CENTER\" height=\"22\">15<\/td>\n<td align=\"LEFT\"><\/td>\n<td align=\"LEFT\"><\/td>\n<td align=\"CENTER\">7<\/td>\n<td align=\"LEFT\">Totale<\/td>\n<td align=\"RIGHT\">22<\/td>\n<\/tr>\n<\/tbody>\n<\/table>\n","protected":false},"excerpt":{"rendered":"<p>La fase di Selezione verso la finale cantonale UBS KIDS CUP del 12 giugno a Bellinzona \u00e8 terminata \u00a0l&#8217;USC nel 2016 ha raggiunto un nuovo primato di partecipazione con 22 finalisti \u00a0sar\u00e0 quindi una giornata intensa e \u00a0festosa. Le iscrizioni scadono giovedi 9 giugno IL LINK PER ISCRIVERSI\u00a0\u00a0L&#8217; orario della finale l&#8217;Elenco dei Qualificati Aggiornata al 30.05.2016 W07 M07 3 Alice Petralli 434 4 No\u00e9 Volger 445 15 Selina Castelli 271 17 Tommaso Campana 334&#8230;<\/p>\n","protected":false},"author":4,"featured_media":1782,"comment_status":"closed","ping_status":"closed","sticky":false,"template":"","format":"standard","meta":{"jetpack_post_was_ever_published":false,"_jetpack_newsletter_access":"","_jetpack_dont_email_post_to_subs":false,"_jetpack_newsletter_tier_id":0,"_jetpack_memberships_contains_paywalled_content":false,"_jetpack_memberships_contains_paid_content":false,"footnotes":"","jetpack_publicize_message":"","jetpack_publicize_feature_enabled":true,"jetpack_social_post_already_shared":true,"jetpack_social_options":{"image_generator_settings":{"template":"highway","default_image_id":0,"font":"","enabled":false},"version":2}},"categories":[4,9],"tags":[],"class_list":["post-1940","post","type-post","status-publish","format-standard","has-post-thumbnail","hentry","category-pista","category-sport"],"jetpack_publicize_connections":[],"jetpack_featured_media_url":"https:\/\/i0.wp.com\/uscatletica.ch\/wp\/wp-content\/uploads\/2016\/05\/P1400121.jpg?fit=563%2C422&ssl=1","jetpack_sharing_enabled":true,"jetpack_shortlink":"https:\/\/wp.me\/p6V7Ck-vi","jetpack-related-posts":[{"id":17439,"url":"https:\/\/uscatletica.ch\/wp\/?p=17439","url_meta":{"origin":1940,"position":0},"title":"Doppio appuntamento al Comunale, i podisti al Br\u00e8 e al Tamaro","author":"Leonida Stampanoni","date":"2 Giugno 2023","format":false,"excerpt":"Il primo fine settimana di giugno sar\u00e0 particolarmente intenso con Bellinzona come centro dell'attivit\u00e0. Sabato saranno una decina le nostre giovani leve alla finale Cantonale della KIDS CUP. Alice finalista nazionale lo scorso anno guider\u00e0 il gruppo. Domenica in pista saranno i migliori atleti del cantone con la prima tappa\u2026","rel":"","context":"In &quot;Pista&quot;","block_context":{"text":"Pista","link":"https:\/\/uscatletica.ch\/wp\/?cat=4"},"img":{"alt_text":"","src":"https:\/\/i0.wp.com\/uscatletica.ch\/wp\/wp-content\/uploads\/2022\/09\/220910APUKCFI69M.jpg?fit=432%2C324&ssl=1&resize=350%2C200","width":350,"height":200},"classes":[]},{"id":6104,"url":"https:\/\/uscatletica.ch\/wp\/?p=6104","url_meta":{"origin":1940,"position":1},"title":"UKC  E SWISS ATHLETICS SPRINT  TUTTI I FINALISTI USC","author":"Leonida Stampanoni","date":"26 Maggio 2018","format":false,"excerpt":"Al comunale le finali cantonali Gioved\u00ec 31 maggio la SAB , in collaborazione con la SAL, organizzer\u00e0 al comunale di Bellinzona le finali cantonali del ragazzo pi\u00f9 veloce del Ticino. Quattro i qualificati nelle categorie U14 e pi\u00f9 giovani, mentre gara aperta per tutti gli U16. Domenica il gran finale\u2026","rel":"","context":"In &quot;Pista&quot;","block_context":{"text":"Pista","link":"https:\/\/uscatletica.ch\/wp\/?cat=4"},"img":{"alt_text":"","src":"https:\/\/i0.wp.com\/uscatletica.ch\/wp\/wp-content\/uploads\/2018\/04\/podiow13ukcbe18.jpg?fit=532%2C407&ssl=1&resize=350%2C200","width":350,"height":200,"srcset":"https:\/\/i0.wp.com\/uscatletica.ch\/wp\/wp-content\/uploads\/2018\/04\/podiow13ukcbe18.jpg?fit=532%2C407&ssl=1&resize=350%2C200 1x, https:\/\/i0.wp.com\/uscatletica.ch\/wp\/wp-content\/uploads\/2018\/04\/podiow13ukcbe18.jpg?fit=532%2C407&ssl=1&resize=525%2C300 1.5x"},"classes":[]},{"id":13279,"url":"https:\/\/uscatletica.ch\/wp\/?p=13279","url_meta":{"origin":1940,"position":2},"title":"HOCHDORF LAA 4X100 AI CS PAULINE E PIETRO CON LA SELEZIONE TICINO","author":"Leonida Stampanoni","date":"12 Settembre 2021","format":false,"excerpt":"Domenica dopo molti anni l'USC torna in pista ai campionati svizzeri di Staffette, dove tra gli attivi trovammo anche la qualificazione alla coppa Europa di Ahrus nella 4x1500 m firmando pure il primato primato Ticinese. Domenica ci sar\u00e0 invece la 4x100 m U20 con Giada Sofia Leila Matilda come obbiettivo\u2026","rel":"","context":"In &quot;Non catalogato&quot;","block_context":{"text":"Non catalogato","link":"https:\/\/uscatletica.ch\/wp\/?cat=6"},"img":{"alt_text":"","src":"https:\/\/i0.wp.com\/uscatletica.ch\/wp\/wp-content\/uploads\/2021\/08\/4x100210821.jpeg?fit=432%2C324&ssl=1&resize=350%2C200","width":350,"height":200},"classes":[]},{"id":1258,"url":"https:\/\/uscatletica.ch\/wp\/?p=1258","url_meta":{"origin":1940,"position":3},"title":"TAS A VACALLO LA TERZA TAPPA TAS  BELLINZONA DEBUTTA LA KIDS CUP (Rassegna Stampa)","author":"Leonida Stampanoni","date":"15 Aprile 2016","format":false,"excerpt":"Sabato si correr\u00e0 la 52a\u00a0edizione della Staffetta di Vacallo valida quale terza prova del TAS, I nostri USCini sono pronti per vivere un'altra vivace giornata agonistica, sfidando l'impervio percorso mom\u00f2. Domenica invece \u00a0al comunale di Bellinzona ripartono le selezioni della Kids Cup con in palio i posti per la finale\u2026","rel":"","context":"In &quot;Pista&quot;","block_context":{"text":"Pista","link":"https:\/\/uscatletica.ch\/wp\/?cat=4"},"img":{"alt_text":"","src":"https:\/\/i0.wp.com\/uscatletica.ch\/wp\/wp-content\/uploads\/2016\/03\/P1390105.jpg?fit=563%2C422&ssl=1&resize=350%2C200","width":350,"height":200,"srcset":"https:\/\/i0.wp.com\/uscatletica.ch\/wp\/wp-content\/uploads\/2016\/03\/P1390105.jpg?fit=563%2C422&ssl=1&resize=350%2C200 1x, https:\/\/i0.wp.com\/uscatletica.ch\/wp\/wp-content\/uploads\/2016\/03\/P1390105.jpg?fit=563%2C422&ssl=1&resize=525%2C300 1.5x"},"classes":[]},{"id":12468,"url":"https:\/\/uscatletica.ch\/wp\/?p=12468","url_meta":{"origin":1940,"position":4},"title":"Al comunale la sfida del MilLe Gruyere","author":"Leonida Stampanoni","date":"9 Giugno 2021","format":false,"excerpt":"\u00a0Mercoled\u00ec sera il comunale di Bellinzona ospiter\u00e0 la finale del MilLe Gruy\u00e8re\u00a0\u00a0il progetto giovanile di Swiss Athletics dedicato ai mezzofondisti che ha regalato molte soddisfazione all'USC. A partire dalle 18.10 in pista ci saranno ben 17 USCini\/e a guidare il gruppo pi\u00f9 numeroso di sempre ci saranno Pietro tra i\u2026","rel":"","context":"In &quot;Pista&quot;","block_context":{"text":"Pista","link":"https:\/\/uscatletica.ch\/wp\/?cat=4"},"img":{"alt_text":"","src":"https:\/\/i0.wp.com\/uscatletica.ch\/wp\/wp-content\/uploads\/2021\/05\/210513st600m.jpg?fit=432%2C324&ssl=1&resize=350%2C200","width":350,"height":200},"classes":[]},{"id":4335,"url":"https:\/\/uscatletica.ch\/wp\/?p=4335","url_meta":{"origin":1940,"position":5},"title":"Kids Cup Venti USCini a Bellinzona sognando il Letzigrund","author":"Leonida Stampanoni","date":"26 Maggio 2017","format":false,"excerpt":"Saranno 485 i finalisti che domenica a partire dalle 10.00 animeranno la Finale ticinese della Kids Cup . Al comunale di Bellinzona sar\u00e0 la marciatrice capriaschese Laura Polli la madrina della giornata, una ventina gli USCini presenti spiccano le nate del 2005 e del 2002 con 5 qualificate a testa.\u2026","rel":"","context":"In &quot;Pista&quot;","block_context":{"text":"Pista","link":"https:\/\/uscatletica.ch\/wp\/?cat=4"},"img":{"alt_text":"","src":"https:\/\/i0.wp.com\/uscatletica.ch\/wp\/wp-content\/uploads\/2017\/01\/UKCTT2017CHIASSO03.png?fit=563%2C365&ssl=1&resize=350%2C200","width":350,"height":200,"srcset":"https:\/\/i0.wp.com\/uscatletica.ch\/wp\/wp-content\/uploads\/2017\/01\/UKCTT2017CHIASSO03.png?fit=563%2C365&ssl=1&resize=350%2C200 1x, https:\/\/i0.wp.com\/uscatletica.ch\/wp\/wp-content\/uploads\/2017\/01\/UKCTT2017CHIASSO03.png?fit=563%2C365&ssl=1&resize=525%2C300 1.5x"},"classes":[]}],"_links":{"self":[{"href":"https:\/\/uscatletica.ch\/wp\/index.php?rest_route=\/wp\/v2\/posts\/1940","targetHints":{"allow":["GET"]}}],"collection":[{"href":"https:\/\/uscatletica.ch\/wp\/index.php?rest_route=\/wp\/v2\/posts"}],"about":[{"href":"https:\/\/uscatletica.ch\/wp\/index.php?rest_route=\/wp\/v2\/types\/post"}],"author":[{"embeddable":true,"href":"https:\/\/uscatletica.ch\/wp\/index.php?rest_route=\/wp\/v2\/users\/4"}],"replies":[{"embeddable":true,"href":"https:\/\/uscatletica.ch\/wp\/index.php?rest_route=%2Fwp%2Fv2%2Fcomments&post=1940"}],"version-history":[{"count":3,"href":"https:\/\/uscatletica.ch\/wp\/index.php?rest_route=\/wp\/v2\/posts\/1940\/revisions"}],"predecessor-version":[{"id":1945,"href":"https:\/\/uscatletica.ch\/wp\/index.php?rest_route=\/wp\/v2\/posts\/1940\/revisions\/1945"}],"wp:featuredmedia":[{"embeddable":true,"href":"https:\/\/uscatletica.ch\/wp\/index.php?rest_route=\/wp\/v2\/media\/1782"}],"wp:attachment":[{"href":"https:\/\/uscatletica.ch\/wp\/index.php?rest_route=%2Fwp%2Fv2%2Fmedia&parent=1940"}],"wp:term":[{"taxonomy":"category","embeddable":true,"href":"https:\/\/uscatletica.ch\/wp\/index.php?rest_route=%2Fwp%2Fv2%2Fcategories&post=1940"},{"taxonomy":"post_tag","embeddable":true,"href":"https:\/\/uscatletica.ch\/wp\/index.php?rest_route=%2Fwp%2Fv2%2Ftags&post=1940"}],"curies":[{"name":"wp","href":"https:\/\/api.w.org\/{rel}","templated":true}]}}