{"id":19400,"date":"2024-05-30T15:20:27","date_gmt":"2024-05-30T13:20:27","guid":{"rendered":"https:\/\/uscatletica.ch\/wp\/?p=19400"},"modified":"2024-05-31T07:59:24","modified_gmt":"2024-05-31T05:59:24","slug":"fiorillo-camesi-e-roberto-delorenzi-al-via-venerdi-ai-campionati-europei-off-road","status":"publish","type":"post","link":"https:\/\/uscatletica.ch\/wp\/?p=19400","title":{"rendered":"FIORILLO CAMESI E ROBERTO DELORENZI AL VIA VENERDI AI CAMPIONATI EUROPEI OFF ROAD"},"content":{"rendered":"\n\n\n<p>Nel fine settimana ad Annecy i campionati europei di <a href=\"https:\/\/www.maxi-race.org\/nos-courses\/championnats-deurope-off-road\/\" target=\"_blank\" rel=\"noopener\">&#8220;Off Road&#8221;\u00a0<\/a>raduneranno i migliori specialisti della corsa in montagna del Trail per un&#8217;intensa tre giorni di gare. La nazionale Svizzera, con 28 atleti, al v sar\u00e0 tra le favorite \u00a0Al via con la maglia rossocrociata ci saranno anche i nostri Roberto Delorenzi e Fiorillo Camesi. Entrambi si presenteranno due volte sulla linea di partenza Venerd\u00ec per <a href=\"http:\/\/www.euro.maxi-race.org\/blog\/uphill-2\/\" target=\"_blank\" rel=\"noopener\">la corsa in salita<\/a> e domenica <a href=\"http:\/\/www.euro.maxi-race.org\/blog\/updown\/\" target=\"_blank\" rel=\"noopener\">la gara saliscendi<\/a>.\u00a0<\/p>\n<p><a href=\"http:\/\/www.euro.maxi-race.org\/blog\/live-and-result\/\" target=\"_blank\" rel=\"noopener\">Risultati live<\/a>\u00a0<a href=\"https:\/\/eurovisionsport.com\/mediacard\/EVS_240531__20240531EAAnnecy_2_event\" target=\"_blank\" rel=\"noopener\">livestreaming per venerd\u00ec<\/a><\/p>\n<p>Il primo a presentarsi Venerd\u00ec alle 9.00 sulla linea di partenza sar\u00e0 Fiorillo Camesi che dovr\u00e0 affrontare la gara di 5.6 km con 330 m di dislivello tra i suoi compagni di nazionale ci saranno i campioni del mondo a squadre Mathieu Buhrer e Loic Berger. Alle 10.00 Roberto sar\u00e0 al via della prova maschile sui 7.9 km con 980 m di dislivello lo scorso anno ai mondiali di Stubai chiuse decimo \u00a0trascinando la svizzera al bronzo a squadre. La squadra femminile \u00e9lite sar\u00e0 tra le favorita con le pluricampionesse Judith Wyder e Maude Mathys.\u00a0<\/p>\n<p>Domenica alle 8.00 \u00e8 prevista per tutti la partenza della gara Saliscendi Fiorillo percorrer\u00e0 \u00a05.9 km+400\/-420 mentre Roberto 16 km +960\/-1000.\u00a0<\/p>\n<p>\u00a0<\/p>\n<p><blockquote class=\"wp-embedded-content\" data-secret=\"7DcHTZfjN0\"><a href=\"https:\/\/www.swiss-running.ch\/fr\/blog\/2024\/05\/30\/equipe-suisse-ambitieuse-aux-ce-off-road-a-annecy\/\">\u00c9quipe suisse ambitieuse aux CE Off-Road \u00e0 Annecy<\/a><\/blockquote><iframe loading=\"lazy\" class=\"wp-embedded-content\" sandbox=\"allow-scripts\" security=\"restricted\" style=\"position: absolute; clip: rect(1px, 1px, 1px, 1px);\" title=\"\u00ab\u00a0\u00c9quipe suisse ambitieuse aux CE Off-Road \u00e0 Annecy\u00a0\u00bb &#8212; Swiss Running\" src=\"https:\/\/www.swiss-running.ch\/fr\/blog\/2024\/05\/30\/equipe-suisse-ambitieuse-aux-ce-off-road-a-annecy\/embed\/#?secret=OoR8IuqgTv#?secret=7DcHTZfjN0\" data-secret=\"7DcHTZfjN0\" width=\"600\" height=\"338\" frameborder=\"0\" marginwidth=\"0\" marginheight=\"0\" scrolling=\"no\"><\/iframe><\/p>\n<figure id=\"attachment_19401\" aria-describedby=\"caption-attachment-19401\" style=\"width: 1636px\" class=\"wp-caption aligncenter\"><a href=\"https:\/\/i0.wp.com\/uscatletica.ch\/wp\/wp-content\/uploads\/2024\/05\/027.jpg?ssl=1\"><img data-recalc-dims=\"1\" loading=\"lazy\" decoding=\"async\" data-attachment-id=\"19401\" data-permalink=\"https:\/\/uscatletica.ch\/wp\/?attachment_id=19401\" data-orig-file=\"https:\/\/i0.wp.com\/uscatletica.ch\/wp\/wp-content\/uploads\/2024\/05\/027.jpg?fit=1636%2C1864&amp;ssl=1\" data-orig-size=\"1636,1864\" data-comments-opened=\"0\" data-image-meta=\"{&quot;aperture&quot;:&quot;5.6&quot;,&quot;credit&quot;:&quot;&quot;,&quot;camera&quot;:&quot;Canon EOS 600D&quot;,&quot;caption&quot;:&quot;&quot;,&quot;created_timestamp&quot;:&quot;1715423198&quot;,&quot;copyright&quot;:&quot;&quot;,&quot;focal_length&quot;:&quot;55&quot;,&quot;iso&quot;:&quot;1000&quot;,&quot;shutter_speed&quot;:&quot;0.00125&quot;,&quot;title&quot;:&quot;&quot;,&quot;orientation&quot;:&quot;1&quot;}\" data-image-title=\"FIORILLO CAMESI\" data-image-description=\"\" data-image-caption=\"&lt;p&gt;FOTO Carenini&lt;\/p&gt;\n\" data-large-file=\"https:\/\/i0.wp.com\/uscatletica.ch\/wp\/wp-content\/uploads\/2024\/05\/027.jpg?fit=640%2C729&amp;ssl=1\" class=\"size-full wp-image-19401\" src=\"https:\/\/i0.wp.com\/uscatletica.ch\/wp\/wp-content\/uploads\/2024\/05\/027.jpg?resize=640%2C729&#038;ssl=1\" alt=\"\" width=\"640\" height=\"729\" srcset=\"https:\/\/i0.wp.com\/uscatletica.ch\/wp\/wp-content\/uploads\/2024\/05\/027.jpg?w=1636&amp;ssl=1 1636w, https:\/\/i0.wp.com\/uscatletica.ch\/wp\/wp-content\/uploads\/2024\/05\/027.jpg?resize=263%2C300&amp;ssl=1 263w, https:\/\/i0.wp.com\/uscatletica.ch\/wp\/wp-content\/uploads\/2024\/05\/027.jpg?resize=899%2C1024&amp;ssl=1 899w, https:\/\/i0.wp.com\/uscatletica.ch\/wp\/wp-content\/uploads\/2024\/05\/027.jpg?resize=768%2C875&amp;ssl=1 768w, https:\/\/i0.wp.com\/uscatletica.ch\/wp\/wp-content\/uploads\/2024\/05\/027.jpg?resize=1348%2C1536&amp;ssl=1 1348w, https:\/\/i0.wp.com\/uscatletica.ch\/wp\/wp-content\/uploads\/2024\/05\/027.jpg?w=1280&amp;ssl=1 1280w\" sizes=\"auto, (max-width: 640px) 100vw, 640px\" \/><\/a><figcaption id=\"caption-attachment-19401\" class=\"wp-caption-text\">FOTO Carenini<\/figcaption><\/figure>\n<figure id=\"attachment_17511\" aria-describedby=\"caption-attachment-17511\" style=\"width: 1400px\" class=\"wp-caption aligncenter\"><a href=\"https:\/\/i0.wp.com\/uscatletica.ch\/wp\/wp-content\/uploads\/2023\/06\/230607berglaufmaennerbronzeoffroad_wm_2023_swa-scaled-e1686144329525.jpeg?ssl=1\"><img data-recalc-dims=\"1\" loading=\"lazy\" decoding=\"async\" data-attachment-id=\"17511\" data-permalink=\"https:\/\/uscatletica.ch\/wp\/?attachment_id=17511\" data-orig-file=\"https:\/\/i0.wp.com\/uscatletica.ch\/wp\/wp-content\/uploads\/2023\/06\/230607berglaufmaennerbronzeoffroad_wm_2023_swa-scaled-e1686144329525.jpeg?fit=1400%2C1050&amp;ssl=1\" data-orig-size=\"1400,1050\" data-comments-opened=\"0\" data-image-meta=\"{&quot;aperture&quot;:&quot;5.6&quot;,&quot;credit&quot;:&quot;Sandro Anderes&quot;,&quot;camera&quot;:&quot;ILCE-7M3&quot;,&quot;caption&quot;:&quot;&quot;,&quot;created_timestamp&quot;:&quot;1686146820&quot;,&quot;copyright&quot;:&quot;Sandro Anderes&quot;,&quot;focal_length&quot;:&quot;70&quot;,&quot;iso&quot;:&quot;250&quot;,&quot;shutter_speed&quot;:&quot;0.0008&quot;,&quot;title&quot;:&quot;&quot;,&quot;orientation&quot;:&quot;0&quot;}\" data-image-title=\"230607berglaufmaennerbronzeoffroad_wm_2023_swa-scaled-e1686144329525\" data-image-description=\"\" data-image-caption=\"&lt;p&gt;Foto Swiss Athletics&lt;\/p&gt;\n\" data-large-file=\"https:\/\/i0.wp.com\/uscatletica.ch\/wp\/wp-content\/uploads\/2023\/06\/230607berglaufmaennerbronzeoffroad_wm_2023_swa-scaled-e1686144329525.jpeg?fit=640%2C480&amp;ssl=1\" class=\"size-full wp-image-17511\" src=\"https:\/\/i0.wp.com\/uscatletica.ch\/wp\/wp-content\/uploads\/2023\/06\/230607berglaufmaennerbronzeoffroad_wm_2023_swa-scaled-e1686144329525.jpeg?resize=640%2C480&#038;ssl=1\" alt=\"\" width=\"640\" height=\"480\" srcset=\"https:\/\/i0.wp.com\/uscatletica.ch\/wp\/wp-content\/uploads\/2023\/06\/230607berglaufmaennerbronzeoffroad_wm_2023_swa-scaled-e1686144329525.jpeg?w=1400&amp;ssl=1 1400w, https:\/\/i0.wp.com\/uscatletica.ch\/wp\/wp-content\/uploads\/2023\/06\/230607berglaufmaennerbronzeoffroad_wm_2023_swa-scaled-e1686144329525.jpeg?resize=300%2C225&amp;ssl=1 300w, https:\/\/i0.wp.com\/uscatletica.ch\/wp\/wp-content\/uploads\/2023\/06\/230607berglaufmaennerbronzeoffroad_wm_2023_swa-scaled-e1686144329525.jpeg?resize=1024%2C768&amp;ssl=1 1024w, https:\/\/i0.wp.com\/uscatletica.ch\/wp\/wp-content\/uploads\/2023\/06\/230607berglaufmaennerbronzeoffroad_wm_2023_swa-scaled-e1686144329525.jpeg?resize=768%2C576&amp;ssl=1 768w, https:\/\/i0.wp.com\/uscatletica.ch\/wp\/wp-content\/uploads\/2023\/06\/230607berglaufmaennerbronzeoffroad_wm_2023_swa-scaled-e1686144329525.jpeg?w=1280&amp;ssl=1 1280w\" sizes=\"auto, (max-width: 640px) 100vw, 640px\" \/><\/a><figcaption id=\"caption-attachment-17511\" class=\"wp-caption-text\">Foto Swiss Athletics<\/figcaption><\/figure>\n<p><a href=\"https:\/\/i0.wp.com\/uscatletica.ch\/wp\/wp-content\/uploads\/2024\/05\/20240511carenacamesi.jpg?ssl=1\"><img data-recalc-dims=\"1\" loading=\"lazy\" decoding=\"async\" data-attachment-id=\"19402\" data-permalink=\"https:\/\/uscatletica.ch\/wp\/?attachment_id=19402\" data-orig-file=\"https:\/\/i0.wp.com\/uscatletica.ch\/wp\/wp-content\/uploads\/2024\/05\/20240511carenacamesi.jpg?fit=1615%2C1817&amp;ssl=1\" data-orig-size=\"1615,1817\" data-comments-opened=\"0\" data-image-meta=\"{&quot;aperture&quot;:&quot;0&quot;,&quot;credit&quot;:&quot;&quot;,&quot;camera&quot;:&quot;&quot;,&quot;caption&quot;:&quot;&quot;,&quot;created_timestamp&quot;:&quot;0&quot;,&quot;copyright&quot;:&quot;&quot;,&quot;focal_length&quot;:&quot;0&quot;,&quot;iso&quot;:&quot;0&quot;,&quot;shutter_speed&quot;:&quot;0&quot;,&quot;title&quot;:&quot;&quot;,&quot;orientation&quot;:&quot;0&quot;}\" data-image-title=\"20240511carenacamesi\" data-image-description=\"\" data-image-caption=\"\" data-large-file=\"https:\/\/i0.wp.com\/uscatletica.ch\/wp\/wp-content\/uploads\/2024\/05\/20240511carenacamesi.jpg?fit=640%2C720&amp;ssl=1\" class=\"aligncenter size-full wp-image-19402\" src=\"https:\/\/i0.wp.com\/uscatletica.ch\/wp\/wp-content\/uploads\/2024\/05\/20240511carenacamesi.jpg?resize=640%2C720&#038;ssl=1\" alt=\"\" width=\"640\" height=\"720\" srcset=\"https:\/\/i0.wp.com\/uscatletica.ch\/wp\/wp-content\/uploads\/2024\/05\/20240511carenacamesi.jpg?w=1615&amp;ssl=1 1615w, https:\/\/i0.wp.com\/uscatletica.ch\/wp\/wp-content\/uploads\/2024\/05\/20240511carenacamesi.jpg?resize=267%2C300&amp;ssl=1 267w, https:\/\/i0.wp.com\/uscatletica.ch\/wp\/wp-content\/uploads\/2024\/05\/20240511carenacamesi.jpg?resize=910%2C1024&amp;ssl=1 910w, https:\/\/i0.wp.com\/uscatletica.ch\/wp\/wp-content\/uploads\/2024\/05\/20240511carenacamesi.jpg?resize=768%2C864&amp;ssl=1 768w, https:\/\/i0.wp.com\/uscatletica.ch\/wp\/wp-content\/uploads\/2024\/05\/20240511carenacamesi.jpg?resize=1365%2C1536&amp;ssl=1 1365w, https:\/\/i0.wp.com\/uscatletica.ch\/wp\/wp-content\/uploads\/2024\/05\/20240511carenacamesi.jpg?w=1280&amp;ssl=1 1280w\" sizes=\"auto, (max-width: 640px) 100vw, 640px\" \/><\/a><\/p>\n","protected":false},"excerpt":{"rendered":"<p>Nel fine settimana ad Annecy i campionati europei di &#8220;Off Road&#8221;\u00a0raduneranno i migliori specialisti della corsa in montagna del Trail per un&#8217;intensa tre giorni di gare. La nazionale Svizzera, con 28 atleti, al v sar\u00e0 tra le favorite \u00a0Al via con la maglia rossocrociata ci saranno anche i nostri Roberto Delorenzi e Fiorillo Camesi. Entrambi si presenteranno due volte sulla linea di partenza Venerd\u00ec per la corsa in salita e domenica la gara saliscendi.\u00a0 Risultati&#8230;<\/p>\n","protected":false},"author":4,"featured_media":19403,"comment_status":"closed","ping_status":"closed","sticky":false,"template":"","format":"standard","meta":{"jetpack_post_was_ever_published":false,"_jetpack_newsletter_access":"","_jetpack_dont_email_post_to_subs":false,"_jetpack_newsletter_tier_id":0,"_jetpack_memberships_contains_paywalled_content":false,"_jetpack_memberships_contains_paid_content":false,"footnotes":"","jetpack_publicize_message":"","jetpack_publicize_feature_enabled":true,"jetpack_social_post_already_shared":true,"jetpack_social_options":{"image_generator_settings":{"template":"highway","default_image_id":0,"font":"","enabled":false},"version":2}},"categories":[16,9],"tags":[],"class_list":["post-19400","post","type-post","status-publish","format-standard","has-post-thumbnail","hentry","category-montagna","category-sport"],"jetpack_publicize_connections":[],"jetpack_featured_media_url":"https:\/\/i0.wp.com\/uscatletica.ch\/wp\/wp-content\/uploads\/2024\/05\/20240511fotocareneini.jpg?fit=432%2C299&ssl=1","jetpack_sharing_enabled":true,"jetpack_shortlink":"https:\/\/wp.me\/p6V7Ck-52U","jetpack-related-posts":[{"id":19294,"url":"https:\/\/uscatletica.ch\/wp\/?p=19294","url_meta":{"origin":19400,"position":0},"title":"Fiorillo Camesi e Roberto Delorenzi ai campionati europei Off Road","author":"Leonida Stampanoni","date":"3 Maggio 2024","format":false,"excerpt":"Swiss Athletics ha reso noto le convocazione per i campionati europei off Road in programma il primo fine settimana di Giugno ad Annecy. \u00a0Al via ci saranno ben due atleti USC. Roberto Delorenzi decimo degli scorsi mondiali e medaglia di bronzo a squadre cosi come \u00a0il nuovo arrivato Fiorillo Camesi\u2026","rel":"","context":"In &quot;Montagna&quot;","block_context":{"text":"Montagna","link":"https:\/\/uscatletica.ch\/wp\/?cat=16"},"img":{"alt_text":"","src":"https:\/\/i0.wp.com\/uscatletica.ch\/wp\/wp-content\/uploads\/2023\/06\/image_6483441-5.jpg?fit=1200%2C800&ssl=1&resize=350%2C200","width":350,"height":200,"srcset":"https:\/\/i0.wp.com\/uscatletica.ch\/wp\/wp-content\/uploads\/2023\/06\/image_6483441-5.jpg?fit=1200%2C800&ssl=1&resize=350%2C200 1x, https:\/\/i0.wp.com\/uscatletica.ch\/wp\/wp-content\/uploads\/2023\/06\/image_6483441-5.jpg?fit=1200%2C800&ssl=1&resize=525%2C300 1.5x, https:\/\/i0.wp.com\/uscatletica.ch\/wp\/wp-content\/uploads\/2023\/06\/image_6483441-5.jpg?fit=1200%2C800&ssl=1&resize=700%2C400 2x, https:\/\/i0.wp.com\/uscatletica.ch\/wp\/wp-content\/uploads\/2023\/06\/image_6483441-5.jpg?fit=1200%2C800&ssl=1&resize=1050%2C600 3x"},"classes":[]},{"id":19432,"url":"https:\/\/uscatletica.ch\/wp\/?p=19432","url_meta":{"origin":19400,"position":1},"title":"ROBERTO DELORENZI CAMPIONE EUROPEO","author":"Leonida Stampanoni","date":"2 Giugno 2024","format":false,"excerpt":"Ai campionati europei OFF ROAD Roberto Delorenzi ha vinto domenica mattina il titolo europeo nella gara \u00a0saliscendi. Nella gara U20 dominata dalla Francia con un poker \u00a0Fiorillo ha chiuso al tredicesimo rango. Nella gara femminile argento sia per Judih Wyder che per la nazionale svizzera che cede il passo alla\u2026","rel":"","context":"In &quot;Altro&quot;","block_context":{"text":"Altro","link":"https:\/\/uscatletica.ch\/wp\/?cat=11"},"img":{"alt_text":"","src":"https:\/\/i0.wp.com\/uscatletica.ch\/wp\/wp-content\/uploads\/2024\/06\/20240602ROBI.jpg?fit=432%2C243&ssl=1&resize=350%2C200","width":350,"height":200},"classes":[]},{"id":21073,"url":"https:\/\/uscatletica.ch\/wp\/?p=21073","url_meta":{"origin":19400,"position":2},"title":"Fiorillo di bronzo ai Mondiali giovanili","author":"Stampa E","date":"1 Agosto 2025","format":false,"excerpt":"Sotto la Federazione internazionale di Skyrunning (ISF), si stanno svolgendo in questi giorni i Campionati mondiali giovanili e U23, giunti alla nona edizione. La rassegna, che in passato ha gi\u00e0 dato soddisfazioni all'USC (con per esempio il doppio oro del 2017 (sky e combinata) o l\u2019oro nel vertical del 2018\u2026","rel":"","context":"In &quot;Montagna&quot;","block_context":{"text":"Montagna","link":"https:\/\/uscatletica.ch\/wp\/?cat=16"},"img":{"alt_text":"Fiorillo Camesi al KV LAcunc del 2024- Foto PaolaS.","src":"https:\/\/i0.wp.com\/uscatletica.ch\/wp\/wp-content\/uploads\/2024\/10\/Lagunc-Foto-PaolaS-3.jpg?fit=900%2C1200&ssl=1&resize=350%2C200","width":350,"height":200,"srcset":"https:\/\/i0.wp.com\/uscatletica.ch\/wp\/wp-content\/uploads\/2024\/10\/Lagunc-Foto-PaolaS-3.jpg?fit=900%2C1200&ssl=1&resize=350%2C200 1x, https:\/\/i0.wp.com\/uscatletica.ch\/wp\/wp-content\/uploads\/2024\/10\/Lagunc-Foto-PaolaS-3.jpg?fit=900%2C1200&ssl=1&resize=525%2C300 1.5x, https:\/\/i0.wp.com\/uscatletica.ch\/wp\/wp-content\/uploads\/2024\/10\/Lagunc-Foto-PaolaS-3.jpg?fit=900%2C1200&ssl=1&resize=700%2C400 2x"},"classes":[]},{"id":19388,"url":"https:\/\/uscatletica.ch\/wp\/?p=19388","url_meta":{"origin":19400,"position":3},"title":"Robi da primato alla Domobianca terzo Fiorillo","author":"Leonida Stampanoni","date":"26 Maggio 2024","format":false,"excerpt":"Il percorso di avvicinamento ai campionati europei \"off road\" ha portato i nostri due nazionale a Domodossola per DomoBiancavertical Race. La corsa che da Lusentino dopo 3.5 km e 850 metri di dislivello porta in vetta al Moncucco ha visto Roberto firmare la doppietta abbassando il primato dello scorso anno.\u2026","rel":"","context":"In &quot;Montagna&quot;","block_context":{"text":"Montagna","link":"https:\/\/uscatletica.ch\/wp\/?cat=16"},"img":{"alt_text":"","src":"","width":0,"height":0},"classes":[]},{"id":20335,"url":"https:\/\/uscatletica.ch\/wp\/?p=20335","url_meta":{"origin":19400,"position":4},"title":"ROBERTO DELORENZI E FIORILLO CAMESI CANDIDATI PER LA SWISS ATHLETICS AWARDS","author":"Leonida Stampanoni","date":"1 Novembre 2024","format":false,"excerpt":"Sabato 16 novembre si terr\u00e0 a Berna la Swiss Athletics Night che premier\u00e0 i migliori atleti svizzeri del 2024 . Nella serata di gara dell'atletica svizzera ci saranno i nostri due campioni europei tra i candidati alla vittoria. \u00a0Nella categoria atleta svizzero dell'Anno Roberto Delorenzi sfider\u00e0 Abraham Tadesse, Dominik Lobalu,\u2026","rel":"","context":"In &quot;Altro&quot;","block_context":{"text":"Altro","link":"https:\/\/uscatletica.ch\/wp\/?cat=11"},"img":{"alt_text":"","src":"https:\/\/i0.wp.com\/uscatletica.ch\/wp\/wp-content\/uploads\/2024\/06\/20240602ROBI.jpg?fit=432%2C243&ssl=1&resize=350%2C200","width":350,"height":200},"classes":[]},{"id":19322,"url":"https:\/\/uscatletica.ch\/wp\/?p=19322","url_meta":{"origin":19400,"position":5},"title":"FIORILLO CAMESI, ESORDIO CON DOPPIO TITOLO; MEDAGLIE ANCHE PER ELIA E VALERIO","author":"Stampa E","date":"12 Maggio 2024","format":false,"excerpt":"In occasione della Giubiasco-Carena sono stati assegnati i titoli del Campionato ASTi di montagna 2024. Lungo la salita in Valle Morobbia, da Giubiasco a Carena (10,7 km con 720 metri di dislivello) ottimo esordio con la maglia USC per il giovane U20 Fiorillo Camesi, che ha chiuso in 44\u201909\u2019\u2019, primo\u2026","rel":"","context":"In &quot;Montagna&quot;","block_context":{"text":"Montagna","link":"https:\/\/uscatletica.ch\/wp\/?cat=16"},"img":{"alt_text":"","src":"https:\/\/i0.wp.com\/uscatletica.ch\/wp\/wp-content\/uploads\/2024\/05\/Maglia-USC-2023-2.jpg?fit=1052%2C1200&ssl=1&resize=350%2C200","width":350,"height":200,"srcset":"https:\/\/i0.wp.com\/uscatletica.ch\/wp\/wp-content\/uploads\/2024\/05\/Maglia-USC-2023-2.jpg?fit=1052%2C1200&ssl=1&resize=350%2C200 1x, https:\/\/i0.wp.com\/uscatletica.ch\/wp\/wp-content\/uploads\/2024\/05\/Maglia-USC-2023-2.jpg?fit=1052%2C1200&ssl=1&resize=525%2C300 1.5x, https:\/\/i0.wp.com\/uscatletica.ch\/wp\/wp-content\/uploads\/2024\/05\/Maglia-USC-2023-2.jpg?fit=1052%2C1200&ssl=1&resize=700%2C400 2x, https:\/\/i0.wp.com\/uscatletica.ch\/wp\/wp-content\/uploads\/2024\/05\/Maglia-USC-2023-2.jpg?fit=1052%2C1200&ssl=1&resize=1050%2C600 3x"},"classes":[]}],"_links":{"self":[{"href":"https:\/\/uscatletica.ch\/wp\/index.php?rest_route=\/wp\/v2\/posts\/19400","targetHints":{"allow":["GET"]}}],"collection":[{"href":"https:\/\/uscatletica.ch\/wp\/index.php?rest_route=\/wp\/v2\/posts"}],"about":[{"href":"https:\/\/uscatletica.ch\/wp\/index.php?rest_route=\/wp\/v2\/types\/post"}],"author":[{"embeddable":true,"href":"https:\/\/uscatletica.ch\/wp\/index.php?rest_route=\/wp\/v2\/users\/4"}],"replies":[{"embeddable":true,"href":"https:\/\/uscatletica.ch\/wp\/index.php?rest_route=%2Fwp%2Fv2%2Fcomments&post=19400"}],"version-history":[{"count":5,"href":"https:\/\/uscatletica.ch\/wp\/index.php?rest_route=\/wp\/v2\/posts\/19400\/revisions"}],"predecessor-version":[{"id":19415,"href":"https:\/\/uscatletica.ch\/wp\/index.php?rest_route=\/wp\/v2\/posts\/19400\/revisions\/19415"}],"wp:featuredmedia":[{"embeddable":true,"href":"https:\/\/uscatletica.ch\/wp\/index.php?rest_route=\/wp\/v2\/media\/19403"}],"wp:attachment":[{"href":"https:\/\/uscatletica.ch\/wp\/index.php?rest_route=%2Fwp%2Fv2%2Fmedia&parent=19400"}],"wp:term":[{"taxonomy":"category","embeddable":true,"href":"https:\/\/uscatletica.ch\/wp\/index.php?rest_route=%2Fwp%2Fv2%2Fcategories&post=19400"},{"taxonomy":"post_tag","embeddable":true,"href":"https:\/\/uscatletica.ch\/wp\/index.php?rest_route=%2Fwp%2Fv2%2Ftags&post=19400"}],"curies":[{"name":"wp","href":"https:\/\/api.w.org\/{rel}","templated":true}]}}