{"id":19410,"date":"2024-06-01T21:42:19","date_gmt":"2024-06-01T19:42:19","guid":{"rendered":"https:\/\/uscatletica.ch\/wp\/?p=19410"},"modified":"2024-06-01T21:44:16","modified_gmt":"2024-06-01T19:44:16","slug":"usc-brillante-al-lido","status":"publish","type":"post","link":"https:\/\/uscatletica.ch\/wp\/?p=19410","title":{"rendered":"USC BRILLANTE AL LIDO"},"content":{"rendered":"\n\n\n<p>In un caldo pomeriggio estivo il Lido di Locarno ha potuto offrire condizioni di gare ideale per il primo BancaStato Gran Prix Ticino. Dalle piste e dalle.pedane si sono visto ottimi risultati, in buona forma anche \u00a0le atlete e gli atleti USC Lana ha siglato il primato sociale nel triplo, Lea e No\u00e9 sfiorano il limite per i campionati svizzeri, Giada accarezza il suo primato sociale nel disco. Buono il debutto di Tiziano sui 1500 m e Melissa si ben difesa sui 100 m .\u00a0<\/p>\n<p><a href=\"https:\/\/slv.laportal.net\/Competitions\/Resultoverview\/12956\" target=\"_blank\" rel=\"noopener\">risultati live<\/a><\/p>\n<p>Nella pedana del Disco Giada Borin con 48.33 m sfiora il primato cantonale, la nostra Giada \u00e8 seconda e con un lancio di 43.40 m promette un&#8217;altra stagione ricca di soddisfazioni. Nella pedana del Triplo vince Laura Torino Imberti con 11.57, Lana \u00e8 seconda con un volo a 9.77 m che le permette di migliorare il primato sociale idi C\u00e9line Vicari di ben 70 cm. Solida la serie con tre salti oltre i 9.50 m. Sui 400 mmiglior \u00a0Ilaria Burattini vince in 54.67 miglior prestazione assoluta femminile. \u00a0Lea vola via in 62&#8243;20 a due decimi dal limite per i campionati svizzeri e dal primato sociale di Gaia Iten. Nei 600 m No\u00e9 dopo un lungo testa a testa chiude secondo in 1&#8217;33&#8243;24 polverizzando il personale ed arrivano a poco pi\u00f9 di 2 decimi dal limite per i campionati svizzeri. \u00a0Sui 1500 m \u00a0vince Eric Huanca Quispe in 3&#8217;59&#8243;79 \u00a0Melissa \u00e8 brava a chiudere i 100 m in 13.65 la pi\u00f9 veloce in 12&#8243;30 \u00e8 Maeva Tahou.<\/p>\n<p>Tra i risultati degni di nota il 10&#8243;63 sui 100 m di Nathan Oberti che diventa il quinto ticinese di sempre, e si aggiudica il Gran Prix con la miglior prestazione di giornata seguito a ruota dalla leggenda italiana del Martello Marco Lingua che firma in notevole 67.92 m alla tenera et\u00e0 di 46 anni. \u00a0 La miglior gara femminile sono i 1500 con Tamara Winkler che in 4&#8217;29&#8243;48 firma il primato svizzero F40 e batte le forti Sara e Giulia \u00a0Salvad\u00e9.\u00a0<\/p>\n","protected":false},"excerpt":{"rendered":"<p>In un caldo pomeriggio estivo il Lido di Locarno ha potuto offrire condizioni di gare ideale per il primo BancaStato Gran Prix Ticino. Dalle piste e dalle.pedane si sono visto ottimi risultati, in buona forma anche \u00a0le atlete e gli atleti USC Lana ha siglato il primato sociale nel triplo, Lea e No\u00e9 sfiorano il limite per i campionati svizzeri, Giada accarezza il suo primato sociale nel disco. Buono il debutto di Tiziano sui 1500&#8230;<\/p>\n","protected":false},"author":4,"featured_media":15889,"comment_status":"closed","ping_status":"closed","sticky":false,"template":"","format":"standard","meta":{"jetpack_post_was_ever_published":false,"_jetpack_newsletter_access":"","_jetpack_dont_email_post_to_subs":false,"_jetpack_newsletter_tier_id":0,"_jetpack_memberships_contains_paywalled_content":false,"_jetpack_memberships_contains_paid_content":false,"footnotes":"","jetpack_publicize_message":"","jetpack_publicize_feature_enabled":true,"jetpack_social_post_already_shared":true,"jetpack_social_options":{"image_generator_settings":{"template":"highway","default_image_id":0,"font":"","enabled":false},"version":2}},"categories":[4,9],"tags":[],"class_list":["post-19410","post","type-post","status-publish","format-standard","has-post-thumbnail","hentry","category-pista","category-sport"],"jetpack_publicize_connections":[],"jetpack_featured_media_url":"https:\/\/i0.wp.com\/uscatletica.ch\/wp\/wp-content\/uploads\/2022\/09\/Gala.jpg?fit=753%2C257&ssl=1","jetpack_sharing_enabled":true,"jetpack_shortlink":"https:\/\/wp.me\/p6V7Ck-534","jetpack-related-posts":[{"id":10534,"url":"https:\/\/uscatletica.ch\/wp\/?p=10534","url_meta":{"origin":19410,"position":0},"title":"Bravissimi Marco e Giada","author":"Leonida Stampanoni","date":"27 Giugno 2020","format":false,"excerpt":"La serata atletica tra Locarno ed Uster ha regalato buone soddisfazione agli USCini. Nel corso di un frequentatissimo campionato svizzero di siepi e sui 10000 m Marco ha debuttato con successo sui 10000 m in pista mentre al Lido di Locarno \u00a0Giada ha regalato un nuovo primato sociale nel lancio\u2026","rel":"","context":"In &quot;Pista&quot;","block_context":{"text":"Pista","link":"https:\/\/uscatletica.ch\/wp\/?cat=4"},"img":{"alt_text":"","src":"https:\/\/i0.wp.com\/uscatletica.ch\/wp\/wp-content\/uploads\/2019\/09\/image2.jpg?fit=640%2C480&ssl=1&resize=350%2C200","width":350,"height":200,"srcset":"https:\/\/i0.wp.com\/uscatletica.ch\/wp\/wp-content\/uploads\/2019\/09\/image2.jpg?fit=640%2C480&ssl=1&resize=350%2C200 1x, https:\/\/i0.wp.com\/uscatletica.ch\/wp\/wp-content\/uploads\/2019\/09\/image2.jpg?fit=640%2C480&ssl=1&resize=525%2C300 1.5x"},"classes":[]},{"id":10545,"url":"https:\/\/uscatletica.ch\/wp\/?p=10545","url_meta":{"origin":19410,"position":1},"title":"Grande serata al comunale brillano Matilda e Giada","author":"Leonida Stampanoni","date":"2 Luglio 2020","format":false,"excerpt":"La serata atletica al comunale dii Bellinzona \u00e8 stata di grande livello e assai piacevole da gustare, i nostri atleti hanno saputo offrire delle ghiotte chicche: Matilda infiamma subito la serata dominando gli 80 m \u00a0con il nuovo primato sociale risponde Giada nella Pedana del disco migliorando l'ottimo risultato di\u2026","rel":"","context":"In &quot;Pista&quot;","block_context":{"text":"Pista","link":"https:\/\/uscatletica.ch\/wp\/?cat=4"},"img":{"alt_text":"","src":"https:\/\/i0.wp.com\/uscatletica.ch\/wp\/wp-content\/uploads\/2020\/01\/10.jpg?fit=432%2C288&ssl=1&resize=350%2C200","width":350,"height":200},"classes":[]},{"id":21196,"url":"https:\/\/uscatletica.ch\/wp\/?p=21196","url_meta":{"origin":19410,"position":2},"title":"AL LIDO DUE MEDAGLIE PER MARTA ED IL TITOLO U20 NEL. TRIPLO","author":"Leonida Stampanoni","date":"6 Settembre 2025","format":false,"excerpt":"La prima giornata dei campionati ticinesi assoluti ha offerto grandi emozioni sul rettilineo dei 100 m Ajla Del Ponte ha testato la gamba prima della trasferta mondiale a Tokyo lasciando un'ottima impressione. Grande onore per Lea che ha potuto gareggiarle accanto in semifinale dove c'era pure Alice . Sui 1500\u2026","rel":"","context":"In &quot;Pista&quot;","block_context":{"text":"Pista","link":"https:\/\/uscatletica.ch\/wp\/?cat=4"},"img":{"alt_text":"","src":"https:\/\/i0.wp.com\/uscatletica.ch\/wp\/wp-content\/uploads\/2025\/08\/2024cstwamfofoasspo.jpg?fit=899%2C1200&ssl=1&resize=350%2C200","width":350,"height":200,"srcset":"https:\/\/i0.wp.com\/uscatletica.ch\/wp\/wp-content\/uploads\/2025\/08\/2024cstwamfofoasspo.jpg?fit=899%2C1200&ssl=1&resize=350%2C200 1x, https:\/\/i0.wp.com\/uscatletica.ch\/wp\/wp-content\/uploads\/2025\/08\/2024cstwamfofoasspo.jpg?fit=899%2C1200&ssl=1&resize=525%2C300 1.5x, https:\/\/i0.wp.com\/uscatletica.ch\/wp\/wp-content\/uploads\/2025\/08\/2024cstwamfofoasspo.jpg?fit=899%2C1200&ssl=1&resize=700%2C400 2x"},"classes":[]},{"id":20831,"url":"https:\/\/uscatletica.ch\/wp\/?p=20831","url_meta":{"origin":19410,"position":3},"title":"Marta e Lea due primati sociali al comunale","author":"Leonida Stampanoni","date":"10 Maggio 2025","format":false,"excerpt":"Al comunale di Bellinzona la decina di USCini presenti ha lanciato idealmente la stagione in pista anche per le categorie U20 e \u00c9lite. Una vera pioggia di primati personali impreziositi da due primati sociali \u00a0per Marta nel lungo e per Lea sui 300 m gara che ha ottenuto il riconoscimento\u2026","rel":"","context":"In &quot;Pista&quot;","block_context":{"text":"Pista","link":"https:\/\/uscatletica.ch\/wp\/?cat=4"},"img":{"alt_text":"","src":"https:\/\/i0.wp.com\/uscatletica.ch\/wp\/wp-content\/uploads\/2024\/08\/20240817leacocconi.jpg?fit=432%2C324&ssl=1&resize=350%2C200","width":350,"height":200},"classes":[]},{"id":19453,"url":"https:\/\/uscatletica.ch\/wp\/?p=19453","url_meta":{"origin":19410,"position":4},"title":"A BIASCA BRILLANO LE USCINE SOTTO LA PIOGGIA","author":"Leonida Stampanoni","date":"9 Giugno 2024","format":false,"excerpt":"La seconda tappa del BancaStato GP TICINO ha portato grande entusiasmo al Vallone di Biasca nonostante il maltempo non sono mancate le ottime prestazione. Una otto le presenze USC: Nel peso brilla Giada con una vittoria che le permette di prendere il comando della classifica del Gran Prix lanci, personali\u2026","rel":"","context":"In &quot;Non catalogato&quot;","block_context":{"text":"Non catalogato","link":"https:\/\/uscatletica.ch\/wp\/?cat=6"},"img":{"alt_text":"","src":"https:\/\/i0.wp.com\/uscatletica.ch\/wp\/wp-content\/uploads\/2024\/05\/Maglia-USC-2023-2.jpg?fit=1052%2C1200&ssl=1&resize=350%2C200","width":350,"height":200,"srcset":"https:\/\/i0.wp.com\/uscatletica.ch\/wp\/wp-content\/uploads\/2024\/05\/Maglia-USC-2023-2.jpg?fit=1052%2C1200&ssl=1&resize=350%2C200 1x, https:\/\/i0.wp.com\/uscatletica.ch\/wp\/wp-content\/uploads\/2024\/05\/Maglia-USC-2023-2.jpg?fit=1052%2C1200&ssl=1&resize=525%2C300 1.5x, https:\/\/i0.wp.com\/uscatletica.ch\/wp\/wp-content\/uploads\/2024\/05\/Maglia-USC-2023-2.jpg?fit=1052%2C1200&ssl=1&resize=700%2C400 2x, https:\/\/i0.wp.com\/uscatletica.ch\/wp\/wp-content\/uploads\/2024\/05\/Maglia-USC-2023-2.jpg?fit=1052%2C1200&ssl=1&resize=1050%2C600 3x"},"classes":[]},{"id":8482,"url":"https:\/\/uscatletica.ch\/wp\/?p=8482","url_meta":{"origin":19410,"position":5},"title":"GIADA IN FORMA IN VISTA DEI CT TITOLI IN PALIO TRA LOCARNO E MOLESON","author":"Leonida Stampanoni","date":"13 Giugno 2019","format":false,"excerpt":"Nell'ulitmo meeting prima dei campionati ticinesi ottima gara per Giada che passa i 30 nel disco e si conferma oltre i 13.50 con i 3 kg di peso. Nel fine settimana lo stadio del Lido ospiter\u00e0 i campionati ticinesi assoluti dove Giada e C\u00e9line partiranno da favorite nel getto del\u2026","rel":"","context":"In &quot;Montagna&quot;","block_context":{"text":"Montagna","link":"https:\/\/uscatletica.ch\/wp\/?cat=16"},"img":{"alt_text":"","src":"https:\/\/i0.wp.com\/uscatletica.ch\/wp\/wp-content\/uploads\/2018\/06\/podiofiva2018ct.jpg?fit=432%2C323&ssl=1&resize=350%2C200","width":350,"height":200},"classes":[]}],"_links":{"self":[{"href":"https:\/\/uscatletica.ch\/wp\/index.php?rest_route=\/wp\/v2\/posts\/19410","targetHints":{"allow":["GET"]}}],"collection":[{"href":"https:\/\/uscatletica.ch\/wp\/index.php?rest_route=\/wp\/v2\/posts"}],"about":[{"href":"https:\/\/uscatletica.ch\/wp\/index.php?rest_route=\/wp\/v2\/types\/post"}],"author":[{"embeddable":true,"href":"https:\/\/uscatletica.ch\/wp\/index.php?rest_route=\/wp\/v2\/users\/4"}],"replies":[{"embeddable":true,"href":"https:\/\/uscatletica.ch\/wp\/index.php?rest_route=%2Fwp%2Fv2%2Fcomments&post=19410"}],"version-history":[{"count":2,"href":"https:\/\/uscatletica.ch\/wp\/index.php?rest_route=\/wp\/v2\/posts\/19410\/revisions"}],"predecessor-version":[{"id":19431,"href":"https:\/\/uscatletica.ch\/wp\/index.php?rest_route=\/wp\/v2\/posts\/19410\/revisions\/19431"}],"wp:featuredmedia":[{"embeddable":true,"href":"https:\/\/uscatletica.ch\/wp\/index.php?rest_route=\/wp\/v2\/media\/15889"}],"wp:attachment":[{"href":"https:\/\/uscatletica.ch\/wp\/index.php?rest_route=%2Fwp%2Fv2%2Fmedia&parent=19410"}],"wp:term":[{"taxonomy":"category","embeddable":true,"href":"https:\/\/uscatletica.ch\/wp\/index.php?rest_route=%2Fwp%2Fv2%2Fcategories&post=19410"},{"taxonomy":"post_tag","embeddable":true,"href":"https:\/\/uscatletica.ch\/wp\/index.php?rest_route=%2Fwp%2Fv2%2Ftags&post=19410"}],"curies":[{"name":"wp","href":"https:\/\/api.w.org\/{rel}","templated":true}]}}