{"id":19411,"date":"2024-05-31T19:15:56","date_gmt":"2024-05-31T17:15:56","guid":{"rendered":"https:\/\/uscatletica.ch\/wp\/?p=19411"},"modified":"2024-06-02T11:16:11","modified_gmt":"2024-06-02T09:16:11","slug":"sabato-il-bancastato-gp-ftal-al-lido","status":"publish","type":"post","link":"https:\/\/uscatletica.ch\/wp\/?p=19411","title":{"rendered":"SABATO IL BANCASTATO GP FTAL AL LIDO"},"content":{"rendered":"\n<p>Sabato al Lido ci sar\u00e0 la prima tappa del BancaStato Gran Prix FTAL, il circuito che proseguir\u00e0 domenica prossima a Biasca e si concluder\u00e0 con i campionati ticinesi assoluti a settembre. Al Lido saranno sei gli\/le atleti\/e \u00a0USC al via \u00a0Giada nel disco <span style=\"color: #ff0000;\">Lana nel triplo<\/span>\u00a0, Tiziano nei 1500,<span style=\"color: #ff0000;\"> Lea nei 400 e Melissa sui 100 \u00a0<\/span> e nei 600 m giovanili No\u00e9 . \u00a0Domenica invece la Coppa ASTi Trail vivr\u00e0 la seconda tappa con il Tamaro Trail.\u00a0<\/p>\n<p><a href=\"https:\/\/slv.laportal.net\/Competitions\/Details\/12956\">RISULTATI LIVE dal Lido<\/a><\/p>\n","protected":false},"excerpt":{"rendered":"<p>Sabato al Lido ci sar\u00e0 la prima tappa del BancaStato Gran Prix FTAL, il circuito che proseguir\u00e0 domenica prossima a Biasca e si concluder\u00e0 con i campionati ticinesi assoluti a settembre. Al Lido saranno sei gli\/le atleti\/e \u00a0USC al via \u00a0Giada nel disco Lana nel triplo\u00a0, Tiziano nei 1500, Lea nei 400 e Melissa sui 100 \u00a0 e nei 600 m giovanili No\u00e9 . \u00a0Domenica invece la Coppa ASTi Trail vivr\u00e0 la seconda tappa con&#8230;<\/p>\n","protected":false},"author":4,"featured_media":19175,"comment_status":"closed","ping_status":"closed","sticky":false,"template":"","format":"standard","meta":{"jetpack_post_was_ever_published":false,"_jetpack_newsletter_access":"","_jetpack_dont_email_post_to_subs":false,"_jetpack_newsletter_tier_id":0,"_jetpack_memberships_contains_paywalled_content":false,"_jetpack_memberships_contains_paid_content":false,"footnotes":"","jetpack_publicize_message":"","jetpack_publicize_feature_enabled":true,"jetpack_social_post_already_shared":true,"jetpack_social_options":{"image_generator_settings":{"template":"highway","default_image_id":0,"font":"","enabled":false},"version":2}},"categories":[4],"tags":[],"class_list":["post-19411","post","type-post","status-publish","format-standard","has-post-thumbnail","hentry","category-pista"],"jetpack_publicize_connections":[],"jetpack_featured_media_url":"https:\/\/i0.wp.com\/uscatletica.ch\/wp\/wp-content\/uploads\/2024\/04\/Partenza-10000-metri-13-aprile.jpg?fit=884%2C593&ssl=1","jetpack_sharing_enabled":true,"jetpack_shortlink":"https:\/\/wp.me\/p6V7Ck-535","jetpack-related-posts":[{"id":15949,"url":"https:\/\/uscatletica.ch\/wp\/?p=15949","url_meta":{"origin":19411,"position":0},"title":"Chiasso, Locarno, Basodino, dagli assoluti alle Coppe ASTi","author":"Leonida Stampanoni","date":"16 Settembre 2022","format":false,"excerpt":"Fine settimana ricco di appuntamenti per l'USC: le coppe ASTi BancaStato entrano nella fase decisiva \u00e8 mercoled\u00ec faranno tappa all'Arena Sportiva con \"Tutti in pista\". Sabato i podisti saranno in gara a Chiasso mentre domenica gli specialisti di montagna chiuderanno la stagione al Basodino con Elia in lotta per la\u2026","rel":"","context":"In &quot;Montagna&quot;","block_context":{"text":"Montagna","link":"https:\/\/uscatletica.ch\/wp\/?cat=16"},"img":{"alt_text":"","src":"https:\/\/i0.wp.com\/uscatletica.ch\/wp\/wp-content\/uploads\/2022\/09\/Gala.jpg?fit=753%2C257&ssl=1&resize=350%2C200","width":350,"height":200,"srcset":"https:\/\/i0.wp.com\/uscatletica.ch\/wp\/wp-content\/uploads\/2022\/09\/Gala.jpg?fit=753%2C257&ssl=1&resize=350%2C200 1x, https:\/\/i0.wp.com\/uscatletica.ch\/wp\/wp-content\/uploads\/2022\/09\/Gala.jpg?fit=753%2C257&ssl=1&resize=525%2C300 1.5x, https:\/\/i0.wp.com\/uscatletica.ch\/wp\/wp-content\/uploads\/2022\/09\/Gala.jpg?fit=753%2C257&ssl=1&resize=700%2C400 2x"},"classes":[]},{"id":17439,"url":"https:\/\/uscatletica.ch\/wp\/?p=17439","url_meta":{"origin":19411,"position":1},"title":"Doppio appuntamento al Comunale, i podisti al Br\u00e8 e al Tamaro","author":"Leonida Stampanoni","date":"2 Giugno 2023","format":false,"excerpt":"Il primo fine settimana di giugno sar\u00e0 particolarmente intenso con Bellinzona come centro dell'attivit\u00e0. Sabato saranno una decina le nostre giovani leve alla finale Cantonale della KIDS CUP. Alice finalista nazionale lo scorso anno guider\u00e0 il gruppo. Domenica in pista saranno i migliori atleti del cantone con la prima tappa\u2026","rel":"","context":"In &quot;Pista&quot;","block_context":{"text":"Pista","link":"https:\/\/uscatletica.ch\/wp\/?cat=4"},"img":{"alt_text":"","src":"https:\/\/i0.wp.com\/uscatletica.ch\/wp\/wp-content\/uploads\/2022\/09\/220910APUKCFI69M.jpg?fit=432%2C324&ssl=1&resize=350%2C200","width":350,"height":200},"classes":[]},{"id":6610,"url":"https:\/\/uscatletica.ch\/wp\/?p=6610","url_meta":{"origin":19411,"position":2},"title":"GP FTAL AL LIDO USCINI IN FORMA CHIARA DUE MEDAGLIE A BIELLA","author":"Leonida Stampanoni","date":"22 Settembre 2018","format":false,"excerpt":"La stagione atletica degli elite ticinesi si \u00e8 chiusa sabato al Lido di Locarno con l'ultima\u00a0\u00a0tappa del GP FTAL, Meeting lungo ma con diversi spunti interessanti in palio anche i titoli cantonali sui 3000 m vinto da Emma Lucchina ed i 5000 m vinti da Tobia Pezzati. Solo tre gli\u2026","rel":"","context":"In &quot;Pista&quot;","block_context":{"text":"Pista","link":"https:\/\/uscatletica.ch\/wp\/?cat=4"},"img":{"alt_text":"","src":"https:\/\/i0.wp.com\/uscatletica.ch\/wp\/wp-content\/uploads\/2017\/09\/gb170924.jpg?fit=532%2C398&ssl=1&resize=350%2C200","width":350,"height":200,"srcset":"https:\/\/i0.wp.com\/uscatletica.ch\/wp\/wp-content\/uploads\/2017\/09\/gb170924.jpg?fit=532%2C398&ssl=1&resize=350%2C200 1x, https:\/\/i0.wp.com\/uscatletica.ch\/wp\/wp-content\/uploads\/2017\/09\/gb170924.jpg?fit=532%2C398&ssl=1&resize=525%2C300 1.5x"},"classes":[]},{"id":5874,"url":"https:\/\/uscatletica.ch\/wp\/?p=5874","url_meta":{"origin":19411,"position":3},"title":"A Locarno debutta la stagione in pista a Tesserete la nostra staffetta","author":"Leonida Stampanoni","date":"20 Aprile 2018","format":false,"excerpt":"Le staffette saranno il tema dell'intenso fine settimana che aspetta i giovani atleti dell'USC, Sabato al Lido di Locarno con i campionati ticinesi giovanili di Staffette parte la stagione FTAL 2018 all'aperto. Sulle rive del Verbano tra le 58 squadre al via ben 5 porteranno le maglie rosse dell'USC. Domenica\u2026","rel":"","context":"In &quot;Pista&quot;","block_context":{"text":"Pista","link":"https:\/\/uscatletica.ch\/wp\/?cat=4"},"img":{"alt_text":"","src":"https:\/\/i0.wp.com\/uscatletica.ch\/wp\/wp-content\/uploads\/2018\/04\/tasav2018.teamu12b.jpg?fit=532%2C399&ssl=1&resize=350%2C200","width":350,"height":200,"srcset":"https:\/\/i0.wp.com\/uscatletica.ch\/wp\/wp-content\/uploads\/2018\/04\/tasav2018.teamu12b.jpg?fit=532%2C399&ssl=1&resize=350%2C200 1x, https:\/\/i0.wp.com\/uscatletica.ch\/wp\/wp-content\/uploads\/2018\/04\/tasav2018.teamu12b.jpg?fit=532%2C399&ssl=1&resize=525%2C300 1.5x"},"classes":[]},{"id":6203,"url":"https:\/\/uscatletica.ch\/wp\/?p=6203","url_meta":{"origin":19411,"position":4},"title":"Campionati ticinesi assoluti Scenic Trail Faido un fine settimana intenso","author":"Leonida Stampanoni","date":"8 Giugno 2018","format":false,"excerpt":"L'utlimo fine settimana scolastico sar\u00e0 ricca di appuntamenti per gli USCini, a Locarno la SAM organizza i campionati ticinesi assoluti con i giovani Simone, Vera, Janet, Giada e C\u00e9line e l'esperto Elia al via. Si parte venerd\u00ec sera con la Faido Running Night ultima prova di coppa giovanile e coppa\u2026","rel":"","context":"In &quot;Montagna&quot;","block_context":{"text":"Montagna","link":"https:\/\/uscatletica.ch\/wp\/?cat=16"},"img":{"alt_text":"","src":"https:\/\/i0.wp.com\/uscatletica.ch\/wp\/wp-content\/uploads\/2017\/08\/gruppliam2017.jpg?fit=562%2C422&ssl=1&resize=350%2C200","width":350,"height":200,"srcset":"https:\/\/i0.wp.com\/uscatletica.ch\/wp\/wp-content\/uploads\/2017\/08\/gruppliam2017.jpg?fit=562%2C422&ssl=1&resize=350%2C200 1x, https:\/\/i0.wp.com\/uscatletica.ch\/wp\/wp-content\/uploads\/2017\/08\/gruppliam2017.jpg?fit=562%2C422&ssl=1&resize=525%2C300 1.5x"},"classes":[]},{"id":6635,"url":"https:\/\/uscatletica.ch\/wp\/?p=6635","url_meta":{"origin":19411,"position":5},"title":"CT  U16 U18 AL LIDO GLI U14 A SAGNO CHIARA A MADEIRA CT CO SPRINT","author":"Leonida Stampanoni","date":"28 Settembre 2018","format":false,"excerpt":"L'ultimo fine settimana di settembre sar\u00e0 abbastanza intenso per gli atleti USC sull'asse\u00a0 Locarno Bellinzona in programma i campionati ticinesi giovanili di atletica sabato e domenica i CT sprint di CO.Domenica si correr\u00e0 il TAS a Sagno mentre Chiara partir\u00e0 per i mondiali di Madeira. Al Lido di Locarno saranno\u2026","rel":"","context":"In &quot;CO&quot;","block_context":{"text":"CO","link":"https:\/\/uscatletica.ch\/wp\/?cat=19"},"img":{"alt_text":"","src":"https:\/\/i0.wp.com\/uscatletica.ch\/wp\/wp-content\/uploads\/2018\/06\/tuttivigor18.jpg?fit=532%2C259&ssl=1&resize=350%2C200","width":350,"height":200,"srcset":"https:\/\/i0.wp.com\/uscatletica.ch\/wp\/wp-content\/uploads\/2018\/06\/tuttivigor18.jpg?fit=532%2C259&ssl=1&resize=350%2C200 1x, https:\/\/i0.wp.com\/uscatletica.ch\/wp\/wp-content\/uploads\/2018\/06\/tuttivigor18.jpg?fit=532%2C259&ssl=1&resize=525%2C300 1.5x"},"classes":[]}],"_links":{"self":[{"href":"https:\/\/uscatletica.ch\/wp\/index.php?rest_route=\/wp\/v2\/posts\/19411","targetHints":{"allow":["GET"]}}],"collection":[{"href":"https:\/\/uscatletica.ch\/wp\/index.php?rest_route=\/wp\/v2\/posts"}],"about":[{"href":"https:\/\/uscatletica.ch\/wp\/index.php?rest_route=\/wp\/v2\/types\/post"}],"author":[{"embeddable":true,"href":"https:\/\/uscatletica.ch\/wp\/index.php?rest_route=\/wp\/v2\/users\/4"}],"replies":[{"embeddable":true,"href":"https:\/\/uscatletica.ch\/wp\/index.php?rest_route=%2Fwp%2Fv2%2Fcomments&post=19411"}],"version-history":[{"count":5,"href":"https:\/\/uscatletica.ch\/wp\/index.php?rest_route=\/wp\/v2\/posts\/19411\/revisions"}],"predecessor-version":[{"id":19428,"href":"https:\/\/uscatletica.ch\/wp\/index.php?rest_route=\/wp\/v2\/posts\/19411\/revisions\/19428"}],"wp:featuredmedia":[{"embeddable":true,"href":"https:\/\/uscatletica.ch\/wp\/index.php?rest_route=\/wp\/v2\/media\/19175"}],"wp:attachment":[{"href":"https:\/\/uscatletica.ch\/wp\/index.php?rest_route=%2Fwp%2Fv2%2Fmedia&parent=19411"}],"wp:term":[{"taxonomy":"category","embeddable":true,"href":"https:\/\/uscatletica.ch\/wp\/index.php?rest_route=%2Fwp%2Fv2%2Fcategories&post=19411"},{"taxonomy":"post_tag","embeddable":true,"href":"https:\/\/uscatletica.ch\/wp\/index.php?rest_route=%2Fwp%2Fv2%2Ftags&post=19411"}],"curies":[{"name":"wp","href":"https:\/\/api.w.org\/{rel}","templated":true}]}}