{"id":19437,"date":"2024-06-06T22:10:00","date_gmt":"2024-06-06T20:10:00","guid":{"rendered":"https:\/\/uscatletica.ch\/wp\/?p=19437"},"modified":"2024-06-07T02:52:55","modified_gmt":"2024-06-07T00:52:55","slug":"dal-comunale-a-biasca-il-fine-settimana-usc","status":"publish","type":"post","link":"https:\/\/uscatletica.ch\/wp\/?p=19437","title":{"rendered":"DAL COMUNALE A BIASCA IL FINE SETTIMANA USC"},"content":{"rendered":"\n<p>Il fine settimana USC sar\u00e0 particolarmente intenso, mentre la Capriasca palpiter\u00e0 per Scenic Trail, in pista \u00a0ci sar\u00e0 un doppio appuntamento: \u00a0sabato al Comunale di Bellinzona saranno una ventina le giovani leve al via della finale cantonale UBS KIDS CUP. Domenica al Vallone di Biasca ci saranno i campionati ticinesi dei 3000 m\/5000 m abbinati al BancaStato Gran Prix Ticino.\u00a0<\/p>\n<p>Al comunale ci sar\u00e0 una grande festa dell&#8217;atletica giovanile la finale della Kids Cup \u00e8 un evento indimenticabile per le giovani leve. A guidare il gruppo Alice gi\u00e0 finalista al Letzigrund nel 2022 e le esperte Camilla B, Asia, Camilla A. Tra le nate nel 2012 Maja, Matilde e Viola. Tre al via anche nel 2014 Martino gi\u00e0 vicino alla vittoria lo scorso anno accompagnato da Alicia e Virginia. Completano la squadra Anna, Irene, Chantal, Lisa, Linda, Kayla, Zoe e Carolina.<\/p>\n<p>A Biasca Tiziano sar\u00e0 al via dei 5000 m Giada sar\u00e0 la protagonista nei lanci, No\u00e9 si tester\u00e0 nel salto in alto.<\/p>\n<p><a href=\"https:\/\/slv.laportal.net\/Competitions\/Competitoroverview\/13132\" target=\"_blank\" rel=\"noopener\">live Risultati da Biasca<\/a>\u00a0<\/p>\n<p>\u00a0<\/p>\n<table style=\"width: 100%; height: 460px;\" border=\"0\" cellspacing=\"0\"><colgroup width=\"40\"><\/colgroup><colgroup width=\"47\"><\/colgroup><colgroup span=\"2\" width=\"117\"><\/colgroup>\n<tbody>\n<tr style=\"height: 23px;\">\n<td style=\"height: 23px; width: 19.52381%;\" align=\"left\" height=\"23\">F<\/td>\n<td style=\"height: 23px; width: 23.095238%;\" align=\"right\">2009<\/td>\n<td style=\"height: 23px; width: 57.142857%;\" align=\"left\">Alice Petralli<\/td>\n<\/tr>\n<tr style=\"height: 23px;\">\n<td style=\"height: 23px; width: 19.52381%;\" align=\"left\" height=\"23\">F<\/td>\n<td style=\"height: 23px; width: 23.095238%;\" align=\"right\">2010<\/td>\n<td style=\"height: 23px; width: 57.142857%;\" align=\"left\">Camilla Brenna<\/td>\n<\/tr>\n<tr style=\"height: 23px;\">\n<td style=\"height: 23px; width: 19.52381%;\" align=\"left\" height=\"23\">F<\/td>\n<td style=\"height: 23px; width: 23.095238%;\" align=\"right\">2011<\/td>\n<td style=\"height: 23px; width: 57.142857%;\" align=\"left\">Asia Corti<\/td>\n<\/tr>\n<tr style=\"height: 23px;\">\n<td style=\"height: 23px; width: 19.52381%;\" align=\"left\" height=\"23\">F<\/td>\n<td style=\"height: 23px; width: 23.095238%;\" align=\"right\">2011<\/td>\n<td style=\"height: 23px; width: 57.142857%;\" align=\"left\">Camilla Amaro<\/td>\n<\/tr>\n<tr style=\"height: 23px;\">\n<td style=\"height: 23px; width: 19.52381%;\" align=\"left\" height=\"23\">F<\/td>\n<td style=\"height: 23px; width: 23.095238%;\" align=\"right\">2012<\/td>\n<td style=\"height: 23px; width: 57.142857%;\" align=\"left\">Maja Vucic<\/td>\n<\/tr>\n<tr style=\"height: 23px;\">\n<td style=\"height: 23px; width: 19.52381%;\" align=\"left\" height=\"23\">F<\/td>\n<td style=\"height: 23px; width: 23.095238%;\" align=\"right\">2012<\/td>\n<td style=\"height: 23px; width: 57.142857%;\" align=\"left\">Matilde Gerosa<\/td>\n<\/tr>\n<tr style=\"height: 23px;\">\n<td style=\"height: 23px; width: 19.52381%;\" align=\"left\" height=\"23\">F<\/td>\n<td style=\"height: 23px; width: 23.095238%;\" align=\"right\">2012<\/td>\n<td style=\"height: 23px; width: 57.142857%;\" align=\"left\">Viola Groppi<\/td>\n<\/tr>\n<tr style=\"height: 23px;\">\n<td style=\"height: 23px; width: 19.52381%;\" align=\"left\" height=\"23\">F<\/td>\n<td style=\"height: 23px; width: 23.095238%;\" align=\"right\">2013<\/td>\n<td style=\"height: 23px; width: 57.142857%;\" align=\"left\">Caterina Gezzi<\/td>\n<\/tr>\n<tr style=\"height: 23px;\">\n<td style=\"height: 23px; width: 19.52381%;\" align=\"left\" height=\"23\">F<\/td>\n<td style=\"height: 23px; width: 23.095238%;\" align=\"right\">2013<\/td>\n<td style=\"height: 23px; width: 57.142857%;\" align=\"left\">Michelle Bernasconi<\/td>\n<\/tr>\n<tr style=\"height: 23px;\">\n<td style=\"height: 23px; width: 19.52381%;\" align=\"left\" height=\"23\">M<\/td>\n<td style=\"height: 23px; width: 23.095238%;\" align=\"right\">2014<\/td>\n<td style=\"height: 23px; width: 57.142857%;\" align=\"left\">Martino Brenna<\/td>\n<\/tr>\n<tr style=\"height: 23px;\">\n<td style=\"height: 23px; width: 19.52381%;\" align=\"left\" height=\"23\">F<\/td>\n<td style=\"height: 23px; width: 23.095238%;\" align=\"right\">2014<\/td>\n<td style=\"height: 23px; width: 57.142857%;\" align=\"left\">Alicia Fretti<\/td>\n<\/tr>\n<tr style=\"height: 23px;\">\n<td style=\"height: 23px; width: 19.52381%;\" align=\"left\" height=\"23\">F<\/td>\n<td style=\"height: 23px; width: 23.095238%;\" align=\"right\">2014<\/td>\n<td style=\"height: 23px; width: 57.142857%;\" align=\"left\">Virginia Gerosa<\/td>\n<\/tr>\n<tr style=\"height: 23px;\">\n<td style=\"height: 23px; width: 19.52381%;\" align=\"left\" height=\"23\">F<\/td>\n<td style=\"height: 23px; width: 23.095238%;\" align=\"right\">2015<\/td>\n<td style=\"height: 23px; width: 57.142857%;\" align=\"left\">Anna Borsari<\/td>\n<\/tr>\n<tr style=\"height: 23px;\">\n<td style=\"height: 23px; width: 19.52381%;\" align=\"left\" height=\"23\">F<\/td>\n<td style=\"height: 23px; width: 23.095238%;\" align=\"right\">2015<\/td>\n<td style=\"height: 23px; width: 57.142857%;\" align=\"left\">Irene Piccardo<\/td>\n<\/tr>\n<tr style=\"height: 23px;\">\n<td style=\"height: 23px; width: 19.52381%;\" align=\"left\" height=\"23\">F<\/td>\n<td style=\"height: 23px; width: 23.095238%;\" align=\"right\">2016<\/td>\n<td style=\"height: 23px; width: 57.142857%;\" align=\"left\">Chantal Schmid<\/td>\n<\/tr>\n<tr style=\"height: 23px;\">\n<td style=\"height: 23px; width: 19.52381%;\" align=\"left\" height=\"23\">F<\/td>\n<td style=\"height: 23px; width: 23.095238%;\" align=\"right\">2016<\/td>\n<td style=\"height: 23px; width: 57.142857%;\" align=\"left\">Lisa Vucic<\/td>\n<\/tr>\n<tr style=\"height: 23px;\">\n<td style=\"height: 23px; width: 19.52381%;\" align=\"left\" height=\"23\">F<\/td>\n<td style=\"height: 23px; width: 23.095238%;\" align=\"right\">2017<\/td>\n<td style=\"height: 23px; width: 57.142857%;\" align=\"left\">Linda Domeniconi<\/td>\n<\/tr>\n<tr style=\"height: 23px;\">\n<td style=\"height: 23px; width: 19.52381%;\" align=\"left\" height=\"23\">F<\/td>\n<td style=\"height: 23px; width: 23.095238%;\" align=\"right\">2017<\/td>\n<td style=\"height: 23px; width: 57.142857%;\" align=\"left\">Kayla Altendorfer<\/td>\n<\/tr>\n<tr style=\"height: 23px;\">\n<td style=\"height: 23px; width: 19.52381%;\" align=\"left\" height=\"23\">F<\/td>\n<td style=\"height: 23px; width: 23.095238%;\" align=\"right\">2017<\/td>\n<td style=\"height: 23px; width: 57.142857%;\" align=\"left\">Zoe Piccardo<\/td>\n<\/tr>\n<tr style=\"height: 23px;\">\n<td style=\"height: 23px; width: 19.52381%;\" align=\"left\" height=\"23\">F<\/td>\n<td style=\"height: 23px; width: 23.095238%;\" align=\"right\">2017<\/td>\n<td style=\"height: 23px; width: 57.142857%;\" align=\"left\">Carolina Schneebeli<\/td>\n<\/tr>\n<\/tbody>\n<\/table>\n","protected":false},"excerpt":{"rendered":"<p>Il fine settimana USC sar\u00e0 particolarmente intenso, mentre la Capriasca palpiter\u00e0 per Scenic Trail, in pista \u00a0ci sar\u00e0 un doppio appuntamento: \u00a0sabato al Comunale di Bellinzona saranno una ventina le giovani leve al via della finale cantonale UBS KIDS CUP. Domenica al Vallone di Biasca ci saranno i campionati ticinesi dei 3000 m\/5000 m abbinati al BancaStato Gran Prix Ticino.\u00a0 Al comunale ci sar\u00e0 una grande festa dell&#8217;atletica giovanile la finale della Kids Cup \u00e8&#8230;<\/p>\n","protected":false},"author":4,"featured_media":4382,"comment_status":"closed","ping_status":"closed","sticky":false,"template":"","format":"standard","meta":{"jetpack_post_was_ever_published":false,"_jetpack_newsletter_access":"","_jetpack_dont_email_post_to_subs":false,"_jetpack_newsletter_tier_id":0,"_jetpack_memberships_contains_paywalled_content":false,"_jetpack_memberships_contains_paid_content":false,"footnotes":"","jetpack_publicize_message":"","jetpack_publicize_feature_enabled":true,"jetpack_social_post_already_shared":true,"jetpack_social_options":{"image_generator_settings":{"template":"highway","default_image_id":0,"font":"","enabled":false},"version":2}},"categories":[4,9],"tags":[],"class_list":["post-19437","post","type-post","status-publish","format-standard","has-post-thumbnail","hentry","category-pista","category-sport"],"jetpack_publicize_connections":[],"jetpack_featured_media_url":"https:\/\/i0.wp.com\/uscatletica.ch\/wp\/wp-content\/uploads\/2017\/05\/P1460520.jpg?fit=422%2C563&ssl=1","jetpack_sharing_enabled":true,"jetpack_shortlink":"https:\/\/wp.me\/p6V7Ck-53v","jetpack-related-posts":[{"id":17439,"url":"https:\/\/uscatletica.ch\/wp\/?p=17439","url_meta":{"origin":19437,"position":0},"title":"Doppio appuntamento al Comunale, i podisti al Br\u00e8 e al Tamaro","author":"Leonida Stampanoni","date":"2 Giugno 2023","format":false,"excerpt":"Il primo fine settimana di giugno sar\u00e0 particolarmente intenso con Bellinzona come centro dell'attivit\u00e0. Sabato saranno una decina le nostre giovani leve alla finale Cantonale della KIDS CUP. Alice finalista nazionale lo scorso anno guider\u00e0 il gruppo. Domenica in pista saranno i migliori atleti del cantone con la prima tappa\u2026","rel":"","context":"In &quot;Pista&quot;","block_context":{"text":"Pista","link":"https:\/\/uscatletica.ch\/wp\/?cat=4"},"img":{"alt_text":"","src":"https:\/\/i0.wp.com\/uscatletica.ch\/wp\/wp-content\/uploads\/2022\/09\/220910APUKCFI69M.jpg?fit=432%2C324&ssl=1&resize=350%2C200","width":350,"height":200},"classes":[]},{"id":15854,"url":"https:\/\/uscatletica.ch\/wp\/?p=15854","url_meta":{"origin":19437,"position":1},"title":"DA Zurigo a Bellinzona passando per Lugano il fine settimana USC","author":"Leonida Stampanoni","date":"9 Settembre 2022","format":false,"excerpt":"Quattro appuntamenti agonistici per l'USC nel fine settimana \u00a0si parte sabato Mattina con la finale UBS Kids Cup \u00a0sulla mitica pista del Letzigrund fresca della finale della Diamond League con Alice, che raccoglie il testimone di Flavie, C\u00e9line, Giada, Morena \u00a0e Chiara capace anche di vincere. \u00a0Sabato a Lugano ci\u2026","rel":"","context":"In &quot;Pista&quot;","block_context":{"text":"Pista","link":"https:\/\/uscatletica.ch\/wp\/?cat=4"},"img":{"alt_text":"","src":"https:\/\/i0.wp.com\/uscatletica.ch\/wp\/wp-content\/uploads\/2021\/09\/210914U118eajla.jpg?fit=432%2C324&ssl=1&resize=350%2C200","width":350,"height":200},"classes":[]},{"id":7292,"url":"https:\/\/uscatletica.ch\/wp\/?p=7292","url_meta":{"origin":19437,"position":2},"title":"DALLA SARDEGNA A BELLINZONA IL FINE SETTIMANA DEGLI USCINI","author":"Leonida Stampanoni","date":"14 Febbraio 2019","format":false,"excerpt":"Sabato a Bellinzona per la prima volta in 8 edizioni la finale regionale della UBS Kids Team si disputer\u00e0 in Ticino,l'USC sar\u00e0 al via con tre squadre due U16 una femminile ed una maschile ed una femminile ed il sestetto misto delle U12. Domenica Rachele invece sar\u00e0 con la selezione\u2026","rel":"","context":"In &quot;Cross&quot;","block_context":{"text":"Cross","link":"https:\/\/uscatletica.ch\/wp\/?cat=7"},"img":{"alt_text":"","src":"https:\/\/i0.wp.com\/uscatletica.ch\/wp\/wp-content\/uploads\/2019\/01\/ukct19all.jpg?fit=532%2C399&ssl=1&resize=350%2C200","width":350,"height":200,"srcset":"https:\/\/i0.wp.com\/uscatletica.ch\/wp\/wp-content\/uploads\/2019\/01\/ukct19all.jpg?fit=532%2C399&ssl=1&resize=350%2C200 1x, https:\/\/i0.wp.com\/uscatletica.ch\/wp\/wp-content\/uploads\/2019\/01\/ukct19all.jpg?fit=532%2C399&ssl=1&resize=525%2C300 1.5x"},"classes":[]},{"id":16541,"url":"https:\/\/uscatletica.ch\/wp\/?p=16541","url_meta":{"origin":19437,"position":3},"title":"UKC TEAM LA U14MIX TERZA","author":"Leonida Stampanoni","date":"6 Dicembre 2022","format":false,"excerpt":"Sabato al Palasport di Biasca \u00a0erano 3 le squadre USC al via della eliminatoria UBS Kids Cup Team. Due nella categoria U14Mix dove Mattia, Ismael, Anais, Am\u00e9lie e Camilla B. \u00a0hanno trovato il posto alla finale regionale del 12 febbraio a Geltekinden. Bene anche Noah, Dalia, Camilla Leonie e Asia\u2026","rel":"","context":"In &quot;Pista&quot;","block_context":{"text":"Pista","link":"https:\/\/uscatletica.ch\/wp\/?cat=4"},"img":{"alt_text":"","src":"https:\/\/i0.wp.com\/uscatletica.ch\/wp\/wp-content\/uploads\/2022\/12\/221203UKCBIASCA.jpg?fit=432%2C324&ssl=1&resize=350%2C200","width":350,"height":200},"classes":[]},{"id":9892,"url":"https:\/\/uscatletica.ch\/wp\/?p=9892","url_meta":{"origin":19437,"position":4},"title":"DALLA SARDEGNA A BIASCA PASSANDO PER LUGANO","author":"Leonida Stampanoni","date":"13 Febbraio 2020","format":false,"excerpt":"Il fine settimana dei campionati svizzeri indoor, senza atleti USC, sar\u00e0 comunque intenso per i nostri atleti che saranno impegnati su pi\u00f9 fronti \u00a0Giada sar\u00e0 al via dei campionati europei di Bob, mentre Giorgia e Matilde saranno in Sardegna per il Memorial Elisa Migliore, l'impegno pi\u00f9 consistente sar\u00e0 per\u00f2 all'Arti\u2026","rel":"","context":"In &quot;CO&quot;","block_context":{"text":"CO","link":"https:\/\/uscatletica.ch\/wp\/?cat=19"},"img":{"alt_text":"","src":"https:\/\/i0.wp.com\/uscatletica.ch\/wp\/wp-content\/uploads\/2020\/01\/10.jpg?fit=432%2C288&ssl=1&resize=350%2C200","width":350,"height":200},"classes":[]},{"id":5343,"url":"https:\/\/uscatletica.ch\/wp\/?p=5343","url_meta":{"origin":19437,"position":5},"title":"UKC TEAM A BIASCA PER DIVERTIRSI I PODISTI A ZURICH","author":"Leonida Stampanoni","date":"9 Dicembre 2017","format":false,"excerpt":"Nel secondo fine settimana di dicembre saranno i nostri ragazzi a scendere in pista nella palestra SPAI di Biasca per la UBS KIDS CUP Team con 113 squadre iscritte. Nel marzo scorso 2 squadre USC hanno partecipato ad\u00a0alla finale svizzera\u00a0di Untesiggenthal, domenica a Biasca saranno 4 le squadre al via\u2026","rel":"","context":"In &quot;Pista&quot;","block_context":{"text":"Pista","link":"https:\/\/uscatletica.ch\/wp\/?cat=4"},"img":{"alt_text":"","src":"https:\/\/i0.wp.com\/uscatletica.ch\/wp\/wp-content\/uploads\/2017\/02\/uckbuttikon17mini016.jpg?fit=563%2C422&ssl=1&resize=350%2C200","width":350,"height":200,"srcset":"https:\/\/i0.wp.com\/uscatletica.ch\/wp\/wp-content\/uploads\/2017\/02\/uckbuttikon17mini016.jpg?fit=563%2C422&ssl=1&resize=350%2C200 1x, https:\/\/i0.wp.com\/uscatletica.ch\/wp\/wp-content\/uploads\/2017\/02\/uckbuttikon17mini016.jpg?fit=563%2C422&ssl=1&resize=525%2C300 1.5x"},"classes":[]}],"_links":{"self":[{"href":"https:\/\/uscatletica.ch\/wp\/index.php?rest_route=\/wp\/v2\/posts\/19437","targetHints":{"allow":["GET"]}}],"collection":[{"href":"https:\/\/uscatletica.ch\/wp\/index.php?rest_route=\/wp\/v2\/posts"}],"about":[{"href":"https:\/\/uscatletica.ch\/wp\/index.php?rest_route=\/wp\/v2\/types\/post"}],"author":[{"embeddable":true,"href":"https:\/\/uscatletica.ch\/wp\/index.php?rest_route=\/wp\/v2\/users\/4"}],"replies":[{"embeddable":true,"href":"https:\/\/uscatletica.ch\/wp\/index.php?rest_route=%2Fwp%2Fv2%2Fcomments&post=19437"}],"version-history":[{"count":1,"href":"https:\/\/uscatletica.ch\/wp\/index.php?rest_route=\/wp\/v2\/posts\/19437\/revisions"}],"predecessor-version":[{"id":19441,"href":"https:\/\/uscatletica.ch\/wp\/index.php?rest_route=\/wp\/v2\/posts\/19437\/revisions\/19441"}],"wp:featuredmedia":[{"embeddable":true,"href":"https:\/\/uscatletica.ch\/wp\/index.php?rest_route=\/wp\/v2\/media\/4382"}],"wp:attachment":[{"href":"https:\/\/uscatletica.ch\/wp\/index.php?rest_route=%2Fwp%2Fv2%2Fmedia&parent=19437"}],"wp:term":[{"taxonomy":"category","embeddable":true,"href":"https:\/\/uscatletica.ch\/wp\/index.php?rest_route=%2Fwp%2Fv2%2Fcategories&post=19437"},{"taxonomy":"post_tag","embeddable":true,"href":"https:\/\/uscatletica.ch\/wp\/index.php?rest_route=%2Fwp%2Fv2%2Ftags&post=19437"}],"curies":[{"name":"wp","href":"https:\/\/api.w.org\/{rel}","templated":true}]}}