{"id":19450,"date":"2024-06-09T07:44:12","date_gmt":"2024-06-09T05:44:12","guid":{"rendered":"https:\/\/uscatletica.ch\/wp\/?p=19450"},"modified":"2024-06-09T07:44:17","modified_gmt":"2024-06-09T05:44:17","slug":"al-comunale-alice-martino-linda-e-kayla-sul-podio-della-kids-cup","status":"publish","type":"post","link":"https:\/\/uscatletica.ch\/wp\/?p=19450","title":{"rendered":"Al Comunale Alice, Martino, Linda e Kayla sul podio della KIDS CUP"},"content":{"rendered":"\n<p>Una splendida giornata un atmosfera di festa una ventina di giovani USCine hanno potuto gustarsi la magia della finale cantonale UBS KIDS CUP sabato al comunale di Bellinzona che il 9 settembre ospiter\u00e0 il gal\u00e0 dei Castelli. I nostri atleti hanno potuto anche salutare Ajla Del Ponte la festeggiatissima stella dell&#8217;atletica ticinese. Ottimi risultati \u00a0quattro atleti sul podio Martino che ancora una volta sfiora la vittoria, Linda e Kayla tra le pi\u00f9 piccole e Alice tra le pi\u00f9 grandi. Maja sfiora il podio. \u00a0 Tutti hanno potuto gareggiare ed esprimersi in una cornice ideale.\u00a0<\/p>\n<p><a href=\"https:\/\/slv.laportal.net\/Competitions\/Details\/13245\" target=\"_blank\" rel=\"noopener\">risultati live<\/a><\/p>\n<p>Tra le pi\u00f9 piccole erano ben 4 le bambine al via vince Arielle Maghella (631) grazie alla pallina. Linda \u00e8 seconda vincendo i 60 in 10.79 completato con 9.85 nella pallina e 2.78 in lungo. Kayla \u00e8 terza scaglia la pallina a 10.78 salta 2.72 e corre in 11.49. Bella gara anche per Carolina ( 267, 12&#8243;25, 8.33, 2.04) e Clo\u00e9 (203, \u00a013&#8243;21, 7.18, 1.97). Tra i nati nel 2014 Martino come lo scorso anno chiude secondo vincendo la pallina con 32.25 mentre sui 60 m come a Cornaredo \u00e8 secondo in 9&#8243;42 nel lungo finisce terzo con 3.75 vince Neil Pagani (1126) grazie al lungo. Alice (1930) domina i 60 in 8&#8243;27, mentre nel lungo manca un cm alla vittoria con 4.90 m. Nella pallina invece con 31.00 m vede la finale del Letzigrund volare via. \u00a0Vince Lara Sanvito (2017). Tra le W12 un terzetto USC al via Maja (1732) chiude a soli 22 punti dal podio ottima sui 60 m in 8.74 atterra a 4.55 nel lungo mentre nella pallina \u00e8 appena oltre i 30 m. vince Juliette Azar (1951) un tra i migliori risultati svizzeri. \u00a0Matilde (1315) sfiora i 4 m nel lungo ed \u00e8 tredicesima \u00a0e Viola (1227) si difende bene. \u00a0Tra le 2011 Asia (1694) sfiora i 1700 punti per un suo sesto rango con una bella prova 8&#8243;82 sui 60 m, 4.27 nel lungo e 34.30 nella pallina . si difende bene. anche Camilla A. (1424) sfiorando in 25 m nella pallina. ed i 4 m nel lungo, ed i 9&#8243; sui 60m \u00a0vince Eryn Redaelli (2021) con la miglior prestazione di giornata. Tra le 2016 Chantal (623) \u00e8 settima \u00a010&#8243;09 sui 60 m 2.63 m nel lungo e 7.45 m nella pallina vince Lia Solari (974). Bene Lisa (387, 11&#8243;14, 11.55, 2.86).Anna (836) nella gara delle 2015 \u00a0finisce nona 10&#8243;32 sui 60 m sfiora i 3 m nel lungo con 2.95 ed i 18 m nella pallina. Tra le 2013 Caterina (1135) \u00e8 sedicesima con un bella gara regolare. Alicia (749) si difende tra le nate nel 2015.<\/p>\n<p>\u00a0<\/p>\n<p>Tutti i risultati\u00a0<\/p>\n<table style=\"width: 100%;\" border=\"0\" cellspacing=\"0\"><colgroup width=\"117\"><\/colgroup><colgroup width=\"52\"><\/colgroup><colgroup width=\"183\"><\/colgroup><colgroup width=\"57\"><\/colgroup><colgroup width=\"70\"><\/colgroup><colgroup width=\"55\"><\/colgroup><colgroup width=\"54\"><\/colgroup>\n<tbody>\n<tr>\n<td style=\"width: 19.880952%;\" align=\"right\" height=\"23\">2014<\/td>\n<td style=\"width: 8.809524%;\" align=\"right\">2<\/td>\n<td style=\"width: 31.071429%;\" align=\"left\">Martino Brenna<\/td>\n<td style=\"width: 9.880952%;\" align=\"right\">1113<\/td>\n<td style=\"width: 11.666667%;\" align=\"right\">9.42<\/td>\n<td style=\"width: 9.285714%;\" align=\"right\">32.25<\/td>\n<td style=\"width: 9.166667%;\" align=\"right\">3.75<\/td>\n<\/tr>\n<tr>\n<td style=\"width: 19.880952%;\" align=\"right\" height=\"23\">2017<\/td>\n<td style=\"width: 8.809524%;\" align=\"right\">2<\/td>\n<td style=\"width: 31.071429%;\" align=\"left\">Linda Domeniconi<\/td>\n<td style=\"width: 9.880952%;\" align=\"right\">588<\/td>\n<td style=\"width: 11.666667%;\" align=\"right\">10.79<\/td>\n<td style=\"width: 9.285714%;\" align=\"right\">9.85<\/td>\n<td style=\"width: 9.166667%;\" align=\"right\">2.78<\/td>\n<\/tr>\n<tr>\n<td style=\"width: 19.880952%;\" align=\"right\" height=\"23\">2009<\/td>\n<td style=\"width: 8.809524%;\" align=\"right\">3<\/td>\n<td style=\"width: 31.071429%;\" align=\"left\">Alice Petralli<\/td>\n<td style=\"width: 9.880952%;\" align=\"right\">1930<\/td>\n<td style=\"width: 11.666667%;\" align=\"right\">8.27<\/td>\n<td style=\"width: 9.285714%;\" align=\"right\">31.00<\/td>\n<td style=\"width: 9.166667%;\" align=\"right\">4.90<\/td>\n<\/tr>\n<tr>\n<td style=\"width: 19.880952%;\" align=\"right\" height=\"23\">2017<\/td>\n<td style=\"width: 8.809524%;\" align=\"right\">3<\/td>\n<td style=\"width: 31.071429%;\" align=\"left\">Kayla Altendorfer<\/td>\n<td style=\"width: 9.880952%;\" align=\"right\">508<\/td>\n<td style=\"width: 11.666667%;\" align=\"right\">11.49<\/td>\n<td style=\"width: 9.285714%;\" align=\"right\">10.78<\/td>\n<td style=\"width: 9.166667%;\" align=\"right\">2.72<\/td>\n<\/tr>\n<tr>\n<td style=\"width: 19.880952%;\" align=\"right\" height=\"23\">2012<\/td>\n<td style=\"width: 8.809524%;\" align=\"right\">4<\/td>\n<td style=\"width: 31.071429%;\" align=\"left\">Maja Vucic<\/td>\n<td style=\"width: 9.880952%;\" align=\"right\">1710<\/td>\n<td style=\"width: 11.666667%;\" align=\"right\">8.74<\/td>\n<td style=\"width: 9.285714%;\" align=\"right\">30.16<\/td>\n<td style=\"width: 9.166667%;\" align=\"right\">4.55<\/td>\n<\/tr>\n<tr>\n<td style=\"width: 19.880952%;\" align=\"right\" height=\"23\">2011<\/td>\n<td style=\"width: 8.809524%;\" align=\"right\">6<\/td>\n<td style=\"width: 31.071429%;\" align=\"left\">Asia Corti<\/td>\n<td style=\"width: 9.880952%;\" align=\"right\">1694<\/td>\n<td style=\"width: 11.666667%;\" align=\"right\">8.82<\/td>\n<td style=\"width: 9.285714%;\" align=\"right\">34.30<\/td>\n<td style=\"width: 9.166667%;\" align=\"right\">4.27<\/td>\n<\/tr>\n<tr>\n<td style=\"width: 19.880952%;\" align=\"right\" height=\"23\">2016<\/td>\n<td style=\"width: 8.809524%;\" align=\"right\">7<\/td>\n<td style=\"width: 31.071429%;\" align=\"left\">Chantal Schmid<\/td>\n<td style=\"width: 9.880952%;\" align=\"right\">623<\/td>\n<td style=\"width: 11.666667%;\" align=\"right\">10.09<\/td>\n<td style=\"width: 9.285714%;\" align=\"right\">7.45<\/td>\n<td style=\"width: 9.166667%;\" align=\"right\">2.63<\/td>\n<\/tr>\n<tr>\n<td style=\"width: 19.880952%;\" align=\"right\" height=\"23\">2015<\/td>\n<td style=\"width: 8.809524%;\" align=\"right\">9<\/td>\n<td style=\"width: 31.071429%;\" align=\"left\">Anna Borsari<\/td>\n<td style=\"width: 9.880952%;\" align=\"right\">836<\/td>\n<td style=\"width: 11.666667%;\" align=\"right\">10.32<\/td>\n<td style=\"width: 9.285714%;\" align=\"right\">17.85<\/td>\n<td style=\"width: 9.166667%;\" align=\"right\">2.95<\/td>\n<\/tr>\n<tr>\n<td style=\"width: 19.880952%;\" align=\"right\" height=\"23\">2012<\/td>\n<td style=\"width: 8.809524%;\" align=\"right\">13<\/td>\n<td style=\"width: 31.071429%;\" align=\"left\">Matilde Gerosa<\/td>\n<td style=\"width: 9.880952%;\" align=\"right\">1315<\/td>\n<td style=\"width: 11.666667%;\" align=\"right\">9.68<\/td>\n<td style=\"width: 9.285714%;\" align=\"right\">26.92<\/td>\n<td style=\"width: 9.166667%;\" align=\"right\">3.98<\/td>\n<\/tr>\n<tr>\n<td style=\"width: 19.880952%;\" align=\"right\" height=\"23\">2013<\/td>\n<td style=\"width: 8.809524%;\" align=\"right\">16<\/td>\n<td style=\"width: 31.071429%;\" align=\"left\">Caterina Gezzi<\/td>\n<td style=\"width: 9.880952%;\" align=\"right\">1135<\/td>\n<td style=\"width: 11.666667%;\" align=\"right\">9.51<\/td>\n<td style=\"width: 9.285714%;\" align=\"right\">22.20<\/td>\n<td style=\"width: 9.166667%;\" align=\"right\">3.31<\/td>\n<\/tr>\n<tr>\n<td style=\"width: 19.880952%;\" align=\"right\" height=\"23\">2011<\/td>\n<td style=\"width: 8.809524%;\" align=\"right\">17<\/td>\n<td style=\"width: 31.071429%;\" align=\"left\">Camilla Amaro<\/td>\n<td style=\"width: 9.880952%;\" align=\"right\">1424<\/td>\n<td style=\"width: 11.666667%;\" align=\"right\">9.03<\/td>\n<td style=\"width: 9.285714%;\" align=\"right\">24.94<\/td>\n<td style=\"width: 9.166667%;\" align=\"right\">3.95<\/td>\n<\/tr>\n<tr>\n<td style=\"width: 19.880952%;\" align=\"right\" height=\"23\">2010<\/td>\n<td style=\"width: 8.809524%;\" align=\"right\">18<\/td>\n<td style=\"width: 31.071429%;\" align=\"left\">Camilla Brenna<\/td>\n<td style=\"width: 9.880952%;\" align=\"right\">1439<\/td>\n<td style=\"width: 11.666667%;\" align=\"right\">9.09<\/td>\n<td style=\"width: 9.285714%;\" align=\"right\">21.66<\/td>\n<td style=\"width: 9.166667%;\" align=\"right\">4.31<\/td>\n<\/tr>\n<tr>\n<td style=\"width: 19.880952%;\" align=\"right\" height=\"23\">2012<\/td>\n<td style=\"width: 8.809524%;\" align=\"right\">18<\/td>\n<td style=\"width: 31.071429%;\" align=\"left\">Viola Groppi<\/td>\n<td style=\"width: 9.880952%;\" align=\"right\">1227<\/td>\n<td style=\"width: 11.666667%;\" align=\"right\">9.89<\/td>\n<td style=\"width: 9.285714%;\" align=\"right\">26.40<\/td>\n<td style=\"width: 9.166667%;\" align=\"right\">3.79<\/td>\n<\/tr>\n<tr>\n<td style=\"width: 19.880952%;\" align=\"right\" height=\"23\">2017<\/td>\n<td style=\"width: 8.809524%;\" align=\"right\">19<\/td>\n<td style=\"width: 31.071429%;\" align=\"left\">Carolina Schneebeli<\/td>\n<td style=\"width: 9.880952%;\" align=\"right\">267<\/td>\n<td style=\"width: 11.666667%;\" align=\"right\">12.25<\/td>\n<td style=\"width: 9.285714%;\" align=\"right\">8.33<\/td>\n<td style=\"width: 9.166667%;\" align=\"right\">2.04<\/td>\n<\/tr>\n<tr>\n<td style=\"width: 19.880952%;\" align=\"right\" height=\"23\">2017<\/td>\n<td style=\"width: 8.809524%;\" align=\"right\">22<\/td>\n<td style=\"width: 31.071429%;\" align=\"left\">Clo\u00e9 De Bonis<\/td>\n<td style=\"width: 9.880952%;\" align=\"right\">203<\/td>\n<td style=\"width: 11.666667%;\" align=\"right\">13.21<\/td>\n<td style=\"width: 9.285714%;\" align=\"right\">7.18<\/td>\n<td style=\"width: 9.166667%;\" align=\"right\">1.97<\/td>\n<\/tr>\n<tr>\n<td style=\"width: 19.880952%;\" align=\"right\" height=\"23\">2016<\/td>\n<td style=\"width: 8.809524%;\" align=\"right\">24<\/td>\n<td style=\"width: 31.071429%;\" align=\"left\">Lisa Vucic<\/td>\n<td style=\"width: 9.880952%;\" align=\"right\">387<\/td>\n<td style=\"width: 11.666667%;\" align=\"right\">11.14<\/td>\n<td style=\"width: 9.285714%;\" align=\"right\">11.55<\/td>\n<td style=\"width: 9.166667%;\" align=\"right\">2.07<\/td>\n<\/tr>\n<tr>\n<td style=\"width: 19.880952%;\" align=\"right\" height=\"23\">2014<\/td>\n<td style=\"width: 8.809524%;\" align=\"right\">25<\/td>\n<td style=\"width: 31.071429%;\" align=\"left\">Alicia Fretti<\/td>\n<td style=\"width: 9.880952%;\" align=\"right\">749<\/td>\n<td style=\"width: 11.666667%;\" align=\"right\">10.63<\/td>\n<td style=\"width: 9.285714%;\" align=\"right\">16.64<\/td>\n<td style=\"width: 9.166667%;\" align=\"right\">2.86<\/td>\n<\/tr>\n<\/tbody>\n<\/table>\n","protected":false},"excerpt":{"rendered":"<p>Una splendida giornata un atmosfera di festa una ventina di giovani USCine hanno potuto gustarsi la magia della finale cantonale UBS KIDS CUP sabato al comunale di Bellinzona che il 9 settembre ospiter\u00e0 il gal\u00e0 dei Castelli. I nostri atleti hanno potuto anche salutare Ajla Del Ponte la festeggiatissima stella dell&#8217;atletica ticinese. Ottimi risultati \u00a0quattro atleti sul podio Martino che ancora una volta sfiora la vittoria, Linda e Kayla tra le pi\u00f9 piccole e Alice&#8230;<\/p>\n","protected":false},"author":4,"featured_media":10944,"comment_status":"closed","ping_status":"closed","sticky":false,"template":"","format":"standard","meta":{"jetpack_post_was_ever_published":false,"_jetpack_newsletter_access":"","_jetpack_dont_email_post_to_subs":false,"_jetpack_newsletter_tier_id":0,"_jetpack_memberships_contains_paywalled_content":false,"_jetpack_memberships_contains_paid_content":false,"footnotes":"","jetpack_publicize_message":"","jetpack_publicize_feature_enabled":true,"jetpack_social_post_already_shared":true,"jetpack_social_options":{"image_generator_settings":{"template":"highway","default_image_id":0,"font":"","enabled":false},"version":2}},"categories":[4,9],"tags":[],"class_list":["post-19450","post","type-post","status-publish","format-standard","has-post-thumbnail","hentry","category-pista","category-sport"],"jetpack_publicize_connections":[],"jetpack_featured_media_url":"https:\/\/i0.wp.com\/uscatletica.ch\/wp\/wp-content\/uploads\/2020\/09\/P1030658.jpeg?fit=315%2C420&ssl=1","jetpack_sharing_enabled":true,"jetpack_shortlink":"https:\/\/wp.me\/p6V7Ck-53I","jetpack-related-posts":[{"id":21019,"url":"https:\/\/uscatletica.ch\/wp\/?p=21019","url_meta":{"origin":19450,"position":0},"title":"KIDS CUP ottima USC Kayla e Thea a podio","author":"Leonida Stampanoni","date":"14 Giugno 2025","format":false,"excerpt":"La finale UBS KIDS CUP al comunale di Bellinzona ha portato quasi 500 atlete ed atleti a sfidarsi nel triathlon pi\u00f9 popolare della Svizzera. Ai nastri di partenza una ventina di USCine molto ambiziosi che cercavano un posto nella finale nazionale del 30 agosto al Letzigrund di Zurigo solo due\u2026","rel":"","context":"In &quot;Non catalogato&quot;","block_context":{"text":"Non catalogato","link":"https:\/\/uscatletica.ch\/wp\/?cat=6"},"img":{"alt_text":"","src":"https:\/\/i0.wp.com\/uscatletica.ch\/wp\/wp-content\/uploads\/2022\/09\/220910APUKCFI69M.jpg?fit=432%2C324&ssl=1&resize=350%2C200","width":350,"height":200},"classes":[]},{"id":20913,"url":"https:\/\/uscatletica.ch\/wp\/?p=20913","url_meta":{"origin":19450,"position":1},"title":"UBS Kidscup 2025","author":"J S","date":"25 Maggio 2025","format":false,"excerpt":"Venerdi sera una sessantina di USCine ed USCini erano all'Arena Sportiva per la KIDS CUP. Un intenso pomeriggio di gare riuscito perfettamente grazie alla preziosa collaborazione di monitori comitato e genitori. Le nostre giovani leve hanno potuto divertirsi e brillare. In grande evidenza le piccoline con Thea, Lina, Kayla, Linda\u2026","rel":"","context":"In &quot;Non catalogato&quot;","block_context":{"text":"Non catalogato","link":"https:\/\/uscatletica.ch\/wp\/?cat=6"},"img":{"alt_text":"","src":"https:\/\/i0.wp.com\/uscatletica.ch\/wp\/wp-content\/uploads\/2020\/09\/Arena-sportiva-pista.jpg?fit=800%2C600&ssl=1&resize=350%2C200","width":350,"height":200,"srcset":"https:\/\/i0.wp.com\/uscatletica.ch\/wp\/wp-content\/uploads\/2020\/09\/Arena-sportiva-pista.jpg?fit=800%2C600&ssl=1&resize=350%2C200 1x, https:\/\/i0.wp.com\/uscatletica.ch\/wp\/wp-content\/uploads\/2020\/09\/Arena-sportiva-pista.jpg?fit=800%2C600&ssl=1&resize=525%2C300 1.5x, https:\/\/i0.wp.com\/uscatletica.ch\/wp\/wp-content\/uploads\/2020\/09\/Arena-sportiva-pista.jpg?fit=800%2C600&ssl=1&resize=700%2C400 2x"},"classes":[]},{"id":19242,"url":"https:\/\/uscatletica.ch\/wp\/?p=19242","url_meta":{"origin":19450,"position":2},"title":"Un bel pomeriggio USC alla KIDS CUP","author":"Leonida Stampanoni","date":"25 Aprile 2024","format":false,"excerpt":"Nel pomeriggio erano una cinquantina di USCine ed USCini erano all'arena per partecipare alla nostra eliminatoria del progetto giovanile pi\u00f9 popolare della Svizzera. Accompagnati da monitori ed accompagnatori si sono sfidati correndo i 60 m saltando in lungo e lanciando la pallina. Il divertimento era in primo piano ma ora\u2026","rel":"","context":"In &quot;Pista&quot;","block_context":{"text":"Pista","link":"https:\/\/uscatletica.ch\/wp\/?cat=4"},"img":{"alt_text":"","src":"https:\/\/i0.wp.com\/uscatletica.ch\/wp\/wp-content\/uploads\/2022\/09\/220910APUKCFI69M.jpg?fit=432%2C324&ssl=1&resize=350%2C200","width":350,"height":200},"classes":[]},{"id":19437,"url":"https:\/\/uscatletica.ch\/wp\/?p=19437","url_meta":{"origin":19450,"position":3},"title":"DAL COMUNALE A BIASCA IL FINE SETTIMANA USC","author":"Leonida Stampanoni","date":"6 Giugno 2024","format":false,"excerpt":"Il fine settimana USC sar\u00e0 particolarmente intenso, mentre la Capriasca palpiter\u00e0 per Scenic Trail, in pista \u00a0ci sar\u00e0 un doppio appuntamento: \u00a0sabato al Comunale di Bellinzona saranno una ventina le giovani leve al via della finale cantonale UBS KIDS CUP. Domenica al Vallone di Biasca ci saranno i campionati ticinesi\u2026","rel":"","context":"In &quot;Pista&quot;","block_context":{"text":"Pista","link":"https:\/\/uscatletica.ch\/wp\/?cat=4"},"img":{"alt_text":"","src":"https:\/\/i0.wp.com\/uscatletica.ch\/wp\/wp-content\/uploads\/2017\/05\/P1460520.jpg?fit=422%2C563&ssl=1&resize=350%2C200","width":350,"height":200},"classes":[]},{"id":7966,"url":"https:\/\/uscatletica.ch\/wp\/?p=7966","url_meta":{"origin":19450,"position":4},"title":"Kids Cup Rivera bravi gli USCini","author":"Leonida Stampanoni","date":"15 Aprile 2019","format":false,"excerpt":"La stagione in psita \u00e8 partita domenica da Rivera con la prima eliminatoria UBS Kids Cup. la finale cantonale sar\u00e0 Lunedi 11 giugno alla Stadio di Cornaredo quai una ventina gli USCini al via. Nelle W14 dietro Sara Broggini c'erano tre nostre atlete nell'ordine Gaia, Morena e Matilda ai piedi\u2026","rel":"","context":"In &quot;Pista&quot;","block_context":{"text":"Pista","link":"https:\/\/uscatletica.ch\/wp\/?cat=4"},"img":{"alt_text":"","src":"https:\/\/i0.wp.com\/uscatletica.ch\/wp\/wp-content\/uploads\/2019\/04\/riveraukc2019u16.jpg?fit=432%2C210&ssl=1&resize=350%2C200","width":350,"height":200},"classes":[]},{"id":17419,"url":"https:\/\/uscatletica.ch\/wp\/?p=17419","url_meta":{"origin":19450,"position":5},"title":"Le giovani leve USC bene a Dongio","author":"Leonida Stampanoni","date":"30 Maggio 2023","format":false,"excerpt":"Luned\u00ec di Pentecoste con il classico appuntamento per i pi\u00f9 piccoli al Meeting scolari GAD. Erano ben sette le giovanissime leve USC al via nel triathlon proposta in questa gara bleniese. Elisa e Jaja con passione hanno seguito \u00a0i nostri giovani Nicol\u00f2, Jacopo, Mattia, Noemi, Caterina, Virginia e Martino. hanno\u2026","rel":"","context":"In &quot;Pista&quot;","block_context":{"text":"Pista","link":"https:\/\/uscatletica.ch\/wp\/?cat=4"},"img":{"alt_text":"","src":"https:\/\/i0.wp.com\/uscatletica.ch\/wp\/wp-content\/uploads\/2023\/05\/230529USDONGIO.jpg?fit=480%2C360&ssl=1&resize=350%2C200","width":350,"height":200},"classes":[]}],"_links":{"self":[{"href":"https:\/\/uscatletica.ch\/wp\/index.php?rest_route=\/wp\/v2\/posts\/19450","targetHints":{"allow":["GET"]}}],"collection":[{"href":"https:\/\/uscatletica.ch\/wp\/index.php?rest_route=\/wp\/v2\/posts"}],"about":[{"href":"https:\/\/uscatletica.ch\/wp\/index.php?rest_route=\/wp\/v2\/types\/post"}],"author":[{"embeddable":true,"href":"https:\/\/uscatletica.ch\/wp\/index.php?rest_route=\/wp\/v2\/users\/4"}],"replies":[{"embeddable":true,"href":"https:\/\/uscatletica.ch\/wp\/index.php?rest_route=%2Fwp%2Fv2%2Fcomments&post=19450"}],"version-history":[{"count":1,"href":"https:\/\/uscatletica.ch\/wp\/index.php?rest_route=\/wp\/v2\/posts\/19450\/revisions"}],"predecessor-version":[{"id":19451,"href":"https:\/\/uscatletica.ch\/wp\/index.php?rest_route=\/wp\/v2\/posts\/19450\/revisions\/19451"}],"wp:featuredmedia":[{"embeddable":true,"href":"https:\/\/uscatletica.ch\/wp\/index.php?rest_route=\/wp\/v2\/media\/10944"}],"wp:attachment":[{"href":"https:\/\/uscatletica.ch\/wp\/index.php?rest_route=%2Fwp%2Fv2%2Fmedia&parent=19450"}],"wp:term":[{"taxonomy":"category","embeddable":true,"href":"https:\/\/uscatletica.ch\/wp\/index.php?rest_route=%2Fwp%2Fv2%2Fcategories&post=19450"},{"taxonomy":"post_tag","embeddable":true,"href":"https:\/\/uscatletica.ch\/wp\/index.php?rest_route=%2Fwp%2Fv2%2Ftags&post=19450"}],"curies":[{"name":"wp","href":"https:\/\/api.w.org\/{rel}","templated":true}]}}