{"id":19453,"date":"2024-06-09T19:57:00","date_gmt":"2024-06-09T17:57:00","guid":{"rendered":"https:\/\/uscatletica.ch\/wp\/?p=19453"},"modified":"2024-06-09T20:32:20","modified_gmt":"2024-06-09T18:32:20","slug":"a-biasca-brillano-le-uscine-sotto-la-pioggia","status":"publish","type":"post","link":"https:\/\/uscatletica.ch\/wp\/?p=19453","title":{"rendered":"A BIASCA BRILLANO LE USCINE SOTTO LA PIOGGIA"},"content":{"rendered":"\n<p>La seconda tappa del BancaStato GP TICINO ha portato grande entusiasmo al Vallone di Biasca nonostante il maltempo non sono mancate le ottime prestazione. Una otto le presenze USC: Nel peso brilla Giada con una vittoria che le permette di prendere il comando della classifica del Gran Prix lanci, personali per Lea, Alice e No\u00e9,\u00a0 Marta chiude terza nel lungo.<\/p>\n<p><a href=\"https:\/\/slv.laportal.net\/Competitions\/Resultoverview\/13132\" target=\"_blank\" rel=\"noopener\">risultati live<\/a><\/p>\n<p>La prima a scendere in pedana \u00e8 Giada che con 12.23 m vince il concorso \u00a0con il miglior lancio in stagione. \u00a0La prestazione nel disco di domenica \u00a0scorsa piazzaa nostra lanciatrice al comando del BancaStato GP Ticino lanci . Tra gli uomini Elia scaglia i 6 kg a 10.32 prima di infilzare il giavellotto a 35.49.<\/p>\n<p>\u00a0Sotto la pioggia \u00a0si salta nelle pedane del lungo e alto. Nel lungo Marta atterrando a 5.12 m \u00a0chiude terza \u00a0la gara vinta con la miglior prestazione del giorno di Daria Rigatti con 5.87. Lana \u00a0atterra a 3.70 m ad una settimana dal primato sociale nel triplo. Nel salto in alto No\u00e9 salendo a 1.55 pareggia il suo primato personale.\u00a0<\/p>\n<p>In pista sui 200 m Lea in 27.09 firma il suo personale dopo una gara convincente strappa pure il limite per i campionati svizzeri giovanili . Alice al debutto sul mezzo giro di pista esce velocissima dai blocchi e chiude in 27.46 la pi\u00f9 veloce \u00e8 Petra Crescini mentre al maschile il 21.79 di Nathan Oberti \u00e8 la miglior prestazione di giornata di un soffio sul 52&#8243;19 di Mattia Tajana sui 400 m ostacoli.\u00a0<\/p>\n<p>Tommaso Marani 15&#8217;37&#8243;42 si conferma campione ticinese dei 5000 m battendo Marco Maffongelli . Tiziano va via regolare e chiude in 17&#8217;39&#8243;79. Sui 3000 m femminile dopo due anni di vittorie USC festeggia Cristina Maggetti.Sugli 800 Gioele De Marco \u00e8 il pi\u00f9 veloce in 1&#8217;55&#8243;09 mentre Tamara Winkler in 2&#8217;13&#8243;60 sfiora il primato svizzero F40 stabilito al meeting Capriaschese.\u00a0<\/p>\n<p>\u00a0<\/p>\n","protected":false},"excerpt":{"rendered":"<p>La seconda tappa del BancaStato GP TICINO ha portato grande entusiasmo al Vallone di Biasca nonostante il maltempo non sono mancate le ottime prestazione. Una otto le presenze USC: Nel peso brilla Giada con una vittoria che le permette di prendere il comando della classifica del Gran Prix lanci, personali per Lea, Alice e No\u00e9,\u00a0 Marta chiude terza nel lungo. risultati live La prima a scendere in pedana \u00e8 Giada che con 12.23 m vince&#8230;<\/p>\n","protected":false},"author":4,"featured_media":19325,"comment_status":"closed","ping_status":"closed","sticky":false,"template":"","format":"standard","meta":{"jetpack_post_was_ever_published":false,"_jetpack_newsletter_access":"","_jetpack_dont_email_post_to_subs":false,"_jetpack_newsletter_tier_id":0,"_jetpack_memberships_contains_paywalled_content":false,"_jetpack_memberships_contains_paid_content":false,"footnotes":"","jetpack_publicize_message":"","jetpack_publicize_feature_enabled":true,"jetpack_social_post_already_shared":true,"jetpack_social_options":{"image_generator_settings":{"template":"highway","default_image_id":0,"font":"","enabled":false},"version":2}},"categories":[6,4,9],"tags":[],"class_list":["post-19453","post","type-post","status-publish","format-standard","has-post-thumbnail","hentry","category-non-catalogato","category-pista","category-sport"],"jetpack_publicize_connections":[],"jetpack_featured_media_url":"https:\/\/i0.wp.com\/uscatletica.ch\/wp\/wp-content\/uploads\/2024\/05\/Maglia-USC-2023-2.jpg?fit=1700%2C1940&ssl=1","jetpack_sharing_enabled":true,"jetpack_shortlink":"https:\/\/wp.me\/p6V7Ck-53L","jetpack-related-posts":[{"id":20911,"url":"https:\/\/uscatletica.ch\/wp\/?p=20911","url_meta":{"origin":19453,"position":0},"title":"GP FTAL BIASCA MICHELE BRONZO SUI 5000 m  OTTIMA ALICE AL BRIXIA MEETING (live streaming Brixia Next gen)","author":"Leonida Stampanoni","date":"25 Maggio 2025","format":false,"excerpt":"Un bel pomeriggio primaverile ha accolto al Vallone di Biasca i partecipanti al primo GP BancaStato FTAL, in cui erano in programma anche i campionati ticinesi dei 3000 m femminili e dei 5000 m maschili dove Michele ha colto il personale e la medaglia di bronzo. Due ori per la\u2026","rel":"","context":"In &quot;Pista&quot;","block_context":{"text":"Pista","link":"https:\/\/uscatletica.ch\/wp\/?cat=4"},"img":{"alt_text":"","src":"https:\/\/i0.wp.com\/uscatletica.ch\/wp\/wp-content\/uploads\/2025\/05\/2025ct5kmichilardi.jpg?fit=439%2C261&ssl=1&resize=350%2C200","width":350,"height":200},"classes":[]},{"id":12183,"url":"https:\/\/uscatletica.ch\/wp\/?p=12183","url_meta":{"origin":19453,"position":1},"title":"Roby vola sui 3000 m bravi gli USCini tra Biasca e Sarnen (Foto)Chiuro","author":"Leonida Stampanoni","date":"13 Maggio 2021","format":false,"excerpt":"L'intensa giornata comincia sotto la pioggia intensa ed il vento di Sarnen, grosse difficolt\u00e0 per Giada nella pedana allagata il gruppetto dei velocisti si difende bene. In chiusura di serata arriva il botto Roby a Langenthal corre un ottimo 3000 m . A Biasca le nostre giovani nonostante il forte\u2026","rel":"","context":"In &quot;Pista&quot;","block_context":{"text":"Pista","link":"https:\/\/uscatletica.ch\/wp\/?cat=4"},"img":{"alt_text":"","src":"https:\/\/i0.wp.com\/uscatletica.ch\/wp\/wp-content\/uploads\/2021\/04\/210421olist.jpg?fit=432%2C324&ssl=1&resize=350%2C200","width":350,"height":200},"classes":[]},{"id":20947,"url":"https:\/\/uscatletica.ch\/wp\/?p=20947","url_meta":{"origin":19453,"position":2},"title":"Da Bressanone a Dongio USC in grande forma","author":"Leonida Stampanoni","date":"25 Maggio 2025","format":false,"excerpt":"La selezione Ticino U18 era impegnata nella classica trasferta di Bressanone, il meeting si \u00e8 rinnovato diventando Brixia next gen per l'USC era presente Alice che sui 100 m ha abbassato il proprio primato personale. Il meeting scolari di Dongio \u00e8 una grande classica del calendario atletico cantonale, Kayla e\u2026","rel":"","context":"In &quot;Pista&quot;","block_context":{"text":"Pista","link":"https:\/\/uscatletica.ch\/wp\/?cat=4"},"img":{"alt_text":"","src":"https:\/\/i0.wp.com\/uscatletica.ch\/wp\/wp-content\/uploads\/2023\/05\/230501rivaukcuscfoto-e1683127197894.jpg?fit=432%2C324&ssl=1&resize=350%2C200","width":350,"height":200},"classes":[]},{"id":15949,"url":"https:\/\/uscatletica.ch\/wp\/?p=15949","url_meta":{"origin":19453,"position":3},"title":"Chiasso, Locarno, Basodino, dagli assoluti alle Coppe ASTi","author":"Leonida Stampanoni","date":"16 Settembre 2022","format":false,"excerpt":"Fine settimana ricco di appuntamenti per l'USC: le coppe ASTi BancaStato entrano nella fase decisiva \u00e8 mercoled\u00ec faranno tappa all'Arena Sportiva con \"Tutti in pista\". Sabato i podisti saranno in gara a Chiasso mentre domenica gli specialisti di montagna chiuderanno la stagione al Basodino con Elia in lotta per la\u2026","rel":"","context":"In &quot;Montagna&quot;","block_context":{"text":"Montagna","link":"https:\/\/uscatletica.ch\/wp\/?cat=16"},"img":{"alt_text":"","src":"https:\/\/i0.wp.com\/uscatletica.ch\/wp\/wp-content\/uploads\/2022\/09\/Gala.jpg?fit=753%2C257&ssl=1&resize=350%2C200","width":350,"height":200,"srcset":"https:\/\/i0.wp.com\/uscatletica.ch\/wp\/wp-content\/uploads\/2022\/09\/Gala.jpg?fit=753%2C257&ssl=1&resize=350%2C200 1x, https:\/\/i0.wp.com\/uscatletica.ch\/wp\/wp-content\/uploads\/2022\/09\/Gala.jpg?fit=753%2C257&ssl=1&resize=525%2C300 1.5x, https:\/\/i0.wp.com\/uscatletica.ch\/wp\/wp-content\/uploads\/2022\/09\/Gala.jpg?fit=753%2C257&ssl=1&resize=700%2C400 2x"},"classes":[]},{"id":12538,"url":"https:\/\/uscatletica.ch\/wp\/?p=12538","url_meta":{"origin":19453,"position":4},"title":"GP FTAL Matilda primato sociale e molti personali","author":"Leonida Stampanoni","date":"14 Giugno 2021","format":false,"excerpt":"Una torrida giornata estiva allo stadio di Cornaredo \u00a0per la prima tappa del GranPrix FTAL Bancastato, ottimo il comportamento della ventina di USCine\/i. \u00a0Sui 100 m ben tre le finaliste USC tra cui spicca Matilda che chiude seconda brave anche Leila e Giada che riassapora il gusto del sprint. Sui\u2026","rel":"","context":"In &quot;Pista&quot;","block_context":{"text":"Pista","link":"https:\/\/uscatletica.ch\/wp\/?cat=4"},"img":{"alt_text":"","src":"https:\/\/i0.wp.com\/uscatletica.ch\/wp\/wp-content\/uploads\/2020\/07\/start100mu200807.jpg?fit=432%2C324&ssl=1&resize=350%2C200","width":350,"height":200},"classes":[]},{"id":18173,"url":"https:\/\/uscatletica.ch\/wp\/?p=18173","url_meta":{"origin":19453,"position":5},"title":"Poker di podi ai Giovanili","author":"Leonida Stampanoni","date":"30 Settembre 2023","format":false,"excerpt":"Una splendida giornata autunnale ha accolto al comunale di Bellinzona le oltre 200 giovani leve dell'atletica ticinese impegnate nei campionati ticinesi U16 U18. 14 le giovani promesse USC che ci hanno regalato ben 4 medaglie. \u00a0Tre nei lanci con Kora, Elia e Lara \u00a0ed una negli 800 m con Martina.\u2026","rel":"","context":"In &quot;Non catalogato&quot;","block_context":{"text":"Non catalogato","link":"https:\/\/uscatletica.ch\/wp\/?cat=6"},"img":{"alt_text":"","src":"https:\/\/i0.wp.com\/uscatletica.ch\/wp\/wp-content\/uploads\/2023\/08\/230815ovactoschna.jpg?fit=640%2C480&ssl=1&resize=350%2C200","width":350,"height":200,"srcset":"https:\/\/i0.wp.com\/uscatletica.ch\/wp\/wp-content\/uploads\/2023\/08\/230815ovactoschna.jpg?fit=640%2C480&ssl=1&resize=350%2C200 1x, https:\/\/i0.wp.com\/uscatletica.ch\/wp\/wp-content\/uploads\/2023\/08\/230815ovactoschna.jpg?fit=640%2C480&ssl=1&resize=525%2C300 1.5x"},"classes":[]}],"_links":{"self":[{"href":"https:\/\/uscatletica.ch\/wp\/index.php?rest_route=\/wp\/v2\/posts\/19453","targetHints":{"allow":["GET"]}}],"collection":[{"href":"https:\/\/uscatletica.ch\/wp\/index.php?rest_route=\/wp\/v2\/posts"}],"about":[{"href":"https:\/\/uscatletica.ch\/wp\/index.php?rest_route=\/wp\/v2\/types\/post"}],"author":[{"embeddable":true,"href":"https:\/\/uscatletica.ch\/wp\/index.php?rest_route=\/wp\/v2\/users\/4"}],"replies":[{"embeddable":true,"href":"https:\/\/uscatletica.ch\/wp\/index.php?rest_route=%2Fwp%2Fv2%2Fcomments&post=19453"}],"version-history":[{"count":7,"href":"https:\/\/uscatletica.ch\/wp\/index.php?rest_route=\/wp\/v2\/posts\/19453\/revisions"}],"predecessor-version":[{"id":19465,"href":"https:\/\/uscatletica.ch\/wp\/index.php?rest_route=\/wp\/v2\/posts\/19453\/revisions\/19465"}],"wp:featuredmedia":[{"embeddable":true,"href":"https:\/\/uscatletica.ch\/wp\/index.php?rest_route=\/wp\/v2\/media\/19325"}],"wp:attachment":[{"href":"https:\/\/uscatletica.ch\/wp\/index.php?rest_route=%2Fwp%2Fv2%2Fmedia&parent=19453"}],"wp:term":[{"taxonomy":"category","embeddable":true,"href":"https:\/\/uscatletica.ch\/wp\/index.php?rest_route=%2Fwp%2Fv2%2Fcategories&post=19453"},{"taxonomy":"post_tag","embeddable":true,"href":"https:\/\/uscatletica.ch\/wp\/index.php?rest_route=%2Fwp%2Fv2%2Ftags&post=19453"}],"curies":[{"name":"wp","href":"https:\/\/api.w.org\/{rel}","templated":true}]}}