{"id":19491,"date":"2024-06-20T13:52:37","date_gmt":"2024-06-20T11:52:37","guid":{"rendered":"https:\/\/uscatletica.ch\/wp\/?p=19491"},"modified":"2024-06-21T06:57:03","modified_gmt":"2024-06-21T04:57:03","slug":"tutto-pronto-per-il-meeting-luganese","status":"publish","type":"post","link":"https:\/\/uscatletica.ch\/wp\/?p=19491","title":{"rendered":"TUTTO PRONTO PER IL MEETING LUGANESE"},"content":{"rendered":"\n<p>L&#8217;USC CAPRIASCHESE SAM MASSAGNO E SAL LUGANO VI INVITANO AL 2<sup>o<\/sup> MEETING LGUANESE MEETING B Swiss Athletics valido per il World Ranking\u00a0<\/p>\n<p>\u00a0<\/p>\n<h2 style=\"text-align: center;\"><em><strong><span style=\"color: #ff0000;\">La buvette sar\u00e0 chiusa durante la manifestazione\u00a0<\/span><\/strong><\/em><\/h2>\n<h1 style=\"text-align: center;\"><span style=\"color: #339966;\"><em><strong><a style=\"color: #339966;\" href=\"https:\/\/swiss-athletics.ch\/de\/live-resultate\/\" target=\"_blank\" rel=\"noopener\">RISULTATI LIVE<\/a><\/strong><\/em><\/span><\/h1>\n<h2 style=\"text-align: center;\"><a href=\"https:\/\/uscatletica.ch\/wp\/wp-content\/uploads\/2024\/06\/20240622MEETINGLUGANESE.pdf\" target=\"_blank\" rel=\"noopener\">IL PROGRAMMA<\/a><\/h2>\n<p><a href=\"https:\/\/uscatletica.ch\/wp\/wp-content\/uploads\/2024\/06\/20240622MEETINGLUGANESE.pdf\"><img data-recalc-dims=\"1\" loading=\"lazy\" decoding=\"async\" data-attachment-id=\"19439\" data-permalink=\"https:\/\/uscatletica.ch\/wp\/?attachment_id=19439\" data-orig-file=\"https:\/\/i0.wp.com\/uscatletica.ch\/wp\/wp-content\/uploads\/2024\/06\/20240622MEETINGLUGANESE.jpg?fit=595%2C841&amp;ssl=1\" data-orig-size=\"595,841\" data-comments-opened=\"0\" data-image-meta=\"{&quot;aperture&quot;:&quot;0&quot;,&quot;credit&quot;:&quot;&quot;,&quot;camera&quot;:&quot;&quot;,&quot;caption&quot;:&quot;&quot;,&quot;created_timestamp&quot;:&quot;0&quot;,&quot;copyright&quot;:&quot;&quot;,&quot;focal_length&quot;:&quot;0&quot;,&quot;iso&quot;:&quot;0&quot;,&quot;shutter_speed&quot;:&quot;0&quot;,&quot;title&quot;:&quot;&quot;,&quot;orientation&quot;:&quot;0&quot;}\" data-image-title=\"IL PROGRAMMA\" data-image-description=\"\" data-image-caption=\"\" data-large-file=\"https:\/\/i0.wp.com\/uscatletica.ch\/wp\/wp-content\/uploads\/2024\/06\/20240622MEETINGLUGANESE.jpg?fit=595%2C841&amp;ssl=1\" class=\"aligncenter size-full wp-image-19439\" src=\"https:\/\/i0.wp.com\/uscatletica.ch\/wp\/wp-content\/uploads\/2024\/06\/20240622MEETINGLUGANESE.jpg?resize=595%2C841&#038;ssl=1\" alt=\"\" width=\"595\" height=\"841\" srcset=\"https:\/\/i0.wp.com\/uscatletica.ch\/wp\/wp-content\/uploads\/2024\/06\/20240622MEETINGLUGANESE.jpg?w=595&amp;ssl=1 595w, https:\/\/i0.wp.com\/uscatletica.ch\/wp\/wp-content\/uploads\/2024\/06\/20240622MEETINGLUGANESE.jpg?resize=212%2C300&amp;ssl=1 212w\" sizes=\"auto, (max-width: 595px) 100vw, 595px\" \/><\/a> <a href=\"https:\/\/uscatletica.ch\/wp\/wp-content\/uploads\/2024\/06\/20240622MEETINGLUGANESE.pdf\">IL PROGRAMMA<\/a><\/p>\n","protected":false},"excerpt":{"rendered":"<p>L&#8217;USC CAPRIASCHESE SAM MASSAGNO E SAL LUGANO VI INVITANO AL 2o MEETING LGUANESE MEETING B Swiss Athletics valido per il World Ranking\u00a0 \u00a0 La buvette sar\u00e0 chiusa durante la manifestazione\u00a0 RISULTATI LIVE IL PROGRAMMA IL PROGRAMMA<\/p>\n","protected":false},"author":4,"featured_media":12573,"comment_status":"closed","ping_status":"closed","sticky":false,"template":"","format":"standard","meta":{"jetpack_post_was_ever_published":false,"_jetpack_newsletter_access":"","_jetpack_dont_email_post_to_subs":false,"_jetpack_newsletter_tier_id":0,"_jetpack_memberships_contains_paywalled_content":false,"_jetpack_memberships_contains_paid_content":false,"footnotes":"","jetpack_publicize_message":"","jetpack_publicize_feature_enabled":true,"jetpack_social_post_already_shared":true,"jetpack_social_options":{"image_generator_settings":{"template":"highway","default_image_id":0,"font":"","enabled":false},"version":2}},"categories":[11,30,12,10,6,4,9],"tags":[],"class_list":["post-19491","post","type-post","status-publish","format-standard","has-post-thumbnail","hentry","category-altro","category-diversi","category-nostregare","category-info","category-non-catalogato","category-pista","category-sport"],"jetpack_publicize_connections":[],"jetpack_featured_media_url":"https:\/\/i0.wp.com\/uscatletica.ch\/wp\/wp-content\/uploads\/2021\/06\/P1100033.jpeg?fit=432%2C324&ssl=1","jetpack_sharing_enabled":true,"jetpack_shortlink":"https:\/\/wp.me\/p6V7Ck-54n","jetpack-related-posts":[{"id":12430,"url":"https:\/\/uscatletica.ch\/wp\/?p=12430","url_meta":{"origin":19491,"position":0},"title":"Da Uster a Locarno molti USCini in pista","author":"Leonida Stampanoni","date":"4 Giugno 2021","format":false,"excerpt":"Il primo fine settimana di giugno prevede per l' USC due impegni : Venerd\u00ec sera \u00a0Roby sar\u00e0 ad Uster per i campionati svizzeri dei 10000 m mentre sabato a Locarno ci sar\u00e0 il primo meeting aperto a tutti gli atleti. con una quindicina di nostre atleti al via.\u00a0 I risultati\u2026","rel":"","context":"In &quot;Pista&quot;","block_context":{"text":"Pista","link":"https:\/\/uscatletica.ch\/wp\/?cat=4"},"img":{"alt_text":"","src":"https:\/\/i0.wp.com\/uscatletica.ch\/wp\/wp-content\/uploads\/2021\/04\/P1070134oli.jpg?fit=432%2C324&ssl=1&resize=350%2C200","width":350,"height":200},"classes":[]},{"id":10516,"url":"https:\/\/uscatletica.ch\/wp\/?p=10516","url_meta":{"origin":19491,"position":1},"title":"La stagione Ticinese riparte da Bellinzona","author":"Leonida Stampanoni","date":"23 Giugno 2020","format":false,"excerpt":"Trascorso l'emergenza sanitaria, finalmente in Ticino si torna a gareggiare ad aprire la stagione sar\u00e0 il primo meeting serale di Bellinzona dove il 15 settembre torner\u00e0 il Gal\u00e0 Dei Castelli.\u00a0\u00a0Mercoled\u00ec sera al comunale saranno tre gli USCini al via Giada nel getto del Peso Leila e Matilde sui 100 m.\u2026","rel":"","context":"In &quot;Pista&quot;","block_context":{"text":"Pista","link":"https:\/\/uscatletica.ch\/wp\/?cat=4"},"img":{"alt_text":"","src":"https:\/\/i0.wp.com\/uscatletica.ch\/wp\/wp-content\/uploads\/2019\/08\/IMG_0908.jpg?fit=640%2C480&ssl=1&resize=350%2C200","width":350,"height":200,"srcset":"https:\/\/i0.wp.com\/uscatletica.ch\/wp\/wp-content\/uploads\/2019\/08\/IMG_0908.jpg?fit=640%2C480&ssl=1&resize=350%2C200 1x, https:\/\/i0.wp.com\/uscatletica.ch\/wp\/wp-content\/uploads\/2019\/08\/IMG_0908.jpg?fit=640%2C480&ssl=1&resize=525%2C300 1.5x"},"classes":[]},{"id":15282,"url":"https:\/\/uscatletica.ch\/wp\/?p=15282","url_meta":{"origin":19491,"position":2},"title":"Stasera il 1\u00b0 meeting serale Capriaschese","author":"Stampa E","date":"1 Giugno 2022","format":false,"excerpt":"MERCOLED\u00cc 1 GIUGNO 2022 Meeting serale CapriascheseSwiss athletics \u2013 meeting C USC Capriaschese - Arena Sportiva Capriasca Le liste di Partenza Clicca qui per la pagina con il programma Durante il meeting sar\u00e0 in funzione la Buvette\u00a0","rel":"","context":"In &quot;I nostri appuntamenti&quot;","block_context":{"text":"I nostri appuntamenti","link":"https:\/\/uscatletica.ch\/wp\/?cat=12"},"img":{"alt_text":"","src":"https:\/\/i0.wp.com\/uscatletica.ch\/wp\/wp-content\/uploads\/2022\/05\/meeting1giugno.jpg?fit=984%2C450&ssl=1&resize=350%2C200","width":350,"height":200,"srcset":"https:\/\/i0.wp.com\/uscatletica.ch\/wp\/wp-content\/uploads\/2022\/05\/meeting1giugno.jpg?fit=984%2C450&ssl=1&resize=350%2C200 1x, https:\/\/i0.wp.com\/uscatletica.ch\/wp\/wp-content\/uploads\/2022\/05\/meeting1giugno.jpg?fit=984%2C450&ssl=1&resize=525%2C300 1.5x, https:\/\/i0.wp.com\/uscatletica.ch\/wp\/wp-content\/uploads\/2022\/05\/meeting1giugno.jpg?fit=984%2C450&ssl=1&resize=700%2C400 2x"},"classes":[]},{"id":12458,"url":"https:\/\/uscatletica.ch\/wp\/?p=12458","url_meta":{"origin":19491,"position":3},"title":"Meeting Capriaschese 16 giugno, programma aggiornato","author":"Stampa E","date":"10 Giugno 2021","format":false,"excerpt":"Meeting Capriaschese, Swiss athletics \u2013 meeting C MERCOLED\u00cc 16 GIUGNO 2021 Programma aggiornato: aggiunta 800 metri e orari adattati -> Programma aggiornato e concetto USC Capriaschese - Arena Sportiva Capriasca -> MeetingUSC16-5-2021_ProgrammaAggiornato_e_concetto -> Pagina meeting \u00a0 \u00a0 \u00a0 \u00a0 \u00a0","rel":"","context":"In &quot;I nostri appuntamenti&quot;","block_context":{"text":"I nostri appuntamenti","link":"https:\/\/uscatletica.ch\/wp\/?cat=12"},"img":{"alt_text":"","src":"https:\/\/i0.wp.com\/uscatletica.ch\/wp\/wp-content\/uploads\/2021\/06\/MeetingUSC2021.jpg?fit=572%2C284&ssl=1&resize=350%2C200","width":350,"height":200,"srcset":"https:\/\/i0.wp.com\/uscatletica.ch\/wp\/wp-content\/uploads\/2021\/06\/MeetingUSC2021.jpg?fit=572%2C284&ssl=1&resize=350%2C200 1x, https:\/\/i0.wp.com\/uscatletica.ch\/wp\/wp-content\/uploads\/2021\/06\/MeetingUSC2021.jpg?fit=572%2C284&ssl=1&resize=525%2C300 1.5x"},"classes":[]},{"id":13165,"url":"https:\/\/uscatletica.ch\/wp\/?p=13165","url_meta":{"origin":19491,"position":4},"title":"Meeting Capriaschese e 1\u2019000 m &#8211; 5000 m ASTI &#8211; programma provvisorio","author":"Stampa E","date":"31 Agosto 2021","format":false,"excerpt":"Meeting Capriaschese e 1\u2019000 m - 5000 m ASTISwiss athletics \u2013 meeting C e ASTI MERCOLED\u00cc 15 SETTEMBRE 2021 Meeting Capriaschese e 1000 m - 5000 m ASTI - PROGRAMMA PROVVISORIO USC Capriaschese - Arena Sportiva Capriasca","rel":"","context":"In &quot;I nostri appuntamenti&quot;","block_context":{"text":"I nostri appuntamenti","link":"https:\/\/uscatletica.ch\/wp\/?cat=12"},"img":{"alt_text":"","src":"https:\/\/i0.wp.com\/uscatletica.ch\/wp\/wp-content\/uploads\/2020\/09\/Arena-sportiva-pista.jpg?fit=800%2C600&ssl=1&resize=350%2C200","width":350,"height":200,"srcset":"https:\/\/i0.wp.com\/uscatletica.ch\/wp\/wp-content\/uploads\/2020\/09\/Arena-sportiva-pista.jpg?fit=800%2C600&ssl=1&resize=350%2C200 1x, https:\/\/i0.wp.com\/uscatletica.ch\/wp\/wp-content\/uploads\/2020\/09\/Arena-sportiva-pista.jpg?fit=800%2C600&ssl=1&resize=525%2C300 1.5x, https:\/\/i0.wp.com\/uscatletica.ch\/wp\/wp-content\/uploads\/2020\/09\/Arena-sportiva-pista.jpg?fit=800%2C600&ssl=1&resize=700%2C400 2x"},"classes":[]},{"id":6301,"url":"https:\/\/uscatletica.ch\/wp\/?p=6301","url_meta":{"origin":19491,"position":5},"title":"Meeting Capriaschese 2018 \u00a0Campionati Ticinesi Olimpionica","author":"Leonida Stampanoni","date":"1 Luglio 2018","format":false,"excerpt":"\u00a0 12 edizione Meeting Capriaschese \u00a0Campionati Ticinesi Olimpionica 12 settembre 2018 il programma EDIZIONE 2017 L'undicesima edizione del meeting Capriaschese, perfetttamene riuscita grazie allo sforzo di tutti i preziosi collaboratori ha salutato al via oltre 200 atleti. Nuovo primato della pista per i Campioni ticinesi dell'Olimpionica maschile della Virtus Locarno\u2026","rel":"","context":"In &quot;I nostri appuntamenti&quot;","block_context":{"text":"I nostri appuntamenti","link":"https:\/\/uscatletica.ch\/wp\/?cat=12"},"img":{"alt_text":"","src":"https:\/\/i0.wp.com\/uscatletica.ch\/wp\/wp-content\/uploads\/2017\/06\/P1470411-e1497509098838.jpg?fit=563%2C422&ssl=1&resize=350%2C200","width":350,"height":200,"srcset":"https:\/\/i0.wp.com\/uscatletica.ch\/wp\/wp-content\/uploads\/2017\/06\/P1470411-e1497509098838.jpg?fit=563%2C422&ssl=1&resize=350%2C200 1x, https:\/\/i0.wp.com\/uscatletica.ch\/wp\/wp-content\/uploads\/2017\/06\/P1470411-e1497509098838.jpg?fit=563%2C422&ssl=1&resize=525%2C300 1.5x"},"classes":[]}],"_links":{"self":[{"href":"https:\/\/uscatletica.ch\/wp\/index.php?rest_route=\/wp\/v2\/posts\/19491","targetHints":{"allow":["GET"]}}],"collection":[{"href":"https:\/\/uscatletica.ch\/wp\/index.php?rest_route=\/wp\/v2\/posts"}],"about":[{"href":"https:\/\/uscatletica.ch\/wp\/index.php?rest_route=\/wp\/v2\/types\/post"}],"author":[{"embeddable":true,"href":"https:\/\/uscatletica.ch\/wp\/index.php?rest_route=\/wp\/v2\/users\/4"}],"replies":[{"embeddable":true,"href":"https:\/\/uscatletica.ch\/wp\/index.php?rest_route=%2Fwp%2Fv2%2Fcomments&post=19491"}],"version-history":[{"count":4,"href":"https:\/\/uscatletica.ch\/wp\/index.php?rest_route=\/wp\/v2\/posts\/19491\/revisions"}],"predecessor-version":[{"id":19496,"href":"https:\/\/uscatletica.ch\/wp\/index.php?rest_route=\/wp\/v2\/posts\/19491\/revisions\/19496"}],"wp:featuredmedia":[{"embeddable":true,"href":"https:\/\/uscatletica.ch\/wp\/index.php?rest_route=\/wp\/v2\/media\/12573"}],"wp:attachment":[{"href":"https:\/\/uscatletica.ch\/wp\/index.php?rest_route=%2Fwp%2Fv2%2Fmedia&parent=19491"}],"wp:term":[{"taxonomy":"category","embeddable":true,"href":"https:\/\/uscatletica.ch\/wp\/index.php?rest_route=%2Fwp%2Fv2%2Fcategories&post=19491"},{"taxonomy":"post_tag","embeddable":true,"href":"https:\/\/uscatletica.ch\/wp\/index.php?rest_route=%2Fwp%2Fv2%2Ftags&post=19491"}],"curies":[{"name":"wp","href":"https:\/\/api.w.org\/{rel}","templated":true}]}}