{"id":1965,"date":"2016-06-02T06:39:39","date_gmt":"2016-06-02T04:39:39","guid":{"rendered":"http:\/\/uscatletica.ch\/wp\/?p=1965"},"modified":"2016-06-15T15:16:15","modified_gmt":"2016-06-15T13:16:15","slug":"5000-m-asti-tutti-in-pista-mercoledi-8-giugno","status":"publish","type":"post","link":"https:\/\/uscatletica.ch\/wp\/?p=1965","title":{"rendered":"5000 m ASTi Tutti in pista mercoledi 8 Giugno"},"content":{"rendered":"<p>Mercoledi si correr\u00e0 l&#8217;undicesima edizione del 5000 m ASTi sulla pista dell&#8217;Arena sportiva fresca di rinnovata Omologazione da parte di Swiss Athletics.<\/p>\n<p>In pista sono attesi una cinquantina di atleti sui 5ooo m \u00a0ed una ventina nel 2000 m valido per la coppa Ticino giovanile. Per i nostri atleti pi\u00f9 giovani c&#8217;\u00e8 la possibilit\u00e0 di correre un 600 m.<\/p>\n<p><img data-recalc-dims=\"1\" loading=\"lazy\" decoding=\"async\" data-attachment-id=\"302\" data-permalink=\"https:\/\/uscatletica.ch\/wp\/?attachment_id=302\" data-orig-file=\"https:\/\/i0.wp.com\/uscatletica.ch\/wp\/wp-content\/uploads\/2015\/11\/5000asti.png?fit=330%2C182&amp;ssl=1\" data-orig-size=\"330,182\" data-comments-opened=\"0\" data-image-meta=\"{&quot;aperture&quot;:&quot;0&quot;,&quot;credit&quot;:&quot;&quot;,&quot;camera&quot;:&quot;&quot;,&quot;caption&quot;:&quot;&quot;,&quot;created_timestamp&quot;:&quot;0&quot;,&quot;copyright&quot;:&quot;&quot;,&quot;focal_length&quot;:&quot;0&quot;,&quot;iso&quot;:&quot;0&quot;,&quot;shutter_speed&quot;:&quot;0&quot;,&quot;title&quot;:&quot;&quot;,&quot;orientation&quot;:&quot;0&quot;}\" data-image-title=\"5000asti\" data-image-description=\"\" data-image-caption=\"\" data-large-file=\"https:\/\/i0.wp.com\/uscatletica.ch\/wp\/wp-content\/uploads\/2015\/11\/5000asti.png?fit=330%2C182&amp;ssl=1\" class=\"aligncenter size-full wp-image-302\" src=\"https:\/\/i0.wp.com\/uscatletica.ch\/wp\/wp-content\/uploads\/2015\/11\/5000asti.png?resize=330%2C182&#038;ssl=1\" alt=\"5000asti\" width=\"330\" height=\"182\" srcset=\"https:\/\/i0.wp.com\/uscatletica.ch\/wp\/wp-content\/uploads\/2015\/11\/5000asti.png?w=330&amp;ssl=1 330w, https:\/\/i0.wp.com\/uscatletica.ch\/wp\/wp-content\/uploads\/2015\/11\/5000asti.png?resize=300%2C165&amp;ssl=1 300w, https:\/\/i0.wp.com\/uscatletica.ch\/wp\/wp-content\/uploads\/2015\/11\/5000asti.png?resize=71%2C40&amp;ssl=1 71w\" sizes=\"auto, (max-width: 330px) 100vw, 330px\" \/><\/p>\n<h1 style=\"text-align: center;\"><strong>Mercoled\u00ec 8 giugno 2016<\/strong><\/h1>\n<p><a href=\"https:\/\/uscatletica.ch\/wp\/wp-content\/uploads\/2015\/11\/5000asti2016locandina.pdf\">5000asti2016locandina<\/a><a href=\"https:\/\/i0.wp.com\/uscatletica.ch\/wp\/wp-content\/uploads\/2015\/11\/5000asti2016locandina.jpg?ssl=1\"><img data-recalc-dims=\"1\" loading=\"lazy\" decoding=\"async\" data-attachment-id=\"1962\" data-permalink=\"https:\/\/uscatletica.ch\/wp\/?attachment_id=1962\" data-orig-file=\"https:\/\/i0.wp.com\/uscatletica.ch\/wp\/wp-content\/uploads\/2015\/11\/5000asti2016locandina.jpg?fit=595%2C841&amp;ssl=1\" data-orig-size=\"595,841\" data-comments-opened=\"0\" data-image-meta=\"{&quot;aperture&quot;:&quot;0&quot;,&quot;credit&quot;:&quot;&quot;,&quot;camera&quot;:&quot;&quot;,&quot;caption&quot;:&quot;&quot;,&quot;created_timestamp&quot;:&quot;0&quot;,&quot;copyright&quot;:&quot;&quot;,&quot;focal_length&quot;:&quot;0&quot;,&quot;iso&quot;:&quot;0&quot;,&quot;shutter_speed&quot;:&quot;0&quot;,&quot;title&quot;:&quot;&quot;,&quot;orientation&quot;:&quot;0&quot;}\" data-image-title=\"5000asti2016locandina\" data-image-description=\"\" data-image-caption=\"\" data-large-file=\"https:\/\/i0.wp.com\/uscatletica.ch\/wp\/wp-content\/uploads\/2015\/11\/5000asti2016locandina.jpg?fit=595%2C841&amp;ssl=1\" class=\"aligncenter size-full wp-image-1962\" src=\"https:\/\/i0.wp.com\/uscatletica.ch\/wp\/wp-content\/uploads\/2015\/11\/5000asti2016locandina.jpg?resize=595%2C841&#038;ssl=1\" alt=\"5000asti2016locandina\" width=\"595\" height=\"841\" srcset=\"https:\/\/i0.wp.com\/uscatletica.ch\/wp\/wp-content\/uploads\/2015\/11\/5000asti2016locandina.jpg?w=595&amp;ssl=1 595w, https:\/\/i0.wp.com\/uscatletica.ch\/wp\/wp-content\/uploads\/2015\/11\/5000asti2016locandina.jpg?resize=212%2C300&amp;ssl=1 212w, https:\/\/i0.wp.com\/uscatletica.ch\/wp\/wp-content\/uploads\/2015\/11\/5000asti2016locandina.jpg?resize=106%2C150&amp;ssl=1 106w\" sizes=\"auto, (max-width: 595px) 100vw, 595px\" \/><\/a><\/p>\n<h1 id=\"risultati\" style=\"text-align: center;\"><\/h1>\n","protected":false},"excerpt":{"rendered":"<p>Mercoledi si correr\u00e0 l&#8217;undicesima edizione del 5000 m ASTi sulla pista dell&#8217;Arena sportiva fresca di rinnovata Omologazione da parte di Swiss Athletics. In pista sono attesi una cinquantina di atleti sui 5ooo m \u00a0ed una ventina nel 2000 m valido per la coppa Ticino giovanile. Per i nostri atleti pi\u00f9 giovani c&#8217;\u00e8 la possibilit\u00e0 di correre un 600 m. Mercoled\u00ec 8 giugno 2016 5000asti2016locandina<\/p>\n","protected":false},"author":4,"featured_media":302,"comment_status":"closed","ping_status":"closed","sticky":false,"template":"","format":"standard","meta":{"jetpack_post_was_ever_published":false,"_jetpack_newsletter_access":"","_jetpack_dont_email_post_to_subs":false,"_jetpack_newsletter_tier_id":0,"_jetpack_memberships_contains_paywalled_content":false,"_jetpack_memberships_contains_paid_content":false,"footnotes":"","jetpack_publicize_message":"","jetpack_publicize_feature_enabled":true,"jetpack_social_post_already_shared":true,"jetpack_social_options":{"image_generator_settings":{"template":"highway","default_image_id":0,"font":"","enabled":false},"version":2}},"categories":[4,5],"tags":[],"class_list":["post-1965","post","type-post","status-publish","format-standard","has-post-thumbnail","hentry","category-pista","category-podismo"],"jetpack_publicize_connections":[],"jetpack_featured_media_url":"https:\/\/i0.wp.com\/uscatletica.ch\/wp\/wp-content\/uploads\/2015\/11\/5000asti.png?fit=330%2C182&ssl=1","jetpack_sharing_enabled":true,"jetpack_shortlink":"https:\/\/wp.me\/p6V7Ck-vH","jetpack-related-posts":[{"id":1654,"url":"https:\/\/uscatletica.ch\/wp\/?p=1654","url_meta":{"origin":1965,"position":0},"title":"Biasca i primi 5000 m ASTi della stagione 2016  (Rassegna stampa)","author":"Leonida Stampanoni","date":"3 Maggio 2016","format":false,"excerpt":"Domani a Biasca a partire dalle 19.30 si correr\u00e0 il primo dei tre 5000 m ASTi validi per la coppa Ticino di podismo. La seconda prova su pista si correr\u00e0 sulla nostra pista mercoledi 8 Giugno. Il 5000 m \u00e8 un'ottima occasione per testare la propria La pagina con le\u2026","rel":"","context":"In &quot;Pista&quot;","block_context":{"text":"Pista","link":"https:\/\/uscatletica.ch\/wp\/?cat=4"},"img":{"alt_text":"","src":"","width":0,"height":0},"classes":[]},{"id":4283,"url":"https:\/\/uscatletica.ch\/wp\/?p=4283","url_meta":{"origin":1965,"position":1},"title":"TUTTI IN PISTA IL MEETING PRIMAVERILE DI MEZZOFONDO","author":"Leonida Stampanoni","date":"17 Maggio 2017","format":false,"excerpt":"L'USC da il benvenuto a \"TUTTI IN PISTA\" meeting di mezzofondo per tutti in programma mercoled\u00ec 31.05.2017 all'Arena Sportiva. La serata prevede i 600 m USC per u14 ed u12 gara non ufficiale per le categorie U14 ed U12 seguite 2000 m ASTi \u00a0aperti a tutti i ragazzi fino alla\u2026","rel":"","context":"In &quot;I nostri appuntamenti&quot;","block_context":{"text":"I nostri appuntamenti","link":"https:\/\/uscatletica.ch\/wp\/?cat=12"},"img":{"alt_text":"5000asti","src":"https:\/\/i0.wp.com\/uscatletica.ch\/wp\/wp-content\/uploads\/2015\/11\/5000asti.png?resize=350%2C200&ssl=1","width":350,"height":200},"classes":[]},{"id":19769,"url":"https:\/\/uscatletica.ch\/wp\/?p=19769","url_meta":{"origin":1965,"position":2},"title":"TUTTI IN PISTA 11 SETTEMBRE CON LA COPPA ASTI BANCASTATO PODISMO","author":"Leonida Stampanoni","date":"28 Agosto 2024","format":false,"excerpt":"ISCRIZIONI ONLINE La coppa ASTi BancaStato podismo entra nel vivo tra la fine estate e l'inizio dell'autunno \u00a0mercoled\u00ec 11 settembre si correr\u00e0 all'Arena Sportiva Capriasca e Valcolla Tutti in Pista \u00a0organizzata dall'USC in programma i 5000 m ed i per lae categorie U12-U14-U16 La Locandina","rel":"","context":"In &quot;Altro&quot;","block_context":{"text":"Altro","link":"https:\/\/uscatletica.ch\/wp\/?cat=11"},"img":{"alt_text":"","src":"https:\/\/i0.wp.com\/uscatletica.ch\/wp\/wp-content\/uploads\/2024\/08\/P1080208-E.jpg?fit=1200%2C817&ssl=1&resize=350%2C200","width":350,"height":200,"srcset":"https:\/\/i0.wp.com\/uscatletica.ch\/wp\/wp-content\/uploads\/2024\/08\/P1080208-E.jpg?fit=1200%2C817&ssl=1&resize=350%2C200 1x, https:\/\/i0.wp.com\/uscatletica.ch\/wp\/wp-content\/uploads\/2024\/08\/P1080208-E.jpg?fit=1200%2C817&ssl=1&resize=525%2C300 1.5x, https:\/\/i0.wp.com\/uscatletica.ch\/wp\/wp-content\/uploads\/2024\/08\/P1080208-E.jpg?fit=1200%2C817&ssl=1&resize=700%2C400 2x, https:\/\/i0.wp.com\/uscatletica.ch\/wp\/wp-content\/uploads\/2024\/08\/P1080208-E.jpg?fit=1200%2C817&ssl=1&resize=1050%2C600 3x"},"classes":[]},{"id":13360,"url":"https:\/\/uscatletica.ch\/wp\/?p=13360","url_meta":{"origin":1965,"position":3},"title":"Meeting FTAL + 5000 m e 1000 m ASTI, programma definitivo","author":"Stampa E","date":"14 Settembre 2021","format":false,"excerpt":"TUTTI IN PISTA: meeting FTAL + 5000 m e 1000 m ASTI MERCOLED\u00cc 15 SETTEMBRE 2021 RISULTATI LIVE PROGRAMMA DEFINITIVO Vai alla pagina del meeting: qui","rel":"","context":"In &quot;I nostri appuntamenti&quot;","block_context":{"text":"I nostri appuntamenti","link":"https:\/\/uscatletica.ch\/wp\/?cat=12"},"img":{"alt_text":"","src":"https:\/\/i0.wp.com\/uscatletica.ch\/wp\/wp-content\/uploads\/2021\/06\/meeting-USC-1.jpg?fit=710%2C749&ssl=1&resize=350%2C200","width":350,"height":200,"srcset":"https:\/\/i0.wp.com\/uscatletica.ch\/wp\/wp-content\/uploads\/2021\/06\/meeting-USC-1.jpg?fit=710%2C749&ssl=1&resize=350%2C200 1x, https:\/\/i0.wp.com\/uscatletica.ch\/wp\/wp-content\/uploads\/2021\/06\/meeting-USC-1.jpg?fit=710%2C749&ssl=1&resize=525%2C300 1.5x, https:\/\/i0.wp.com\/uscatletica.ch\/wp\/wp-content\/uploads\/2021\/06\/meeting-USC-1.jpg?fit=710%2C749&ssl=1&resize=700%2C400 2x"},"classes":[]},{"id":13165,"url":"https:\/\/uscatletica.ch\/wp\/?p=13165","url_meta":{"origin":1965,"position":4},"title":"Meeting Capriaschese e 1\u2019000 m &#8211; 5000 m ASTI &#8211; programma provvisorio","author":"Stampa E","date":"31 Agosto 2021","format":false,"excerpt":"Meeting Capriaschese e 1\u2019000 m - 5000 m ASTISwiss athletics \u2013 meeting C e ASTI MERCOLED\u00cc 15 SETTEMBRE 2021 Meeting Capriaschese e 1000 m - 5000 m ASTI - PROGRAMMA PROVVISORIO USC Capriaschese - Arena Sportiva Capriasca","rel":"","context":"In &quot;I nostri appuntamenti&quot;","block_context":{"text":"I nostri appuntamenti","link":"https:\/\/uscatletica.ch\/wp\/?cat=12"},"img":{"alt_text":"","src":"https:\/\/i0.wp.com\/uscatletica.ch\/wp\/wp-content\/uploads\/2020\/09\/Arena-sportiva-pista.jpg?fit=800%2C600&ssl=1&resize=350%2C200","width":350,"height":200,"srcset":"https:\/\/i0.wp.com\/uscatletica.ch\/wp\/wp-content\/uploads\/2020\/09\/Arena-sportiva-pista.jpg?fit=800%2C600&ssl=1&resize=350%2C200 1x, https:\/\/i0.wp.com\/uscatletica.ch\/wp\/wp-content\/uploads\/2020\/09\/Arena-sportiva-pista.jpg?fit=800%2C600&ssl=1&resize=525%2C300 1.5x, https:\/\/i0.wp.com\/uscatletica.ch\/wp\/wp-content\/uploads\/2020\/09\/Arena-sportiva-pista.jpg?fit=800%2C600&ssl=1&resize=700%2C400 2x"},"classes":[]},{"id":5965,"url":"https:\/\/uscatletica.ch\/wp\/?p=5965","url_meta":{"origin":1965,"position":5},"title":"TUTTI IN PISTA RISULTATI","author":"Leonida Stampanoni","date":"2 Maggio 2018","format":false,"excerpt":"Mercoled\u00ec 23 maggio 2018 TUTTI IN PISTA 5000 m +1000 m ASTi Meeting\u00a0 SWISS ATHLETICS 600 m USC (Non Ufficiali) \u00a0 \u00a0 TUTTI IN PISTA 2018 CLASSIFICA Classifica FTAL\u00a0\u00a0\u00a0Classifica ASTI \u00a0 5000USCasti2018 \u00a0 Meeting 2017 \u00a0Classifica ASTi\u00a0classifica 800 m\u00a0 \u00a0 Risultati \u00a006.09.2006 \u00a013.06.2007 \u00a028.05.2008 10.06.2009 \u00a009.06.2010 \u00a008.06.2011 13.06.2012 \u00a005.06.2013 \u00a004.06.2014\u2026","rel":"","context":"In &quot;Altro&quot;","block_context":{"text":"Altro","link":"https:\/\/uscatletica.ch\/wp\/?cat=11"},"img":{"alt_text":"","src":"https:\/\/i0.wp.com\/uscatletica.ch\/wp\/wp-content\/uploads\/2018\/04\/P1460145.jpg?fit=563%2C422&ssl=1&resize=350%2C200","width":350,"height":200,"srcset":"https:\/\/i0.wp.com\/uscatletica.ch\/wp\/wp-content\/uploads\/2018\/04\/P1460145.jpg?fit=563%2C422&ssl=1&resize=350%2C200 1x, https:\/\/i0.wp.com\/uscatletica.ch\/wp\/wp-content\/uploads\/2018\/04\/P1460145.jpg?fit=563%2C422&ssl=1&resize=525%2C300 1.5x"},"classes":[]}],"_links":{"self":[{"href":"https:\/\/uscatletica.ch\/wp\/index.php?rest_route=\/wp\/v2\/posts\/1965","targetHints":{"allow":["GET"]}}],"collection":[{"href":"https:\/\/uscatletica.ch\/wp\/index.php?rest_route=\/wp\/v2\/posts"}],"about":[{"href":"https:\/\/uscatletica.ch\/wp\/index.php?rest_route=\/wp\/v2\/types\/post"}],"author":[{"embeddable":true,"href":"https:\/\/uscatletica.ch\/wp\/index.php?rest_route=\/wp\/v2\/users\/4"}],"replies":[{"embeddable":true,"href":"https:\/\/uscatletica.ch\/wp\/index.php?rest_route=%2Fwp%2Fv2%2Fcomments&post=1965"}],"version-history":[{"count":4,"href":"https:\/\/uscatletica.ch\/wp\/index.php?rest_route=\/wp\/v2\/posts\/1965\/revisions"}],"predecessor-version":[{"id":1969,"href":"https:\/\/uscatletica.ch\/wp\/index.php?rest_route=\/wp\/v2\/posts\/1965\/revisions\/1969"}],"wp:featuredmedia":[{"embeddable":true,"href":"https:\/\/uscatletica.ch\/wp\/index.php?rest_route=\/wp\/v2\/media\/302"}],"wp:attachment":[{"href":"https:\/\/uscatletica.ch\/wp\/index.php?rest_route=%2Fwp%2Fv2%2Fmedia&parent=1965"}],"wp:term":[{"taxonomy":"category","embeddable":true,"href":"https:\/\/uscatletica.ch\/wp\/index.php?rest_route=%2Fwp%2Fv2%2Fcategories&post=1965"},{"taxonomy":"post_tag","embeddable":true,"href":"https:\/\/uscatletica.ch\/wp\/index.php?rest_route=%2Fwp%2Fv2%2Ftags&post=1965"}],"curies":[{"name":"wp","href":"https:\/\/api.w.org\/{rel}","templated":true}]}}