{"id":19663,"date":"2024-07-23T17:23:06","date_gmt":"2024-07-23T15:23:06","guid":{"rendered":"https:\/\/uscatletica.ch\/wp\/?p=19663"},"modified":"2024-07-23T17:27:36","modified_gmt":"2024-07-23T15:27:36","slug":"bene-la-famiglia-bader-alla-engadin-ultratrail","status":"publish","type":"post","link":"https:\/\/uscatletica.ch\/wp\/?p=19663","title":{"rendered":"Bene la famiglia Bader alla Engadin Ultratrail"},"content":{"rendered":"\n<p>Sabato 20 luglio due rappresentanti dell\u2019USC Capriaschese, Alessandro con il figlio Noah, hanno partecipato alla gara di 16KM dell\u2019Engadin Ultra Trail. La gara, con dislivello di + 791 m \/ &#8211; 791 m con il punto pi\u00f9 alto a 2490m \u00e8 partita alle ore 13 dalla Promulins Arena attraversando il centro del paese di Samedan verso l&#8217;Alp Muntatsch. Ancora prima di raggiungere l&#8217;Alpe, si pu\u00f2 vedere la splendida vista sul massiccio del Bernina e St. Moritz fino al Piz Margna. Dall&#8217;Alp Muntatsch si sale sull&#8217;Alpe Munt, sul sentiero panoramico sotto il Piz Padella in direzione Marguns. Quindi il percorso scende per Cristolais attraverso il centro storico del villaggio di Samedan fino al traguardo nella Promulins Arena Samedan. Noah \u00e8 arrivato al traguardo con il tempo di 1h58:49 classificandosi 18esimo assoluto e 3. di categoria 14+ juniori. Il pap\u00e0 Alessandro ha concluso la gara in 1h44:56, 6. assoluto e 1. di categoria 40+ uomini.<\/p>\n\n\n\n<div data-carousel-extra='{&quot;blog_id&quot;:1,&quot;permalink&quot;:&quot;https:\/\/uscatletica.ch\/wp\/?p=19663&quot;}' id='gallery-1' class='gallery galleryid-19663 gallery-columns-3 gallery-size-thumbnail'><figure class='gallery-item'>\n\t\t\t<div class='gallery-icon portrait'>\n\t\t\t\t<a href='https:\/\/uscatletica.ch\/wp\/?attachment_id=19669'><img loading=\"lazy\" decoding=\"async\" width=\"150\" height=\"150\" src=\"https:\/\/i0.wp.com\/uscatletica.ch\/wp\/wp-content\/uploads\/2024\/07\/image0-1.jpeg?resize=150%2C150&amp;ssl=1\" class=\"attachment-thumbnail size-thumbnail\" alt=\"\" srcset=\"https:\/\/i0.wp.com\/uscatletica.ch\/wp\/wp-content\/uploads\/2024\/07\/image0-1.jpeg?resize=150%2C150&amp;ssl=1 150w, https:\/\/i0.wp.com\/uscatletica.ch\/wp\/wp-content\/uploads\/2024\/07\/image0-1.jpeg?resize=83%2C83&amp;ssl=1 83w, https:\/\/i0.wp.com\/uscatletica.ch\/wp\/wp-content\/uploads\/2024\/07\/image0-1.jpeg?zoom=2&amp;resize=150%2C150&amp;ssl=1 300w\" sizes=\"auto, (max-width: 150px) 100vw, 150px\" data-attachment-id=\"19669\" data-permalink=\"https:\/\/uscatletica.ch\/wp\/?attachment_id=19669\" data-orig-file=\"https:\/\/i0.wp.com\/uscatletica.ch\/wp\/wp-content\/uploads\/2024\/07\/image0-1.jpeg?fit=360%2C640&amp;ssl=1\" data-orig-size=\"360,640\" data-comments-opened=\"0\" data-image-meta=\"{&quot;aperture&quot;:&quot;0&quot;,&quot;credit&quot;:&quot;&quot;,&quot;camera&quot;:&quot;&quot;,&quot;caption&quot;:&quot;&quot;,&quot;created_timestamp&quot;:&quot;0&quot;,&quot;copyright&quot;:&quot;&quot;,&quot;focal_length&quot;:&quot;0&quot;,&quot;iso&quot;:&quot;0&quot;,&quot;shutter_speed&quot;:&quot;0&quot;,&quot;title&quot;:&quot;&quot;,&quot;orientation&quot;:&quot;1&quot;}\" data-image-title=\"image0-1\" data-image-description=\"\" data-image-caption=\"\" data-large-file=\"https:\/\/i0.wp.com\/uscatletica.ch\/wp\/wp-content\/uploads\/2024\/07\/image0-1.jpeg?fit=360%2C640&amp;ssl=1\" \/><\/a>\n\t\t\t<\/div><\/figure><figure class='gallery-item'>\n\t\t\t<div class='gallery-icon portrait'>\n\t\t\t\t<a href='https:\/\/uscatletica.ch\/wp\/?attachment_id=19668'><img loading=\"lazy\" decoding=\"async\" width=\"150\" height=\"150\" src=\"https:\/\/i0.wp.com\/uscatletica.ch\/wp\/wp-content\/uploads\/2024\/07\/image1-1.jpeg?resize=150%2C150&amp;ssl=1\" class=\"attachment-thumbnail size-thumbnail\" alt=\"\" srcset=\"https:\/\/i0.wp.com\/uscatletica.ch\/wp\/wp-content\/uploads\/2024\/07\/image1-1.jpeg?resize=150%2C150&amp;ssl=1 150w, https:\/\/i0.wp.com\/uscatletica.ch\/wp\/wp-content\/uploads\/2024\/07\/image1-1.jpeg?resize=83%2C83&amp;ssl=1 83w, https:\/\/i0.wp.com\/uscatletica.ch\/wp\/wp-content\/uploads\/2024\/07\/image1-1.jpeg?zoom=2&amp;resize=150%2C150&amp;ssl=1 300w\" sizes=\"auto, (max-width: 150px) 100vw, 150px\" data-attachment-id=\"19668\" data-permalink=\"https:\/\/uscatletica.ch\/wp\/?attachment_id=19668\" data-orig-file=\"https:\/\/i0.wp.com\/uscatletica.ch\/wp\/wp-content\/uploads\/2024\/07\/image1-1.jpeg?fit=360%2C640&amp;ssl=1\" data-orig-size=\"360,640\" data-comments-opened=\"0\" data-image-meta=\"{&quot;aperture&quot;:&quot;1.9&quot;,&quot;credit&quot;:&quot;&quot;,&quot;camera&quot;:&quot;iPhone 15 Pro&quot;,&quot;caption&quot;:&quot;&quot;,&quot;created_timestamp&quot;:&quot;1721493122&quot;,&quot;copyright&quot;:&quot;&quot;,&quot;focal_length&quot;:&quot;2.6900000572505&quot;,&quot;iso&quot;:&quot;25&quot;,&quot;shutter_speed&quot;:&quot;0.00071428571428571&quot;,&quot;title&quot;:&quot;&quot;,&quot;orientation&quot;:&quot;1&quot;}\" data-image-title=\"image1-1\" data-image-description=\"\" data-image-caption=\"\" data-large-file=\"https:\/\/i0.wp.com\/uscatletica.ch\/wp\/wp-content\/uploads\/2024\/07\/image1-1.jpeg?fit=360%2C640&amp;ssl=1\" \/><\/a>\n\t\t\t<\/div><\/figure><figure class='gallery-item'>\n\t\t\t<div class='gallery-icon portrait'>\n\t\t\t\t<a href='https:\/\/uscatletica.ch\/wp\/?attachment_id=19666'><img loading=\"lazy\" decoding=\"async\" width=\"150\" height=\"150\" src=\"https:\/\/i0.wp.com\/uscatletica.ch\/wp\/wp-content\/uploads\/2024\/07\/image2-1.jpeg?resize=150%2C150&amp;ssl=1\" class=\"attachment-thumbnail size-thumbnail\" alt=\"\" srcset=\"https:\/\/i0.wp.com\/uscatletica.ch\/wp\/wp-content\/uploads\/2024\/07\/image2-1.jpeg?resize=150%2C150&amp;ssl=1 150w, https:\/\/i0.wp.com\/uscatletica.ch\/wp\/wp-content\/uploads\/2024\/07\/image2-1.jpeg?resize=83%2C83&amp;ssl=1 83w, https:\/\/i0.wp.com\/uscatletica.ch\/wp\/wp-content\/uploads\/2024\/07\/image2-1.jpeg?zoom=2&amp;resize=150%2C150&amp;ssl=1 300w, https:\/\/i0.wp.com\/uscatletica.ch\/wp\/wp-content\/uploads\/2024\/07\/image2-1.jpeg?zoom=3&amp;resize=150%2C150&amp;ssl=1 450w\" sizes=\"auto, (max-width: 150px) 100vw, 150px\" data-attachment-id=\"19666\" data-permalink=\"https:\/\/uscatletica.ch\/wp\/?attachment_id=19666\" data-orig-file=\"https:\/\/i0.wp.com\/uscatletica.ch\/wp\/wp-content\/uploads\/2024\/07\/image2-1.jpeg?fit=1166%2C1179&amp;ssl=1\" data-orig-size=\"1166,1179\" data-comments-opened=\"0\" data-image-meta=\"{&quot;aperture&quot;:&quot;0&quot;,&quot;credit&quot;:&quot;&quot;,&quot;camera&quot;:&quot;&quot;,&quot;caption&quot;:&quot;&quot;,&quot;created_timestamp&quot;:&quot;0&quot;,&quot;copyright&quot;:&quot;&quot;,&quot;focal_length&quot;:&quot;0&quot;,&quot;iso&quot;:&quot;0&quot;,&quot;shutter_speed&quot;:&quot;0&quot;,&quot;title&quot;:&quot;&quot;,&quot;orientation&quot;:&quot;1&quot;}\" data-image-title=\"image2-1\" data-image-description=\"\" data-image-caption=\"\" data-large-file=\"https:\/\/i0.wp.com\/uscatletica.ch\/wp\/wp-content\/uploads\/2024\/07\/image2-1.jpeg?fit=640%2C647&amp;ssl=1\" \/><\/a>\n\t\t\t<\/div><\/figure><figure class='gallery-item'>\n\t\t\t<div class='gallery-icon landscape'>\n\t\t\t\t<a href='https:\/\/uscatletica.ch\/wp\/?attachment_id=19665'><img loading=\"lazy\" decoding=\"async\" width=\"150\" height=\"150\" src=\"https:\/\/i0.wp.com\/uscatletica.ch\/wp\/wp-content\/uploads\/2024\/07\/image3-1.jpeg?resize=150%2C150&amp;ssl=1\" class=\"attachment-thumbnail size-thumbnail\" alt=\"\" srcset=\"https:\/\/i0.wp.com\/uscatletica.ch\/wp\/wp-content\/uploads\/2024\/07\/image3-1.jpeg?resize=150%2C150&amp;ssl=1 150w, https:\/\/i0.wp.com\/uscatletica.ch\/wp\/wp-content\/uploads\/2024\/07\/image3-1.jpeg?resize=83%2C83&amp;ssl=1 83w, https:\/\/i0.wp.com\/uscatletica.ch\/wp\/wp-content\/uploads\/2024\/07\/image3-1.jpeg?zoom=2&amp;resize=150%2C150&amp;ssl=1 300w, https:\/\/i0.wp.com\/uscatletica.ch\/wp\/wp-content\/uploads\/2024\/07\/image3-1.jpeg?zoom=3&amp;resize=150%2C150&amp;ssl=1 450w\" sizes=\"auto, (max-width: 150px) 100vw, 150px\" data-attachment-id=\"19665\" data-permalink=\"https:\/\/uscatletica.ch\/wp\/?attachment_id=19665\" data-orig-file=\"https:\/\/i0.wp.com\/uscatletica.ch\/wp\/wp-content\/uploads\/2024\/07\/image3-1.jpeg?fit=640%2C366&amp;ssl=1\" data-orig-size=\"640,366\" data-comments-opened=\"0\" data-image-meta=\"{&quot;aperture&quot;:&quot;0&quot;,&quot;credit&quot;:&quot;&quot;,&quot;camera&quot;:&quot;&quot;,&quot;caption&quot;:&quot;&quot;,&quot;created_timestamp&quot;:&quot;0&quot;,&quot;copyright&quot;:&quot;&quot;,&quot;focal_length&quot;:&quot;0&quot;,&quot;iso&quot;:&quot;0&quot;,&quot;shutter_speed&quot;:&quot;0&quot;,&quot;title&quot;:&quot;&quot;,&quot;orientation&quot;:&quot;1&quot;}\" data-image-title=\"image3-1\" data-image-description=\"\" data-image-caption=\"\" data-large-file=\"https:\/\/i0.wp.com\/uscatletica.ch\/wp\/wp-content\/uploads\/2024\/07\/image3-1.jpeg?fit=640%2C366&amp;ssl=1\" \/><\/a>\n\t\t\t<\/div><\/figure>\n\t\t<\/div>\n\n","protected":false},"excerpt":{"rendered":"<p>Sabato 20 luglio due rappresentanti dell\u2019USC Capriaschese, Alessandro con il figlio Noah, hanno partecipato alla gara di 16KM dell\u2019Engadin Ultra Trail. La gara, con dislivello di + 791 m \/ &#8211; 791 m con il punto pi\u00f9 alto a 2490m \u00e8 partita alle ore 13 dalla Promulins Arena attraversando il centro del paese di Samedan verso l&#8217;Alp Muntatsch. Ancora prima di raggiungere l&#8217;Alpe, si pu\u00f2 vedere la splendida vista sul massiccio del Bernina e St&#8230;.<\/p>\n","protected":false},"author":4,"featured_media":19665,"comment_status":"closed","ping_status":"closed","sticky":false,"template":"","format":"standard","meta":{"jetpack_post_was_ever_published":false,"_jetpack_newsletter_access":"","_jetpack_dont_email_post_to_subs":false,"_jetpack_newsletter_tier_id":0,"_jetpack_memberships_contains_paywalled_content":false,"_jetpack_memberships_contains_paid_content":false,"footnotes":"","jetpack_publicize_message":"","jetpack_publicize_feature_enabled":true,"jetpack_social_post_already_shared":true,"jetpack_social_options":{"image_generator_settings":{"template":"highway","default_image_id":0,"font":"","enabled":false},"version":2}},"categories":[6],"tags":[],"class_list":["post-19663","post","type-post","status-publish","format-standard","has-post-thumbnail","hentry","category-non-catalogato"],"jetpack_publicize_connections":[],"jetpack_featured_media_url":"https:\/\/i0.wp.com\/uscatletica.ch\/wp\/wp-content\/uploads\/2024\/07\/image3-1.jpeg?fit=640%2C366&ssl=1","jetpack_sharing_enabled":true,"jetpack_shortlink":"https:\/\/wp.me\/p6V7Ck-579","jetpack-related-posts":[{"id":21284,"url":"https:\/\/uscatletica.ch\/wp\/?p=21284","url_meta":{"origin":19663,"position":0},"title":"Arge Alp Marta vola nel triplo Ticino quinto con il primato ticinese 4&#215;400 m femminile","author":"Leonida Stampanoni","date":"21 Settembre 2025","format":false,"excerpt":"La stagione atletica volge al termine, tempo Arge Alp, l'incontro internazionale per le selezioni delle regioni alpine di Austria, Svizzera, Germania, Italia e Slovenia. Nel Canton San Gallo hanno gareggiato Ticino, San Gallo, Grigioni, Baviera, Voralberg, Salisburgo, Alto Adige, Trentino. Il Ticino ha chiuso quinto, con vittorie per Noah Crescini,\u2026","rel":"","context":"In &quot;Pista&quot;","block_context":{"text":"Pista","link":"https:\/\/uscatletica.ch\/wp\/?cat=4"},"img":{"alt_text":"","src":"","width":0,"height":0},"classes":[]},{"id":20185,"url":"https:\/\/uscatletica.ch\/wp\/?p=20185","url_meta":{"origin":19663,"position":1},"title":"Giada brilla con il Ticino ad Arge Alp","author":"Leonida Stampanoni","date":"23 Settembre 2024","format":false,"excerpt":"La classica trasferta di. fine stagione della Selezione Ticino per il meeting Arge Alp ha portato la squadra rossoblu capitanata per l'ultima volta da Luca Romerio a Monaco. In Baviera i Ticinesi hanno firmato un grande Exploit raggiungendo il Secondo rango dietro gli intrattabili padroni di casa. Un contributo importante\u2026","rel":"","context":"In &quot;Pista&quot;","block_context":{"text":"Pista","link":"https:\/\/uscatletica.ch\/wp\/?cat=4"},"img":{"alt_text":"","src":"https:\/\/i0.wp.com\/uscatletica.ch\/wp\/wp-content\/uploads\/2024\/09\/SelTI.jpeg?fit=1200%2C956&ssl=1&resize=350%2C200","width":350,"height":200,"srcset":"https:\/\/i0.wp.com\/uscatletica.ch\/wp\/wp-content\/uploads\/2024\/09\/SelTI.jpeg?fit=1200%2C956&ssl=1&resize=350%2C200 1x, https:\/\/i0.wp.com\/uscatletica.ch\/wp\/wp-content\/uploads\/2024\/09\/SelTI.jpeg?fit=1200%2C956&ssl=1&resize=525%2C300 1.5x, https:\/\/i0.wp.com\/uscatletica.ch\/wp\/wp-content\/uploads\/2024\/09\/SelTI.jpeg?fit=1200%2C956&ssl=1&resize=700%2C400 2x, https:\/\/i0.wp.com\/uscatletica.ch\/wp\/wp-content\/uploads\/2024\/09\/SelTI.jpeg?fit=1200%2C956&ssl=1&resize=1050%2C600 3x"},"classes":[]},{"id":9033,"url":"https:\/\/uscatletica.ch\/wp\/?p=9033","url_meta":{"origin":19663,"position":2},"title":"Fine settimana tra Innsbruck Zagabria e Giornico","author":"Leonida Stampanoni","date":"13 Settembre 2019","format":false,"excerpt":"Nel fine settimana la selezione Ticino assoluta sar\u00e0 in trasferta ad Innsbruck per il tradizionale incontro Arge Alp a difendere i colori della FTAL ci saranno \u00a0due atleti USC protagonisti mercoled\u00ec all'arena Sportiva Giada sar\u00e0 impegnata nel getto del peso mentre Roby partir\u00e0 all'attacco della barriera dei 15' sui 5000\u2026","rel":"","context":"In &quot;CO&quot;","block_context":{"text":"CO","link":"https:\/\/uscatletica.ch\/wp\/?cat=19"},"img":{"alt_text":"","src":"https:\/\/i0.wp.com\/uscatletica.ch\/wp\/wp-content\/uploads\/2019\/09\/podio.jpeg?fit=432%2C243&ssl=1&resize=350%2C200","width":350,"height":200},"classes":[]},{"id":13408,"url":"https:\/\/uscatletica.ch\/wp\/?p=13408","url_meta":{"origin":19663,"position":3},"title":"Arge Alp e Basodino dalla pista alla montagna","author":"Leonida Stampanoni","date":"18 Settembre 2021","format":false,"excerpt":"L'Ultimo fine settimana estivo sar\u00e0 centrato sulla regione di Locarno e Valle Maggia in pista al Lido ci sar\u00e0 l'incontro Arge Alp che ben quattro USCine\/i al via \u00a0Matilda e Sofia su 100 e 4x100 m Giada in peso e disco e Roberto sui 5000 m, Letizia causa altri impegni\u2026","rel":"","context":"In &quot;Montagna&quot;","block_context":{"text":"Montagna","link":"https:\/\/uscatletica.ch\/wp\/?cat=16"},"img":{"alt_text":"","src":"https:\/\/i0.wp.com\/uscatletica.ch\/wp\/wp-content\/uploads\/2021\/09\/210914U118eajla.jpg?fit=432%2C324&ssl=1&resize=350%2C200","width":350,"height":200},"classes":[]},{"id":21863,"url":"https:\/\/uscatletica.ch\/wp\/?p=21863","url_meta":{"origin":19663,"position":4},"title":"Di corsa a Gola di Lago, da soli o in coppia","author":"Stampa E","date":"15 Aprile 2026","format":false,"excerpt":"Sabato 18 aprile nel pomeriggio si corre in Capriasca la 44a Tesserete-Gola di Lago, con anche la versione a staffetta Sabato 18 aprile torna l\u2019appuntamento con la Tesserete-Gola di Lago, gara podistica che sin della prima edizione del 1981 \u00e8 una classica del calendario cantonale. L\u2019edizione numero 44 scatter\u00e0 alle\u2026","rel":"","context":"In &quot;I nostri appuntamenti&quot;","block_context":{"text":"I nostri appuntamenti","link":"https:\/\/uscatletica.ch\/wp\/?cat=12"},"img":{"alt_text":"","src":"https:\/\/i0.wp.com\/uscatletica.ch\/wp\/wp-content\/uploads\/2026\/04\/logo_tgdl_512.jpg?fit=512%2C512&ssl=1&resize=350%2C200","width":350,"height":200},"classes":[]},{"id":4971,"url":"https:\/\/uscatletica.ch\/wp\/?p=4971","url_meta":{"origin":19663,"position":5},"title":"ARGE ALP Simone e Celine a Rovereto  Masters a Bellinzona (Risultati Rovereto e Campionati svizzeri )","author":"Leonida Stampanoni","date":"15 Settembre 2017","format":false,"excerpt":"Rovereto Simone nonostante il vento contrario di 1.0 firma un bel 11\"66, \u00a0C\u00e9line gettta a 10.40 ed assicura 2 punti al Ticino .Nella 4x100 in chiusura di Giornata terzo posto peri l Ticino con SImone in terza Frazione 43\"18 il tempo. Domenica C\u00e9line lancia il giavellotto a 32.69 m \u00a0e\u2026","rel":"","context":"In &quot;Pista&quot;","block_context":{"text":"Pista","link":"https:\/\/uscatletica.ch\/wp\/?cat=4"},"img":{"alt_text":"","src":"https:\/\/i0.wp.com\/uscatletica.ch\/wp\/wp-content\/uploads\/2017\/09\/argealp2017TICINO-300x225.jpeg?resize=350%2C200&ssl=1","width":350,"height":200},"classes":[]}],"_links":{"self":[{"href":"https:\/\/uscatletica.ch\/wp\/index.php?rest_route=\/wp\/v2\/posts\/19663","targetHints":{"allow":["GET"]}}],"collection":[{"href":"https:\/\/uscatletica.ch\/wp\/index.php?rest_route=\/wp\/v2\/posts"}],"about":[{"href":"https:\/\/uscatletica.ch\/wp\/index.php?rest_route=\/wp\/v2\/types\/post"}],"author":[{"embeddable":true,"href":"https:\/\/uscatletica.ch\/wp\/index.php?rest_route=\/wp\/v2\/users\/4"}],"replies":[{"embeddable":true,"href":"https:\/\/uscatletica.ch\/wp\/index.php?rest_route=%2Fwp%2Fv2%2Fcomments&post=19663"}],"version-history":[{"count":2,"href":"https:\/\/uscatletica.ch\/wp\/index.php?rest_route=\/wp\/v2\/posts\/19663\/revisions"}],"predecessor-version":[{"id":19671,"href":"https:\/\/uscatletica.ch\/wp\/index.php?rest_route=\/wp\/v2\/posts\/19663\/revisions\/19671"}],"wp:featuredmedia":[{"embeddable":true,"href":"https:\/\/uscatletica.ch\/wp\/index.php?rest_route=\/wp\/v2\/media\/19665"}],"wp:attachment":[{"href":"https:\/\/uscatletica.ch\/wp\/index.php?rest_route=%2Fwp%2Fv2%2Fmedia&parent=19663"}],"wp:term":[{"taxonomy":"category","embeddable":true,"href":"https:\/\/uscatletica.ch\/wp\/index.php?rest_route=%2Fwp%2Fv2%2Fcategories&post=19663"},{"taxonomy":"post_tag","embeddable":true,"href":"https:\/\/uscatletica.ch\/wp\/index.php?rest_route=%2Fwp%2Fv2%2Ftags&post=19663"}],"curies":[{"name":"wp","href":"https:\/\/api.w.org\/{rel}","templated":true}]}}