{"id":19673,"date":"2024-07-28T21:28:53","date_gmt":"2024-07-28T19:28:53","guid":{"rendered":"https:\/\/uscatletica.ch\/wp\/?p=19673"},"modified":"2024-07-28T21:28:53","modified_gmt":"2024-07-28T19:28:53","slug":"cronometro-del-nara","status":"publish","type":"post","link":"https:\/\/uscatletica.ch\/wp\/?p=19673","title":{"rendered":"Cronometro del Nara"},"content":{"rendered":"\n<p>In una torrida mattinata s\u2019\u00e8 corsa domenica la Cronometro del Nara, con partenza individuale da Prugiasco e arrivo a Add\u00ec. Sul ripido percorso di 5.8 km con 960 metri di salita, miglior tempo maschile per Elia che ha cos\u00ec incamerato altri 30 punti per la Coppa montagna, dove consolida il primato (generale e M40). Bene anche Giancarlo, secondo M60. Tra le donne dominio per Paola Stampanoni (Pini) con il miglior tempo di giornata.<\/p>\n\n\n\n<p>A \u201cbreve\u201d le classifiche<\/p>\n\n\n\n<p>Prossimi appuntamenti ASTi sabato al San Bernardino e poi l\u201911 agosto in Val Pontirone: <a href=\"https:\/\/www.asti-ticino.ch\/asti-new\/podismo\">https:\/\/www.asti-ticino.ch\/asti-new\/podismo<\/a><\/p>\n\n\n\n<figure id=\"attachment_19675\" aria-describedby=\"caption-attachment-19675\" style=\"width: 300px\" class=\"wp-caption alignnone\"><a href=\"https:\/\/i0.wp.com\/uscatletica.ch\/wp\/wp-content\/uploads\/2024\/07\/EliaPaolaNara2024.png?ssl=1\"><img data-recalc-dims=\"1\" loading=\"lazy\" decoding=\"async\" data-attachment-id=\"19675\" data-permalink=\"https:\/\/uscatletica.ch\/wp\/?attachment_id=19675\" data-orig-file=\"https:\/\/i0.wp.com\/uscatletica.ch\/wp\/wp-content\/uploads\/2024\/07\/EliaPaolaNara2024.png?fit=707%2C708&amp;ssl=1\" data-orig-size=\"707,708\" data-comments-opened=\"0\" data-image-meta=\"{&quot;aperture&quot;:&quot;0&quot;,&quot;credit&quot;:&quot;&quot;,&quot;camera&quot;:&quot;&quot;,&quot;caption&quot;:&quot;&quot;,&quot;created_timestamp&quot;:&quot;0&quot;,&quot;copyright&quot;:&quot;&quot;,&quot;focal_length&quot;:&quot;0&quot;,&quot;iso&quot;:&quot;0&quot;,&quot;shutter_speed&quot;:&quot;0&quot;,&quot;title&quot;:&quot;&quot;,&quot;orientation&quot;:&quot;0&quot;}\" data-image-title=\"EliaPaolaNara2024\" data-image-description=\"\" data-image-caption=\"&lt;p&gt;Elia-Paola_Nara2024 (foto M.A.)&lt;\/p&gt;\n\" data-large-file=\"https:\/\/i0.wp.com\/uscatletica.ch\/wp\/wp-content\/uploads\/2024\/07\/EliaPaolaNara2024.png?fit=640%2C641&amp;ssl=1\" class=\"size-medium wp-image-19675\" src=\"https:\/\/i0.wp.com\/uscatletica.ch\/wp\/wp-content\/uploads\/2024\/07\/EliaPaolaNara2024.png?resize=300%2C300&#038;ssl=1\" alt=\"\" width=\"300\" height=\"300\" srcset=\"https:\/\/i0.wp.com\/uscatletica.ch\/wp\/wp-content\/uploads\/2024\/07\/EliaPaolaNara2024.png?resize=300%2C300&amp;ssl=1 300w, https:\/\/i0.wp.com\/uscatletica.ch\/wp\/wp-content\/uploads\/2024\/07\/EliaPaolaNara2024.png?resize=150%2C150&amp;ssl=1 150w, https:\/\/i0.wp.com\/uscatletica.ch\/wp\/wp-content\/uploads\/2024\/07\/EliaPaolaNara2024.png?resize=83%2C83&amp;ssl=1 83w, https:\/\/i0.wp.com\/uscatletica.ch\/wp\/wp-content\/uploads\/2024\/07\/EliaPaolaNara2024.png?w=707&amp;ssl=1 707w\" sizes=\"auto, (max-width: 300px) 100vw, 300px\" \/><\/a><figcaption id=\"caption-attachment-19675\" class=\"wp-caption-text\">Elia-Paola_Nara2024 (foto M.A.)<\/figcaption><\/figure>\n","protected":false},"excerpt":{"rendered":"<p>In una torrida mattinata s\u2019\u00e8 corsa domenica la Cronometro del Nara, con partenza individuale da Prugiasco e arrivo a Add\u00ec. Sul ripido percorso di 5.8 km con 960 metri di salita, miglior tempo maschile per Elia che ha cos\u00ec incamerato altri 30 punti per la Coppa montagna, dove consolida il primato (generale e M40). Bene anche Giancarlo, secondo M60. Tra le donne dominio per Paola Stampanoni (Pini) con il miglior tempo di giornata. A \u201cbreve\u201d&#8230;<\/p>\n","protected":false},"author":3,"featured_media":19675,"comment_status":"closed","ping_status":"closed","sticky":false,"template":"","format":"standard","meta":{"jetpack_post_was_ever_published":false,"_jetpack_newsletter_access":"","_jetpack_dont_email_post_to_subs":false,"_jetpack_newsletter_tier_id":0,"_jetpack_memberships_contains_paywalled_content":false,"_jetpack_memberships_contains_paid_content":false,"footnotes":"","jetpack_publicize_message":"","jetpack_publicize_feature_enabled":true,"jetpack_social_post_already_shared":true,"jetpack_social_options":{"image_generator_settings":{"template":"highway","default_image_id":0,"font":"","enabled":false},"version":2}},"categories":[16,9],"tags":[],"class_list":["post-19673","post","type-post","status-publish","format-standard","has-post-thumbnail","hentry","category-montagna","category-sport"],"jetpack_publicize_connections":[],"jetpack_featured_media_url":"https:\/\/i0.wp.com\/uscatletica.ch\/wp\/wp-content\/uploads\/2024\/07\/EliaPaolaNara2024.png?fit=707%2C708&ssl=1","jetpack_sharing_enabled":true,"jetpack_shortlink":"https:\/\/wp.me\/p6V7Ck-57j","jetpack-related-posts":[{"id":21069,"url":"https:\/\/uscatletica.ch\/wp\/?p=21069","url_meta":{"origin":19673,"position":0},"title":"Elia e Alex \u201csul podio\u201d al Nara","author":"Stampa E","date":"28 Luglio 2025","format":false,"excerpt":"Domenica al Nara s\u2019\u00e8 svolta la 28\u00b0 edizione della Cronometro del Nara, da Prugiasco ad Add\u00ec, lungo una ripida salita di 5,75 chilometri con 960 metri di dislivello. La prova ha assegnato pure i titoli ASTi di montagna con un argento per Elia e un bronzo per Alex tra gli\u2026","rel":"","context":"In &quot;Montagna&quot;","block_context":{"text":"Montagna","link":"https:\/\/uscatletica.ch\/wp\/?cat=16"},"img":{"alt_text":"","src":"https:\/\/i0.wp.com\/uscatletica.ch\/wp\/wp-content\/uploads\/2025\/07\/CronoNara2025-Foto-Andreazzi-3.jpg?fit=1200%2C800&ssl=1&resize=350%2C200","width":350,"height":200,"srcset":"https:\/\/i0.wp.com\/uscatletica.ch\/wp\/wp-content\/uploads\/2025\/07\/CronoNara2025-Foto-Andreazzi-3.jpg?fit=1200%2C800&ssl=1&resize=350%2C200 1x, https:\/\/i0.wp.com\/uscatletica.ch\/wp\/wp-content\/uploads\/2025\/07\/CronoNara2025-Foto-Andreazzi-3.jpg?fit=1200%2C800&ssl=1&resize=525%2C300 1.5x, https:\/\/i0.wp.com\/uscatletica.ch\/wp\/wp-content\/uploads\/2025\/07\/CronoNara2025-Foto-Andreazzi-3.jpg?fit=1200%2C800&ssl=1&resize=700%2C400 2x, https:\/\/i0.wp.com\/uscatletica.ch\/wp\/wp-content\/uploads\/2025\/07\/CronoNara2025-Foto-Andreazzi-3.jpg?fit=1200%2C800&ssl=1&resize=1050%2C600 3x"},"classes":[]},{"id":4731,"url":"https:\/\/uscatletica.ch\/wp\/?p=4731","url_meta":{"origin":19673,"position":1},"title":"COPPA ASTi Il podismo raccoglie il testimone","author":"Leonida Stampanoni","date":"4 Agosto 2017","format":false,"excerpt":"L'estate avanza ed i podisti dalle corse in vetta passano alle corse podistiche \u00a0comunque sempre in cima al valli del alto Ticino e del Moesano, domenica si correva la penultima prova della coppa Asti salita montagna e \u00a0vertical \u00a0al Nara con tre USCini al via \u00a0il primo d'agosto impegno di\u2026","rel":"","context":"In &quot;Diversi&quot;","block_context":{"text":"Diversi","link":"https:\/\/uscatletica.ch\/wp\/?cat=30"},"img":{"alt_text":"","src":"https:\/\/i0.wp.com\/uscatletica.ch\/wp\/wp-content\/uploads\/2016\/08\/valerioeliaselma14.jpg?fit=563%2C374&ssl=1&resize=350%2C200","width":350,"height":200,"srcset":"https:\/\/i0.wp.com\/uscatletica.ch\/wp\/wp-content\/uploads\/2016\/08\/valerioeliaselma14.jpg?fit=563%2C374&ssl=1&resize=350%2C200 1x, https:\/\/i0.wp.com\/uscatletica.ch\/wp\/wp-content\/uploads\/2016\/08\/valerioeliaselma14.jpg?fit=563%2C374&ssl=1&resize=525%2C300 1.5x"},"classes":[]},{"id":15658,"url":"https:\/\/uscatletica.ch\/wp\/?p=15658","url_meta":{"origin":19673,"position":2},"title":"Due podi USC al Nara: Elia e Giancarlo","author":"Stampa E","date":"1 Agosto 2022","format":false,"excerpt":"La 25a edizione della CRONOMETRO DEL NARA, valida per la COPPA ASTI di montagna, s\u2019\u00e8 corsa domenica su un nuovo tracciato molto impegnativo di 5.3 km circa: partenza da Prugiasco (607 m\/sm), arrivo a Add\u00ec (1568 m\/sm), con un dislivello di 961 m racchiusi in circa 4.5 km, dato che\u2026","rel":"","context":"In &quot;Montagna&quot;","block_context":{"text":"Montagna","link":"https:\/\/uscatletica.ch\/wp\/?cat=16"},"img":{"alt_text":"","src":"https:\/\/i0.wp.com\/uscatletica.ch\/wp\/wp-content\/uploads\/2022\/08\/Nara-2022-premiazione-trattore-2-Foto-PS.jpg?fit=480%2C640&ssl=1&resize=350%2C200","width":350,"height":200},"classes":[]},{"id":4712,"url":"https:\/\/uscatletica.ch\/wp\/?p=4712","url_meta":{"origin":19673,"position":3},"title":"Delorenzi in forma alla Rodi Tremorgio","author":"Leonida Stampanoni","date":"24 Luglio 2017","format":false,"excerpt":"Domenica la coppa ASTi di salita montagna e vertical ha fatto tappa alla Rodi Lago Tremorgio\u00a0\u00a0al via 110 atleti tra cui quattro USCini . Robi ha ottenuto la vittoria assoluta primo rango tra gli U20 \u00a0per Marco podio tra gli M50 per Giancarlo, tra le donne vince Nina Brenn. I\u2026","rel":"","context":"In &quot;Montagna&quot;","block_context":{"text":"Montagna","link":"https:\/\/uscatletica.ch\/wp\/?cat=16"},"img":{"alt_text":"","src":"https:\/\/i0.wp.com\/uscatletica.ch\/wp\/wp-content\/uploads\/2016\/07\/Arcoce2016.jpg?fit=960%2C720&ssl=1&resize=350%2C200","width":350,"height":200,"srcset":"https:\/\/i0.wp.com\/uscatletica.ch\/wp\/wp-content\/uploads\/2016\/07\/Arcoce2016.jpg?fit=960%2C720&ssl=1&resize=350%2C200 1x, https:\/\/i0.wp.com\/uscatletica.ch\/wp\/wp-content\/uploads\/2016\/07\/Arcoce2016.jpg?fit=960%2C720&ssl=1&resize=525%2C300 1.5x, https:\/\/i0.wp.com\/uscatletica.ch\/wp\/wp-content\/uploads\/2016\/07\/Arcoce2016.jpg?fit=960%2C720&ssl=1&resize=700%2C400 2x"},"classes":[]},{"id":17815,"url":"https:\/\/uscatletica.ch\/wp\/?p=17815","url_meta":{"origin":19673,"position":4},"title":"Tre podi USC al NARA","author":"Stampa E","date":"30 Luglio 2023","format":false,"excerpt":"Domenica 30 luglio s\u2019\u00e8 corsa la 26esima Cronometro del Nara, sul percorso da Prugiasco a Add\u00ec (5.75 km, + 985 m). Terzo tempo di giornata per Elia S., che in 45\u201945\u2019\u2019 s\u2019\u00e8 cos\u00ec imposto tra gli M40, dove ha preceduto Alex D. che ha chiuso la fatica in 50\u201933\u2019\u2019 (9\u00b0\u2026","rel":"","context":"In &quot;Montagna&quot;","block_context":{"text":"Montagna","link":"https:\/\/uscatletica.ch\/wp\/?cat=16"},"img":{"alt_text":"","src":"https:\/\/i0.wp.com\/uscatletica.ch\/wp\/wp-content\/uploads\/2023\/07\/0c835845-e52e-4abb-bd18-52d999e34229-e1690745204395.jpg?fit=732%2C716&ssl=1&resize=350%2C200","width":350,"height":200,"srcset":"https:\/\/i0.wp.com\/uscatletica.ch\/wp\/wp-content\/uploads\/2023\/07\/0c835845-e52e-4abb-bd18-52d999e34229-e1690745204395.jpg?fit=732%2C716&ssl=1&resize=350%2C200 1x, https:\/\/i0.wp.com\/uscatletica.ch\/wp\/wp-content\/uploads\/2023\/07\/0c835845-e52e-4abb-bd18-52d999e34229-e1690745204395.jpg?fit=732%2C716&ssl=1&resize=525%2C300 1.5x, https:\/\/i0.wp.com\/uscatletica.ch\/wp\/wp-content\/uploads\/2023\/07\/0c835845-e52e-4abb-bd18-52d999e34229-e1690745204395.jpg?fit=732%2C716&ssl=1&resize=700%2C400 2x"},"classes":[]},{"id":6366,"url":"https:\/\/uscatletica.ch\/wp\/?p=6366","url_meta":{"origin":19673,"position":5},"title":"Tremorgio Hassan vince di nuovo","author":"Leonida Stampanoni","date":"24 Luglio 2018","format":false,"excerpt":"La 19 edizione della Rodi Tremorgio ha accolto lungo i 5.5 km del tracciato che porta al suggestivo laghetto un centinaio di partecipanti\u00a0 tra cui sette atleti USC. il protagonista principale della corsa \u00e8 stato il nostro Hassan che ha strappato la vittoria della gara per Marco che vincendo gli\u2026","rel":"","context":"In &quot;Montagna&quot;","block_context":{"text":"Montagna","link":"https:\/\/uscatletica.ch\/wp\/?cat=16"},"img":{"alt_text":"","src":"https:\/\/i0.wp.com\/uscatletica.ch\/wp\/wp-content\/uploads\/2018\/04\/bct2018rdee.jpg?fit=532%2C354&ssl=1&resize=350%2C200","width":350,"height":200,"srcset":"https:\/\/i0.wp.com\/uscatletica.ch\/wp\/wp-content\/uploads\/2018\/04\/bct2018rdee.jpg?fit=532%2C354&ssl=1&resize=350%2C200 1x, https:\/\/i0.wp.com\/uscatletica.ch\/wp\/wp-content\/uploads\/2018\/04\/bct2018rdee.jpg?fit=532%2C354&ssl=1&resize=525%2C300 1.5x"},"classes":[]}],"_links":{"self":[{"href":"https:\/\/uscatletica.ch\/wp\/index.php?rest_route=\/wp\/v2\/posts\/19673","targetHints":{"allow":["GET"]}}],"collection":[{"href":"https:\/\/uscatletica.ch\/wp\/index.php?rest_route=\/wp\/v2\/posts"}],"about":[{"href":"https:\/\/uscatletica.ch\/wp\/index.php?rest_route=\/wp\/v2\/types\/post"}],"author":[{"embeddable":true,"href":"https:\/\/uscatletica.ch\/wp\/index.php?rest_route=\/wp\/v2\/users\/3"}],"replies":[{"embeddable":true,"href":"https:\/\/uscatletica.ch\/wp\/index.php?rest_route=%2Fwp%2Fv2%2Fcomments&post=19673"}],"version-history":[{"count":2,"href":"https:\/\/uscatletica.ch\/wp\/index.php?rest_route=\/wp\/v2\/posts\/19673\/revisions"}],"predecessor-version":[{"id":19676,"href":"https:\/\/uscatletica.ch\/wp\/index.php?rest_route=\/wp\/v2\/posts\/19673\/revisions\/19676"}],"wp:featuredmedia":[{"embeddable":true,"href":"https:\/\/uscatletica.ch\/wp\/index.php?rest_route=\/wp\/v2\/media\/19675"}],"wp:attachment":[{"href":"https:\/\/uscatletica.ch\/wp\/index.php?rest_route=%2Fwp%2Fv2%2Fmedia&parent=19673"}],"wp:term":[{"taxonomy":"category","embeddable":true,"href":"https:\/\/uscatletica.ch\/wp\/index.php?rest_route=%2Fwp%2Fv2%2Fcategories&post=19673"},{"taxonomy":"post_tag","embeddable":true,"href":"https:\/\/uscatletica.ch\/wp\/index.php?rest_route=%2Fwp%2Fv2%2Ftags&post=19673"}],"curies":[{"name":"wp","href":"https:\/\/api.w.org\/{rel}","templated":true}]}}