{"id":19682,"date":"2024-08-12T22:20:13","date_gmt":"2024-08-12T20:20:13","guid":{"rendered":"https:\/\/uscatletica.ch\/wp\/?p=19682"},"modified":"2024-08-12T22:20:18","modified_gmt":"2024-08-12T20:20:18","slug":"buon-rientro-per-mattia-al-meeting-serale-di-bellinzona","status":"publish","type":"post","link":"https:\/\/uscatletica.ch\/wp\/?p=19682","title":{"rendered":"Buon rientro per Mattia al Meeting Serale di Bellinzona"},"content":{"rendered":"\n<p>Luned\u00ec 12 agosto il GAB Bellinzona ha organizzato un bel meeting serale due atleti USC erano al via sui 100 m\u00a0<\/p>\n<p>Mattia Zorzi al rientro dopo una lunga pausa ha corso un interessante 11&#8243;63 \u00a0mentre Melissa ha chiuso la distanza in 13&#8243;49\u00a0<a href=\"https:\/\/swiss-athletics.ch\/de\/live-resultate\/\" target=\"_blank\" rel=\"noopener\">Risultati Live <\/a><\/p>\n","protected":false},"excerpt":{"rendered":"<p>Luned\u00ec 12 agosto il GAB Bellinzona ha organizzato un bel meeting serale due atleti USC erano al via sui 100 m\u00a0 Mattia Zorzi al rientro dopo una lunga pausa ha corso un interessante 11&#8243;63 \u00a0mentre Melissa ha chiuso la distanza in 13&#8243;49\u00a0Risultati Live<\/p>\n","protected":false},"author":4,"featured_media":11037,"comment_status":"closed","ping_status":"closed","sticky":false,"template":"","format":"standard","meta":{"jetpack_post_was_ever_published":false,"_jetpack_newsletter_access":"","_jetpack_dont_email_post_to_subs":false,"_jetpack_newsletter_tier_id":0,"_jetpack_memberships_contains_paywalled_content":false,"_jetpack_memberships_contains_paid_content":false,"footnotes":"","jetpack_publicize_message":"","jetpack_publicize_feature_enabled":true,"jetpack_social_post_already_shared":true,"jetpack_social_options":{"image_generator_settings":{"template":"highway","default_image_id":0,"font":"","enabled":false},"version":2}},"categories":[4,9],"tags":[],"class_list":["post-19682","post","type-post","status-publish","format-standard","has-post-thumbnail","hentry","category-pista","category-sport"],"jetpack_publicize_connections":[],"jetpack_featured_media_url":"https:\/\/i0.wp.com\/uscatletica.ch\/wp\/wp-content\/uploads\/2020\/09\/17.jpeg?fit=420%2C315&ssl=1","jetpack_sharing_enabled":true,"jetpack_shortlink":"https:\/\/wp.me\/p6V7Ck-57s","jetpack-related-posts":[{"id":6582,"url":"https:\/\/uscatletica.ch\/wp\/?p=6582","url_meta":{"origin":19682,"position":0},"title":"Meeting serale Bellinzona","author":"Stampa E","date":"19 Settembre 2018","format":false,"excerpt":"Gran bel meeting serale a Bellinzona con tanti partecipanti e un discreto livello, ma solo due atleti USC ne hanno approfittato. Sui 1'500 metri ottima prestazione sia di Roberto che di Elia, entrambi reduci dalle fatiche di Giornico (e non solo). Roberto ha chiuso l'affollata serie all'ottavo rango in 4'22''21,\u2026","rel":"","context":"In &quot;Pista&quot;","block_context":{"text":"Pista","link":"https:\/\/uscatletica.ch\/wp\/?cat=4"},"img":{"alt_text":"","src":"","width":0,"height":0},"classes":[]},{"id":15649,"url":"https:\/\/uscatletica.ch\/wp\/?p=15649","url_meta":{"origin":19682,"position":1},"title":"MEETING  SERALE BELLINZONA sotto il diluvio","author":"Leonida Stampanoni","date":"28 Luglio 2022","format":false,"excerpt":"Un diluvio ha accolto i partecipanti al meeting serale di Bellinzona \u00a0diversi gli ottimi risultati \u00a0nonostante le difficili condizioni ambientali. Buono il comportamento dell'USC presente nei 100 m Chiara e Mattia si ben battuti. Sui 1500 m Federica \u00a0e Jennis sui 200 m . I RISULTATI LIVE la prima a\u2026","rel":"","context":"In &quot;Non catalogato&quot;","block_context":{"text":"Non catalogato","link":"https:\/\/uscatletica.ch\/wp\/?cat=6"},"img":{"alt_text":"","src":"https:\/\/i0.wp.com\/uscatletica.ch\/wp\/wp-content\/uploads\/2022\/05\/CSI20220514.jpg?fit=432%2C323&ssl=1&resize=350%2C200","width":350,"height":200},"classes":[]},{"id":10516,"url":"https:\/\/uscatletica.ch\/wp\/?p=10516","url_meta":{"origin":19682,"position":2},"title":"La stagione Ticinese riparte da Bellinzona","author":"Leonida Stampanoni","date":"23 Giugno 2020","format":false,"excerpt":"Trascorso l'emergenza sanitaria, finalmente in Ticino si torna a gareggiare ad aprire la stagione sar\u00e0 il primo meeting serale di Bellinzona dove il 15 settembre torner\u00e0 il Gal\u00e0 Dei Castelli.\u00a0\u00a0Mercoled\u00ec sera al comunale saranno tre gli USCini al via Giada nel getto del Peso Leila e Matilde sui 100 m.\u2026","rel":"","context":"In &quot;Pista&quot;","block_context":{"text":"Pista","link":"https:\/\/uscatletica.ch\/wp\/?cat=4"},"img":{"alt_text":"","src":"https:\/\/i0.wp.com\/uscatletica.ch\/wp\/wp-content\/uploads\/2019\/08\/IMG_0908.jpg?fit=640%2C480&ssl=1&resize=350%2C200","width":350,"height":200,"srcset":"https:\/\/i0.wp.com\/uscatletica.ch\/wp\/wp-content\/uploads\/2019\/08\/IMG_0908.jpg?fit=640%2C480&ssl=1&resize=350%2C200 1x, https:\/\/i0.wp.com\/uscatletica.ch\/wp\/wp-content\/uploads\/2019\/08\/IMG_0908.jpg?fit=640%2C480&ssl=1&resize=525%2C300 1.5x"},"classes":[]},{"id":6516,"url":"https:\/\/uscatletica.ch\/wp\/?p=6516","url_meta":{"origin":19682,"position":3},"title":"Campionati Ticinesi di olimpionica 12 Meeting Capriaschese tutto pronto stampa","author":"Leonida Stampanoni","date":"11 Settembre 2018","format":false,"excerpt":"Staffette olimpioniche in Capriasca Meeting serale mercoled\u00ec a Tesserete con anche i Campionati ticinesi di staffetta olimpionica, dove Virtus Locarno e SAL Lugano cercheranno di difendere il titolo conquistato nel 2017 liste di partenza 2018 \ufeff 12 edizione Meeting Capriaschese \u00a0Campionati Ticinesi Olimpionica 12 settembre 2018 PrCToli18 il programma 2018\u2026","rel":"","context":"In &quot;Pista&quot;","block_context":{"text":"Pista","link":"https:\/\/uscatletica.ch\/wp\/?cat=4"},"img":{"alt_text":"","src":"https:\/\/i0.wp.com\/uscatletica.ch\/wp\/wp-content\/uploads\/2018\/08\/berlinstmoritz2018.jpg?fit=432%2C293&ssl=1&resize=350%2C200","width":350,"height":200},"classes":[]},{"id":2763,"url":"https:\/\/uscatletica.ch\/wp\/?p=2763","url_meta":{"origin":19682,"position":4},"title":"Meeting di Bellinzona serale","author":"Leonida Stampanoni","date":"8 Settembre 2016","format":false,"excerpt":"Marted\u00ec sera a Bellinzona la SAB ha organizzato un meeting serale tra la cinquantina di atleti al via \u00a0c'erano pure quattro USCini. Nella pedana del peso Erik con i 4 kg ha raggiunto quota 10.23 m \u00a0a soli 13 centesimi dal personale vincendo per\u00f2 la gara. Sui 200 m Alice\u2026","rel":"","context":"In &quot;Pista&quot;","block_context":{"text":"Pista","link":"https:\/\/uscatletica.ch\/wp\/?cat=4"},"img":{"alt_text":"","src":"https:\/\/i0.wp.com\/uscatletica.ch\/wp\/wp-content\/uploads\/2016\/05\/ukcopertina.png?fit=559%2C363&ssl=1&resize=350%2C200","width":350,"height":200,"srcset":"https:\/\/i0.wp.com\/uscatletica.ch\/wp\/wp-content\/uploads\/2016\/05\/ukcopertina.png?fit=559%2C363&ssl=1&resize=350%2C200 1x, https:\/\/i0.wp.com\/uscatletica.ch\/wp\/wp-content\/uploads\/2016\/05\/ukcopertina.png?fit=559%2C363&ssl=1&resize=525%2C300 1.5x"},"classes":[]},{"id":13020,"url":"https:\/\/uscatletica.ch\/wp\/?p=13020","url_meta":{"origin":19682,"position":5},"title":"USCini bravi a Bellinzona","author":"Leonida Stampanoni","date":"29 Luglio 2021","format":false,"excerpt":"Fresca serata estiva al Comunale di Bellinzona per il meeting serale proposto dal GAB. Una decina gli\/le USCini\/e al via tra piste e pedane. Giada firma due vittorie tra peso e disco, Matilda vince i 100 m. Bene anche Elia, Mattia, Leila, Marco, Elody, Chiara e Christian. Risultati Giada, in\u2026","rel":"","context":"In &quot;Pista&quot;","block_context":{"text":"Pista","link":"https:\/\/uscatletica.ch\/wp\/?cat=4"},"img":{"alt_text":"","src":"https:\/\/i0.wp.com\/uscatletica.ch\/wp\/wp-content\/uploads\/2021\/07\/marco4332.jpg?fit=432%2C324&ssl=1&resize=350%2C200","width":350,"height":200},"classes":[]}],"_links":{"self":[{"href":"https:\/\/uscatletica.ch\/wp\/index.php?rest_route=\/wp\/v2\/posts\/19682","targetHints":{"allow":["GET"]}}],"collection":[{"href":"https:\/\/uscatletica.ch\/wp\/index.php?rest_route=\/wp\/v2\/posts"}],"about":[{"href":"https:\/\/uscatletica.ch\/wp\/index.php?rest_route=\/wp\/v2\/types\/post"}],"author":[{"embeddable":true,"href":"https:\/\/uscatletica.ch\/wp\/index.php?rest_route=\/wp\/v2\/users\/4"}],"replies":[{"embeddable":true,"href":"https:\/\/uscatletica.ch\/wp\/index.php?rest_route=%2Fwp%2Fv2%2Fcomments&post=19682"}],"version-history":[{"count":1,"href":"https:\/\/uscatletica.ch\/wp\/index.php?rest_route=\/wp\/v2\/posts\/19682\/revisions"}],"predecessor-version":[{"id":19683,"href":"https:\/\/uscatletica.ch\/wp\/index.php?rest_route=\/wp\/v2\/posts\/19682\/revisions\/19683"}],"wp:featuredmedia":[{"embeddable":true,"href":"https:\/\/uscatletica.ch\/wp\/index.php?rest_route=\/wp\/v2\/media\/11037"}],"wp:attachment":[{"href":"https:\/\/uscatletica.ch\/wp\/index.php?rest_route=%2Fwp%2Fv2%2Fmedia&parent=19682"}],"wp:term":[{"taxonomy":"category","embeddable":true,"href":"https:\/\/uscatletica.ch\/wp\/index.php?rest_route=%2Fwp%2Fv2%2Fcategories&post=19682"},{"taxonomy":"post_tag","embeddable":true,"href":"https:\/\/uscatletica.ch\/wp\/index.php?rest_route=%2Fwp%2Fv2%2Ftags&post=19682"}],"curies":[{"name":"wp","href":"https:\/\/api.w.org\/{rel}","templated":true}]}}