{"id":19694,"date":"2024-08-16T18:34:26","date_gmt":"2024-08-16T16:34:26","guid":{"rendered":"https:\/\/uscatletica.ch\/wp\/?p=19694"},"modified":"2024-08-16T18:53:56","modified_gmt":"2024-08-16T16:53:56","slug":"giada-e-lea-ai-campionati-svizzeri-u23-20-a-langenthal","status":"publish","type":"post","link":"https:\/\/uscatletica.ch\/wp\/?p=19694","title":{"rendered":"Giada e Lea ai campionati svizzeri U23\/20 a Langenthal"},"content":{"rendered":"\n<p>Nel fine settimana riparte a spron battuto la stagione dopo l&#8217;abbuffata internazionale con Europei ed Olimpiadi. Diversi dei protagonisti saranno a Langenthal per i campionati svizzeri giovanili U20\/U23.<\/p>\n<p>Nella delegazione ticinese spiccano le nostre due atlete L&#8217;esperta Giada Battaini gi\u00e0 in grado di conquistare alcune medaglie nel settore lanci, e la Velocista Lea Cocconi che dopo tanta grinta e passione negli allenamenti ha raggiunto il limite sui 400 m.<\/p>\n<p><a href=\"https:\/\/slv.laportal.net\/Competitions\/Details\/13872\" target=\"_blank\" rel=\"noopener\">Orario e risultati Live<\/a><\/p>\n<p>Sabato sar\u00e0 Lea ad aprire le danze sul giro di pista. \u00a0Mentre Domenica ci sar\u00e0 \u00a0Giada che scender\u00e0 in pedana nel Disco con la quarta misura tra le partenti che corrisponde al nuovo primato sociale ottenuto ai campionati svizzeri di Winterthur a fine giugno . Tra le favorite nelle U20 ci sar\u00e0 la nazionale ticinese Giada Borin (ASSPO) all&#8217;ultimo test prima dei mondiali di categoria in Peru.\u00a0<\/p>\n<p>\u00a0<\/p>\n\n\n","protected":false},"excerpt":{"rendered":"<p>Nel fine settimana riparte a spron battuto la stagione dopo l&#8217;abbuffata internazionale con Europei ed Olimpiadi. Diversi dei protagonisti saranno a Langenthal per i campionati svizzeri giovanili U20\/U23. Nella delegazione ticinese spiccano le nostre due atlete L&#8217;esperta Giada Battaini gi\u00e0 in grado di conquistare alcune medaglie nel settore lanci, e la Velocista Lea Cocconi che dopo tanta grinta e passione negli allenamenti ha raggiunto il limite sui 400 m. Orario e risultati Live Sabato sar\u00e0&#8230;<\/p>\n","protected":false},"author":4,"featured_media":19317,"comment_status":"closed","ping_status":"closed","sticky":false,"template":"","format":"standard","meta":{"jetpack_post_was_ever_published":false,"_jetpack_newsletter_access":"","_jetpack_dont_email_post_to_subs":false,"_jetpack_newsletter_tier_id":0,"_jetpack_memberships_contains_paywalled_content":false,"_jetpack_memberships_contains_paid_content":false,"footnotes":"","jetpack_publicize_message":"","jetpack_publicize_feature_enabled":true,"jetpack_social_post_already_shared":true,"jetpack_social_options":{"image_generator_settings":{"template":"highway","default_image_id":0,"font":"","enabled":false},"version":2}},"categories":[4,9],"tags":[],"class_list":["post-19694","post","type-post","status-publish","format-standard","has-post-thumbnail","hentry","category-pista","category-sport"],"jetpack_publicize_connections":[],"jetpack_featured_media_url":"https:\/\/i0.wp.com\/uscatletica.ch\/wp\/wp-content\/uploads\/2024\/05\/5erchi.jpg?fit=474%2C315&ssl=1","jetpack_sharing_enabled":true,"jetpack_shortlink":"https:\/\/wp.me\/p6V7Ck-57E","jetpack-related-posts":[{"id":19708,"url":"https:\/\/uscatletica.ch\/wp\/?p=19708","url_meta":{"origin":19694,"position":0},"title":"GIADA BRONZO NEL DISCO A LANGENTHAL","author":"Leonida Stampanoni","date":"17 Agosto 2024","format":false,"excerpt":"Grande prestazione di Giada ai campionati svizzeri U20\/U23 di Langenthal, dopo il settimo rango nel peso, la nostra lanciatrice ha vinto la medaglia di bronzo nel disco. Giada scagliando il disco a 45.00\u00a0 \u00e8 diventata la terza ticinese di tutti i tempi. Sabato ai campionati svizzeri U20\/U23 in corso a\u2026","rel":"","context":"In &quot;Pista&quot;","block_context":{"text":"Pista","link":"https:\/\/uscatletica.ch\/wp\/?cat=4"},"img":{"alt_text":"","src":"https:\/\/i0.wp.com\/uscatletica.ch\/wp\/wp-content\/uploads\/2024\/08\/20240818giadamedaglieab.jpg?fit=432%2C324&ssl=1&resize=350%2C200","width":350,"height":200},"classes":[]},{"id":2765,"url":"https:\/\/uscatletica.ch\/wp\/?p=2765","url_meta":{"origin":19694,"position":1},"title":"Fine settimana Da Aarau a Sportissima","author":"Leonida Stampanoni","date":"9 Settembre 2016","format":false,"excerpt":"Nel fine settimana in programma i campionati svizzeri giovanili \u00a0l'USC sar\u00e0 ad Aarau con SImone e Giada. In Ticino sabato ci sar\u00e0 la Stramassagno prova valida per la coppa Ticino di podismo. Domenica all'Arena Sportiva ci sar\u00e0 Sportissima \u00a0con la premiazione al merito sportivo del comune di Capriasca con Roberto,\u2026","rel":"","context":"In &quot;Diversi&quot;","block_context":{"text":"Diversi","link":"https:\/\/uscatletica.ch\/wp\/?cat=30"},"img":{"alt_text":"","src":"https:\/\/i0.wp.com\/uscatletica.ch\/wp\/wp-content\/uploads\/2016\/08\/IMG_7139.jpg?fit=563%2C422&ssl=1&resize=350%2C200","width":350,"height":200,"srcset":"https:\/\/i0.wp.com\/uscatletica.ch\/wp\/wp-content\/uploads\/2016\/08\/IMG_7139.jpg?fit=563%2C422&ssl=1&resize=350%2C200 1x, https:\/\/i0.wp.com\/uscatletica.ch\/wp\/wp-content\/uploads\/2016\/08\/IMG_7139.jpg?fit=563%2C422&ssl=1&resize=525%2C300 1.5x"},"classes":[]},{"id":2770,"url":"https:\/\/uscatletica.ch\/wp\/?p=2770","url_meta":{"origin":19694,"position":2},"title":"Campionati svizzeri Simone vola sugli ostacoli (Video della finale )","author":"Leonida Stampanoni","date":"12 Settembre 2016","format":false,"excerpt":"Caldo fine settimana allo Schachen di Aarau, i migliori U16 ed U18 della svizzera erano a caccia di medaglie. Con Simone e Giada c'erano quasi tutti i protagonisti dei campionati Europei U18. Simone sui 300 m ostacoli ha ottenuto il quinto posto ed il personale \u00a0mentre nell'Asta ha chiuso decimo.\u2026","rel":"","context":"In &quot;Pista&quot;","block_context":{"text":"Pista","link":"https:\/\/uscatletica.ch\/wp\/?cat=4"},"img":{"alt_text":"","src":"https:\/\/i0.wp.com\/uscatletica.ch\/wp\/wp-content\/uploads\/2016\/09\/P1430671.jpg?fit=563%2C422&ssl=1&resize=350%2C200","width":350,"height":200,"srcset":"https:\/\/i0.wp.com\/uscatletica.ch\/wp\/wp-content\/uploads\/2016\/09\/P1430671.jpg?fit=563%2C422&ssl=1&resize=350%2C200 1x, https:\/\/i0.wp.com\/uscatletica.ch\/wp\/wp-content\/uploads\/2016\/09\/P1430671.jpg?fit=563%2C422&ssl=1&resize=525%2C300 1.5x"},"classes":[]},{"id":17859,"url":"https:\/\/uscatletica.ch\/wp\/?p=17859","url_meta":{"origin":19694,"position":3},"title":"CAMPIONATI TICINESI ASSOLUTI A BIASCA","author":"Leonida Stampanoni","date":"25 Agosto 2023","format":false,"excerpt":"Nel fine settimana ci sar\u00e0 la massima rassegna atletica cantonale. il Vallone di Biasca ospiter\u00e0 i campionati ticinesi assoluti l'USC sar\u00e0 presente con sei ragazze che proveranno a cogliere l'exploit.\u00a0 In pista scenderanno Matilda Federica e Lea mentre nei lancio avremo Lara, Morena e Kora.\u00a0 Venerd\u00ec in serata \u00a0sar\u00e0 Kora\u2026","rel":"","context":"In &quot;Pista&quot;","block_context":{"text":"Pista","link":"https:\/\/uscatletica.ch\/wp\/?cat=4"},"img":{"alt_text":"","src":"https:\/\/i0.wp.com\/uscatletica.ch\/wp\/wp-content\/uploads\/2022\/10\/220110podiogiave.jpg?fit=324%2C432&ssl=1&resize=350%2C200","width":350,"height":200},"classes":[]},{"id":1686,"url":"https:\/\/uscatletica.ch\/wp\/?p=1686","url_meta":{"origin":19694,"position":4},"title":"Simone  debutta a Basel (ticinesi e svizzeri partono col botto)","author":"Leonida Stampanoni","date":"7 Maggio 2016","format":false,"excerpt":"A Basel si correva la H\u00fcrden cup meeting \u00a0dedicato specialmente agli ostacoli, che presenta infatti anche la gara sui 200 m hs. Alla Sch\u00fctzenmatte debuttava in pista nel 2016 Simone che settimana prossima rappresenter\u00e0 il Ticino a Bressanone con la selezione Ticino. \u00a0Gioved\u00ec a Langenthal e a Basel gli atleti\u2026","rel":"","context":"In &quot;Pista&quot;","block_context":{"text":"Pista","link":"https:\/\/uscatletica.ch\/wp\/?cat=4"},"img":{"alt_text":"","src":"https:\/\/i0.wp.com\/uscatletica.ch\/wp\/wp-content\/uploads\/2016\/01\/P1330283.jpg?fit=640%2C480&ssl=1&resize=350%2C200","width":350,"height":200,"srcset":"https:\/\/i0.wp.com\/uscatletica.ch\/wp\/wp-content\/uploads\/2016\/01\/P1330283.jpg?fit=640%2C480&ssl=1&resize=350%2C200 1x, https:\/\/i0.wp.com\/uscatletica.ch\/wp\/wp-content\/uploads\/2016\/01\/P1330283.jpg?fit=640%2C480&ssl=1&resize=525%2C300 1.5x"},"classes":[]},{"id":10662,"url":"https:\/\/uscatletica.ch\/wp\/?p=10662","url_meta":{"origin":19694,"position":5},"title":"Campionati Svizzeri Giada Sofia ed Enea a Frauenfeld","author":"Leonida Stampanoni","date":"20 Agosto 2020","format":false,"excerpt":"Nel fine settimana si terrano a Frauenfeld i Campionati svizzeri U20 U23 Tra la quarantina di Ticinesi ci saranno tre USCini Giada nei lanci , Sofia nella velocit\u00e0 tra le U20 e nel mezzofondo ci sar\u00e0 Enea tra gli U23. Alla Kleine Allmend ci saranno anche quattro campioni europei giovanili\u2026","rel":"","context":"In &quot;Pista&quot;","block_context":{"text":"Pista","link":"https:\/\/uscatletica.ch\/wp\/?cat=4"},"img":{"alt_text":"","src":"https:\/\/i0.wp.com\/uscatletica.ch\/wp\/wp-content\/uploads\/2020\/01\/11.jpg?fit=432%2C288&ssl=1&resize=350%2C200","width":350,"height":200},"classes":[]}],"_links":{"self":[{"href":"https:\/\/uscatletica.ch\/wp\/index.php?rest_route=\/wp\/v2\/posts\/19694","targetHints":{"allow":["GET"]}}],"collection":[{"href":"https:\/\/uscatletica.ch\/wp\/index.php?rest_route=\/wp\/v2\/posts"}],"about":[{"href":"https:\/\/uscatletica.ch\/wp\/index.php?rest_route=\/wp\/v2\/types\/post"}],"author":[{"embeddable":true,"href":"https:\/\/uscatletica.ch\/wp\/index.php?rest_route=\/wp\/v2\/users\/4"}],"replies":[{"embeddable":true,"href":"https:\/\/uscatletica.ch\/wp\/index.php?rest_route=%2Fwp%2Fv2%2Fcomments&post=19694"}],"version-history":[{"count":3,"href":"https:\/\/uscatletica.ch\/wp\/index.php?rest_route=\/wp\/v2\/posts\/19694\/revisions"}],"predecessor-version":[{"id":19706,"href":"https:\/\/uscatletica.ch\/wp\/index.php?rest_route=\/wp\/v2\/posts\/19694\/revisions\/19706"}],"wp:featuredmedia":[{"embeddable":true,"href":"https:\/\/uscatletica.ch\/wp\/index.php?rest_route=\/wp\/v2\/media\/19317"}],"wp:attachment":[{"href":"https:\/\/uscatletica.ch\/wp\/index.php?rest_route=%2Fwp%2Fv2%2Fmedia&parent=19694"}],"wp:term":[{"taxonomy":"category","embeddable":true,"href":"https:\/\/uscatletica.ch\/wp\/index.php?rest_route=%2Fwp%2Fv2%2Fcategories&post=19694"},{"taxonomy":"post_tag","embeddable":true,"href":"https:\/\/uscatletica.ch\/wp\/index.php?rest_route=%2Fwp%2Fv2%2Ftags&post=19694"}],"curies":[{"name":"wp","href":"https:\/\/api.w.org\/{rel}","templated":true}]}}