{"id":19708,"date":"2024-08-17T19:57:31","date_gmt":"2024-08-17T17:57:31","guid":{"rendered":"https:\/\/uscatletica.ch\/wp\/?p=19708"},"modified":"2024-08-18T22:40:47","modified_gmt":"2024-08-18T20:40:47","slug":"lea-vicino-al-personale-ai-campionati-svizzeri","status":"publish","type":"post","link":"https:\/\/uscatletica.ch\/wp\/?p=19708","title":{"rendered":"GIADA BRONZO NEL DISCO A LANGENTHAL"},"content":{"rendered":"\n<p>Grande prestazione di Giada ai campionati svizzeri U20\/U23 di Langenthal, dopo il settimo rango nel peso, la nostra lanciatrice ha vinto la medaglia di bronzo nel disco. Giada scagliando il disco a 45.00\u00a0 \u00e8 diventata la terza ticinese di tutti i tempi.<\/p>\n<p>Sabato ai campionati svizzeri U20\/U23 in corso a Langenthal ottima prova per la nostra Lea impegnata sui 400 m U20. Prima prova in pedana per Giada impegnata nel getto del Peso dove chiude settima con 11&#8243;78<\/p>\n<p>\u00a0<\/p>\n<p>Per il Ticino la prima medaglia arriva dal lancio del giavellotto grazie a Maria W\u00fcrz (FGM) che vince il bronzo con 43.01 con il terzo lancio di sempre in Ticino. Domenica mattina seconda medaglia ticinese nel martello con Giona Erdmann con 53.38 m ottiene la quarta misura cantonale di tutti i tempi. <\/p>\n<p><a href=\"https:\/\/slv.laportal.net\/Competitions\/Details\/13872\" target=\"_blank\" rel=\"noopener\">Risultati Live<\/a><\/p>\n<p>Nella gara del disco con il secondo lancio Giada si assicura la i tre lanci di finale. Al qaurto lancio Giada riesce a salire fino a 45.00 m issandosi al terzo rango\u00a0 per meritarsi il bronzo. Nelle liste assolute ticinesi migliorando il suo personale ottenuto ad fine giugno ai campionati svizzeri assoluti di 31 cm.<\/p>\n<p>Sabato\u00a0 Lea \u00e8 scesa in pista per la prima volta ai campionati svizzeri di categoria . Nella quarta batteria dei 400 m la nostra velocista \u00a0ha corso in 62&#8243;25 non lontano da suo primato personale Finale per Alice Baggi (FGM). Nei 400 ottimi risultati per atleti e atlete ticinesi che hanno conquistato un posto nella finale di domani Giulio Fugazzi (SFG Chiasso) in 49&#8243;14 \u00a0ottiene il secondo tempo \u00a0tra gli U20. Petra Crescini, qualificata con il personale in 56&#8243;30 \u00a0ha condiviso il palcoscenico con le due ottocentometriste olimpiche Valentina Rosamilia e Audrey Werro che hanno firmato i migliori due tempi di giornata.\u00a0<\/p>\n<p>Domani Giada sar\u00e0 in pedana per Peso e Disco\u00a0<\/p>\n<p><img data-recalc-dims=\"1\" loading=\"lazy\" decoding=\"async\" data-attachment-id=\"19726\" data-permalink=\"https:\/\/uscatletica.ch\/wp\/?attachment_id=19726\" data-orig-file=\"https:\/\/i0.wp.com\/uscatletica.ch\/wp\/wp-content\/uploads\/2024\/08\/20240818giadamedaglieab.jpg?fit=432%2C324&amp;ssl=1\" data-orig-size=\"432,324\" data-comments-opened=\"0\" data-image-meta=\"{&quot;aperture&quot;:&quot;0&quot;,&quot;credit&quot;:&quot;&quot;,&quot;camera&quot;:&quot;&quot;,&quot;caption&quot;:&quot;&quot;,&quot;created_timestamp&quot;:&quot;0&quot;,&quot;copyright&quot;:&quot;&quot;,&quot;focal_length&quot;:&quot;0&quot;,&quot;iso&quot;:&quot;0&quot;,&quot;shutter_speed&quot;:&quot;0&quot;,&quot;title&quot;:&quot;&quot;,&quot;orientation&quot;:&quot;1&quot;}\" data-image-title=\"20240818giadamedaglieab\" data-image-description=\"\" data-image-caption=\"\" data-large-file=\"https:\/\/i0.wp.com\/uscatletica.ch\/wp\/wp-content\/uploads\/2024\/08\/20240818giadamedaglieab.jpg?fit=432%2C324&amp;ssl=1\" class=\"aligncenter size-full wp-image-19726\" src=\"https:\/\/i0.wp.com\/uscatletica.ch\/wp\/wp-content\/uploads\/2024\/08\/20240818giadamedaglieab.jpg?resize=432%2C324&#038;ssl=1\" alt=\"\" width=\"432\" height=\"324\" srcset=\"https:\/\/i0.wp.com\/uscatletica.ch\/wp\/wp-content\/uploads\/2024\/08\/20240818giadamedaglieab.jpg?w=432&amp;ssl=1 432w, https:\/\/i0.wp.com\/uscatletica.ch\/wp\/wp-content\/uploads\/2024\/08\/20240818giadamedaglieab.jpg?resize=300%2C225&amp;ssl=1 300w\" sizes=\"auto, (max-width: 432px) 100vw, 432px\" \/> <img data-recalc-dims=\"1\" loading=\"lazy\" decoding=\"async\" data-attachment-id=\"19712\" data-permalink=\"https:\/\/uscatletica.ch\/wp\/?attachment_id=19712\" data-orig-file=\"https:\/\/i0.wp.com\/uscatletica.ch\/wp\/wp-content\/uploads\/2024\/08\/20240817leacocconi.jpg?fit=432%2C324&amp;ssl=1\" data-orig-size=\"432,324\" data-comments-opened=\"0\" data-image-meta=\"{&quot;aperture&quot;:&quot;0&quot;,&quot;credit&quot;:&quot;&quot;,&quot;camera&quot;:&quot;&quot;,&quot;caption&quot;:&quot;&quot;,&quot;created_timestamp&quot;:&quot;0&quot;,&quot;copyright&quot;:&quot;&quot;,&quot;focal_length&quot;:&quot;0&quot;,&quot;iso&quot;:&quot;0&quot;,&quot;shutter_speed&quot;:&quot;0&quot;,&quot;title&quot;:&quot;&quot;,&quot;orientation&quot;:&quot;1&quot;}\" data-image-title=\"20240817leacocconi\" data-image-description=\"\" data-image-caption=\"\" data-large-file=\"https:\/\/i0.wp.com\/uscatletica.ch\/wp\/wp-content\/uploads\/2024\/08\/20240817leacocconi.jpg?fit=432%2C324&amp;ssl=1\" class=\"aligncenter size-full wp-image-19712\" src=\"https:\/\/i0.wp.com\/uscatletica.ch\/wp\/wp-content\/uploads\/2024\/08\/20240817leacocconi.jpg?resize=432%2C324&#038;ssl=1\" alt=\"\" width=\"432\" height=\"324\" srcset=\"https:\/\/i0.wp.com\/uscatletica.ch\/wp\/wp-content\/uploads\/2024\/08\/20240817leacocconi.jpg?w=432&amp;ssl=1 432w, https:\/\/i0.wp.com\/uscatletica.ch\/wp\/wp-content\/uploads\/2024\/08\/20240817leacocconi.jpg?resize=300%2C225&amp;ssl=1 300w\" sizes=\"auto, (max-width: 432px) 100vw, 432px\" \/><img data-recalc-dims=\"1\" loading=\"lazy\" decoding=\"async\" data-attachment-id=\"19728\" data-permalink=\"https:\/\/uscatletica.ch\/wp\/?attachment_id=19728\" data-orig-file=\"https:\/\/i0.wp.com\/uscatletica.ch\/wp\/wp-content\/uploads\/2024\/08\/20240818giadabatt.jpg?fit=432%2C324&amp;ssl=1\" data-orig-size=\"432,324\" data-comments-opened=\"0\" data-image-meta=\"{&quot;aperture&quot;:&quot;0&quot;,&quot;credit&quot;:&quot;&quot;,&quot;camera&quot;:&quot;&quot;,&quot;caption&quot;:&quot;&quot;,&quot;created_timestamp&quot;:&quot;0&quot;,&quot;copyright&quot;:&quot;&quot;,&quot;focal_length&quot;:&quot;0&quot;,&quot;iso&quot;:&quot;0&quot;,&quot;shutter_speed&quot;:&quot;0&quot;,&quot;title&quot;:&quot;&quot;,&quot;orientation&quot;:&quot;1&quot;}\" data-image-title=\"20240818giadabatt\" data-image-description=\"\" data-image-caption=\"\" data-large-file=\"https:\/\/i0.wp.com\/uscatletica.ch\/wp\/wp-content\/uploads\/2024\/08\/20240818giadabatt.jpg?fit=432%2C324&amp;ssl=1\" class=\"aligncenter size-full wp-image-19728\" src=\"https:\/\/i0.wp.com\/uscatletica.ch\/wp\/wp-content\/uploads\/2024\/08\/20240818giadabatt.jpg?resize=432%2C324&#038;ssl=1\" alt=\"\" width=\"432\" height=\"324\" srcset=\"https:\/\/i0.wp.com\/uscatletica.ch\/wp\/wp-content\/uploads\/2024\/08\/20240818giadabatt.jpg?w=432&amp;ssl=1 432w, https:\/\/i0.wp.com\/uscatletica.ch\/wp\/wp-content\/uploads\/2024\/08\/20240818giadabatt.jpg?resize=300%2C225&amp;ssl=1 300w\" sizes=\"auto, (max-width: 432px) 100vw, 432px\" \/><\/p>\n<p>Medaglie Ticinesi<\/p>\n<p class=\"western\" lang=\"it-IT\">Oro<\/p>\n<p class=\"western\" lang=\"it-IT\">U20 M disco Giada Borin ASSPO 43.62 m<\/p>\n<p class=\"western\" lang=\"it-IT\">U20 M 400 m Giulio Fugazzi SFG Chiasso 48\u201d58<\/p>\n<p class=\"western\" lang=\"it-IT\">Argento<\/p>\n<p class=\"western\" lang=\"it-IT\">U23 M 400 m h Nicola Fumagalli 55\u201d23<\/p>\n<p class=\"western\" lang=\"it-IT\">U23 M Martello Giona Erdmann Virtus 53.38 m<\/p>\n<p class=\"western\" lang=\"it-IT\">U20 M 200 m Leonardo Ambiveri SAL 22\u201d10<\/p>\n<p class=\"western\" lang=\"it-IT\">U20 W Lungo 2. Daria Rigatti ASSPO 5.74 m<\/p>\n<p class=\"western\" lang=\"it-IT\">Bronzo<\/p>\n<p class=\"western\" lang=\"it-IT\">U23W 800 m Sara Salvad\u00e8 Vigor 2:12.68<\/p>\n<p class=\"western\" lang=\"it-IT\">U23W Giavellotto Maria W\u00fcrz FGM 43.01 m terza ticinese di Sempre<\/p>\n<p class=\"western\" lang=\"it-IT\">U23W Disco Giada Battaini USC 45.00 m terza ticinese di sempre<\/p>\n<p class=\"western\" lang=\"it-IT\">U23M Disco Giona Erdmann Virtus 42.85 m<\/p>\n<p>Finalisti ticinesi\u00a0<\/p>\n<p>100 m U23 5 Giovanni Pirolli (USA) 10&#8243;73 Oro per il campione europeo Timoth\u00e9 Mumenthaler. U20\u00a0 4 Nathan Codiroli (SAB) \u00a010.85 PB<\/p>\n<p>110 m U20\u00a0 ostacoli Matteo De Biasio<\/p>\n<p>800 m U23 Filippo Balestra (GAB) U20 Gioele De Marco (GAB)<\/p>\n<p>1500 m U20 Federica Baldi (GAB)<\/p>\n<p>400 m h \u00a0U23 Nicola Fumagalli \u00a0(GAB)<\/p>\n<p>Lungo \u00a0U20 5. Nathan Codiroli (SAB) 6.75 m<\/p>\n<p>\u00a0<\/p>\n","protected":false},"excerpt":{"rendered":"<p>Grande prestazione di Giada ai campionati svizzeri U20\/U23 di Langenthal, dopo il settimo rango nel peso, la nostra lanciatrice ha vinto la medaglia di bronzo nel disco. Giada scagliando il disco a 45.00\u00a0 \u00e8 diventata la terza ticinese di tutti i tempi. Sabato ai campionati svizzeri U20\/U23 in corso a Langenthal ottima prova per la nostra Lea impegnata sui 400 m U20. Prima prova in pedana per Giada impegnata nel getto del Peso dove chiude&#8230;<\/p>\n","protected":false},"author":4,"featured_media":19726,"comment_status":"closed","ping_status":"closed","sticky":false,"template":"","format":"standard","meta":{"jetpack_post_was_ever_published":false,"_jetpack_newsletter_access":"","_jetpack_dont_email_post_to_subs":false,"_jetpack_newsletter_tier_id":0,"_jetpack_memberships_contains_paywalled_content":false,"_jetpack_memberships_contains_paid_content":false,"footnotes":"","jetpack_publicize_message":"","jetpack_publicize_feature_enabled":true,"jetpack_social_post_already_shared":true,"jetpack_social_options":{"image_generator_settings":{"template":"highway","default_image_id":0,"font":"","enabled":false},"version":2}},"categories":[4,9],"tags":[],"class_list":["post-19708","post","type-post","status-publish","format-standard","has-post-thumbnail","hentry","category-pista","category-sport"],"jetpack_publicize_connections":[],"jetpack_featured_media_url":"https:\/\/i0.wp.com\/uscatletica.ch\/wp\/wp-content\/uploads\/2024\/08\/20240818giadamedaglieab.jpg?fit=432%2C324&ssl=1","jetpack_sharing_enabled":true,"jetpack_shortlink":"https:\/\/wp.me\/p6V7Ck-57S","jetpack-related-posts":[{"id":15824,"url":"https:\/\/uscatletica.ch\/wp\/?p=15824","url_meta":{"origin":19708,"position":0},"title":"Campionati Svizzeri U20\/U23: Giada in finale nel disco","author":"Leonida Stampanoni","date":"3 Settembre 2022","format":false,"excerpt":"Ai campionati svizzeri U20\/U23 al \"Bout de Monde\" di Ginevra il Ticino ha cominciato forte con una medaglia alla prima gara. Nella gara d'esordio Giada centra la finale raggiugendo l'ottavo rango nel disco alle sue spalle finisce la favorita della gara che viene esclusa dalla finale. Sabato sei \u00a0le medaglie\u2026","rel":"","context":"In &quot;Pista&quot;","block_context":{"text":"Pista","link":"https:\/\/uscatletica.ch\/wp\/?cat=4"},"img":{"alt_text":"","src":"https:\/\/i0.wp.com\/uscatletica.ch\/wp\/wp-content\/uploads\/2021\/08\/210829giadamatilda.jpg?fit=432%2C288&ssl=1&resize=350%2C200","width":350,"height":200},"classes":[]},{"id":10664,"url":"https:\/\/uscatletica.ch\/wp\/?p=10664","url_meta":{"origin":19708,"position":1},"title":"CS U23\/U20 Brillante sabato USC domenica Giada quarta nel peso","author":"Leonida Stampanoni","date":"22 Agosto 2020","format":false,"excerpt":"\u00a0 La prima giornata dei campionati svizzeri U20\/U23 di Frauenfeld ha regalato agli USCini buone soddisfazione grazie a Sofia sui 100 ed Enea su 5000 m tre medaglie per il Ticino oro per Petrucciani sui 100 argento per Barta nell'alto e bronzo per Piffaretti nei 100m. Domenica \u00e8 il turno\u2026","rel":"","context":"In &quot;Pista&quot;","block_context":{"text":"Pista","link":"https:\/\/uscatletica.ch\/wp\/?cat=4"},"img":{"alt_text":"","src":"https:\/\/i0.wp.com\/uscatletica.ch\/wp\/wp-content\/uploads\/2020\/07\/start100mu200807.jpg?fit=432%2C324&ssl=1&resize=350%2C200","width":350,"height":200},"classes":[]},{"id":2765,"url":"https:\/\/uscatletica.ch\/wp\/?p=2765","url_meta":{"origin":19708,"position":2},"title":"Fine settimana Da Aarau a Sportissima","author":"Leonida Stampanoni","date":"9 Settembre 2016","format":false,"excerpt":"Nel fine settimana in programma i campionati svizzeri giovanili \u00a0l'USC sar\u00e0 ad Aarau con SImone e Giada. In Ticino sabato ci sar\u00e0 la Stramassagno prova valida per la coppa Ticino di podismo. Domenica all'Arena Sportiva ci sar\u00e0 Sportissima \u00a0con la premiazione al merito sportivo del comune di Capriasca con Roberto,\u2026","rel":"","context":"In &quot;Diversi&quot;","block_context":{"text":"Diversi","link":"https:\/\/uscatletica.ch\/wp\/?cat=30"},"img":{"alt_text":"","src":"https:\/\/i0.wp.com\/uscatletica.ch\/wp\/wp-content\/uploads\/2016\/08\/IMG_7139.jpg?fit=563%2C422&ssl=1&resize=350%2C200","width":350,"height":200,"srcset":"https:\/\/i0.wp.com\/uscatletica.ch\/wp\/wp-content\/uploads\/2016\/08\/IMG_7139.jpg?fit=563%2C422&ssl=1&resize=350%2C200 1x, https:\/\/i0.wp.com\/uscatletica.ch\/wp\/wp-content\/uploads\/2016\/08\/IMG_7139.jpg?fit=563%2C422&ssl=1&resize=525%2C300 1.5x"},"classes":[]},{"id":19694,"url":"https:\/\/uscatletica.ch\/wp\/?p=19694","url_meta":{"origin":19708,"position":3},"title":"Giada e Lea ai campionati svizzeri U23\/20 a Langenthal","author":"Leonida Stampanoni","date":"16 Agosto 2024","format":false,"excerpt":"Nel fine settimana riparte a spron battuto la stagione dopo l'abbuffata internazionale con Europei ed Olimpiadi. Diversi dei protagonisti saranno a Langenthal per i campionati svizzeri giovanili U20\/U23. Nella delegazione ticinese spiccano le nostre due atlete L'esperta Giada Battaini gi\u00e0 in grado di conquistare alcune medaglie nel settore lanci, e\u2026","rel":"","context":"In &quot;Pista&quot;","block_context":{"text":"Pista","link":"https:\/\/uscatletica.ch\/wp\/?cat=4"},"img":{"alt_text":"","src":"https:\/\/i0.wp.com\/uscatletica.ch\/wp\/wp-content\/uploads\/2024\/05\/5erchi.jpg?fit=474%2C315&ssl=1&resize=350%2C200","width":350,"height":200},"classes":[]},{"id":2770,"url":"https:\/\/uscatletica.ch\/wp\/?p=2770","url_meta":{"origin":19708,"position":4},"title":"Campionati svizzeri Simone vola sugli ostacoli (Video della finale )","author":"Leonida Stampanoni","date":"12 Settembre 2016","format":false,"excerpt":"Caldo fine settimana allo Schachen di Aarau, i migliori U16 ed U18 della svizzera erano a caccia di medaglie. Con Simone e Giada c'erano quasi tutti i protagonisti dei campionati Europei U18. Simone sui 300 m ostacoli ha ottenuto il quinto posto ed il personale \u00a0mentre nell'Asta ha chiuso decimo.\u2026","rel":"","context":"In &quot;Pista&quot;","block_context":{"text":"Pista","link":"https:\/\/uscatletica.ch\/wp\/?cat=4"},"img":{"alt_text":"","src":"https:\/\/i0.wp.com\/uscatletica.ch\/wp\/wp-content\/uploads\/2016\/09\/P1430671.jpg?fit=563%2C422&ssl=1&resize=350%2C200","width":350,"height":200,"srcset":"https:\/\/i0.wp.com\/uscatletica.ch\/wp\/wp-content\/uploads\/2016\/09\/P1430671.jpg?fit=563%2C422&ssl=1&resize=350%2C200 1x, https:\/\/i0.wp.com\/uscatletica.ch\/wp\/wp-content\/uploads\/2016\/09\/P1430671.jpg?fit=563%2C422&ssl=1&resize=525%2C300 1.5x"},"classes":[]},{"id":12891,"url":"https:\/\/uscatletica.ch\/wp\/?p=12891","url_meta":{"origin":19708,"position":5},"title":"CAMPIONATI SVIZZERI GIADA  BRONZO e PRIMATO TICINESE U20, ROBY PERSONALE","author":"Leonida Stampanoni","date":"27 Giugno 2021","format":false,"excerpt":"Nella prima spumeggiante giornata dei campionati svizzeri assoluti allo stadio Hard di Langenthal. Ottima prestazione di Roby nel 5000 m \u00a0con il personale che lo porta a soli due secondi dai primi dieci risultati di sempre in Ticino. La serata \u00e8 stata illuminata dalla storica finale dei 100 m femminili\u2026","rel":"","context":"In &quot;Pista&quot;","block_context":{"text":"Pista","link":"https:\/\/uscatletica.ch\/wp\/?cat=4"},"img":{"alt_text":"","src":"https:\/\/i0.wp.com\/uscatletica.ch\/wp\/wp-content\/uploads\/2021\/06\/GIADAPODIOCS21B.jpg?fit=640%2C480&ssl=1&resize=350%2C200","width":350,"height":200,"srcset":"https:\/\/i0.wp.com\/uscatletica.ch\/wp\/wp-content\/uploads\/2021\/06\/GIADAPODIOCS21B.jpg?fit=640%2C480&ssl=1&resize=350%2C200 1x, https:\/\/i0.wp.com\/uscatletica.ch\/wp\/wp-content\/uploads\/2021\/06\/GIADAPODIOCS21B.jpg?fit=640%2C480&ssl=1&resize=525%2C300 1.5x"},"classes":[]}],"_links":{"self":[{"href":"https:\/\/uscatletica.ch\/wp\/index.php?rest_route=\/wp\/v2\/posts\/19708","targetHints":{"allow":["GET"]}}],"collection":[{"href":"https:\/\/uscatletica.ch\/wp\/index.php?rest_route=\/wp\/v2\/posts"}],"about":[{"href":"https:\/\/uscatletica.ch\/wp\/index.php?rest_route=\/wp\/v2\/types\/post"}],"author":[{"embeddable":true,"href":"https:\/\/uscatletica.ch\/wp\/index.php?rest_route=\/wp\/v2\/users\/4"}],"replies":[{"embeddable":true,"href":"https:\/\/uscatletica.ch\/wp\/index.php?rest_route=%2Fwp%2Fv2%2Fcomments&post=19708"}],"version-history":[{"count":12,"href":"https:\/\/uscatletica.ch\/wp\/index.php?rest_route=\/wp\/v2\/posts\/19708\/revisions"}],"predecessor-version":[{"id":19730,"href":"https:\/\/uscatletica.ch\/wp\/index.php?rest_route=\/wp\/v2\/posts\/19708\/revisions\/19730"}],"wp:featuredmedia":[{"embeddable":true,"href":"https:\/\/uscatletica.ch\/wp\/index.php?rest_route=\/wp\/v2\/media\/19726"}],"wp:attachment":[{"href":"https:\/\/uscatletica.ch\/wp\/index.php?rest_route=%2Fwp%2Fv2%2Fmedia&parent=19708"}],"wp:term":[{"taxonomy":"category","embeddable":true,"href":"https:\/\/uscatletica.ch\/wp\/index.php?rest_route=%2Fwp%2Fv2%2Fcategories&post=19708"},{"taxonomy":"post_tag","embeddable":true,"href":"https:\/\/uscatletica.ch\/wp\/index.php?rest_route=%2Fwp%2Fv2%2Ftags&post=19708"}],"curies":[{"name":"wp","href":"https:\/\/api.w.org\/{rel}","templated":true}]}}