{"id":19744,"date":"2024-08-24T20:37:15","date_gmt":"2024-08-24T18:37:15","guid":{"rendered":"https:\/\/uscatletica.ch\/wp\/?p=19744"},"modified":"2024-08-27T14:28:36","modified_gmt":"2024-08-27T12:28:36","slug":"a-locarno-brillanti-risultati-per-usc-e-coas","status":"publish","type":"post","link":"https:\/\/uscatletica.ch\/wp\/?p=19744","title":{"rendered":"A LOCARNO BRILLANTI RISULTATI PER USC E COAS"},"content":{"rendered":"\n<p>Al Lido di Locarno sabato nel tardo pomeriggio si gareggiava per i campionati ticinesi della 4&#215;100 m e un bel meeting. Al via diversi USCini a fare parte integrante delle staffette della Comunit\u00e0 atletica Sottoceneri che ha dominato la staffetta femminile con un storica tripletta Alice e Lea hanno lanciato la squadra giunta terza Melissa e Marta hanno chiuso quinte. Al maschile \u00a0il GAB si \u00e8 confermato il titolo battendo sul filo di lana il Coas. A livello individuale grande prestazione di Marta che nel salto in alto ha migliorato per due volte in primato sociale portandolo a 1.55 m. Bene Elia sui 1500 m.\u00a0<\/p>\n<p><a href=\"https:\/\/slv.laportal.net\/Competitions\/Details\/13923\" target=\"_blank\" rel=\"noopener\">RISULTATI LIVE<\/a><\/p>\n<p>Nella 4&#215;100 femminile in 48.50 il titolo \u00e8 per Levi Crescini Margnetti e Rigatti. Avvincente la lotta per il secondo posto con Patriarca, Baggi, Wolgemuth, Borruat in 49&#8243;82 precedono di un soffio le nostre Alice, Lea, con Caggiano e Bilopolska. \u00a0quarte Melissa, Marta, Levi E e Bettelini. \u00a0Sui 100 m individuali Lana corre in 15&#8243;73<\/p>\n<p>Al maschile il GAB vince in 42&#8243;66 davanti al CoaS 42&#8243;82 \u00a0le seconda squadra Cosa lanciata del nostro Mattia Z. non \u00e8 purtroppo giunto al traguardo causa un errore al terzo cambio\u00a0<\/p>\n<p>Nell&#8217;alto Marta vola a 1.45 giunta ad 1.50 deve lottare ma al terzo tentativo risolve la questione \u00a0a 1.53 passa al primo tentativo cancellando il primato sociale stabilito nel 2011 da Flavie Roncoroni proprio al Lido. A 1.55 m Marta trova la soluzione al terzo tentativo migliorando il primato sociale ottenuto pochi minuti prima.\u00a0<\/p>\n<p><span style=\"color: #ff0000;\"><span style=\"color: #000000;\">Sui 1500 Elia ottiene un ottimo risultato, correndo in 4:24&#8221;54 nella scia del gruppo.<\/span><br \/><\/span><\/p>\n","protected":false},"excerpt":{"rendered":"<p>Al Lido di Locarno sabato nel tardo pomeriggio si gareggiava per i campionati ticinesi della 4&#215;100 m e un bel meeting. Al via diversi USCini a fare parte integrante delle staffette della Comunit\u00e0 atletica Sottoceneri che ha dominato la staffetta femminile con un storica tripletta Alice e Lea hanno lanciato la squadra giunta terza Melissa e Marta hanno chiuso quinte. Al maschile \u00a0il GAB si \u00e8 confermato il titolo battendo sul filo di lana il&#8230;<\/p>\n","protected":false},"author":4,"featured_media":16118,"comment_status":"closed","ping_status":"closed","sticky":false,"template":"","format":"standard","meta":{"jetpack_post_was_ever_published":false,"_jetpack_newsletter_access":"","_jetpack_dont_email_post_to_subs":false,"_jetpack_newsletter_tier_id":0,"_jetpack_memberships_contains_paywalled_content":false,"_jetpack_memberships_contains_paid_content":false,"footnotes":"","jetpack_publicize_message":"","jetpack_publicize_feature_enabled":true,"jetpack_social_post_already_shared":true,"jetpack_social_options":{"image_generator_settings":{"template":"highway","default_image_id":0,"font":"","enabled":false},"version":2}},"categories":[4,9],"tags":[],"class_list":["post-19744","post","type-post","status-publish","format-standard","has-post-thumbnail","hentry","category-pista","category-sport"],"jetpack_publicize_connections":[],"jetpack_featured_media_url":"https:\/\/i0.wp.com\/uscatletica.ch\/wp\/wp-content\/uploads\/2022\/10\/220110mmlungo.jpg?fit=324%2C432&ssl=1","jetpack_sharing_enabled":true,"jetpack_shortlink":"https:\/\/wp.me\/p6V7Ck-58s","jetpack-related-posts":[{"id":21929,"url":"https:\/\/uscatletica.ch\/wp\/?p=21929","url_meta":{"origin":19744,"position":0},"title":"No\u00e8 guida la COAS all&#8217;argento nell&#8217;olimpionica","author":"Leonida Stampanoni","date":"25 Aprile 2026","format":false,"excerpt":"Sabato al Lido di Locarno erano in palio le prime medaglie della stagione atletica 2026 all'aperto. Ai campionati ticinesi giovanili di staffette due le presenze USC nelle squadre COAS. No\u00e9 con un ottimo 800 m ha lanciato il COAS verso la medaglia d'argento. Amelie ha corso un buon 400 nell'olimpionica\u2026","rel":"","context":"In &quot;Pista&quot;","block_context":{"text":"Pista","link":"https:\/\/uscatletica.ch\/wp\/?cat=4"},"img":{"alt_text":"","src":"","width":0,"height":0},"classes":[]},{"id":21135,"url":"https:\/\/uscatletica.ch\/wp\/?p=21135","url_meta":{"origin":19744,"position":1},"title":"Melissa ed Alice sfiorano il podio un titolo per la COAS","author":"Leonida Stampanoni","date":"31 Agosto 2025","format":false,"excerpt":"Domenica intensa al centro paraplegico di Nottwil dove in palio c'erano i titoli nazionali di staffetta. La nostra Comunit\u00e0 atletica Sottoceneri era presente con dieci squadre sulle dodici arrivate dal Ticino. A rappresentare l'USC Melissa ed Alice che ha sfiorato il podio nella 4x100 m U18, Amelie, Marta e No\u00e9\u2026","rel":"","context":"In &quot;Pista&quot;","block_context":{"text":"Pista","link":"https:\/\/uscatletica.ch\/wp\/?cat=4"},"img":{"alt_text":"","src":"https:\/\/i0.wp.com\/uscatletica.ch\/wp\/wp-content\/uploads\/2025\/08\/2025csstaffel.jpg?fit=432%2C324&ssl=1&resize=350%2C200","width":350,"height":200},"classes":[]},{"id":19304,"url":"https:\/\/uscatletica.ch\/wp\/?p=19304","url_meta":{"origin":19744,"position":2},"title":"CSI LE U14 VOLANO SUL PODIO BENE LE SQUADRE COAS","author":"Leonida Stampanoni","date":"4 Maggio 2024","format":false,"excerpt":"Al Lido di Locarno la lunga giornata dei CSI. \u00e8 cominciata presto per concludersi nel tardo pomeriggio con i campionati ticinesi di staffetta Olimpionica. Asia, Anais Camilla, Maja, Matilde Viola . nel CSI U14 hanno chiuso al terzo posto l'affollata sfida tra ben dodici squadre. Alice. dal canto suo ha\u2026","rel":"","context":"In &quot;Pista&quot;","block_context":{"text":"Pista","link":"https:\/\/uscatletica.ch\/wp\/?cat=4"},"img":{"alt_text":"","src":"https:\/\/i0.wp.com\/uscatletica.ch\/wp\/wp-content\/uploads\/2024\/05\/20240504csiuscu14.jpg?fit=432%2C324&ssl=1&resize=350%2C200","width":350,"height":200},"classes":[]},{"id":19257,"url":"https:\/\/uscatletica.ch\/wp\/?p=19257","url_meta":{"origin":19744,"position":3},"title":"A BELLINZONA PIOGGIA DI MEDAGLIE PER COAS","author":"Leonida Stampanoni","date":"27 Aprile 2024","format":false,"excerpt":"In un pomeriggio decisamente invernale il comunale di Bellinzona ha ospitato i campionati ticinesi giovanili di staffette svoltisi sotto l'ottima regia del GA Bellinzona. Ai nastri di partenza c'erano 58 squadre. La COAS era presente con 22 squadre con la presenza di ben 11 atlete ed atleti USC. Nella categoria\u2026","rel":"","context":"In &quot;Pista&quot;","block_context":{"text":"Pista","link":"https:\/\/uscatletica.ch\/wp\/?cat=4"},"img":{"alt_text":"","src":"https:\/\/i0.wp.com\/uscatletica.ch\/wp\/wp-content\/uploads\/2022\/09\/Gala.jpg?fit=753%2C257&ssl=1&resize=350%2C200","width":350,"height":200,"srcset":"https:\/\/i0.wp.com\/uscatletica.ch\/wp\/wp-content\/uploads\/2022\/09\/Gala.jpg?fit=753%2C257&ssl=1&resize=350%2C200 1x, https:\/\/i0.wp.com\/uscatletica.ch\/wp\/wp-content\/uploads\/2022\/09\/Gala.jpg?fit=753%2C257&ssl=1&resize=525%2C300 1.5x, https:\/\/i0.wp.com\/uscatletica.ch\/wp\/wp-content\/uploads\/2022\/09\/Gala.jpg?fit=753%2C257&ssl=1&resize=700%2C400 2x"},"classes":[]},{"id":17098,"url":"https:\/\/uscatletica.ch\/wp\/?p=17098","url_meta":{"origin":19744,"position":4},"title":"MilLe Gruyere e CT 4&#215;100 m","author":"Leonida Stampanoni","date":"25 Aprile 2023","format":false,"excerpt":"Domani a Bellinzona parte la stagione atletica cantonale con l'eliminatoria regionale del MilLe Gruyere ed i campionati ticinesi della 4x100 m. Al MilLE Gruyere saranno ben 20 gli atleti USC al via. La grande novit\u00e0 \u00e8 il debutto della comunit\u00e0 atletica sottoceneri ai campionati ticinesi della 4x100 m. l'USC oltre\u2026","rel":"","context":"In &quot;Pista&quot;","block_context":{"text":"Pista","link":"https:\/\/uscatletica.ch\/wp\/?cat=4"},"img":{"alt_text":"","src":"https:\/\/i0.wp.com\/uscatletica.ch\/wp\/wp-content\/uploads\/2022\/05\/P1180123.jpg?fit=432%2C324&ssl=1&resize=350%2C200","width":350,"height":200},"classes":[]},{"id":21121,"url":"https:\/\/uscatletica.ch\/wp\/?p=21121","url_meta":{"origin":19744,"position":5},"title":"Lo spirito di Squadra per i campionati svizzeri del fine settimana","author":"Leonida Stampanoni","date":"30 Agosto 2025","format":false,"excerpt":"L'ultimo fine settimana di agosto sar\u00e0 dedicato ai campionati svizzeri con lo spirito di squadra a farla da padrone. Sabato a Martigny in pedana saranno gli specialisti delle discipline tecniche con i campionati svizzeri Team, nel triplo ci sar\u00e0 la Comunit\u00e0 atletica Sottoceneri con al via la nostra Marta.\u00a0 Domenica\u2026","rel":"","context":"In &quot;Pista&quot;","block_context":{"text":"Pista","link":"https:\/\/uscatletica.ch\/wp\/?cat=4"},"img":{"alt_text":"","src":"https:\/\/i0.wp.com\/uscatletica.ch\/wp\/wp-content\/uploads\/2024\/09\/202409084x400mx.jpeg?fit=1200%2C900&ssl=1&resize=350%2C200","width":350,"height":200,"srcset":"https:\/\/i0.wp.com\/uscatletica.ch\/wp\/wp-content\/uploads\/2024\/09\/202409084x400mx.jpeg?fit=1200%2C900&ssl=1&resize=350%2C200 1x, https:\/\/i0.wp.com\/uscatletica.ch\/wp\/wp-content\/uploads\/2024\/09\/202409084x400mx.jpeg?fit=1200%2C900&ssl=1&resize=525%2C300 1.5x, https:\/\/i0.wp.com\/uscatletica.ch\/wp\/wp-content\/uploads\/2024\/09\/202409084x400mx.jpeg?fit=1200%2C900&ssl=1&resize=700%2C400 2x, https:\/\/i0.wp.com\/uscatletica.ch\/wp\/wp-content\/uploads\/2024\/09\/202409084x400mx.jpeg?fit=1200%2C900&ssl=1&resize=1050%2C600 3x"},"classes":[]}],"_links":{"self":[{"href":"https:\/\/uscatletica.ch\/wp\/index.php?rest_route=\/wp\/v2\/posts\/19744","targetHints":{"allow":["GET"]}}],"collection":[{"href":"https:\/\/uscatletica.ch\/wp\/index.php?rest_route=\/wp\/v2\/posts"}],"about":[{"href":"https:\/\/uscatletica.ch\/wp\/index.php?rest_route=\/wp\/v2\/types\/post"}],"author":[{"embeddable":true,"href":"https:\/\/uscatletica.ch\/wp\/index.php?rest_route=\/wp\/v2\/users\/4"}],"replies":[{"embeddable":true,"href":"https:\/\/uscatletica.ch\/wp\/index.php?rest_route=%2Fwp%2Fv2%2Fcomments&post=19744"}],"version-history":[{"count":8,"href":"https:\/\/uscatletica.ch\/wp\/index.php?rest_route=\/wp\/v2\/posts\/19744\/revisions"}],"predecessor-version":[{"id":20427,"href":"https:\/\/uscatletica.ch\/wp\/index.php?rest_route=\/wp\/v2\/posts\/19744\/revisions\/20427"}],"wp:featuredmedia":[{"embeddable":true,"href":"https:\/\/uscatletica.ch\/wp\/index.php?rest_route=\/wp\/v2\/media\/16118"}],"wp:attachment":[{"href":"https:\/\/uscatletica.ch\/wp\/index.php?rest_route=%2Fwp%2Fv2%2Fmedia&parent=19744"}],"wp:term":[{"taxonomy":"category","embeddable":true,"href":"https:\/\/uscatletica.ch\/wp\/index.php?rest_route=%2Fwp%2Fv2%2Fcategories&post=19744"},{"taxonomy":"post_tag","embeddable":true,"href":"https:\/\/uscatletica.ch\/wp\/index.php?rest_route=%2Fwp%2Fv2%2Ftags&post=19744"}],"curies":[{"name":"wp","href":"https:\/\/api.w.org\/{rel}","templated":true}]}}