{"id":19746,"date":"2024-08-24T20:39:51","date_gmt":"2024-08-24T18:39:51","guid":{"rendered":"https:\/\/uscatletica.ch\/wp\/?p=19746"},"modified":"2024-08-24T20:39:55","modified_gmt":"2024-08-24T18:39:55","slug":"ripresa-degli-allenamenti-arena-sportiva-capriasca-e-valcolla","status":"publish","type":"post","link":"https:\/\/uscatletica.ch\/wp\/?p=19746","title":{"rendered":"Ripresa degli allenamenti \u2013 Arena Sportiva Capriasca e Valcolla"},"content":{"rendered":"\n<h1><strong><img data-recalc-dims=\"1\" loading=\"lazy\" decoding=\"async\" data-attachment-id=\"19699\" data-permalink=\"https:\/\/uscatletica.ch\/wp\/?attachment_id=19699\" data-orig-file=\"https:\/\/i0.wp.com\/uscatletica.ch\/wp\/wp-content\/uploads\/2024\/08\/20240816INIZIO2425.jpg?fit=594%2C842&amp;ssl=1\" data-orig-size=\"594,842\" data-comments-opened=\"0\" data-image-meta=\"{&quot;aperture&quot;:&quot;0&quot;,&quot;credit&quot;:&quot;&quot;,&quot;camera&quot;:&quot;&quot;,&quot;caption&quot;:&quot;&quot;,&quot;created_timestamp&quot;:&quot;0&quot;,&quot;copyright&quot;:&quot;&quot;,&quot;focal_length&quot;:&quot;0&quot;,&quot;iso&quot;:&quot;0&quot;,&quot;shutter_speed&quot;:&quot;0&quot;,&quot;title&quot;:&quot;&quot;,&quot;orientation&quot;:&quot;0&quot;}\" data-image-title=\"Allenamenti\" data-image-description=\"\" data-image-caption=\"\" data-large-file=\"https:\/\/i0.wp.com\/uscatletica.ch\/wp\/wp-content\/uploads\/2024\/08\/20240816INIZIO2425.jpg?fit=594%2C842&amp;ssl=1\" class=\"aligncenter size-full wp-image-19699\" src=\"https:\/\/i0.wp.com\/uscatletica.ch\/wp\/wp-content\/uploads\/2024\/08\/20240816INIZIO2425.jpg?resize=594%2C842&#038;ssl=1\" alt=\"\" width=\"594\" height=\"842\" srcset=\"https:\/\/i0.wp.com\/uscatletica.ch\/wp\/wp-content\/uploads\/2024\/08\/20240816INIZIO2425.jpg?w=594&amp;ssl=1 594w, https:\/\/i0.wp.com\/uscatletica.ch\/wp\/wp-content\/uploads\/2024\/08\/20240816INIZIO2425.jpg?resize=212%2C300&amp;ssl=1 212w\" sizes=\"auto, (max-width: 594px) 100vw, 594px\" \/> Ripresa degli allenamenti \u2013 Arena Sportiva Capriasca e Valcolla<\/strong><\/h1>\n<p><b>Stagione 2024-2025<\/b><\/p>\n<p><b>Ripresa degli allenamenti \u2013 Arena Sportiva Capriasca e Valcolla<\/b><\/p>\n<p>L\u2019USC Capriaschese vi d\u00e0 il benvenuto alla stagione atletica 2024-2025. Ecco le prime<\/p>\n<p>informazioni.<\/p>\n<p>Gli interessati possono presentarsi al primo allenamento per una seduta di prova e per<\/p>\n<p>ricevere ulteriori informazioni.<\/p>\n<p>Il numero di partecipanti per gruppo \u00e8 limitato e verr\u00e0 data la precedenza a chi fa gi\u00e0<\/p>\n<p>parte dell\u2019USC e che ha partecipato regolarmente all\u2019attivit\u00e0 nella scorsa stagione.<\/p>\n<p>A dipendenza del numero degli iscritti potrebbero esserci dei cambiamenti.<\/p>\n<p>Ai ragazzi viene chiesta una partecipazione regolare agli allenamenti e alle gare.<\/p>\n<p><b>U10 Nate\/i nel 2016-2017 e 2018 che frequentano la prima elementare<\/b><\/p>\n<p>Il gruppo U10 si allena il <b>gioved\u00ec dalle 17:30 alle 18:45<\/b><\/p>\n<p>Ripresa degli allenamenti il 5 settembre 2024.<\/p>\n<p><b>U12 Nate\/i nel 2014-2015<\/b><\/p>\n<p>Il gruppo U12 si allena il <b>marted\u00ec dalle 17:30 alle 18:45<\/b><\/p>\n<p>Ripresa degli allenamenti il 3 settembre 2024.<\/p>\n<p><b>U14 e U16 Nate\/i dal 2013 al 2010<\/b><\/p>\n<p>Il gruppo U14 e U16<b> <\/b>si allena <b>il marted\u00ec e il gioved\u00ec dalle 18:30 alle 20:00<\/b><\/p>\n<p>Ripresa degli allenamenti il 3 settembre 2024.<\/p>\n<p><b>U18 e pi\u00f9 maturi<\/b> <b>Nate\/i nel 2009 e prima<\/b><\/p>\n<p>Gruppo Mezzofondo e podismo: continuano gli allenamenti<\/p>\n<p><b>il<\/b> <b>marted\u00ec e il gioved\u00ec dalle 18:30 alle 20:00.<\/b><\/p>\n<p>Allenamenti supplementari sono previsti per chi gareggia regolarmente.<\/p>\n<p>Gruppo sprint e discipline tecniche: continuano gli allenamenti<\/p>\n<p><b>il luned\u00ec, il mercoled\u00ec, il venerd\u00ec dalle ore 18:15 alle 19:45.<\/b><\/p>\n<p>Ai ragazzi viene chiesta una partecipazione ad almeno 3 allenamenti settimanali.<\/p>\n<p><b>Adulti<\/b><\/p>\n<p>Il gruppo adulti si ritrova il <b>luned\u00ec dalle 18:15<\/b> presso l\u2019Arena Capriasca e Valcolla.<\/p>\n<p>Altri allenamenti per gli adulti (il sabato e domenica soprattutto) vengono poi concordati<\/p>\n","protected":false},"excerpt":{"rendered":"<p>Ripresa degli allenamenti \u2013 Arena Sportiva Capriasca e Valcolla Stagione 2024-2025 Ripresa degli allenamenti \u2013 Arena Sportiva Capriasca e Valcolla L\u2019USC Capriaschese vi d\u00e0 il benvenuto alla stagione atletica 2024-2025. Ecco le prime informazioni. Gli interessati possono presentarsi al primo allenamento per una seduta di prova e per ricevere ulteriori informazioni. Il numero di partecipanti per gruppo \u00e8 limitato e verr\u00e0 data la precedenza a chi fa gi\u00e0 parte dell\u2019USC e che ha partecipato regolarmente&#8230;<\/p>\n","protected":false},"author":4,"featured_media":19740,"comment_status":"closed","ping_status":"closed","sticky":false,"template":"","format":"standard","meta":{"jetpack_post_was_ever_published":false,"_jetpack_newsletter_access":"","_jetpack_dont_email_post_to_subs":false,"_jetpack_newsletter_tier_id":0,"_jetpack_memberships_contains_paywalled_content":false,"_jetpack_memberships_contains_paid_content":false,"footnotes":"","jetpack_publicize_message":"","jetpack_publicize_feature_enabled":true,"jetpack_social_post_already_shared":true,"jetpack_social_options":{"image_generator_settings":{"template":"highway","default_image_id":0,"font":"","enabled":false},"version":2}},"categories":[11,30,12,10,9],"tags":[],"class_list":["post-19746","post","type-post","status-publish","format-standard","has-post-thumbnail","hentry","category-altro","category-diversi","category-nostregare","category-info","category-sport"],"jetpack_publicize_connections":[],"jetpack_featured_media_url":"https:\/\/i0.wp.com\/uscatletica.ch\/wp\/wp-content\/uploads\/2024\/08\/image2dd.jpg?fit=432%2C324&ssl=1","jetpack_sharing_enabled":true,"jetpack_shortlink":"https:\/\/wp.me\/p6V7Ck-58u","jetpack-related-posts":[{"id":21094,"url":"https:\/\/uscatletica.ch\/wp\/?p=21094","url_meta":{"origin":19746,"position":0},"title":"Apertura stagione 2025-2026","author":"J S","date":"20 Agosto 2025","format":false,"excerpt":"Ripresa degli allenamenti \u2013 Arena Sportiva Capriasca e Valcolla L\u2019USC Capriaschese, nata oltre 50 anni fa, vi d\u00e0 il benvenuto alla stagione 2025-2026. La nostra societ\u00e0 gode di una solida tradizione sul territorio e racchiude molte discipline dall\u2019atletica al podismo alla corsa in salita ottenendo molteplici risultati, con competizioni a\u2026","rel":"","context":"In &quot;Altro&quot;","block_context":{"text":"Altro","link":"https:\/\/uscatletica.ch\/wp\/?cat=11"},"img":{"alt_text":"","src":"https:\/\/i0.wp.com\/uscatletica.ch\/wp\/wp-content\/uploads\/2025\/08\/usc_logocapra.jpg?fit=472%2C324&ssl=1&resize=350%2C200","width":350,"height":200},"classes":[]},{"id":17852,"url":"https:\/\/uscatletica.ch\/wp\/?p=17852","url_meta":{"origin":19746,"position":1},"title":"Allenamenti Stagione 2023","author":"Leonida Stampanoni","date":"22 Agosto 2023","format":false,"excerpt":"Stagione 2023-2024 Ripresa degli allenamenti la Locandina\u00a0 Tesserete:Nate\/i nel 2015-2016 e prima elementare \u2013 U10Il gruppo U10 si allena il gioved\u00ec dalle 17:15 alle 18:30, ritrovo presso l\u2019Arena Capriasca e Valcolla.Ripresa degli allenamenti il 31 agosto 2023. Nate\/i nel 2013-2014 \u2013 U12Il gruppo U12 si allena il marted\u00ec dalle 17:30\u2026","rel":"","context":"In &quot;Altro&quot;","block_context":{"text":"Altro","link":"https:\/\/uscatletica.ch\/wp\/?cat=11"},"img":{"alt_text":"","src":"https:\/\/i0.wp.com\/uscatletica.ch\/wp\/wp-content\/uploads\/2023\/08\/230815ovactoschna.jpg?fit=640%2C480&ssl=1&resize=350%2C200","width":350,"height":200,"srcset":"https:\/\/i0.wp.com\/uscatletica.ch\/wp\/wp-content\/uploads\/2023\/08\/230815ovactoschna.jpg?fit=640%2C480&ssl=1&resize=350%2C200 1x, https:\/\/i0.wp.com\/uscatletica.ch\/wp\/wp-content\/uploads\/2023\/08\/230815ovactoschna.jpg?fit=640%2C480&ssl=1&resize=525%2C300 1.5x"},"classes":[]},{"id":13092,"url":"https:\/\/uscatletica.ch\/wp\/?p=13092","url_meta":{"origin":19746,"position":2},"title":"Ripresa Allenamenti","author":"Leonida Stampanoni","date":"28 Agosto 2021","format":false,"excerpt":"Stagione 2021-2022 Ripresa degli allenamenti Scuole elementari Il gruppo 1a \u2013 2a elementare si allena il gioved\u00ec dalle 17:30 alle 18:30, ritrovo presso l\u2019Arena Capriasca e Valcolla. Ripresa degli allenamenti il 2 settembre 2021. Il gruppo 3a \u2013 4a \u2013 5a elementare si allena il marted\u00ec dalle 17:30 alle 18:45,\u2026","rel":"","context":"In &quot;Altro&quot;","block_context":{"text":"Altro","link":"https:\/\/uscatletica.ch\/wp\/?cat=11"},"img":{"alt_text":"","src":"https:\/\/i0.wp.com\/uscatletica.ch\/wp\/wp-content\/uploads\/2021\/08\/4x100210821.jpeg?fit=432%2C324&ssl=1&resize=350%2C200","width":350,"height":200},"classes":[]},{"id":15715,"url":"https:\/\/uscatletica.ch\/wp\/?p=15715","url_meta":{"origin":19746,"position":3},"title":"Ripresa di tutti gli allenamenti","author":"Stampa E","date":"24 Agosto 2022","format":false,"excerpt":"Tesserete: Nate\/i nel 2014-2015 e prima elementare \u2013 U10 Il gruppo U10 si allena il gioved\u00ec dalle 17:15 alle 18:30, ritrovo presso l\u2019Arena Capriasca e Valcolla. Ripresa degli allenamenti l\u20198 settembre 2022. Nate\/i nel 2012-2013 \u2013 U12 Il gruppo U12 si allena il marted\u00ec dalle 17:30 alle 18:45, ritrovo presso\u2026","rel":"","context":"In &quot;I nostri appuntamenti&quot;","block_context":{"text":"I nostri appuntamenti","link":"https:\/\/uscatletica.ch\/wp\/?cat=12"},"img":{"alt_text":"","src":"https:\/\/i0.wp.com\/uscatletica.ch\/wp\/wp-content\/uploads\/2020\/09\/Arena-sportiva-pista.jpg?fit=800%2C600&ssl=1&resize=350%2C200","width":350,"height":200,"srcset":"https:\/\/i0.wp.com\/uscatletica.ch\/wp\/wp-content\/uploads\/2020\/09\/Arena-sportiva-pista.jpg?fit=800%2C600&ssl=1&resize=350%2C200 1x, https:\/\/i0.wp.com\/uscatletica.ch\/wp\/wp-content\/uploads\/2020\/09\/Arena-sportiva-pista.jpg?fit=800%2C600&ssl=1&resize=525%2C300 1.5x, https:\/\/i0.wp.com\/uscatletica.ch\/wp\/wp-content\/uploads\/2020\/09\/Arena-sportiva-pista.jpg?fit=800%2C600&ssl=1&resize=700%2C400 2x"},"classes":[]},{"id":8818,"url":"https:\/\/uscatletica.ch\/wp\/?p=8818","url_meta":{"origin":19746,"position":4},"title":"ALLENAMENTI 2019\/2020","author":"Leonida Stampanoni","date":"26 Agosto 2019","format":false,"excerpt":"ALLENAMENTI 2019\/2020 Tesserete: Scuole elementari Il gruppo 1-2 elementare (2012-2013) si allena il gioved\u00ec dalle 17:15 alle 18:30, ritrovo presso l\u2019Arena Capriasca e Valcolla. Ripresa degli allenamenti il 5 settembre 2019. Il gruppo 3-4-5 elementare(2009-2010-2011) si allena il marted\u00ec dalle 17:15 alle 18:45, ritrovo presso l\u2019Arena Capriasca e Valcolla. Ripresa\u2026","rel":"","context":"In &quot;Altro&quot;","block_context":{"text":"Altro","link":"https:\/\/uscatletica.ch\/wp\/?cat=11"},"img":{"alt_text":"","src":"https:\/\/i0.wp.com\/uscatletica.ch\/wp\/wp-content\/uploads\/2019\/08\/lejgrischus2010815.jpg?fit=432%2C324&ssl=1&resize=350%2C200","width":350,"height":200},"classes":[]},{"id":6480,"url":"https:\/\/uscatletica.ch\/wp\/?p=6480","url_meta":{"origin":19746,"position":5},"title":"Allenamenti si riparte","author":"Leonida Stampanoni","date":"3 Settembre 2018","format":false,"excerpt":"ALLENAMENTI 2018\/2019 Tesserete: Scuole elementari Il gruppo 1-2 elementare(2011-2012) si allena il gioved\u00ec dalle 17:15 alle 18:30, ritrovo presso l\u2019Arena Capriasca e Valcolla. Ripresa degli allenamenti il 13 settembre 2018. Il gruppo 3-4-5 elementare (2008-2009-2010) si allena il marted\u00ec dalle 17:15 alle 18:45, ritrovo presso l\u2019Arena Capriasca e Valcolla. Ripresa\u2026","rel":"","context":"In &quot;Altro&quot;","block_context":{"text":"Altro","link":"https:\/\/uscatletica.ch\/wp\/?cat=11"},"img":{"alt_text":"","src":"https:\/\/i0.wp.com\/uscatletica.ch\/wp\/wp-content\/uploads\/2018\/07\/ticino2018ukc.jpg?fit=432%2C288&ssl=1&resize=350%2C200","width":350,"height":200},"classes":[]}],"_links":{"self":[{"href":"https:\/\/uscatletica.ch\/wp\/index.php?rest_route=\/wp\/v2\/posts\/19746","targetHints":{"allow":["GET"]}}],"collection":[{"href":"https:\/\/uscatletica.ch\/wp\/index.php?rest_route=\/wp\/v2\/posts"}],"about":[{"href":"https:\/\/uscatletica.ch\/wp\/index.php?rest_route=\/wp\/v2\/types\/post"}],"author":[{"embeddable":true,"href":"https:\/\/uscatletica.ch\/wp\/index.php?rest_route=\/wp\/v2\/users\/4"}],"replies":[{"embeddable":true,"href":"https:\/\/uscatletica.ch\/wp\/index.php?rest_route=%2Fwp%2Fv2%2Fcomments&post=19746"}],"version-history":[{"count":2,"href":"https:\/\/uscatletica.ch\/wp\/index.php?rest_route=\/wp\/v2\/posts\/19746\/revisions"}],"predecessor-version":[{"id":21093,"href":"https:\/\/uscatletica.ch\/wp\/index.php?rest_route=\/wp\/v2\/posts\/19746\/revisions\/21093"}],"wp:featuredmedia":[{"embeddable":true,"href":"https:\/\/uscatletica.ch\/wp\/index.php?rest_route=\/wp\/v2\/media\/19740"}],"wp:attachment":[{"href":"https:\/\/uscatletica.ch\/wp\/index.php?rest_route=%2Fwp%2Fv2%2Fmedia&parent=19746"}],"wp:term":[{"taxonomy":"category","embeddable":true,"href":"https:\/\/uscatletica.ch\/wp\/index.php?rest_route=%2Fwp%2Fv2%2Fcategories&post=19746"},{"taxonomy":"post_tag","embeddable":true,"href":"https:\/\/uscatletica.ch\/wp\/index.php?rest_route=%2Fwp%2Fv2%2Ftags&post=19746"}],"curies":[{"name":"wp","href":"https:\/\/api.w.org\/{rel}","templated":true}]}}