{"id":19852,"date":"2024-09-08T12:15:22","date_gmt":"2024-09-08T10:15:22","guid":{"rendered":"https:\/\/uscatletica.ch\/wp\/?p=19852"},"modified":"2024-09-09T19:24:54","modified_gmt":"2024-09-09T17:24:54","slug":"usc-ai-campionati-svizzeri-in-romania","status":"publish","type":"post","link":"https:\/\/uscatletica.ch\/wp\/?p=19852","title":{"rendered":"LEA BRONZO CON LA COAS AI CS DI STAFFETTA"},"content":{"rendered":"\n<p>Tra le fine di agosto e l&#8217;inizio settembre \u00a0ai campionati svizzeri di Lausanne \u00a0U16 Alice si \u00e8 ben difesa chiudendo gli 80 m in 10&#8243;63 non lontano dalle semifinali.<\/p>\n<p>Domenica 8 settembre la comunit\u00e0 atletica sottoceneri ha portato tre squadre ai campionati svizzeri di staffette in ogni squadra c&#8217;era un atleta USC. Lea con la 4&#215;400 mista a fine giornata a vinto il bronzo con il primato ticinese. Alice nella 5&#215;80 m, dopo aver passato due turni, ha tagliato il traguardo al quarto rango ma risulta squalificata. Noe ha chiuso settimo la 3&#215;1000 m dove Mattia era presente in qualit\u00e0 di riserva. Noe e Mattia saranno al via luned\u00ec sui 600 m al Gal\u00e0 dei Castelli.\u00a0<\/p>\n<p><a href=\"https:\/\/slv.laportal.net\/Competitions\/Details\/13997\" target=\"_blank\" rel=\"noopener\">LIVE LE STAFFETTE<\/a>\u00a0<a href=\"https:\/\/slv.laportal.net\/Competitions\/Details\/13838\" target=\"_blank\" rel=\"noopener\">I RISULTATI DEI CS U16\/U18<\/a><\/p>\n<p><span style=\"color: #008000;\">In chiusura la 4&#215;400 m va ad un soffio dall&#8217;argento correndo il nuovo primato cantonale U20. Elia Marcoli, Lea Cocconi, Noah Crescini ed Alice Baggi corrono in 3&#8217;37&#8243;68 a soli 8 centesimi dalla medaglia d&#8217;argento \u00a0LC Luzern vince con 3&#8217;33&#8243;50<\/span><\/p>\n<p>Nella 3&#215;1000 Noe \u00a0con Jeremy Pongelli e Davide Devincenti.correndo in 9&#8217;03&#8243;71 hanno chiuso al settimo rango . campioni svizzeri LZ Ober Aargau in 8&#8217;23&#8243;54.\u00a0<\/p>\n<p>Nella 5&#215;80 m Alice con inserita nella squadra Redaelli, Sanvito, Fenini, Petralli, A Levi ha passato il primo turno correndo in 50.61 ed alle 13.30 sar\u00e0 in semifinale.<span style=\"color: #ff0000;\"> Ottima gara anche in semifinale per il quintetto sottocenerino che in 50&#8243;47 finisce terzo della prima semifinale prenotando il posto in finale dove si potr\u00e0 attaccare a piacere. In Finale le ragazze chiudono quarte ma sfortunatamente cadendo sulla linea del traguardo perdono il testimone e vengono squalificate\u00a0<\/span><\/p>\n<p>\u00a0<\/p>\n\n\n","protected":false},"excerpt":{"rendered":"<p>Tra le fine di agosto e l&#8217;inizio settembre \u00a0ai campionati svizzeri di Lausanne \u00a0U16 Alice si \u00e8 ben difesa chiudendo gli 80 m in 10&#8243;63 non lontano dalle semifinali. Domenica 8 settembre la comunit\u00e0 atletica sottoceneri ha portato tre squadre ai campionati svizzeri di staffette in ogni squadra c&#8217;era un atleta USC. Lea con la 4&#215;400 mista a fine giornata a vinto il bronzo con il primato ticinese. Alice nella 5&#215;80 m, dopo aver passato&#8230;<\/p>\n","protected":false},"author":4,"featured_media":19916,"comment_status":"closed","ping_status":"closed","sticky":false,"template":"","format":"standard","meta":{"jetpack_post_was_ever_published":false,"_jetpack_newsletter_access":"","_jetpack_dont_email_post_to_subs":false,"_jetpack_newsletter_tier_id":0,"_jetpack_memberships_contains_paywalled_content":false,"_jetpack_memberships_contains_paid_content":false,"footnotes":"","jetpack_publicize_message":"","jetpack_publicize_feature_enabled":true,"jetpack_social_post_already_shared":true,"jetpack_social_options":{"image_generator_settings":{"template":"highway","default_image_id":0,"font":"","enabled":false},"version":2}},"categories":[4,9],"tags":[],"class_list":["post-19852","post","type-post","status-publish","format-standard","has-post-thumbnail","hentry","category-pista","category-sport"],"jetpack_publicize_connections":[],"jetpack_featured_media_url":"https:\/\/i0.wp.com\/uscatletica.ch\/wp\/wp-content\/uploads\/2024\/09\/202409084x400mx.jpeg?fit=1280%2C960&ssl=1","jetpack_sharing_enabled":true,"jetpack_shortlink":"https:\/\/wp.me\/p6V7Ck-5ac","jetpack-related-posts":[{"id":17981,"url":"https:\/\/uscatletica.ch\/wp\/?p=17981","url_meta":{"origin":19852,"position":0},"title":"BRILLA LA COMUNITA ATLETICA SOTTOCENERI AI CS STAFFETTE","author":"Leonida Stampanoni","date":"3 Settembre 2023","format":false,"excerpt":"Buona la prima, la comunit\u00e0 atletica sottoceneri centra il debutto storico ai campionati svizzeri di staffetta. L'olimpionica U18\u00a0 si prende il titolo nazionalecon\u00a0 Marcoli,Crescini, Ambiveri, Vismara, . Le ragazze della 5x80m dopo aver vinto i primi due turni chiudono con un ottimo bronzo Alice con E. Levi, A Gaggiano, E.\u2026","rel":"","context":"In &quot;Pista&quot;","block_context":{"text":"Pista","link":"https:\/\/uscatletica.ch\/wp\/?cat=4"},"img":{"alt_text":"","src":"https:\/\/i0.wp.com\/uscatletica.ch\/wp\/wp-content\/uploads\/2023\/09\/230903widencoas.jpg?fit=432%2C287&ssl=1&resize=350%2C200","width":350,"height":200},"classes":[]},{"id":21135,"url":"https:\/\/uscatletica.ch\/wp\/?p=21135","url_meta":{"origin":19852,"position":1},"title":"Melissa ed Alice sfiorano il podio un titolo per la COAS","author":"Leonida Stampanoni","date":"31 Agosto 2025","format":false,"excerpt":"Domenica intensa al centro paraplegico di Nottwil dove in palio c'erano i titoli nazionali di staffetta. La nostra Comunit\u00e0 atletica Sottoceneri era presente con dieci squadre sulle dodici arrivate dal Ticino. A rappresentare l'USC Melissa ed Alice che ha sfiorato il podio nella 4x100 m U18, Amelie, Marta e No\u00e9\u2026","rel":"","context":"In &quot;Pista&quot;","block_context":{"text":"Pista","link":"https:\/\/uscatletica.ch\/wp\/?cat=4"},"img":{"alt_text":"","src":"https:\/\/i0.wp.com\/uscatletica.ch\/wp\/wp-content\/uploads\/2025\/08\/2025csstaffel.jpg?fit=432%2C324&ssl=1&resize=350%2C200","width":350,"height":200},"classes":[]},{"id":17964,"url":"https:\/\/uscatletica.ch\/wp\/?p=17964","url_meta":{"origin":19852,"position":2},"title":"Dai CS di Staffette al Gal\u00e0 dei Castelli passando dalla Stramassagno","author":"Leonida Stampanoni","date":"2 Settembre 2023","format":false,"excerpt":"Fine settimana intenso per l'USC pur senza nessun presente alla finale nazionale del UBS Kids Cup al Letzigrund le maglie USC avranno diverse occasioni di brillare domenica la prima uscita in grande stile della comunit\u00e0 atletica sottoceneri che porter\u00e0 ben cinque squadre ai campionati svizzeri di staffetta l'USC sar\u00e0 al\u2026","rel":"","context":"In &quot;Pista&quot;","block_context":{"text":"Pista","link":"https:\/\/uscatletica.ch\/wp\/?cat=4"},"img":{"alt_text":"","src":"https:\/\/i0.wp.com\/uscatletica.ch\/wp\/wp-content\/uploads\/2021\/08\/4x100210821.jpeg?fit=432%2C324&ssl=1&resize=350%2C200","width":350,"height":200},"classes":[]},{"id":20060,"url":"https:\/\/uscatletica.ch\/wp\/?p=20060","url_meta":{"origin":19852,"position":3},"title":"Gli assoluti a Bellinzona i giovani al MilLe Gruyere i podisti a Penz&#8230;iamo","author":"Leonida Stampanoni","date":"13 Settembre 2024","format":false,"excerpt":"Nel fine settimana il comunale di Bellinzona dopo aver accolto le stelle dell'atletica mondiale accoglier\u00e0 i campionati ticinesi assoluti. Sulle piste della capitale saranno 180 atleti ed atlete e contendersi 27 titoli. 9 Gli USCini al via Glada ed Elia B. nei lanci Marta e Lana nei salti Mattia, Alice,\u2026","rel":"","context":"In &quot;Pista&quot;","block_context":{"text":"Pista","link":"https:\/\/uscatletica.ch\/wp\/?cat=4"},"img":{"alt_text":"","src":"https:\/\/i0.wp.com\/uscatletica.ch\/wp\/wp-content\/uploads\/2024\/04\/millegruyere.png?fit=595%2C842&ssl=1&resize=350%2C200","width":350,"height":200,"srcset":"https:\/\/i0.wp.com\/uscatletica.ch\/wp\/wp-content\/uploads\/2024\/04\/millegruyere.png?fit=595%2C842&ssl=1&resize=350%2C200 1x, https:\/\/i0.wp.com\/uscatletica.ch\/wp\/wp-content\/uploads\/2024\/04\/millegruyere.png?fit=595%2C842&ssl=1&resize=525%2C300 1.5x"},"classes":[]},{"id":19304,"url":"https:\/\/uscatletica.ch\/wp\/?p=19304","url_meta":{"origin":19852,"position":4},"title":"CSI LE U14 VOLANO SUL PODIO BENE LE SQUADRE COAS","author":"Leonida Stampanoni","date":"4 Maggio 2024","format":false,"excerpt":"Al Lido di Locarno la lunga giornata dei CSI. \u00e8 cominciata presto per concludersi nel tardo pomeriggio con i campionati ticinesi di staffetta Olimpionica. Asia, Anais Camilla, Maja, Matilde Viola . nel CSI U14 hanno chiuso al terzo posto l'affollata sfida tra ben dodici squadre. Alice. dal canto suo ha\u2026","rel":"","context":"In &quot;Pista&quot;","block_context":{"text":"Pista","link":"https:\/\/uscatletica.ch\/wp\/?cat=4"},"img":{"alt_text":"","src":"https:\/\/i0.wp.com\/uscatletica.ch\/wp\/wp-content\/uploads\/2024\/05\/20240504csiuscu14.jpg?fit=432%2C324&ssl=1&resize=350%2C200","width":350,"height":200},"classes":[]},{"id":19282,"url":"https:\/\/uscatletica.ch\/wp\/?p=19282","url_meta":{"origin":19852,"position":5},"title":"LEA PRIMATO SOCIALE SUI 300 A Bellinzona","author":"Leonida Stampanoni","date":"1 Maggio 2024","format":false,"excerpt":"\u00a0Al comunale di Bellinzona erano 5 gli USCIni al via del classico meeting del primo maggio. Giada \u00e8 scesa in pedana nel disco dove Giada Borin con 48.40 ha firmato il nuovo primato ticinese assoluto ed U20. Elia B. era la via nel giavellotto. Lea sui 300 m ha polverizzato\u2026","rel":"","context":"In &quot;Pista&quot;","block_context":{"text":"Pista","link":"https:\/\/uscatletica.ch\/wp\/?cat=4"},"img":{"alt_text":"","src":"https:\/\/i0.wp.com\/uscatletica.ch\/wp\/wp-content\/uploads\/2022\/09\/Gala.jpg?fit=753%2C257&ssl=1&resize=350%2C200","width":350,"height":200,"srcset":"https:\/\/i0.wp.com\/uscatletica.ch\/wp\/wp-content\/uploads\/2022\/09\/Gala.jpg?fit=753%2C257&ssl=1&resize=350%2C200 1x, https:\/\/i0.wp.com\/uscatletica.ch\/wp\/wp-content\/uploads\/2022\/09\/Gala.jpg?fit=753%2C257&ssl=1&resize=525%2C300 1.5x, https:\/\/i0.wp.com\/uscatletica.ch\/wp\/wp-content\/uploads\/2022\/09\/Gala.jpg?fit=753%2C257&ssl=1&resize=700%2C400 2x"},"classes":[]}],"_links":{"self":[{"href":"https:\/\/uscatletica.ch\/wp\/index.php?rest_route=\/wp\/v2\/posts\/19852","targetHints":{"allow":["GET"]}}],"collection":[{"href":"https:\/\/uscatletica.ch\/wp\/index.php?rest_route=\/wp\/v2\/posts"}],"about":[{"href":"https:\/\/uscatletica.ch\/wp\/index.php?rest_route=\/wp\/v2\/types\/post"}],"author":[{"embeddable":true,"href":"https:\/\/uscatletica.ch\/wp\/index.php?rest_route=\/wp\/v2\/users\/4"}],"replies":[{"embeddable":true,"href":"https:\/\/uscatletica.ch\/wp\/index.php?rest_route=%2Fwp%2Fv2%2Fcomments&post=19852"}],"version-history":[{"count":9,"href":"https:\/\/uscatletica.ch\/wp\/index.php?rest_route=\/wp\/v2\/posts\/19852\/revisions"}],"predecessor-version":[{"id":20463,"href":"https:\/\/uscatletica.ch\/wp\/index.php?rest_route=\/wp\/v2\/posts\/19852\/revisions\/20463"}],"wp:featuredmedia":[{"embeddable":true,"href":"https:\/\/uscatletica.ch\/wp\/index.php?rest_route=\/wp\/v2\/media\/19916"}],"wp:attachment":[{"href":"https:\/\/uscatletica.ch\/wp\/index.php?rest_route=%2Fwp%2Fv2%2Fmedia&parent=19852"}],"wp:term":[{"taxonomy":"category","embeddable":true,"href":"https:\/\/uscatletica.ch\/wp\/index.php?rest_route=%2Fwp%2Fv2%2Fcategories&post=19852"},{"taxonomy":"post_tag","embeddable":true,"href":"https:\/\/uscatletica.ch\/wp\/index.php?rest_route=%2Fwp%2Fv2%2Ftags&post=19852"}],"curies":[{"name":"wp","href":"https:\/\/api.w.org\/{rel}","templated":true}]}}