{"id":19862,"date":"2024-09-05T10:45:56","date_gmt":"2024-09-05T08:45:56","guid":{"rendered":"https:\/\/uscatletica.ch\/wp\/?p=19862"},"modified":"2024-09-06T13:55:11","modified_gmt":"2024-09-06T11:55:11","slug":"fiorillo-ai-mondiali-di-skyrunning","status":"publish","type":"post","link":"https:\/\/uscatletica.ch\/wp\/?p=19862","title":{"rendered":"Fiorillo 35\u00b0 ai Mondiali di Skyrunning"},"content":{"rendered":"\n\n\n<p><span style=\"color: #00ccff;\"><strong>Comunicato ASTi 6 settembre 2024<\/strong><\/span><\/p>\n<p><strong>Paola Stampanoni d\u2019argento ai Mondiali di vertical<\/strong><\/p>\n<p>Grande prova di Paola Stampanoni ai Campionati Mondiali di vertical in Spagna: argento alle spalle della spagnola Irigoyen Indave e davanti all\u2019italiana Broggi. Fiorillo Camesi chiude 35\u00b0 tra gli uomini, dove l\u2019elvetico Hagger \u00e8 quarto<\/p>\n<p>Grande prova per la ticinese Paola Stampanoni ai Campionati mondiali Skyrunning, iniziati oggi, venerd\u00ec 6 settembre 2024, a Soria, in Spagna. Nella prova del vertical, la specialista di Bigorio ha chiuso con un brillante secondo rango, aggiudicandosi l\u2019argento in 50\u201927\u2019\u2019.<\/p>\n<p>L\u2019ostico percorso a Los Neveros-\u00c1greda prevedeva 1\u2019050 metri di dislivello racchiusi in soli 4.8 chilometri, con l\u2019arrivo ai 2&#8217;077 metri del monte Pe\u00f1a Negrilla. La prova s\u2019\u00e8 decisa sull\u2019ultimo tratto, impervio e roccioso, quando nel terzetto di testa la spagnola Irigoyen Indave ha preso un leggero margine, poi portato a 19\u2019\u2019 sul traguardo, mentre Paola Stampanoni ha allungato sull\u2019italiana Broggi, infine terza in 50\u201943\u2019\u2019.<\/p>\n<p>Anche tra gli uomini la vittoria non \u00e8 sfuggita alla selezione ospitante della Spagna, con Santamar\u00eda Blanco vittorioso in 40\u201956&#8217;\u2019, sorpassando solo sul finale lo statunitense Demoor. Bronzo per l\u2019italiano Oberbacher e sorprendente quarto rango per l\u2019elvetico Nicola Hagger (42\u201957\u2019\u2019), mentre il terzo elvetico in gara, il ticinese Fiorillo Camesi di Menzonio, ha chiuso 35\u00b0 in 48\u201927\u2019\u2019. Risultati e immagini su <a href=\"https:\/\/desafiourbion.com\/\">https:\/\/desafiourbion.com\/<\/a><\/p>\n<hr \/>\n\n\n\n<p><a><strong>Comunicato ASTi 3 settembre 2024<\/strong><\/a><\/p>\n\n\n\n<p>Fiorillo Camesi e Paola Stampanoni voleranno in Spagna per gareggiare venerd\u00ec ai Campionati Mondiali di Vertical<\/p>\n\n\n\n<p>I Campionati mondiali Skyrunning 2024 si disputeranno dal sei all\u2019otto settembre a Soria, in Spagna. La rassegna prevede tre competizioni: skyultra, sky e vertical, dove sono annunciati 310 atleti provenienti da 41 differenti nazioni. Tra di loro, al via del vertical troveremo anche due atleti ticinesi, i quali indosseranno la nuova maglia della selezione rossocrociata. Si tratta del giovane Fiorillo Camesi di Menzonio (USC) e dell\u2019esperta Paola Stampanoni di Bigorio (Pini racing team), che voleranno in Spagna in vista della gara che aprir\u00e0 i campionati venerd\u00ec prossimo. La gara si disputer\u00e0 a Los Neveros-\u00c1greda, dove il percorso prevede 1\u2019050 metri di dislivello racchiusi in soli 4.8 chilometri.<\/p>\n<p>Il sito della gara con il live TV: <a href=\"https:\/\/desafiourbion.com\">https:\/\/desafiourbion.com<\/a><\/p>\n","protected":false},"excerpt":{"rendered":"<p>Comunicato ASTi 6 settembre 2024 Paola Stampanoni d\u2019argento ai Mondiali di vertical Grande prova di Paola Stampanoni ai Campionati Mondiali di vertical in Spagna: argento alle spalle della spagnola Irigoyen Indave e davanti all\u2019italiana Broggi. Fiorillo Camesi chiude 35\u00b0 tra gli uomini, dove l\u2019elvetico Hagger \u00e8 quarto Grande prova per la ticinese Paola Stampanoni ai Campionati mondiali Skyrunning, iniziati oggi, venerd\u00ec 6 settembre 2024, a Soria, in Spagna. Nella prova del vertical, la specialista di&#8230;<\/p>\n","protected":false},"author":3,"featured_media":19401,"comment_status":"closed","ping_status":"closed","sticky":false,"template":"","format":"standard","meta":{"jetpack_post_was_ever_published":false,"_jetpack_newsletter_access":"","_jetpack_dont_email_post_to_subs":false,"_jetpack_newsletter_tier_id":0,"_jetpack_memberships_contains_paywalled_content":false,"_jetpack_memberships_contains_paid_content":false,"footnotes":"","jetpack_publicize_message":"","jetpack_publicize_feature_enabled":true,"jetpack_social_post_already_shared":true,"jetpack_social_options":{"image_generator_settings":{"template":"highway","default_image_id":0,"font":"","enabled":false},"version":2}},"categories":[16,9],"tags":[],"class_list":["post-19862","post","type-post","status-publish","format-standard","has-post-thumbnail","hentry","category-montagna","category-sport"],"jetpack_publicize_connections":[],"jetpack_featured_media_url":"https:\/\/i0.wp.com\/uscatletica.ch\/wp\/wp-content\/uploads\/2024\/05\/027.jpg?fit=1636%2C1864&ssl=1","jetpack_sharing_enabled":true,"jetpack_shortlink":"https:\/\/wp.me\/p6V7Ck-5am","jetpack-related-posts":[{"id":21059,"url":"https:\/\/uscatletica.ch\/wp\/?p=21059","url_meta":{"origin":19862,"position":0},"title":"Fiorillo 16\u00b0 ai Campionati europei di Skyrunning a Aprica-Corteno (vertical)","author":"Stampa E","date":"4 Luglio 2025","format":false,"excerpt":"Ai Campionati Europei di vertical all\u2019Aprica, argento di Paola Stampanoni alle spalle dell\u2019italiana Benedetta Broggi, mentre Fiorillo Camesi chiude 16\u00b0 tra gli uomini. Il comunicato ASTi: Comunicato ASTi_Stampanoni argento agli Europei di vertical","rel":"","context":"In &quot;Montagna&quot;","block_context":{"text":"Montagna","link":"https:\/\/uscatletica.ch\/wp\/?cat=16"},"img":{"alt_text":"","src":"https:\/\/i0.wp.com\/uscatletica.ch\/wp\/wp-content\/uploads\/2025\/05\/K4-Fiorillo-Foto-MCV.jpg?fit=900%2C1200&ssl=1&resize=350%2C200","width":350,"height":200,"srcset":"https:\/\/i0.wp.com\/uscatletica.ch\/wp\/wp-content\/uploads\/2025\/05\/K4-Fiorillo-Foto-MCV.jpg?fit=900%2C1200&ssl=1&resize=350%2C200 1x, https:\/\/i0.wp.com\/uscatletica.ch\/wp\/wp-content\/uploads\/2025\/05\/K4-Fiorillo-Foto-MCV.jpg?fit=900%2C1200&ssl=1&resize=525%2C300 1.5x, https:\/\/i0.wp.com\/uscatletica.ch\/wp\/wp-content\/uploads\/2025\/05\/K4-Fiorillo-Foto-MCV.jpg?fit=900%2C1200&ssl=1&resize=700%2C400 2x"},"classes":[]},{"id":21073,"url":"https:\/\/uscatletica.ch\/wp\/?p=21073","url_meta":{"origin":19862,"position":1},"title":"Fiorillo di bronzo ai Mondiali giovanili","author":"Stampa E","date":"1 Agosto 2025","format":false,"excerpt":"Sotto la Federazione internazionale di Skyrunning (ISF), si stanno svolgendo in questi giorni i Campionati mondiali giovanili e U23, giunti alla nona edizione. La rassegna, che in passato ha gi\u00e0 dato soddisfazioni all'USC (con per esempio il doppio oro del 2017 (sky e combinata) o l\u2019oro nel vertical del 2018\u2026","rel":"","context":"In &quot;Montagna&quot;","block_context":{"text":"Montagna","link":"https:\/\/uscatletica.ch\/wp\/?cat=16"},"img":{"alt_text":"Fiorillo Camesi al KV LAcunc del 2024- Foto PaolaS.","src":"https:\/\/i0.wp.com\/uscatletica.ch\/wp\/wp-content\/uploads\/2024\/10\/Lagunc-Foto-PaolaS-3.jpg?fit=900%2C1200&ssl=1&resize=350%2C200","width":350,"height":200,"srcset":"https:\/\/i0.wp.com\/uscatletica.ch\/wp\/wp-content\/uploads\/2024\/10\/Lagunc-Foto-PaolaS-3.jpg?fit=900%2C1200&ssl=1&resize=350%2C200 1x, https:\/\/i0.wp.com\/uscatletica.ch\/wp\/wp-content\/uploads\/2024\/10\/Lagunc-Foto-PaolaS-3.jpg?fit=900%2C1200&ssl=1&resize=525%2C300 1.5x, https:\/\/i0.wp.com\/uscatletica.ch\/wp\/wp-content\/uploads\/2024\/10\/Lagunc-Foto-PaolaS-3.jpg?fit=900%2C1200&ssl=1&resize=700%2C400 2x"},"classes":[]},{"id":20798,"url":"https:\/\/uscatletica.ch\/wp\/?p=20798","url_meta":{"origin":19862,"position":2},"title":"Fiorillo vince e convince al K4 Vertical","author":"Stampa E","date":"1 Maggio 2025","format":false,"excerpt":"Grande prova di Fiorillo (Camesi) al K4 Vertical. Vincendo in 35\u201955\u2019\u2019, il nostro atleta ha stabilito uno dei migliori tempi di sempre della prova, dietro a Elhousine Elazzaoui (33\u201924\u2019\u2019 nel 2023) e Roberto Delorenzi (34\u201946\u2019\u2019 nel 2023). Secondo rango per Luca Albini in 39'25''. Tra le donne miglior tempo per\u2026","rel":"","context":"In &quot;Montagna&quot;","block_context":{"text":"Montagna","link":"https:\/\/uscatletica.ch\/wp\/?cat=16"},"img":{"alt_text":"","src":"https:\/\/i0.wp.com\/uscatletica.ch\/wp\/wp-content\/uploads\/2025\/05\/K4-Fiorillo-Foto-MCV.jpg?fit=900%2C1200&ssl=1&resize=350%2C200","width":350,"height":200,"srcset":"https:\/\/i0.wp.com\/uscatletica.ch\/wp\/wp-content\/uploads\/2025\/05\/K4-Fiorillo-Foto-MCV.jpg?fit=900%2C1200&ssl=1&resize=350%2C200 1x, https:\/\/i0.wp.com\/uscatletica.ch\/wp\/wp-content\/uploads\/2025\/05\/K4-Fiorillo-Foto-MCV.jpg?fit=900%2C1200&ssl=1&resize=525%2C300 1.5x, https:\/\/i0.wp.com\/uscatletica.ch\/wp\/wp-content\/uploads\/2025\/05\/K4-Fiorillo-Foto-MCV.jpg?fit=900%2C1200&ssl=1&resize=700%2C400 2x"},"classes":[]},{"id":20290,"url":"https:\/\/uscatletica.ch\/wp\/?p=20290","url_meta":{"origin":19862,"position":3},"title":"Fiorillo vince a Lagunc","author":"Spider Calendar","date":"13 Ottobre 2024","format":false,"excerpt":"La penultima prova di coppa del mondo di corsa in montagna il Vertical Lagunc ha un sapore decisamente capriaschese. Lungo i 3298 m che da Chiavenna portano, superati 1000 m di dislivello a Lagunc, Fiorillo Camesi vince la prova U20 preceduto di una posizione da Roby . Sul podio assoluto\u2026","rel":"","context":"In &quot;Podismo&quot;","block_context":{"text":"Podismo","link":"https:\/\/uscatletica.ch\/wp\/?cat=5"},"img":{"alt_text":"Fiorillo Camesi al KV LAcunc del 2024- Foto PaolaS.","src":"https:\/\/i0.wp.com\/uscatletica.ch\/wp\/wp-content\/uploads\/2024\/10\/Lagunc-Foto-PaolaS-3.jpg?fit=900%2C1200&ssl=1&resize=350%2C200","width":350,"height":200,"srcset":"https:\/\/i0.wp.com\/uscatletica.ch\/wp\/wp-content\/uploads\/2024\/10\/Lagunc-Foto-PaolaS-3.jpg?fit=900%2C1200&ssl=1&resize=350%2C200 1x, https:\/\/i0.wp.com\/uscatletica.ch\/wp\/wp-content\/uploads\/2024\/10\/Lagunc-Foto-PaolaS-3.jpg?fit=900%2C1200&ssl=1&resize=525%2C300 1.5x, https:\/\/i0.wp.com\/uscatletica.ch\/wp\/wp-content\/uploads\/2024\/10\/Lagunc-Foto-PaolaS-3.jpg?fit=900%2C1200&ssl=1&resize=700%2C400 2x"},"classes":[]},{"id":20132,"url":"https:\/\/uscatletica.ch\/wp\/?p=20132","url_meta":{"origin":19862,"position":4},"title":"Bonardi e Stampanoni (con record) vincono al Bigorio (con primati e comunicato RDL)","author":"Spider Calendar","date":"21 Settembre 2024","format":false,"excerpt":"Una bella giornata autunnale ha accolto in Capriasca i partecipanti alla 12a edizione della corsa al Bigorio. Tra i protagonisti Paola Stampanoni e Fiorillo Camesi, che due settimane orsono erano ai mondiali di Vertical in Spagna. Proprio Paola Stampanoni (Pini) ha festeggiato la quinta vittoria al Bigorio impreziosendola con il\u2026","rel":"","context":"In &quot;Podismo&quot;","block_context":{"text":"Podismo","link":"https:\/\/uscatletica.ch\/wp\/?cat=5"},"img":{"alt_text":"","src":"https:\/\/i0.wp.com\/uscatletica.ch\/wp\/wp-content\/uploads\/2024\/09\/CORSABIGORIO24_RivistaDiLugano_27-9-24-274x300.jpg?resize=350%2C200&ssl=1","width":350,"height":200},"classes":[]},{"id":13035,"url":"https:\/\/uscatletica.ch\/wp\/?p=13035","url_meta":{"origin":19862,"position":5},"title":"Marco in Abruzzo per i mondiali","author":"Leonida Stampanoni","date":"30 Luglio 2021","format":false,"excerpt":"Marco Delorenzi affronta ancora una volta la trasferta per i campionati del mondo giovanili di Verticale e Skyrace sul classico percorso del\u00a0l Gran Sasso d\u2019Italia (L\u2019Aquila), si svolger\u00e0 la quinta edizione del Campionato Mondiale giovanile (U18, U20 e U23) di Skyrunning: venerd\u00ec la specialit\u00e0 del Km verticale (+1000m su 3,5\u2026","rel":"","context":"In &quot;Montagna&quot;","block_context":{"text":"Montagna","link":"https:\/\/uscatletica.ch\/wp\/?cat=16"},"img":{"alt_text":"","src":"https:\/\/i0.wp.com\/uscatletica.ch\/wp\/wp-content\/uploads\/2017\/07\/podiorobiandorra17vert-e1501255566499.jpg?fit=540%2C495&ssl=1&resize=350%2C200","width":350,"height":200,"srcset":"https:\/\/i0.wp.com\/uscatletica.ch\/wp\/wp-content\/uploads\/2017\/07\/podiorobiandorra17vert-e1501255566499.jpg?fit=540%2C495&ssl=1&resize=350%2C200 1x, https:\/\/i0.wp.com\/uscatletica.ch\/wp\/wp-content\/uploads\/2017\/07\/podiorobiandorra17vert-e1501255566499.jpg?fit=540%2C495&ssl=1&resize=525%2C300 1.5x"},"classes":[]}],"_links":{"self":[{"href":"https:\/\/uscatletica.ch\/wp\/index.php?rest_route=\/wp\/v2\/posts\/19862","targetHints":{"allow":["GET"]}}],"collection":[{"href":"https:\/\/uscatletica.ch\/wp\/index.php?rest_route=\/wp\/v2\/posts"}],"about":[{"href":"https:\/\/uscatletica.ch\/wp\/index.php?rest_route=\/wp\/v2\/types\/post"}],"author":[{"embeddable":true,"href":"https:\/\/uscatletica.ch\/wp\/index.php?rest_route=\/wp\/v2\/users\/3"}],"replies":[{"embeddable":true,"href":"https:\/\/uscatletica.ch\/wp\/index.php?rest_route=%2Fwp%2Fv2%2Fcomments&post=19862"}],"version-history":[{"count":2,"href":"https:\/\/uscatletica.ch\/wp\/index.php?rest_route=\/wp\/v2\/posts\/19862\/revisions"}],"predecessor-version":[{"id":19874,"href":"https:\/\/uscatletica.ch\/wp\/index.php?rest_route=\/wp\/v2\/posts\/19862\/revisions\/19874"}],"wp:featuredmedia":[{"embeddable":true,"href":"https:\/\/uscatletica.ch\/wp\/index.php?rest_route=\/wp\/v2\/media\/19401"}],"wp:attachment":[{"href":"https:\/\/uscatletica.ch\/wp\/index.php?rest_route=%2Fwp%2Fv2%2Fmedia&parent=19862"}],"wp:term":[{"taxonomy":"category","embeddable":true,"href":"https:\/\/uscatletica.ch\/wp\/index.php?rest_route=%2Fwp%2Fv2%2Fcategories&post=19862"},{"taxonomy":"post_tag","embeddable":true,"href":"https:\/\/uscatletica.ch\/wp\/index.php?rest_route=%2Fwp%2Fv2%2Ftags&post=19862"}],"curies":[{"name":"wp","href":"https:\/\/api.w.org\/{rel}","templated":true}]}}