{"id":19879,"date":"2024-09-08T12:09:39","date_gmt":"2024-09-08T10:09:39","guid":{"rendered":"https:\/\/uscatletica.ch\/wp\/?p=19879"},"modified":"2024-09-08T12:09:45","modified_gmt":"2024-09-08T10:09:45","slug":"ottima-usc-alla-stramassagno","status":"publish","type":"post","link":"https:\/\/uscatletica.ch\/wp\/?p=19879","title":{"rendered":"Ottima USC alla Stramassagno"},"content":{"rendered":"\n<p>Erano una ventina gli USCini ed USCine presenti alla Stramassagno prova valida per la Coppa ASTi Bancastato Podismo e podismo giovanile. Sulla linea di partenza erano circa 200 i partecipanti.\u00a0<\/p>\n<p>L&#8217;USC ha colto quattro vittorie con \u00a0Alex Selina, Nicole e Linda e diversi podi in tutte le prove.\u00a0<\/p>\n<p><a href=\"https:\/\/www.endu.net\/it\/events\/cross-sam-massagno-2\/results\" target=\"_blank\" rel=\"noopener\">RISULTATI LIVE SU ENDU<\/a><\/p>\n<p>Nella gara principali sugli 8 km vince il cinquantenne \u00a0Graziano Zugnoni in 23&#8217;49 e la padrona di casa Sara Solari al femminile. Alex in 28&#8217;27 vince tra gli M40 precedendo di pochi secondi Elia 28&#8217;38. Poco dopo la mezz&#8217;ora transita un poker USC Valerio 30&#8217;15 terzo di categoria, \u00a0Davide 30&#8217;33 e Gionata 31&#8217;07 sono i migliori ticinesi tra gli M50. David 30&#8217;26 \u00e8 quinto M40, seguito da Mauro 32&#8217;06. \u00a06 km Tra le U20 \u00a0con la \u00a0doppietta Selina prima in 29&#8217;10 davanti ad Olivia 31&#8243;07.\u00a0<\/p>\n<p>Nella coppa giovani sui 2 km Nicole vince tra le U12 in 7&#8217;49 Agata \u00e8 terza in 9&#8217;32. Tra i ragazzi Nicol\u00f2 (9&#8217;00) \u00e8 terzo \u00a0davanti a Jacopo 9&#8217;24. Ai piedi del podio anche Amelie in 8&#8217;53 tre le U16 seguita da Dalia 9&#8217;24. Tra le U14 Anais \u00e8 quarta in 8&#8217;32 davanti Viola 8&#8217;55 . Giosu\u00e8 \u00e8 decimo in 8&#8217;59.\u00a0<\/p>\n<p>Tra le U10 Linda vince \u00a0con Alina che finisce quarta come la sorella Lisa tra le pi\u00f9 piccole\u00a0<\/p>\n<p>Ramona chiude la corsa popolare al terzo rango con il miglior tempo femminile\u00a0<\/p>\n","protected":false},"excerpt":{"rendered":"<p>Erano una ventina gli USCini ed USCine presenti alla Stramassagno prova valida per la Coppa ASTi Bancastato Podismo e podismo giovanile. Sulla linea di partenza erano circa 200 i partecipanti.\u00a0 L&#8217;USC ha colto quattro vittorie con \u00a0Alex Selina, Nicole e Linda e diversi podi in tutte le prove.\u00a0 RISULTATI LIVE SU ENDU Nella gara principali sugli 8 km vince il cinquantenne \u00a0Graziano Zugnoni in 23&#8217;49 e la padrona di casa Sara Solari al femminile. Alex&#8230;<\/p>\n","protected":false},"author":4,"featured_media":17338,"comment_status":"closed","ping_status":"closed","sticky":false,"template":"","format":"standard","meta":{"jetpack_post_was_ever_published":false,"_jetpack_newsletter_access":"","_jetpack_dont_email_post_to_subs":false,"_jetpack_newsletter_tier_id":0,"_jetpack_memberships_contains_paywalled_content":false,"_jetpack_memberships_contains_paid_content":false,"footnotes":"","jetpack_publicize_message":"","jetpack_publicize_feature_enabled":true,"jetpack_social_post_already_shared":true,"jetpack_social_options":{"image_generator_settings":{"template":"highway","default_image_id":0,"font":"","enabled":false},"version":2}},"categories":[5,9],"tags":[],"class_list":["post-19879","post","type-post","status-publish","format-standard","has-post-thumbnail","hentry","category-podismo","category-sport"],"jetpack_publicize_connections":[],"jetpack_featured_media_url":"https:\/\/i0.wp.com\/uscatletica.ch\/wp\/wp-content\/uploads\/2023\/05\/AlexGdL2023-fotoUSC.jpg?fit=1114%2C743&ssl=1","jetpack_sharing_enabled":true,"jetpack_shortlink":"https:\/\/wp.me\/p6V7Ck-5aD","jetpack-related-posts":[{"id":17989,"url":"https:\/\/uscatletica.ch\/wp\/?p=17989","url_meta":{"origin":19879,"position":0},"title":"STRAMASSAGNO, USC IN EVIDENZA","author":"Leonida Stampanoni","date":"3 Settembre 2023","format":false,"excerpt":"Alla Stramassagno, prova della Coppa ASTi BancaStato di podismo e giovanile, erano una ventina gli USCini in gara domenica mattina. Nella gara giovanile sui 2 km vittoria per Viola podi per Elsa ed Olivia, mentre i numerosi U14 hanno solo accarezzato il podio. \u00a0 Nella podistica sugli 8 km sesto\u2026","rel":"","context":"In &quot;Podismo&quot;","block_context":{"text":"Podismo","link":"https:\/\/uscatletica.ch\/wp\/?cat=5"},"img":{"alt_text":"","src":"https:\/\/i0.wp.com\/uscatletica.ch\/wp\/wp-content\/uploads\/2023\/07\/AlexD_GDL2023.jpg?fit=508%2C650&ssl=1&resize=350%2C200","width":350,"height":200},"classes":[]},{"id":20279,"url":"https:\/\/uscatletica.ch\/wp\/?p=20279","url_meta":{"origin":19879,"position":1},"title":"USC BRILLANTE ALLE 7 CHIESE e a Locarno","author":"Leonida Stampanoni","date":"12 Ottobre 2024","format":false,"excerpt":"La corsa delle 7 Chiese Giornico ha chiuso la stagione delle Coppa ASTi BancaStato Podismo \u00a0e Giovanile. Una ventina gli USCini al via tra gli oltre 100 partecipanti presentatisi sulla linea di partenza in Leventina. Tre vittorie con Alex, Jonathan e Linda e podi per Giosu\u00e8, Remo, Anais, Viola, No\u00e9\u2026","rel":"","context":"In &quot;Podismo&quot;","block_context":{"text":"Podismo","link":"https:\/\/uscatletica.ch\/wp\/?cat=5"},"img":{"alt_text":"","src":"https:\/\/i0.wp.com\/uscatletica.ch\/wp\/wp-content\/uploads\/2024\/10\/20247CHIESELOGlogo.jpg?fit=218%2C224&ssl=1&resize=350%2C200","width":350,"height":200},"classes":[]},{"id":21222,"url":"https:\/\/uscatletica.ch\/wp\/?p=21222","url_meta":{"origin":19879,"position":2},"title":"DAL VERTICAL ALLA STRAMASSAGNO BRAVI GLI USCINI","author":"Leonida Stampanoni","date":"8 Settembre 2025","format":false,"excerpt":"Doppio appuntamento ASTi nel fine settimana \u00a0sabato si correva la Gerra Cugnasco salita per la coppa ASTi Bancastato Montagna mentre domenica alla Stramassagno erano in gara sia i giovani che gli adulti. \u00a0Ottimi risultati per gli atleti e le atlete USC che mercoled\u00ec potranno gareggiare in casa \u00a0a Tutti in\u2026","rel":"","context":"In &quot;Montagna&quot;","block_context":{"text":"Montagna","link":"https:\/\/uscatletica.ch\/wp\/?cat=16"},"img":{"alt_text":"","src":"https:\/\/i0.wp.com\/uscatletica.ch\/wp\/wp-content\/uploads\/2024\/10\/Alex-Corsa-Bigorio-2024-Foto-CeciV-scaled.jpg?fit=1180%2C1200&ssl=1&resize=350%2C200","width":350,"height":200,"srcset":"https:\/\/i0.wp.com\/uscatletica.ch\/wp\/wp-content\/uploads\/2024\/10\/Alex-Corsa-Bigorio-2024-Foto-CeciV-scaled.jpg?fit=1180%2C1200&ssl=1&resize=350%2C200 1x, https:\/\/i0.wp.com\/uscatletica.ch\/wp\/wp-content\/uploads\/2024\/10\/Alex-Corsa-Bigorio-2024-Foto-CeciV-scaled.jpg?fit=1180%2C1200&ssl=1&resize=525%2C300 1.5x, https:\/\/i0.wp.com\/uscatletica.ch\/wp\/wp-content\/uploads\/2024\/10\/Alex-Corsa-Bigorio-2024-Foto-CeciV-scaled.jpg?fit=1180%2C1200&ssl=1&resize=700%2C400 2x, https:\/\/i0.wp.com\/uscatletica.ch\/wp\/wp-content\/uploads\/2024\/10\/Alex-Corsa-Bigorio-2024-Foto-CeciV-scaled.jpg?fit=1180%2C1200&ssl=1&resize=1050%2C600 3x"},"classes":[]},{"id":4916,"url":"https:\/\/uscatletica.ch\/wp\/?p=4916","url_meta":{"origin":19879,"position":3},"title":"Roberto doppietta dal Cristallina a Massagno","author":"Leonida Stampanoni","date":"11 Settembre 2017","format":false,"excerpt":"Tempo decisamente invernale nel fine settimana in Ticino ma i nostri atleti non si sono lasciati intimidire ed sono stati i protagonisti nelle ultime due prove di coppa ASTI, Robi ha firmato la doppietta vincendo il mattino la Cristallina Challenge e nel pomeriggio ha vinto la Stramassagno imitato da altri\u2026","rel":"","context":"In &quot;Montagna&quot;","block_context":{"text":"Montagna","link":"https:\/\/uscatletica.ch\/wp\/?cat=16"},"img":{"alt_text":"","src":"https:\/\/i0.wp.com\/uscatletica.ch\/wp\/wp-content\/uploads\/2017\/04\/Staffetta-USC-2017.jpg?fit=461%2C691&ssl=1&resize=350%2C200","width":350,"height":200},"classes":[]},{"id":2782,"url":"https:\/\/uscatletica.ch\/wp\/?p=2782","url_meta":{"origin":19879,"position":4},"title":"Stramassagno USCini da podio","author":"Leonida Stampanoni","date":"12 Settembre 2016","format":false,"excerpt":"Sabato sera la Stramassagno ha lanciato la volata finale della coppa Ticino presenza completa per i nostri giovani in lotta per le prime posizione della coppa \u00a0nella gara principale invece pochi gli USCini presenti. \u00a0Sui 2 km vittoria di categoria per Matilde e Ruben secondo posto per Janet e terzo\u2026","rel":"","context":"In &quot;Podismo&quot;","block_context":{"text":"Podismo","link":"https:\/\/uscatletica.ch\/wp\/?cat=5"},"img":{"alt_text":"","src":"https:\/\/i0.wp.com\/uscatletica.ch\/wp\/wp-content\/uploads\/2016\/09\/stramassagnojs2016.jpg?fit=563%2C353&ssl=1&resize=350%2C200","width":350,"height":200,"srcset":"https:\/\/i0.wp.com\/uscatletica.ch\/wp\/wp-content\/uploads\/2016\/09\/stramassagnojs2016.jpg?fit=563%2C353&ssl=1&resize=350%2C200 1x, https:\/\/i0.wp.com\/uscatletica.ch\/wp\/wp-content\/uploads\/2016\/09\/stramassagnojs2016.jpg?fit=563%2C353&ssl=1&resize=525%2C300 1.5x"},"classes":[]},{"id":15835,"url":"https:\/\/uscatletica.ch\/wp\/?p=15835","url_meta":{"origin":19879,"position":5},"title":"Stramassagno e Locarno: USC in evidenza","author":"Leonida Stampanoni","date":"3 Settembre 2022","format":false,"excerpt":"La prima gara \"autunnale\" della Coppa ASTi BancaStato giovanile ha regalato all'USC un buon numero di podi e di buoni risultati. Alla Stramassagno erano una decina i giovani USC al via, con la tripletta nelle U16, la doppietta delle U14, la vittoria di No\u00e8 e il secondo posto per Dalia.\u2026","rel":"","context":"In &quot;Podismo&quot;","block_context":{"text":"Podismo","link":"https:\/\/uscatletica.ch\/wp\/?cat=5"},"img":{"alt_text":"","src":"https:\/\/i0.wp.com\/uscatletica.ch\/wp\/wp-content\/uploads\/2022\/09\/podioutti220903.jpg?fit=432%2C324&ssl=1&resize=350%2C200","width":350,"height":200},"classes":[]}],"_links":{"self":[{"href":"https:\/\/uscatletica.ch\/wp\/index.php?rest_route=\/wp\/v2\/posts\/19879","targetHints":{"allow":["GET"]}}],"collection":[{"href":"https:\/\/uscatletica.ch\/wp\/index.php?rest_route=\/wp\/v2\/posts"}],"about":[{"href":"https:\/\/uscatletica.ch\/wp\/index.php?rest_route=\/wp\/v2\/types\/post"}],"author":[{"embeddable":true,"href":"https:\/\/uscatletica.ch\/wp\/index.php?rest_route=\/wp\/v2\/users\/4"}],"replies":[{"embeddable":true,"href":"https:\/\/uscatletica.ch\/wp\/index.php?rest_route=%2Fwp%2Fv2%2Fcomments&post=19879"}],"version-history":[{"count":1,"href":"https:\/\/uscatletica.ch\/wp\/index.php?rest_route=\/wp\/v2\/posts\/19879\/revisions"}],"predecessor-version":[{"id":19887,"href":"https:\/\/uscatletica.ch\/wp\/index.php?rest_route=\/wp\/v2\/posts\/19879\/revisions\/19887"}],"wp:featuredmedia":[{"embeddable":true,"href":"https:\/\/uscatletica.ch\/wp\/index.php?rest_route=\/wp\/v2\/media\/17338"}],"wp:attachment":[{"href":"https:\/\/uscatletica.ch\/wp\/index.php?rest_route=%2Fwp%2Fv2%2Fmedia&parent=19879"}],"wp:term":[{"taxonomy":"category","embeddable":true,"href":"https:\/\/uscatletica.ch\/wp\/index.php?rest_route=%2Fwp%2Fv2%2Fcategories&post=19879"},{"taxonomy":"post_tag","embeddable":true,"href":"https:\/\/uscatletica.ch\/wp\/index.php?rest_route=%2Fwp%2Fv2%2Ftags&post=19879"}],"curies":[{"name":"wp","href":"https:\/\/api.w.org\/{rel}","templated":true}]}}